{"id":9820,"date":"2024-01-21T07:05:06","date_gmt":"2024-01-21T05:05:06","guid":{"rendered":"https:\/\/toukiela.com\/explication-de-la-fin-de-the-kitchen-izi-benji-sont-ils-morts-dans-le-film-the-kitchen-il-est-laisse-a-linterpretation-du-spectateur-de-determiner-si-les-personnages-izi-et-benji-sont-mor\/"},"modified":"2024-01-21T07:05:07","modified_gmt":"2024-01-21T05:05:07","slug":"explication-de-la-fin-de-the-kitchen-izi-benji-sont-ils-morts-dans-le-film-the-kitchen-il-est-laisse-a-linterpretation-du-spectateur-de-determiner-si-les-personnages-izi-et-benji-sont-mor","status":"publish","type":"post","link":"https:\/\/toukiela.com\/fr_ca\/explication-de-la-fin-de-the-kitchen-izi-benji-sont-ils-morts-dans-le-film-the-kitchen-il-est-laisse-a-linterpretation-du-spectateur-de-determiner-si-les-personnages-izi-et-benji-sont-mor\/","title":{"rendered":"Explication de la fin de \u00ab\u00a0The Kitchen\u00a0\u00bb : Izi &#038; Benji sont-ils morts ?<br \/>\n<br \/>\nDans le film \u00ab\u00a0The Kitchen\u00a0\u00bb, il est laiss\u00e9 \u00e0 l&rsquo;interpr\u00e9tation du spectateur de d\u00e9terminer si les personnages Izi et Benji sont morts ou non \u00e0 la fin de l&rsquo;histoire. La fin du film est ouverte et laisse place \u00e0 diff\u00e9rentes interpr\u00e9tations.<br \/>\n<br \/>\nAu cours du film, Izi et Benji, deux fr\u00e8res jumeaux, sont impliqu\u00e9s dans des activit\u00e9s criminelles avec le gang irlandais de Hell&rsquo;s Kitchen \u00e0 New York dans les ann\u00e9es 1970. Au fur et \u00e0 mesure que l&rsquo;intrigue se d\u00e9veloppe, les tensions montent entre les diff\u00e9rents personnages et des conflits \u00e9clatent.<br \/>\n<br \/>\nVers la fin du film, Izi et Benji sont impliqu\u00e9s dans une fusillade violente avec d&rsquo;autres membres du gang. Le spectateur voit Izi se faire tirer dessus et s&rsquo;effondrer au sol, tandis que Benji est touch\u00e9 \u00e0 la jambe. Les deux personnages semblent gravement bless\u00e9s, voire morts.<br \/>\n<br \/>\nCependant, la derni\u00e8re sc\u00e8ne du film montre une voiture s&rsquo;\u00e9loignant avec Izi et Benji \u00e0 l&rsquo;int\u00e9rieur, apparemment en vie. Cette sc\u00e8ne peut \u00eatre interpr\u00e9t\u00e9e de diff\u00e9rentes mani\u00e8res. Certains pourraient penser que les deux fr\u00e8res ont surv\u00e9cu \u00e0 leurs blessures et ont r\u00e9ussi \u00e0 s&rsquo;\u00e9chapper, tandis que d&rsquo;autres pourraient croire que la sc\u00e8ne est un r\u00eave ou une illusion.<br \/>\n<br \/>\nIl est \u00e9galement possible que la sc\u00e8ne finale soit symbolique, repr\u00e9sentant la fin du r\u00e8gne du gang et la libert\u00e9 retrouv\u00e9e pour Izi et Benji. Dans ce cas, les deux fr\u00e8res pourraient \u00eatre consid\u00e9r\u00e9s comme morts symboliquement, car ils ont abandonn\u00e9 leur ancienne vie criminelle.<br \/>\n<br \/>\nEn fin de compte, la r\u00e9ponse \u00e0 la question de savoir si Izi et Benji sont morts ou non reste ouverte \u00e0 l&rsquo;interpr\u00e9tation du spectateur. La fin du film laisse place \u00e0 diff\u00e9rentes possibilit\u00e9s et permet au public de d\u00e9cider du sort des personnages."},"content":{"rendered":"<p><em><\/em><\/p>\n<h2>ARTICLES EN RELATION<\/h2>\n<p>\nAncestral Saison 1 : Est ce inspir\u00e9 d\u2019une histoire vraie ?<br>\nAncestral est une s\u00e9rie t\u00e9l\u00e9vis\u00e9e dont la premi\u00e8re saison a suscit\u00e9 beaucoup d\u2019int\u00e9r\u00eat. Beaucoup de t\u00e9l\u00e9spectateurs se demandent si l\u2019histoire est inspir\u00e9e d\u2019une histoire vraie. <br>\nLa s\u00e9rie raconte l\u2019histoire de personnages vivant \u00e0 diff\u00e9rentes \u00e9poques, mais qui sont tous li\u00e9s par un myst\u00e8re ancestral. Les t\u00e9l\u00e9spectateurs sont captiv\u00e9s par cette intrigue complexe et cherchent \u00e0 savoir si elle est bas\u00e9e sur des faits r\u00e9els. <br>\nCependant, il n\u2019y a aucune information officielle indiquant que l\u2019histoire d\u2019Ancestral est bas\u00e9e sur des \u00e9v\u00e9nements r\u00e9els. Il semble donc que la s\u00e9rie soit purement fictive et imagin\u00e9e par les sc\u00e9naristes. <br>\nMalgr\u00e9 cela, il est int\u00e9ressant de noter que de nombreux \u00e9l\u00e9ments de l\u2019histoire sont inspir\u00e9s de faits historiques r\u00e9els. Les sc\u00e9naristes ont fait des recherches approfondies pour s\u2019assurer que la s\u00e9rie soit r\u00e9aliste et bas\u00e9e sur des faits historiques. Cela donne \u00e0 la s\u00e9rie une certaine cr\u00e9dibilit\u00e9 et permet aux t\u00e9l\u00e9spectateurs de s\u2019immerger compl\u00e8tement dans l\u2019histoire. <br>\nEn conclusion, bien que l\u2019histoire d\u2019Ancestral ne soit pas bas\u00e9e sur une histoire vraie sp\u00e9cifique, elle est n\u00e9anmoins inspir\u00e9e de faits historiques r\u00e9els. Cela ajoute une dimension int\u00e9ressante \u00e0 la s\u00e9rie et permet aux t\u00e9l\u00e9spectateurs d\u2019en apprendre davantage sur le pass\u00e9. <\/p>\n<h2>PLUS DE L\u2019AUTEUR<\/h2>\n<p>\nHistoires d\u2019Amour et d\u2019Autisme Saison 3 : Quelle date de sortie Netflix ? <br>\nLes fans de la s\u00e9rie Histoires d\u2019Amour et d\u2019Autisme attendent avec impatience la sortie de la troisi\u00e8me saison sur Netflix. La s\u00e9rie, qui aborde des th\u00e8mes sensibles tels que l\u2019autisme et l\u2019amour, a connu un grand succ\u00e8s lors des deux premi\u00e8res saisons. <br>\nMalheureusement, il n\u2019y a pas encore de date officielle de sortie pour la troisi\u00e8me saison. Les cr\u00e9ateurs de la s\u00e9rie se sont montr\u00e9s discrets sur les d\u00e9tails de la production et n\u2019ont pas encore annonc\u00e9 quand les nouveaux \u00e9pisodes seront disponibles sur Netflix. <br>\nCependant, les fans peuvent s\u2019attendre \u00e0 ce que la troisi\u00e8me saison soit diffus\u00e9e dans un avenir proche. Netflix a renouvel\u00e9 la s\u00e9rie pour une troisi\u00e8me saison, ce qui signifie que les nouveaux \u00e9pisodes sont en cours de production. <br>\nEn attendant la sortie de la troisi\u00e8me saison, les fans peuvent se replonger dans les saisons pr\u00e9c\u00e9dentes et continuer \u00e0 suivre les aventures des personnages. Histoires d\u2019Amour et d\u2019Autisme aborde des sujets importants et m\u00e9rite d\u2019\u00eatre regard\u00e9e par un large public. <\/p>\n<h2>Qui est en couple aujourd\u2019hui ?<\/h2>\n<p>\nHistoires d\u2019Amour et d\u2019Autisme Saison 2 : Qui est en couple aujourd\u2019hui ?<br>\nLa deuxi\u00e8me saison de Histoires d\u2019Amour et d\u2019Autisme a captiv\u00e9 les t\u00e9l\u00e9spectateurs avec ses intrigues \u00e9mouvantes et ses personnages attachants. Beaucoup de fans se demandent qui sont les personnages en couple dans la vie r\u00e9elle. <br>\nIl est int\u00e9ressant de noter que la s\u00e9rie met en sc\u00e8ne des acteurs talentueux qui donnent vie aux personnages de mani\u00e8re convaincante. Cependant, il n\u2019y a pas d\u2019informations officielles sur les relations amoureuses des acteurs en dehors de la s\u00e9rie. <br>\nLes acteurs maintiennent leur vie priv\u00e9e et leurs relations hors des projecteurs, ce qui rend difficile de savoir qui est en couple dans la vie r\u00e9elle. Il est important de respecter leur vie priv\u00e9e et de ne pas sp\u00e9culer sur leur vie amoureuse. <br>\nEn conclusion, bien que les personnages de Histoires d\u2019Amour et d\u2019Autisme soient en couple dans la s\u00e9rie, il n\u2019y a pas d\u2019informations officielles sur les relations amoureuses des acteurs dans la vie r\u00e9elle. Il est pr\u00e9f\u00e9rable de se concentrer sur l\u2019histoire captivante de la s\u00e9rie plut\u00f4t que sur la vie personnelle des acteurs.<\/p>","protected":false},"excerpt":{"rendered":"","protected":false},"author":1,"featured_media":9822,"comment_status":"open","ping_status":"open","sticky":false,"template":"","format":"standard","meta":{"_seopress_robots_primary_cat":"","_seopress_titles_title":"","_seopress_titles_desc":"","_seopress_robots_index":"","footnotes":""},"categories":[645],"tags":[],"class_list":["post-9820","post","type-post","status-publish","format-standard","has-post-thumbnail","hentry","category-netflix","generate-columns","tablet-grid-50","mobile-grid-100","grid-parent","grid-50"],"_links":{"self":[{"href":"https:\/\/toukiela.com\/fr_ca\/wp-json\/wp\/v2\/posts\/9820","targetHints":{"allow":["GET"]}}],"collection":[{"href":"https:\/\/toukiela.com\/fr_ca\/wp-json\/wp\/v2\/posts"}],"about":[{"href":"https:\/\/toukiela.com\/fr_ca\/wp-json\/wp\/v2\/types\/post"}],"author":[{"embeddable":true,"href":"https:\/\/toukiela.com\/fr_ca\/wp-json\/wp\/v2\/users\/1"}],"replies":[{"embeddable":true,"href":"https:\/\/toukiela.com\/fr_ca\/wp-json\/wp\/v2\/comments?post=9820"}],"version-history":[{"count":1,"href":"https:\/\/toukiela.com\/fr_ca\/wp-json\/wp\/v2\/posts\/9820\/revisions"}],"predecessor-version":[{"id":9821,"href":"https:\/\/toukiela.com\/fr_ca\/wp-json\/wp\/v2\/posts\/9820\/revisions\/9821"}],"wp:featuredmedia":[{"embeddable":true,"href":"https:\/\/toukiela.com\/fr_ca\/wp-json\/wp\/v2\/media\/9822"}],"wp:attachment":[{"href":"https:\/\/toukiela.com\/fr_ca\/wp-json\/wp\/v2\/media?parent=9820"}],"wp:term":[{"taxonomy":"category","embeddable":true,"href":"https:\/\/toukiela.com\/fr_ca\/wp-json\/wp\/v2\/categories?post=9820"},{"taxonomy":"post_tag","embeddable":true,"href":"https:\/\/toukiela.com\/fr_ca\/wp-json\/wp\/v2\/tags?post=9820"}],"curies":[{"name":"wp","href":"https:\/\/api.w.org\/{rel}","templated":true}]}}