{"id":9704,"date":"2024-01-17T19:09:07","date_gmt":"2024-01-17T17:09:07","guid":{"rendered":"https:\/\/toukiela.com\/point-blank-explication-de-la-fin-qui-est-mort-reellement-attention-cette-reponse-contient-des-spoilers-sur-le-film-point-blank-dans-le-film-point-blank-2019-realise-par-joe-lynch-pl\/"},"modified":"2024-01-17T19:09:08","modified_gmt":"2024-01-17T17:09:08","slug":"point-blank-explication-de-la-fin-qui-est-mort-reellement-attention-cette-reponse-contient-des-spoilers-sur-le-film-point-blank-dans-le-film-point-blank-2019-realise-par-joe-lynch-pl","status":"publish","type":"post","link":"https:\/\/toukiela.com\/fr_ca\/point-blank-explication-de-la-fin-qui-est-mort-reellement-attention-cette-reponse-contient-des-spoilers-sur-le-film-point-blank-dans-le-film-point-blank-2019-realise-par-joe-lynch-pl\/","title":{"rendered":"Point Blank : Explication de la fin ! Qui est mort r\u00e9ellement ?<br \/>\n<br \/>\nAttention, cette r\u00e9ponse contient des spoilers sur le film \u00ab\u00a0Point Blank\u00a0\u00bb.<br \/>\n<br \/>\nDans le film \u00ab\u00a0Point Blank\u00a0\u00bb (2019), r\u00e9alis\u00e9 par Joe Lynch, plusieurs personnages meurent \u00e0 la fin. Voici un r\u00e9capitulatif de qui est mort :<br \/>\n<br \/>\n1. Paul : Paul est l&rsquo;un des personnages principaux du film. \u00c0 la fin, il survit apr\u00e8s avoir \u00e9t\u00e9 bless\u00e9 et poursuit sa vie avec sa femme enceinte.<br \/>\n<br \/>\n2. Abe : Abe est le fr\u00e8re de Paul, qui se trouve \u00eatre un infirmier corrompu. Il est tu\u00e9 par Mateo, le chef d&rsquo;un gang, apr\u00e8s avoir trahi ce dernier.<br \/>\n<br \/>\n3. Mateo : Mateo est le chef du gang et l&rsquo;antagoniste principal du film. Il est tu\u00e9 par Paul lors d&rsquo;un affrontement final.<br \/>\n<br \/>\n4. Taryn : Taryn est la femme de Paul. Elle est enlev\u00e9e par Mateo et son gang, mais elle est finalement sauv\u00e9e par Paul. Elle survit \u00e9galement \u00e0 la fin du film.<br \/>\n<br \/>\nEn r\u00e9sum\u00e9, \u00e0 la fin de \u00ab\u00a0Point Blank\u00a0\u00bb, Paul et Taryn survivent, tandis qu&rsquo;Abe et Mateo trouvent la mort."},"content":{"rendered":"<p><em><\/em><\/p>\n<h2>La V\u00e9rit\u00e9 Kidnapp\u00e9e : Que devient Matthew Muller aujourd\u2019hui ?<\/h2>\n<p><\/p>\n<p>Matthew Muller, connu pour son implication dans l\u2019affaire de kidnapping de Denise Huskins en 2015, continue de faire parler de lui. Mais que devient-il aujourd\u2019hui ?<\/p>\n<p><\/p>\n<p>Apr\u00e8s avoir \u00e9t\u00e9 reconnu coupable de l\u2019enl\u00e8vement de Denise Huskins, Matthew Muller a \u00e9t\u00e9 condamn\u00e9 \u00e0 une peine de prison de 40 ans en 2017. Depuis, il purge sa peine dans une prison de Californie.<\/p>\n<p><\/p>\n<p>Mais l\u2019histoire de Matthew Muller ne s\u2019arr\u00eate pas l\u00e0. En effet, il serait \u00e9galement impliqu\u00e9 dans d\u2019autres affaires de kidnapping similaires. Les autorit\u00e9s pensent qu\u2019il aurait \u00e9t\u00e9 actif pendant plusieurs ann\u00e9es avant d\u2019\u00eatre finalement arr\u00eat\u00e9 en 2015.<\/p>\n<p><\/p>\n<p>Matthew Muller est n\u00e9 en 1978 et a grandi en Californie. Avant son arrestation, il \u00e9tait avocat et avait \u00e9tudi\u00e9 \u00e0 l\u2019Universit\u00e9 de Californie, \u00e0 Berkeley. Il avait \u00e9galement travaill\u00e9 comme ing\u00e9nieur en informatique.<\/p>\n<p><\/p>\n<p>Depuis son incarc\u00e9ration, Matthew Muller n\u2019a pas donn\u00e9 d\u2019interviews ni fait de d\u00e9clarations publiques. Il semble pr\u00e9f\u00e9rer rester discret et se concentrer sur sa peine de prison.<\/p>\n<p><\/p>\n<h2>La V\u00e9rit\u00e9 Kidnapp\u00e9e : Que devient Aaron Quinn aujourd\u2019hui ?<\/h2>\n<p><\/p>\n<p>Aaron Quinn, l\u2019ex-petit ami de Denise Huskins et victime du kidnapping de Matthew Muller, tente de se reconstruire apr\u00e8s cette exp\u00e9rience traumatisante.<\/p>\n<p><\/p>\n<p>Depuis l\u2019affaire, Aaron Quinn a d\u00e9m\u00e9nag\u00e9 et a essay\u00e9 de se reconstruire une vie normale. Il a \u00e9galement particip\u00e9 \u00e0 des \u00e9missions de t\u00e9l\u00e9vision pour raconter son histoire et sensibiliser le public aux dangers des enl\u00e8vements.<\/p>\n<p><\/p>\n<p>Aaron Quinn est maintenant mari\u00e9 et p\u00e8re de famille. Il a d\u00e9cid\u00e9 de tourner la page sur cette exp\u00e9rience difficile et de se concentrer sur son avenir.<\/p>\n<p><\/p>\n<h2>La V\u00e9rit\u00e9 Kidnapp\u00e9e : Que devient Denise Huskins aujourd\u2019hui ?<\/h2>\n<p><\/p>\n<p>Denise Huskins, la victime principale de l\u2019enl\u00e8vement de Matthew Muller, a \u00e9galement tent\u00e9 de se reconstruire apr\u00e8s cette \u00e9preuve.<\/p>\n<p><\/p>\n<p>Depuis l\u2019affaire, Denise Huskins a travaill\u00e9 comme consultante en s\u00e9curit\u00e9 et a donn\u00e9 des conf\u00e9rences sur la r\u00e9silience et la survie. Elle a \u00e9galement \u00e9crit un livre sur son exp\u00e9rience intitul\u00e9 \u00ab\u00a0The Girl in the Mirror\u00a0\u00bb.<\/p>\n<p><\/p>\n<p>Denise Huskins est maintenant mari\u00e9e et m\u00e8re de famille. Elle continue de partager son histoire dans l\u2019espoir d\u2019aider d\u2019autres victimes d\u2019enl\u00e8vement \u00e0 se r\u00e9tablir et \u00e0 se reconstruire.<\/p>","protected":false},"excerpt":{"rendered":"","protected":false},"author":1,"featured_media":9706,"comment_status":"open","ping_status":"open","sticky":false,"template":"","format":"standard","meta":{"_seopress_robots_primary_cat":"","_seopress_titles_title":"","_seopress_titles_desc":"","_seopress_robots_index":"","footnotes":""},"categories":[645],"tags":[],"class_list":["post-9704","post","type-post","status-publish","format-standard","has-post-thumbnail","hentry","category-netflix","generate-columns","tablet-grid-50","mobile-grid-100","grid-parent","grid-50"],"_links":{"self":[{"href":"https:\/\/toukiela.com\/fr_ca\/wp-json\/wp\/v2\/posts\/9704","targetHints":{"allow":["GET"]}}],"collection":[{"href":"https:\/\/toukiela.com\/fr_ca\/wp-json\/wp\/v2\/posts"}],"about":[{"href":"https:\/\/toukiela.com\/fr_ca\/wp-json\/wp\/v2\/types\/post"}],"author":[{"embeddable":true,"href":"https:\/\/toukiela.com\/fr_ca\/wp-json\/wp\/v2\/users\/1"}],"replies":[{"embeddable":true,"href":"https:\/\/toukiela.com\/fr_ca\/wp-json\/wp\/v2\/comments?post=9704"}],"version-history":[{"count":1,"href":"https:\/\/toukiela.com\/fr_ca\/wp-json\/wp\/v2\/posts\/9704\/revisions"}],"predecessor-version":[{"id":9705,"href":"https:\/\/toukiela.com\/fr_ca\/wp-json\/wp\/v2\/posts\/9704\/revisions\/9705"}],"wp:featuredmedia":[{"embeddable":true,"href":"https:\/\/toukiela.com\/fr_ca\/wp-json\/wp\/v2\/media\/9706"}],"wp:attachment":[{"href":"https:\/\/toukiela.com\/fr_ca\/wp-json\/wp\/v2\/media?parent=9704"}],"wp:term":[{"taxonomy":"category","embeddable":true,"href":"https:\/\/toukiela.com\/fr_ca\/wp-json\/wp\/v2\/categories?post=9704"},{"taxonomy":"post_tag","embeddable":true,"href":"https:\/\/toukiela.com\/fr_ca\/wp-json\/wp\/v2\/tags?post=9704"}],"curies":[{"name":"wp","href":"https:\/\/api.w.org\/{rel}","templated":true}]}}