{"id":9052,"date":"2023-12-26T21:16:53","date_gmt":"2023-12-26T19:16:53","guid":{"rendered":"https:\/\/toukiela.com\/un-scandale-choquant-rite-aid-interdit-dutiliser-la-reconnaissance-faciale-apres-avoir-faussement-identifie-des-voleurs-a-letalage\/"},"modified":"2023-12-26T21:16:54","modified_gmt":"2023-12-26T19:16:54","slug":"un-scandale-choquant-rite-aid-interdit-dutiliser-la-reconnaissance-faciale-apres-avoir-faussement-identifie-des-voleurs-a-letalage","status":"publish","type":"post","link":"https:\/\/toukiela.com\/fr_ca\/un-scandale-choquant-rite-aid-interdit-dutiliser-la-reconnaissance-faciale-apres-avoir-faussement-identifie-des-voleurs-a-letalage\/","title":{"rendered":"Un scandale choquant : Rite Aid interdit d&rsquo;utiliser la reconnaissance faciale apr\u00e8s avoir faussement identifi\u00e9 des voleurs \u00e0 l&rsquo;\u00e9talage !"},"content":{"rendered":"<p><em><\/em><\/p>\n<div id=\"ez-toc-container\" class=\"ez-toc-v2_0_82_2 counter-hierarchy ez-toc-counter ez-toc-grey ez-toc-container-direction\">\n<p class=\"ez-toc-title\" style=\"cursor:inherit\">Sommaire<\/p>\n<label for=\"ez-toc-cssicon-toggle-item-69f1fa08d2f73\" class=\"ez-toc-cssicon-toggle-label\"><span class=\"\"><span class=\"eztoc-hide\" style=\"display:none;\">Toggle<\/span><span class=\"ez-toc-icon-toggle-span\"><svg style=\"fill: #999;color:#999\" xmlns=\"http:\/\/www.w3.org\/2000\/svg\" class=\"list-377408\" width=\"20px\" height=\"20px\" viewbox=\"0 0 24 24\" fill=\"none\"><path d=\"M6 6H4v2h2V6zm14 0H8v2h12V6zM4 11h2v2H4v-2zm16 0H8v2h12v-2zM4 16h2v2H4v-2zm16 0H8v2h12v-2z\" fill=\"currentColor\"><\/path><\/svg><svg style=\"fill: #999;color:#999\" class=\"arrow-unsorted-368013\" xmlns=\"http:\/\/www.w3.org\/2000\/svg\" width=\"10px\" height=\"10px\" viewbox=\"0 0 24 24\" version=\"1.2\" baseprofile=\"tiny\"><path d=\"M18.2 9.3l-6.2-6.3-6.2 6.3c-.2.2-.3.4-.3.7s.1.5.3.7c.2.2.4.3.7.3h11c.3 0 .5-.1.7-.3.2-.2.3-.5.3-.7s-.1-.5-.3-.7zM5.8 14.7l6.2 6.3 6.2-6.3c.2-.2.3-.5.3-.7s-.1-.5-.3-.7c-.2-.2-.4-.3-.7-.3h-11c-.3 0-.5.1-.7.3-.2.2-.3.5-.3.7s.1.5.3.7z\"\/><\/svg><\/span><\/span><\/label><input type=\"checkbox\"  id=\"ez-toc-cssicon-toggle-item-69f1fa08d2f73\"  aria-label=\"Toggle\" \/><nav><ul class='ez-toc-list ez-toc-list-level-1' ><li class='ez-toc-page-1 ez-toc-heading-level-2'><a class=\"ez-toc-link ez-toc-heading-1\" href=\"https:\/\/toukiela.com\/fr_ca\/un-scandale-choquant-rite-aid-interdit-dutiliser-la-reconnaissance-faciale-apres-avoir-faussement-identifie-des-voleurs-a-letalage\/#Rite_Aid_interdit_dutiliser_la_reconnaissance_faciale_apres_une_enquete_de_la_FTC\" >Rite Aid interdit d\u2019utiliser la reconnaissance faciale apr\u00e8s une enqu\u00eate de la FTC<\/a><\/li><li class='ez-toc-page-1 ez-toc-heading-level-2'><a class=\"ez-toc-link ez-toc-heading-2\" href=\"https:\/\/toukiela.com\/fr_ca\/un-scandale-choquant-rite-aid-interdit-dutiliser-la-reconnaissance-faciale-apres-avoir-faussement-identifie-des-voleurs-a-letalage\/#La_decision_de_la_FTC\" >La d\u00e9cision de la FTC<\/a><\/li><li class='ez-toc-page-1 ez-toc-heading-level-2'><a class=\"ez-toc-link ez-toc-heading-3\" href=\"https:\/\/toukiela.com\/fr_ca\/un-scandale-choquant-rite-aid-interdit-dutiliser-la-reconnaissance-faciale-apres-avoir-faussement-identifie-des-voleurs-a-letalage\/#Le_deploiement_secret_de_la_reconnaissance_faciale\" >Le d\u00e9ploiement secret de la reconnaissance faciale<\/a><\/li><li class='ez-toc-page-1 ez-toc-heading-level-2'><a class=\"ez-toc-link ez-toc-heading-4\" href=\"https:\/\/toukiela.com\/fr_ca\/un-scandale-choquant-rite-aid-interdit-dutiliser-la-reconnaissance-faciale-apres-avoir-faussement-identifie-des-voleurs-a-letalage\/#Lerreur_de_Rite_Aid\" >L\u2019erreur de Rite Aid<\/a><\/li><li class='ez-toc-page-1 ez-toc-heading-level-2'><a class=\"ez-toc-link ez-toc-heading-5\" href=\"https:\/\/toukiela.com\/fr_ca\/un-scandale-choquant-rite-aid-interdit-dutiliser-la-reconnaissance-faciale-apres-avoir-faussement-identifie-des-voleurs-a-letalage\/#Les_consequences_pour_les_clients\" >Les cons\u00e9quences pour les clients<\/a><\/li><li class='ez-toc-page-1 ez-toc-heading-level-2'><a class=\"ez-toc-link ez-toc-heading-6\" href=\"https:\/\/toukiela.com\/fr_ca\/un-scandale-choquant-rite-aid-interdit-dutiliser-la-reconnaissance-faciale-apres-avoir-faussement-identifie-des-voleurs-a-letalage\/#Les_controverses_entourant_la_reconnaissance_faciale\" >Les controverses entourant la reconnaissance faciale<\/a><\/li><li class='ez-toc-page-1 ez-toc-heading-level-2'><a class=\"ez-toc-link ez-toc-heading-7\" href=\"https:\/\/toukiela.com\/fr_ca\/un-scandale-choquant-rite-aid-interdit-dutiliser-la-reconnaissance-faciale-apres-avoir-faussement-identifie-des-voleurs-a-letalage\/#Les_biais_inherents_aux_systemes_dIA\" >Les biais inh\u00e9rents aux syst\u00e8mes d\u2019IA<\/a><\/li><li class='ez-toc-page-1 ez-toc-heading-level-2'><a class=\"ez-toc-link ez-toc-heading-8\" href=\"https:\/\/toukiela.com\/fr_ca\/un-scandale-choquant-rite-aid-interdit-dutiliser-la-reconnaissance-faciale-apres-avoir-faussement-identifie-des-voleurs-a-letalage\/#Rite_Aid_se_defend\" >Rite Aid se d\u00e9fend<\/a><\/li><\/ul><\/nav><\/div>\n<h2><span class=\"ez-toc-section\" id=\"Rite_Aid_interdit_dutiliser_la_reconnaissance_faciale_apres_une_enquete_de_la_FTC\"><\/span>Rite Aid interdit d\u2019utiliser la reconnaissance faciale apr\u00e8s une enqu\u00eate de la FTC<span class=\"ez-toc-section-end\"><\/span><\/h2>\n<p>Rite Aid a \u00e9t\u00e9 interdit d\u2019utiliser des logiciels de reconnaissance faciale pendant cinq ans, apr\u00e8s que la Federal Trade Commission (FTC) ait d\u00e9couvert que le g\u00e9ant am\u00e9ricain de la pharmacie avait utilis\u00e9 de mani\u00e8re imprudente des syst\u00e8mes de surveillance faciale, humiliant ainsi les clients et mettant leurs informations sensibles en danger.<\/p>\n<h2><span class=\"ez-toc-section\" id=\"La_decision_de_la_FTC\"><\/span>La d\u00e9cision de la FTC<span class=\"ez-toc-section-end\"><\/span><\/h2>\n<p>L\u2019ordonnance de la FTC, qui est soumise \u00e0 l\u2019approbation de la Cour de faillite des \u00c9tats-Unis apr\u00e8s que Rite Aid ait d\u00e9pos\u00e9 une demande de protection en vertu du chapitre 11 de la loi sur les faillites en octobre, ordonne \u00e9galement \u00e0 Rite Aid de supprimer toutes les images collect\u00e9es dans le cadre de son d\u00e9ploiement de syst\u00e8me de reconnaissance faciale, ainsi que tous les produits qui ont \u00e9t\u00e9 cr\u00e9\u00e9s \u00e0 partir de ces images. L\u2019entreprise doit \u00e9galement mettre en place un programme de s\u00e9curit\u00e9 des donn\u00e9es robuste pour prot\u00e9ger toutes les donn\u00e9es personnelles qu\u2019elle collecte.<\/p>\n<h2><span class=\"ez-toc-section\" id=\"Le_deploiement_secret_de_la_reconnaissance_faciale\"><\/span>Le d\u00e9ploiement secret de la reconnaissance faciale<span class=\"ez-toc-section-end\"><\/span><\/h2>\n<p>Un rapport de Reuters de 2020 a r\u00e9v\u00e9l\u00e9 comment la cha\u00eene de pharmacies avait secr\u00e8tement introduit des syst\u00e8mes de reconnaissance faciale dans environ 200 magasins aux \u00c9tats-Unis sur une p\u00e9riode de huit ans \u00e0 partir de 2012, en utilisant principalement des quartiers \u00e0 faible revenu et \u00e0 majorit\u00e9 non blanche comme terrain d\u2019essai pour la technologie.<\/p>\n<h2><span class=\"ez-toc-section\" id=\"Lerreur_de_Rite_Aid\"><\/span>L\u2019erreur de Rite Aid<span class=\"ez-toc-section-end\"><\/span><\/h2>\n<p>Avec l\u2019attention croissante de la FTC sur l\u2019utilisation abusive de la surveillance biom\u00e9trique, Rite Aid est devenu une cible pour l\u2019agence gouvernementale. Parmi les all\u00e9gations figurent le fait que Rite Aid, en partenariat avec deux entreprises sous contrat, a cr\u00e9\u00e9 une \u00ab\u00a0base de donn\u00e9es de liste de surveillance\u00a0\u00bb contenant des images de clients que l\u2019entreprise affirmait avoir commis des activit\u00e9s criminelles dans l\u2019un de ses magasins. Ces images, souvent de mauvaise qualit\u00e9, \u00e9taient captur\u00e9es \u00e0 partir de cam\u00e9ras de vid\u00e9osurveillance ou de t\u00e9l\u00e9phones portables des employ\u00e9s.<\/p>\n<h2><span class=\"ez-toc-section\" id=\"Les_consequences_pour_les_clients\"><\/span>Les cons\u00e9quences pour les clients<span class=\"ez-toc-section-end\"><\/span><\/h2>\n<p>Lorsqu\u2019un client entrait dans un magasin et correspondait \u00e0 une image existante dans la base de donn\u00e9es, les employ\u00e9s recevaient une alerte automatique leur demandant de prendre des mesures \u2013 et la plupart du temps, il s\u2019agissait de \u00ab\u00a0s\u2019approcher et d\u2019identifier\u00a0\u00bb, c\u2019est-\u00e0-dire de v\u00e9rifier l\u2019identit\u00e9 du client et de lui demander de partir. Souvent, ces \u00ab\u00a0correspondances\u00a0\u00bb \u00e9taient des faux positifs qui conduisaient les employ\u00e9s \u00e0 accuser \u00e0 tort les clients de m\u00e9faits, cr\u00e9ant ainsi \u00ab\u00a0embarras, harc\u00e8lement et autres pr\u00e9judices\u00a0\u00bb, selon la FTC.<\/p>\n<p>De plus, la FTC a d\u00e9clar\u00e9 que Rite Aid avait omis d\u2019informer les clients de l\u2019utilisation de la technologie de reconnaissance faciale, tout en donnant des instructions aux employ\u00e9s de ne <em>pas<\/em> r\u00e9v\u00e9ler cette information aux clients.<\/p>\n<h2><span class=\"ez-toc-section\" id=\"Les_controverses_entourant_la_reconnaissance_faciale\"><\/span>Les controverses entourant la reconnaissance faciale<span class=\"ez-toc-section-end\"><\/span><\/h2>\n<p>Les logiciels de reconnaissance faciale sont devenus l\u2019un des aspects les plus controvers\u00e9s de l\u2019\u00e8re de la surveillance aliment\u00e9e par l\u2019IA. Au cours des derni\u00e8res ann\u00e9es, nous avons vu des villes interdire largement cette technologie, tandis que les politiciens se sont battus pour r\u00e9glementer son utilisation par la police. Des entreprises telles que Clearview AI ont \u00e9galement \u00e9t\u00e9 poursuivies et condamn\u00e9es dans le monde entier pour de graves atteintes \u00e0 la vie priv\u00e9e des donn\u00e9es li\u00e9es \u00e0 la reconnaissance faciale.<\/p>\n<h2><span class=\"ez-toc-section\" id=\"Les_biais_inherents_aux_systemes_dIA\"><\/span>Les biais inh\u00e9rents aux syst\u00e8mes d\u2019IA<span class=\"ez-toc-section-end\"><\/span><\/h2>\n<p>Les conclusions r\u00e9centes de la FTC concernant Rite Aid mettent \u00e9galement en lumi\u00e8re les biais inh\u00e9rents aux syst\u00e8mes d\u2019IA. Par exemple, la FTC affirme que Rite Aid n\u2019a pas att\u00e9nu\u00e9 les risques pour certains consommateurs en raison de leur race \u2013 sa technologie avait \u00ab\u00a0plus de chances de g\u00e9n\u00e9rer des faux positifs dans les magasins situ\u00e9s dans des communaut\u00e9s majoritairement noires et asiatiques que dans les communaut\u00e9s majoritairement blanches\u00a0\u00bb, note le rapport.<\/p>\n<h2><span class=\"ez-toc-section\" id=\"Rite_Aid_se_defend\"><\/span>Rite Aid se d\u00e9fend<span class=\"ez-toc-section-end\"><\/span><\/h2>\n<p>Dans un communiqu\u00e9 de presse, Rite Aid a d\u00e9clar\u00e9 qu\u2019il \u00e9tait \u00ab\u00a0heureux de parvenir \u00e0 un accord avec la FTC\u00a0\u00bb, mais qu\u2019il \u00e9tait en d\u00e9saccord avec les accusations principales.<\/p>\n<p>\u00ab\u00a0Les accusations concernent un programme pilote de technologie de reconnaissance faciale que l\u2019entreprise a d\u00e9ploy\u00e9 dans un nombre limit\u00e9 de magasins\u00a0\u00bb, a d\u00e9clar\u00e9 Rite Aid dans son communiqu\u00e9. \u00ab\u00a0Rite Aid a cess\u00e9 d\u2019utiliser la technologie dans ce petit groupe de magasins il y a plus de trois ans, avant le d\u00e9but de l\u2019enqu\u00eate de la FTC sur l\u2019utilisation de la technologie par l\u2019entreprise.\u00a0\u00bb<\/p>","protected":false},"excerpt":{"rendered":"","protected":false},"author":1,"featured_media":9054,"comment_status":"open","ping_status":"open","sticky":false,"template":"","format":"standard","meta":{"_seopress_robots_primary_cat":"","_seopress_titles_title":"","_seopress_titles_desc":"","_seopress_robots_index":"","footnotes":""},"categories":[608],"tags":[],"class_list":["post-9052","post","type-post","status-publish","format-standard","has-post-thumbnail","hentry","category-actualite-intelligence-artificielle","generate-columns","tablet-grid-50","mobile-grid-100","grid-parent","grid-50"],"_links":{"self":[{"href":"https:\/\/toukiela.com\/fr_ca\/wp-json\/wp\/v2\/posts\/9052","targetHints":{"allow":["GET"]}}],"collection":[{"href":"https:\/\/toukiela.com\/fr_ca\/wp-json\/wp\/v2\/posts"}],"about":[{"href":"https:\/\/toukiela.com\/fr_ca\/wp-json\/wp\/v2\/types\/post"}],"author":[{"embeddable":true,"href":"https:\/\/toukiela.com\/fr_ca\/wp-json\/wp\/v2\/users\/1"}],"replies":[{"embeddable":true,"href":"https:\/\/toukiela.com\/fr_ca\/wp-json\/wp\/v2\/comments?post=9052"}],"version-history":[{"count":1,"href":"https:\/\/toukiela.com\/fr_ca\/wp-json\/wp\/v2\/posts\/9052\/revisions"}],"predecessor-version":[{"id":9053,"href":"https:\/\/toukiela.com\/fr_ca\/wp-json\/wp\/v2\/posts\/9052\/revisions\/9053"}],"wp:featuredmedia":[{"embeddable":true,"href":"https:\/\/toukiela.com\/fr_ca\/wp-json\/wp\/v2\/media\/9054"}],"wp:attachment":[{"href":"https:\/\/toukiela.com\/fr_ca\/wp-json\/wp\/v2\/media?parent=9052"}],"wp:term":[{"taxonomy":"category","embeddable":true,"href":"https:\/\/toukiela.com\/fr_ca\/wp-json\/wp\/v2\/categories?post=9052"},{"taxonomy":"post_tag","embeddable":true,"href":"https:\/\/toukiela.com\/fr_ca\/wp-json\/wp\/v2\/tags?post=9052"}],"curies":[{"name":"wp","href":"https:\/\/api.w.org\/{rel}","templated":true}]}}