{"id":8664,"date":"2023-12-13T19:18:57","date_gmt":"2023-12-13T17:18:57","guid":{"rendered":"https:\/\/toukiela.com\/sauve-qui-pecho-saison-3-ou-a-t-elle-ete-filmee-lieux-de-tournage\/"},"modified":"2023-12-13T19:18:58","modified_gmt":"2023-12-13T17:18:58","slug":"sauve-qui-pecho-saison-3-ou-a-t-elle-ete-filmee-lieux-de-tournage","status":"publish","type":"post","link":"https:\/\/toukiela.com\/fr_ca\/sauve-qui-pecho-saison-3-ou-a-t-elle-ete-filmee-lieux-de-tournage\/","title":{"rendered":"Sauve qui P\u00e9cho Saison 3 : O\u00f9 a-t-elle \u00e9t\u00e9 film\u00e9e ? Lieux de tournage !"},"content":{"rendered":"<p><em><\/em><\/p>\n<div id=\"ez-toc-container\" class=\"ez-toc-v2_0_82_2 counter-hierarchy ez-toc-counter ez-toc-grey ez-toc-container-direction\">\n<p class=\"ez-toc-title\" style=\"cursor:inherit\">Sommaire<\/p>\n<label for=\"ez-toc-cssicon-toggle-item-69f1fbbfb70d8\" class=\"ez-toc-cssicon-toggle-label\"><span class=\"\"><span class=\"eztoc-hide\" style=\"display:none;\">Toggle<\/span><span class=\"ez-toc-icon-toggle-span\"><svg style=\"fill: #999;color:#999\" xmlns=\"http:\/\/www.w3.org\/2000\/svg\" class=\"list-377408\" width=\"20px\" height=\"20px\" viewbox=\"0 0 24 24\" fill=\"none\"><path d=\"M6 6H4v2h2V6zm14 0H8v2h12V6zM4 11h2v2H4v-2zm16 0H8v2h12v-2zM4 16h2v2H4v-2zm16 0H8v2h12v-2z\" fill=\"currentColor\"><\/path><\/svg><svg style=\"fill: #999;color:#999\" class=\"arrow-unsorted-368013\" xmlns=\"http:\/\/www.w3.org\/2000\/svg\" width=\"10px\" height=\"10px\" viewbox=\"0 0 24 24\" version=\"1.2\" baseprofile=\"tiny\"><path d=\"M18.2 9.3l-6.2-6.3-6.2 6.3c-.2.2-.3.4-.3.7s.1.5.3.7c.2.2.4.3.7.3h11c.3 0 .5-.1.7-.3.2-.2.3-.5.3-.7s-.1-.5-.3-.7zM5.8 14.7l6.2 6.3 6.2-6.3c.2-.2.3-.5.3-.7s-.1-.5-.3-.7c-.2-.2-.4-.3-.7-.3h-11c-.3 0-.5.1-.7.3-.2.2-.3.5-.3.7s.1.5.3.7z\"\/><\/svg><\/span><\/span><\/label><input type=\"checkbox\"  id=\"ez-toc-cssicon-toggle-item-69f1fbbfb70d8\"  aria-label=\"Toggle\" \/><nav><ul class='ez-toc-list ez-toc-list-level-1' ><li class='ez-toc-page-1 ez-toc-heading-level-2'><a class=\"ez-toc-link ez-toc-heading-1\" href=\"https:\/\/toukiela.com\/fr_ca\/sauve-qui-pecho-saison-3-ou-a-t-elle-ete-filmee-lieux-de-tournage\/#Sauve_qui_Pecho_Saison_3_Ou_suivre_les_candidats_sur_Instagram\" >Sauve qui P\u00e9cho Saison 3 : O\u00f9 suivre les candidats sur Instagram ?<\/a><\/li><li class='ez-toc-page-1 ez-toc-heading-level-2'><a class=\"ez-toc-link ez-toc-heading-2\" href=\"https:\/\/toukiela.com\/fr_ca\/sauve-qui-pecho-saison-3-ou-a-t-elle-ete-filmee-lieux-de-tournage\/#Plus_de_lAuteur\" >Plus de l\u2019Auteur<\/a><\/li><li class='ez-toc-page-1 ez-toc-heading-level-2'><a class=\"ez-toc-link ez-toc-heading-3\" href=\"https:\/\/toukiela.com\/fr_ca\/sauve-qui-pecho-saison-3-ou-a-t-elle-ete-filmee-lieux-de-tournage\/#Combien_depisodes_pour_la_saison_3_de_Sauve_qui_Pecho\" >Combien d\u2019\u00e9pisodes pour la saison 3 de Sauve qui P\u00e9cho ?<\/a><\/li><li class='ez-toc-page-1 ez-toc-heading-level-2'><a class=\"ez-toc-link ez-toc-heading-4\" href=\"https:\/\/toukiela.com\/fr_ca\/sauve-qui-pecho-saison-3-ou-a-t-elle-ete-filmee-lieux-de-tournage\/#Quelle_date_et_heure_de_sortie_pour_lepisode_4_de_Sauve_qui_Pecho_Saison_3\" >Quelle date et heure de sortie pour l\u2019\u00e9pisode 4 de Sauve qui P\u00e9cho Saison 3 ?<\/a><\/li><li class='ez-toc-page-1 ez-toc-heading-level-2'><a class=\"ez-toc-link ez-toc-heading-5\" href=\"https:\/\/toukiela.com\/fr_ca\/sauve-qui-pecho-saison-3-ou-a-t-elle-ete-filmee-lieux-de-tournage\/#Conclusion\" >Conclusion<\/a><\/li><\/ul><\/nav><\/div>\n<h2><span class=\"ez-toc-section\" id=\"Sauve_qui_Pecho_Saison_3_Ou_suivre_les_candidats_sur_Instagram\"><\/span>Sauve qui P\u00e9cho Saison 3 : O\u00f9 suivre les candidats sur Instagram ?<span class=\"ez-toc-section-end\"><\/span><\/h2>\n<p>La saison 3 de l\u2019\u00e9mission \u00ab\u00a0Sauve qui P\u00e9cho\u00a0\u00bb est en cours et de nombreux t\u00e9l\u00e9spectateurs se demandent o\u00f9 ils peuvent suivre les candidats sur Instagram. Cet article vous donne toutes les informations n\u00e9cessaires pour trouver les comptes Instagram des candidats de l\u2019\u00e9mission.<\/p>\n<h2><span class=\"ez-toc-section\" id=\"Plus_de_lAuteur\"><\/span>Plus de l\u2019Auteur<span class=\"ez-toc-section-end\"><\/span><\/h2>\n<p>En plus de suivre les candidats sur Instagram, vous pouvez \u00e9galement en savoir plus sur l\u2019auteur de cet article. D\u00e9couvrez ses autres articles et retrouvez toutes les informations qu\u2019il partage avec ses lecteurs.<\/p>\n<h2><span class=\"ez-toc-section\" id=\"Combien_depisodes_pour_la_saison_3_de_Sauve_qui_Pecho\"><\/span>Combien d\u2019\u00e9pisodes pour la saison 3 de Sauve qui P\u00e9cho ?<span class=\"ez-toc-section-end\"><\/span><\/h2>\n<p>Une question que de nombreux fans se posent est de savoir combien d\u2019\u00e9pisodes il y aura dans cette nouvelle saison de \u00ab\u00a0Sauve qui P\u00e9cho\u00a0\u00bb. Cet article r\u00e9pond \u00e0 cette question et vous donne toutes les informations sur la dur\u00e9e de la saison et le nombre d\u2019\u00e9pisodes pr\u00e9vus.<\/p>\n<h2><span class=\"ez-toc-section\" id=\"Quelle_date_et_heure_de_sortie_pour_lepisode_4_de_Sauve_qui_Pecho_Saison_3\"><\/span>Quelle date et heure de sortie pour l\u2019\u00e9pisode 4 de Sauve qui P\u00e9cho Saison 3 ?<span class=\"ez-toc-section-end\"><\/span><\/h2>\n<p>Si vous \u00eates impatient de conna\u00eetre la date et l\u2019heure de sortie de l\u2019\u00e9pisode 4 de la saison 3 de \u00ab\u00a0Sauve qui P\u00e9cho\u00a0\u00bb, cet article est fait pour vous. Vous y trouverez toutes les informations sur la diffusion de cet \u00e9pisode tant attendu.<\/p>\n<h2><span class=\"ez-toc-section\" id=\"Conclusion\"><\/span>Conclusion<span class=\"ez-toc-section-end\"><\/span><\/h2>\n<p>En r\u00e9sum\u00e9, si vous souhaitez suivre les candidats de la saison 3 de \u00ab\u00a0Sauve qui P\u00e9cho\u00a0\u00bb sur Instagram, cet article vous donne toutes les informations n\u00e9cessaires. De plus, vous pouvez \u00e9galement en savoir plus sur l\u2019auteur de cet article et d\u00e9couvrir d\u2019autres contenus qu\u2019il propose. Enfin, vous trouverez \u00e9galement des informations sur le nombre d\u2019\u00e9pisodes de la saison et la date de sortie de l\u2019\u00e9pisode 4. Bonne lecture et bon visionnage de la saison 3 de \u00ab\u00a0Sauve qui P\u00e9cho\u00a0\u00bb !<\/p>","protected":false},"excerpt":{"rendered":"","protected":false},"author":1,"featured_media":8666,"comment_status":"open","ping_status":"open","sticky":false,"template":"","format":"standard","meta":{"_seopress_robots_primary_cat":"","_seopress_titles_title":"","_seopress_titles_desc":"","_seopress_robots_index":"","footnotes":""},"categories":[645],"tags":[],"class_list":["post-8664","post","type-post","status-publish","format-standard","has-post-thumbnail","hentry","category-netflix","generate-columns","tablet-grid-50","mobile-grid-100","grid-parent","grid-50"],"_links":{"self":[{"href":"https:\/\/toukiela.com\/fr_ca\/wp-json\/wp\/v2\/posts\/8664","targetHints":{"allow":["GET"]}}],"collection":[{"href":"https:\/\/toukiela.com\/fr_ca\/wp-json\/wp\/v2\/posts"}],"about":[{"href":"https:\/\/toukiela.com\/fr_ca\/wp-json\/wp\/v2\/types\/post"}],"author":[{"embeddable":true,"href":"https:\/\/toukiela.com\/fr_ca\/wp-json\/wp\/v2\/users\/1"}],"replies":[{"embeddable":true,"href":"https:\/\/toukiela.com\/fr_ca\/wp-json\/wp\/v2\/comments?post=8664"}],"version-history":[{"count":1,"href":"https:\/\/toukiela.com\/fr_ca\/wp-json\/wp\/v2\/posts\/8664\/revisions"}],"predecessor-version":[{"id":8665,"href":"https:\/\/toukiela.com\/fr_ca\/wp-json\/wp\/v2\/posts\/8664\/revisions\/8665"}],"wp:featuredmedia":[{"embeddable":true,"href":"https:\/\/toukiela.com\/fr_ca\/wp-json\/wp\/v2\/media\/8666"}],"wp:attachment":[{"href":"https:\/\/toukiela.com\/fr_ca\/wp-json\/wp\/v2\/media?parent=8664"}],"wp:term":[{"taxonomy":"category","embeddable":true,"href":"https:\/\/toukiela.com\/fr_ca\/wp-json\/wp\/v2\/categories?post=8664"},{"taxonomy":"post_tag","embeddable":true,"href":"https:\/\/toukiela.com\/fr_ca\/wp-json\/wp\/v2\/tags?post=8664"}],"curies":[{"name":"wp","href":"https:\/\/api.w.org\/{rel}","templated":true}]}}