{"id":8086,"date":"2023-11-24T22:41:57","date_gmt":"2023-11-24T20:41:57","guid":{"rendered":"https:\/\/toukiela.com\/uloz-to-le-geant-du-partage-de-fichiers-bannit-le-partage-de-fichiers-selon-la-loi-europeenne-sur-les-services-numeriques-vous-ne-devinerez-jamais-pourquoi\/"},"modified":"2023-11-24T22:41:58","modified_gmt":"2023-11-24T20:41:58","slug":"uloz-to-le-geant-du-partage-de-fichiers-bannit-le-partage-de-fichiers-selon-la-loi-europeenne-sur-les-services-numeriques-vous-ne-devinerez-jamais-pourquoi","status":"publish","type":"post","link":"https:\/\/toukiela.com\/fr_ca\/uloz-to-le-geant-du-partage-de-fichiers-bannit-le-partage-de-fichiers-selon-la-loi-europeenne-sur-les-services-numeriques-vous-ne-devinerez-jamais-pourquoi\/","title":{"rendered":"Uloz.to, le g\u00e9ant du partage de fichiers, bannit le partage de fichiers selon la loi europ\u00e9enne sur les services num\u00e9riques &#8211; vous ne devinerez jamais pourquoi !"},"content":{"rendered":"<p><em><\/em><\/p>\n<div id=\"ez-toc-container\" class=\"ez-toc-v2_0_82_2 counter-hierarchy ez-toc-counter ez-toc-grey ez-toc-container-direction\">\n<p class=\"ez-toc-title\" style=\"cursor:inherit\">Sommaire<\/p>\n<label for=\"ez-toc-cssicon-toggle-item-69f1fbbfdecc9\" class=\"ez-toc-cssicon-toggle-label\"><span class=\"\"><span class=\"eztoc-hide\" style=\"display:none;\">Toggle<\/span><span class=\"ez-toc-icon-toggle-span\"><svg style=\"fill: #999;color:#999\" xmlns=\"http:\/\/www.w3.org\/2000\/svg\" class=\"list-377408\" width=\"20px\" height=\"20px\" viewbox=\"0 0 24 24\" fill=\"none\"><path d=\"M6 6H4v2h2V6zm14 0H8v2h12V6zM4 11h2v2H4v-2zm16 0H8v2h12v-2zM4 16h2v2H4v-2zm16 0H8v2h12v-2z\" fill=\"currentColor\"><\/path><\/svg><svg style=\"fill: #999;color:#999\" class=\"arrow-unsorted-368013\" xmlns=\"http:\/\/www.w3.org\/2000\/svg\" width=\"10px\" height=\"10px\" viewbox=\"0 0 24 24\" version=\"1.2\" baseprofile=\"tiny\"><path d=\"M18.2 9.3l-6.2-6.3-6.2 6.3c-.2.2-.3.4-.3.7s.1.5.3.7c.2.2.4.3.7.3h11c.3 0 .5-.1.7-.3.2-.2.3-.5.3-.7s-.1-.5-.3-.7zM5.8 14.7l6.2 6.3 6.2-6.3c.2-.2.3-.5.3-.7s-.1-.5-.3-.7c-.2-.2-.4-.3-.7-.3h-11c-.3 0-.5.1-.7.3-.2.2-.3.5-.3.7s.1.5.3.7z\"\/><\/svg><\/span><\/span><\/label><input type=\"checkbox\"  id=\"ez-toc-cssicon-toggle-item-69f1fbbfdecc9\"  aria-label=\"Toggle\" \/><nav><ul class='ez-toc-list ez-toc-list-level-1' ><li class='ez-toc-page-1 ez-toc-heading-level-2'><a class=\"ez-toc-link ez-toc-heading-1\" href=\"https:\/\/toukiela.com\/fr_ca\/uloz-to-le-geant-du-partage-de-fichiers-bannit-le-partage-de-fichiers-selon-la-loi-europeenne-sur-les-services-numeriques-vous-ne-devinerez-jamais-pourquoi\/#Changement_radical_du_modele_dentreprise_dUloz_suite_aux_conditions_strictes_imposees_par_lActe_des_services_numeriques_de_lUE\" >Changement radical du mod\u00e8le d\u2019entreprise d\u2019Ulo\u017e suite aux conditions strictes impos\u00e9es par l\u2019Acte des services num\u00e9riques de l\u2019UE<\/a><\/li><li class='ez-toc-page-1 ez-toc-heading-level-2'><a class=\"ez-toc-link ez-toc-heading-2\" href=\"https:\/\/toukiela.com\/fr_ca\/uloz-to-le-geant-du-partage-de-fichiers-bannit-le-partage-de-fichiers-selon-la-loi-europeenne-sur-les-services-numeriques-vous-ne-devinerez-jamais-pourquoi\/#Les_defis_croissants_pour_Uloz\" >Les d\u00e9fis croissants pour Ulo\u017e<\/a><\/li><li class='ez-toc-page-1 ez-toc-heading-level-2'><a class=\"ez-toc-link ez-toc-heading-3\" href=\"https:\/\/toukiela.com\/fr_ca\/uloz-to-le-geant-du-partage-de-fichiers-bannit-le-partage-de-fichiers-selon-la-loi-europeenne-sur-les-services-numeriques-vous-ne-devinerez-jamais-pourquoi\/#Les_restrictions_de_contenu_imposees_par_la_loi_de_lUE\" >Les restrictions de contenu impos\u00e9es par la loi de l\u2019UE<\/a><\/li><li class='ez-toc-page-1 ez-toc-heading-level-2'><a class=\"ez-toc-link ez-toc-heading-4\" href=\"https:\/\/toukiela.com\/fr_ca\/uloz-to-le-geant-du-partage-de-fichiers-bannit-le-partage-de-fichiers-selon-la-loi-europeenne-sur-les-services-numeriques-vous-ne-devinerez-jamais-pourquoi\/#Des_changements_fondamentaux_a_venir\" >Des changements fondamentaux \u00e0 venir<\/a><\/li><li class='ez-toc-page-1 ez-toc-heading-level-2'><a class=\"ez-toc-link ez-toc-heading-5\" href=\"https:\/\/toukiela.com\/fr_ca\/uloz-to-le-geant-du-partage-de-fichiers-bannit-le-partage-de-fichiers-selon-la-loi-europeenne-sur-les-services-numeriques-vous-ne-devinerez-jamais-pourquoi\/#LActe_des_services_numeriques_de_lUE\" >L\u2019Acte des services num\u00e9riques de l\u2019UE<\/a><\/li><\/ul><\/nav><\/div>\n<h2><span class=\"ez-toc-section\" id=\"Changement_radical_du_modele_dentreprise_dUloz_suite_aux_conditions_strictes_imposees_par_lActe_des_services_numeriques_de_lUE\"><\/span>Changement radical du mod\u00e8le d\u2019entreprise d\u2019Ulo\u017e suite aux conditions strictes impos\u00e9es par l\u2019Acte des services num\u00e9riques de l\u2019UE<span class=\"ez-toc-section-end\"><\/span><\/h2>\n<p>Ulo\u017e, le g\u00e9ant du partage de fichiers et de l\u2019h\u00e9bergement, a annonc\u00e9 un changement radical de son mod\u00e8le d\u2019entreprise. Le site tch\u00e8que a \u00e9t\u00e9 critiqu\u00e9 depuis un certain temps et a r\u00e9cemment \u00e9t\u00e9 qualifi\u00e9 de \u00ab\u00a0march\u00e9 notoire\u00a0\u00bb par la MPA. Cependant, Ulo\u017e affirme qu\u2019une interdiction imminente du partage de fichiers en faveur d\u2019un mod\u00e8le de stockage priv\u00e9 bas\u00e9 sur le cloud est due aux conditions strictes impos\u00e9es par l\u2019Acte des services num\u00e9riques de l\u2019UE.<\/p>\n<h2><span class=\"ez-toc-section\" id=\"Les_defis_croissants_pour_Uloz\"><\/span>Les d\u00e9fis croissants pour Ulo\u017e<span class=\"ez-toc-section-end\"><\/span><\/h2>\n<p>Ulo\u017e.to est l\u2019un des sites les plus populaires en R\u00e9publique tch\u00e8que, r\u00e9put\u00e9 pour permettre aux utilisateurs de partager des fichiers entre eux et avec d\u2019autres personnes. Comme d\u2019autres sites op\u00e9rant dans ce domaine, Ulo\u017e a trouv\u00e9 le chemin de plus en plus compliqu\u00e9.<\/p>\n<p>Alors que les utilisateurs sont libres de partager presque n\u2019importe quel fichier sur Ulo\u017e, certains partagent in\u00e9vitablement du contenu prot\u00e9g\u00e9 par des droits d\u2019auteur, notamment de la musique, des films et des \u00e9missions de t\u00e9l\u00e9vision. Cela a attir\u00e9 l\u2019attention n\u00e9gative des d\u00e9tenteurs de droits qui ont poursuivi la plateforme encore et encore. En juillet de cette ann\u00e9e, l\u2019une de ces actions a conduit \u00e0 une condamnation de la plateforme par un tribunal local pour un film t\u00e9l\u00e9charg\u00e9 par l\u2019un de ses utilisateurs.<\/p>\n<p>Ulo\u017e a \u00e9galement \u00e9t\u00e9 sous pression pour mettre en place des filtres de t\u00e9l\u00e9chargement. Craignant que cela entra\u00eene une sur-blocage, Ulo\u017e a r\u00e9sist\u00e9 aux appels et a averti que restreindre l\u2019acc\u00e8s au contenu l\u00e9gal serait contraire au droit de l\u2019UE.<\/p>\n<h2><span class=\"ez-toc-section\" id=\"Les_restrictions_de_contenu_imposees_par_la_loi_de_lUE\"><\/span>Les restrictions de contenu impos\u00e9es par la loi de l\u2019UE<span class=\"ez-toc-section-end\"><\/span><\/h2>\n<p>Dans ce contexte, une d\u00e9claration d\u2019Ulo\u017e publi\u00e9e vendredi est quelque peu ironique. Annon\u00e7ant des changements fondamentaux \u00e0 son mod\u00e8le d\u2019entreprise, Ulo\u017e d\u00e9clare que, \u00e0 partir du 1er d\u00e9cembre 2023, les utilisateurs de ses services d\u2019h\u00e9bergement de fichiers ne pourront t\u00e9l\u00e9charger que les fichiers qu\u2019ils ont eux-m\u00eames t\u00e9l\u00e9charg\u00e9s. Ce changement met fin efficacement au partage de fichiers sur Ulo\u017e et selon les propri\u00e9taires du site, cela est d\u00fb \u00e0 l\u2019Acte des services num\u00e9riques de l\u2019UE.<\/p>\n<p>\u00ab\u00a0Nous avons toujours veill\u00e9 \u00e0 ce que le fonctionnement d\u2019Uloz.to soit conforme \u00e0 la l\u00e9gislation tch\u00e8que et europ\u00e9enne en vigueur. Cela a \u00e9t\u00e9 confirm\u00e9 \u00e0 plusieurs reprises par des d\u00e9cisions de justice dans des litiges, qui \u00e9taient souvent intent\u00e9s contre nous avec une intention particuli\u00e8re\u00a0\u00bb, d\u00e9clare Jan Karabina, PDG de Cloud Platforms, la soci\u00e9t\u00e9 derri\u00e8re Uloz.to.<\/p>\n<p>\u00ab\u00a0Afin de continuer \u00e0 r\u00e9pondre \u00e0 tous les crit\u00e8res l\u00e9gaux \u00e0 l\u2019avenir, notamment en lien avec la nouvelle l\u00e9gislation europ\u00e9enne, nous introduisons des changements importants dans le fonctionnement du stockage cloud Uloz.to Disk \u00e0 partir du 1er d\u00e9cembre 2023.\u00a0\u00bb<\/p>\n<h2><span class=\"ez-toc-section\" id=\"Des_changements_fondamentaux_a_venir\"><\/span>Des changements fondamentaux \u00e0 venir<span class=\"ez-toc-section-end\"><\/span><\/h2>\n<p>\u00c0 pr\u00e9sent, \u00e0 seulement une semaine de distance, Ulo\u017e qualifie les changements \u00e0 venir de fondamentaux.<\/p>\n<p>\u00ab\u00a0Les services de stockage cloud Uloz.to Disk ne seront accessibles qu\u2019aux utilisateurs inscrits \u00e0 partir du vendredi 1er d\u00e9cembre 2023. Ils pourront uniquement t\u00e9l\u00e9charger les fichiers qu\u2019ils ont t\u00e9l\u00e9charg\u00e9s sur le stockage. Il ne sera pas possible de partager les fichiers avec le public ou \u00e0 une adresse via un lien\u00a0\u00bb, indique l\u2019annonce de l\u2019entreprise.<\/p>\n<p>Sur une note plus positive, Ulo\u017e affirme que les utilisateurs n\u2019ont pas \u00e0 craindre de perdre leurs fichiers. Si des clients ne sont pas satisfaits des restrictions et ne souhaitent pas continuer avec un abonnement premium, ils peuvent r\u00e9silier leur compte ou passer \u00e0 une formule gratuite. Dans tous les cas, tout abonnement ou cr\u00e9dit restant sera rembours\u00e9.<\/p>\n<h2><span class=\"ez-toc-section\" id=\"LActe_des_services_numeriques_de_lUE\"><\/span>L\u2019Acte des services num\u00e9riques de l\u2019UE<span class=\"ez-toc-section-end\"><\/span><\/h2>\n<p>Alors qu\u2019Ulo\u017e note que l\u2019Acte des services num\u00e9riques (DSA) de l\u2019UE impose des obligations aux services num\u00e9riques agissant en tant qu\u2019interm\u00e9diaires, son annonce ne pr\u00e9cise pas exactement quelles parties du DSA rendent son mod\u00e8le d\u2019entreprise actuel intenable. Cependant, il ne manque pas de candidats.<\/p>\n<p>La possibilit\u00e9 d\u2019une \u00ab\u00a0connaissance effective\u00a0\u00bb d\u2019un contenu ill\u00e9gal lorsque des avis de retrait sont envoy\u00e9s aux interm\u00e9diaires pourrait s\u2019av\u00e9rer \u00eatre un risque trop important pour ceux qui n\u2019ont pas les moyens financiers n\u00e9cessaires. Ne pas permettre le partage de contenu avec des tiers att\u00e9nue ce risque, mais compte tenu de sa port\u00e9e et de son potentiel de devenir excessivement contraignant pour les petites entreprises avec une base d\u2019utilisateurs disproportionnellement \u00e9lev\u00e9e, les exigences du DSA \u2013 aussi bien intentionn\u00e9es soient-elles \u2013 peuvent s\u2019av\u00e9rer tout simplement trop lourdes.<\/p>\n<p>Le fait d\u2019avoir \u00e9t\u00e9 d\u00e9sign\u00e9 \u00ab\u00a0march\u00e9 notoire\u00a0\u00bb par la MPA le mois dernier n\u2019a probablement pas \u00e9t\u00e9 bien accueilli par Ulo\u017e. S\u2019il a contribu\u00e9 \u00e0 la d\u00e9cision annonc\u00e9e aujourd\u2019hui, cela reste inconnu, mais en interdisant le partage de fichiers, il semble probable que les plaintes d\u2019Hollywood finissent par s\u2019estomper.<\/p>","protected":false},"excerpt":{"rendered":"","protected":false},"author":1,"featured_media":8088,"comment_status":"open","ping_status":"open","sticky":false,"template":"","format":"standard","meta":{"_seopress_robots_primary_cat":"","_seopress_titles_title":"","_seopress_titles_desc":"","_seopress_robots_index":"","footnotes":""},"categories":[586],"tags":[],"class_list":["post-8086","post","type-post","status-publish","format-standard","has-post-thumbnail","hentry","category-actu-tech","generate-columns","tablet-grid-50","mobile-grid-100","grid-parent","grid-50"],"_links":{"self":[{"href":"https:\/\/toukiela.com\/fr_ca\/wp-json\/wp\/v2\/posts\/8086","targetHints":{"allow":["GET"]}}],"collection":[{"href":"https:\/\/toukiela.com\/fr_ca\/wp-json\/wp\/v2\/posts"}],"about":[{"href":"https:\/\/toukiela.com\/fr_ca\/wp-json\/wp\/v2\/types\/post"}],"author":[{"embeddable":true,"href":"https:\/\/toukiela.com\/fr_ca\/wp-json\/wp\/v2\/users\/1"}],"replies":[{"embeddable":true,"href":"https:\/\/toukiela.com\/fr_ca\/wp-json\/wp\/v2\/comments?post=8086"}],"version-history":[{"count":1,"href":"https:\/\/toukiela.com\/fr_ca\/wp-json\/wp\/v2\/posts\/8086\/revisions"}],"predecessor-version":[{"id":8087,"href":"https:\/\/toukiela.com\/fr_ca\/wp-json\/wp\/v2\/posts\/8086\/revisions\/8087"}],"wp:featuredmedia":[{"embeddable":true,"href":"https:\/\/toukiela.com\/fr_ca\/wp-json\/wp\/v2\/media\/8088"}],"wp:attachment":[{"href":"https:\/\/toukiela.com\/fr_ca\/wp-json\/wp\/v2\/media?parent=8086"}],"wp:term":[{"taxonomy":"category","embeddable":true,"href":"https:\/\/toukiela.com\/fr_ca\/wp-json\/wp\/v2\/categories?post=8086"},{"taxonomy":"post_tag","embeddable":true,"href":"https:\/\/toukiela.com\/fr_ca\/wp-json\/wp\/v2\/tags?post=8086"}],"curies":[{"name":"wp","href":"https:\/\/api.w.org\/{rel}","templated":true}]}}