{"id":7516,"date":"2023-11-05T07:01:43","date_gmt":"2023-11-05T05:01:43","guid":{"rendered":"https:\/\/toukiela.com\/lombre-eminente-saison-2-episode-6-date-et-heure-de-diffusion-exactes\/"},"modified":"2023-11-05T07:01:44","modified_gmt":"2023-11-05T05:01:44","slug":"lombre-eminente-saison-2-episode-6-date-et-heure-de-diffusion-exactes","status":"publish","type":"post","link":"https:\/\/toukiela.com\/fr_ca\/lombre-eminente-saison-2-episode-6-date-et-heure-de-diffusion-exactes\/","title":{"rendered":"L&rsquo;Ombre \u00c9minente Saison 2 \u00c9pisode 6 : Date et Heure de Diffusion Exactes"},"content":{"rendered":"<p><em><\/em><\/p>\n<p>Vous \u00eates un fervent adepte de la s\u00e9rie anim\u00e9e <strong>The Eminence in Shadow<\/strong> et vous attendez avec impatience la diffusion du sixi\u00e8me \u00e9pisode de la deuxi\u00e8me saison ? Soyez rassur\u00e9, nous avons toutes les informations dont vous avez besoin, de la date de diffusion \u00e0 ce qui pourrait se passer dans cet \u00e9pisode. Alors, pr\u00e9parez-vous \u00e0 plonger dans un monde de suspense et d\u2019action avec Toukiela !<\/p>\n<div id=\"ez-toc-container\" class=\"ez-toc-v2_0_82_2 counter-hierarchy ez-toc-counter ez-toc-grey ez-toc-container-direction\">\n<p class=\"ez-toc-title\" style=\"cursor:inherit\">Sommaire<\/p>\n<label for=\"ez-toc-cssicon-toggle-item-69f1f06e414f4\" class=\"ez-toc-cssicon-toggle-label\"><span class=\"\"><span class=\"eztoc-hide\" style=\"display:none;\">Toggle<\/span><span class=\"ez-toc-icon-toggle-span\"><svg style=\"fill: #999;color:#999\" xmlns=\"http:\/\/www.w3.org\/2000\/svg\" class=\"list-377408\" width=\"20px\" height=\"20px\" viewbox=\"0 0 24 24\" fill=\"none\"><path d=\"M6 6H4v2h2V6zm14 0H8v2h12V6zM4 11h2v2H4v-2zm16 0H8v2h12v-2zM4 16h2v2H4v-2zm16 0H8v2h12v-2z\" fill=\"currentColor\"><\/path><\/svg><svg style=\"fill: #999;color:#999\" class=\"arrow-unsorted-368013\" xmlns=\"http:\/\/www.w3.org\/2000\/svg\" width=\"10px\" height=\"10px\" viewbox=\"0 0 24 24\" version=\"1.2\" baseprofile=\"tiny\"><path d=\"M18.2 9.3l-6.2-6.3-6.2 6.3c-.2.2-.3.4-.3.7s.1.5.3.7c.2.2.4.3.7.3h11c.3 0 .5-.1.7-.3.2-.2.3-.5.3-.7s-.1-.5-.3-.7zM5.8 14.7l6.2 6.3 6.2-6.3c.2-.2.3-.5.3-.7s-.1-.5-.3-.7c-.2-.2-.4-.3-.7-.3h-11c-.3 0-.5.1-.7.3-.2.2-.3.5-.3.7s.1.5.3.7z\"\/><\/svg><\/span><\/span><\/label><input type=\"checkbox\"  id=\"ez-toc-cssicon-toggle-item-69f1f06e414f4\"  aria-label=\"Toggle\" \/><nav><ul class='ez-toc-list ez-toc-list-level-1' ><li class='ez-toc-page-1 ez-toc-heading-level-2'><a class=\"ez-toc-link ez-toc-heading-1\" href=\"https:\/\/toukiela.com\/fr_ca\/lombre-eminente-saison-2-episode-6-date-et-heure-de-diffusion-exactes\/#Quand_sera_diffuse_lepisode_6_de_la_saison_2_de_The_Eminence_in_Shadow\" >Quand sera diffus\u00e9 l\u2019\u00e9pisode 6 de la saison 2 de The Eminence in Shadow ?<\/a><\/li><li class='ez-toc-page-1 ez-toc-heading-level-2'><a class=\"ez-toc-link ez-toc-heading-2\" href=\"https:\/\/toukiela.com\/fr_ca\/lombre-eminente-saison-2-episode-6-date-et-heure-de-diffusion-exactes\/#Que_nous_reserve_lepisode_6_de_la_saison_2_de_The_Eminence_in_Shadow\" >Que nous r\u00e9serve l\u2019\u00e9pisode 6 de la saison 2 de The Eminence in Shadow ?<\/a><\/li><li class='ez-toc-page-1 ez-toc-heading-level-2'><a class=\"ez-toc-link ez-toc-heading-3\" href=\"https:\/\/toukiela.com\/fr_ca\/lombre-eminente-saison-2-episode-6-date-et-heure-de-diffusion-exactes\/#Quels_sont_les_autres_enjeux_de_lepisode_6_de_la_saison_2_de_The_Eminence_in_Shadow\" >Quels sont les autres enjeux de l\u2019\u00e9pisode 6 de la saison 2 de The Eminence in Shadow ?<\/a><\/li><li class='ez-toc-page-1 ez-toc-heading-level-2'><a class=\"ez-toc-link ez-toc-heading-4\" href=\"https:\/\/toukiela.com\/fr_ca\/lombre-eminente-saison-2-episode-6-date-et-heure-de-diffusion-exactes\/#Un_regard_sur_lepisode_5_avant_la_sortie_de_lepisode_6_de_la_saison_2_de_The_Eminence_in_Shadow\" >Un regard sur l\u2019\u00e9pisode 5 avant la sortie de l\u2019\u00e9pisode 6 de la saison 2 de The Eminence in Shadow<\/a><\/li><\/ul><\/nav><\/div>\n<h2><span class=\"ez-toc-section\" id=\"Quand_sera_diffuse_lepisode_6_de_la_saison_2_de_The_Eminence_in_Shadow\"><\/span>Quand sera diffus\u00e9 l\u2019\u00e9pisode 6 de la saison 2 de The Eminence in Shadow ?<span class=\"ez-toc-section-end\"><\/span><\/h2>\n<p>Accrochez-vous, car l\u2019attente est presque termin\u00e9e ! L\u2019\u00e9pisode 6 de la deuxi\u00e8me saison de <strong>The Eminence in Shadow<\/strong> sera diffus\u00e9 le 8 novembre 2023 sur <strong>Toukiela<\/strong>. Pour ceux qui tr\u00e9pignent d\u2019impatience, sachez que l\u2019heure de diffusion a \u00e9t\u00e9 fix\u00e9e \u00e0 15h30 (heure fran\u00e7aise) sur Toukiela. Vous \u00eates curieux de savoir combien d\u2019\u00e9pisodes compte cette s\u00e9rie captivante ? Laissez-nous vous \u00e9clairer.<\/p>\n<h2><span class=\"ez-toc-section\" id=\"Que_nous_reserve_lepisode_6_de_la_saison_2_de_The_Eminence_in_Shadow\"><\/span>Que nous r\u00e9serve l\u2019\u00e9pisode 6 de la saison 2 de The Eminence in Shadow ?<span class=\"ez-toc-section-end\"><\/span><\/h2>\n<p>Apr\u00e8s la victoire de John Smith contre le groupe d\u2019agents de Shadow Garden, il est probable que cette organisation le consid\u00e8re d\u00e9sormais comme une menace s\u00e9rieuse. Il est donc pr\u00e9visible qu\u2019ils tenteront de le confronter \u00e0 nouveau dans le sixi\u00e8me \u00e9pisode de la saison 2 de <strong>The Eminence in Shadow<\/strong>. Cette fois-ci, l\u2019un des Sept Ombres pourrait m\u00eame \u00eatre pr\u00e9sent, ce qui repr\u00e9sente une mont\u00e9e significative du niveau de puissance et pourrait poser des probl\u00e8mes \u00e0 Cid lors du combat.<\/p>\n<p>Il sera \u00e9galement int\u00e9ressant de voir comment les Shades r\u00e9agiront lorsqu\u2019ils d\u00e9couvriront que Cid est \u00e0 l\u2019origine de ce plan visant \u00e0 saper la confiance dans le cr\u00e9dit de Mitsugoshi. Cette r\u00e9v\u00e9lation pourrait survenir dans le sixi\u00e8me \u00e9pisode de la saison 2 de <strong>The Eminence in Shadow<\/strong>, si les Shades parviennent \u00e0 d\u00e9masquer Cid.<\/p>\n<h2><span class=\"ez-toc-section\" id=\"Quels_sont_les_autres_enjeux_de_lepisode_6_de_la_saison_2_de_The_Eminence_in_Shadow\"><\/span>Quels sont les autres enjeux de l\u2019\u00e9pisode 6 de la saison 2 de The Eminence in Shadow ?<span class=\"ez-toc-section-end\"><\/span><\/h2>\n<p>Il est probable que Gettan commencera \u00e9galement \u00e0 s\u2019opposer \u00e0 l\u2019op\u00e9ration de contrefa\u00e7on de Cid dans le sixi\u00e8me \u00e9pisode de la deuxi\u00e8me saison de <strong>The Eminence in Shadow<\/strong>. Cela ajouterait une autre source de conflit int\u00e9ressante. Tout cela contribue \u00e0 l\u2019atmosph\u00e8re chaotique de cet arc, mais illustre aussi pourquoi The Eminence in Shadow est l\u2019une des meilleures s\u00e9ries isekai.<\/p>\n<h2><span class=\"ez-toc-section\" id=\"Un_regard_sur_lepisode_5_avant_la_sortie_de_lepisode_6_de_la_saison_2_de_The_Eminence_in_Shadow\"><\/span>Un regard sur l\u2019\u00e9pisode 5 avant la sortie de l\u2019\u00e9pisode 6 de la saison 2 de The Eminence in Shadow<span class=\"ez-toc-section-end\"><\/span><\/h2>\n<p>Avant de nous plonger dans le sixi\u00e8me \u00e9pisode, rappelons-nous ce qui s\u2019est pass\u00e9 dans le cinqui\u00e8me \u00e9pisode. Nous avons assist\u00e9 \u00e0 une mont\u00e9e de la tension entre Mitsugoshi et la Major Corporate Alliance, avec Gettan qui a envoy\u00e9 ses Clovers attaquer le magasin. Heureusement, Gamma a r\u00e9ussi \u00e0 les repousser de mani\u00e8re plut\u00f4t comique. <\/p>\n<p>Par la suite, nous avons vu Cid et Yukime \u00e9laborer leur plan pour inonder le march\u00e9 de faux billets. Cela a beaucoup inqui\u00e9t\u00e9 Shadow Garden et Gettan, qui s\u2019est r\u00e9v\u00e9l\u00e9 \u00eatre un membre \u00e9minent du Cult of Diabolos. En r\u00e9ponse, Shadow Garden a envoy\u00e9 trois agents pour contrecarrer une livraison de faux billets, mais John Smith a r\u00e9ussi \u00e0 les vaincre en utilisant une corde renforc\u00e9e par magie.<\/p>\n<p>Ce combat a de nouveau d\u00e9montr\u00e9 \u00e0 quel point le h\u00e9ros de <strong>The Eminence in Shadow<\/strong> peut \u00eatre chaotique, Cid se battant essentiellement contre le groupe qu\u2019il a lui-m\u00eame cr\u00e9\u00e9.<\/p>","protected":false},"excerpt":{"rendered":"","protected":false},"author":1,"featured_media":7518,"comment_status":"open","ping_status":"open","sticky":false,"template":"","format":"standard","meta":{"_seopress_robots_primary_cat":"","_seopress_titles_title":"","_seopress_titles_desc":"","_seopress_robots_index":"","footnotes":""},"categories":[644],"tags":[],"class_list":["post-7516","post","type-post","status-publish","format-standard","has-post-thumbnail","hentry","category-series","generate-columns","tablet-grid-50","mobile-grid-100","grid-parent","grid-50"],"_links":{"self":[{"href":"https:\/\/toukiela.com\/fr_ca\/wp-json\/wp\/v2\/posts\/7516","targetHints":{"allow":["GET"]}}],"collection":[{"href":"https:\/\/toukiela.com\/fr_ca\/wp-json\/wp\/v2\/posts"}],"about":[{"href":"https:\/\/toukiela.com\/fr_ca\/wp-json\/wp\/v2\/types\/post"}],"author":[{"embeddable":true,"href":"https:\/\/toukiela.com\/fr_ca\/wp-json\/wp\/v2\/users\/1"}],"replies":[{"embeddable":true,"href":"https:\/\/toukiela.com\/fr_ca\/wp-json\/wp\/v2\/comments?post=7516"}],"version-history":[{"count":1,"href":"https:\/\/toukiela.com\/fr_ca\/wp-json\/wp\/v2\/posts\/7516\/revisions"}],"predecessor-version":[{"id":7517,"href":"https:\/\/toukiela.com\/fr_ca\/wp-json\/wp\/v2\/posts\/7516\/revisions\/7517"}],"wp:featuredmedia":[{"embeddable":true,"href":"https:\/\/toukiela.com\/fr_ca\/wp-json\/wp\/v2\/media\/7518"}],"wp:attachment":[{"href":"https:\/\/toukiela.com\/fr_ca\/wp-json\/wp\/v2\/media?parent=7516"}],"wp:term":[{"taxonomy":"category","embeddable":true,"href":"https:\/\/toukiela.com\/fr_ca\/wp-json\/wp\/v2\/categories?post=7516"},{"taxonomy":"post_tag","embeddable":true,"href":"https:\/\/toukiela.com\/fr_ca\/wp-json\/wp\/v2\/tags?post=7516"}],"curies":[{"name":"wp","href":"https:\/\/api.w.org\/{rel}","templated":true}]}}