{"id":7190,"date":"2023-10-25T18:18:26","date_gmt":"2023-10-25T16:18:26","guid":{"rendered":"https:\/\/toukiela.com\/confessions-choc-des-suspects-apres-7-mois-de-detention-20-arrestations-de-pirates-iptv-et-saisie-de-1-6-million-deuros\/"},"modified":"2023-10-25T18:18:27","modified_gmt":"2023-10-25T16:18:27","slug":"confessions-choc-des-suspects-apres-7-mois-de-detention-20-arrestations-de-pirates-iptv-et-saisie-de-1-6-million-deuros","status":"publish","type":"post","link":"https:\/\/toukiela.com\/fr_ca\/confessions-choc-des-suspects-apres-7-mois-de-detention-20-arrestations-de-pirates-iptv-et-saisie-de-1-6-million-deuros\/","title":{"rendered":"Confessions choc des suspects apr\u00e8s 7 mois de d\u00e9tention: 20 arrestations de pirates IPTV et saisie de 1.6 million d&rsquo;euros !"},"content":{"rendered":"<p><em><\/em><\/p>\n<div id=\"ez-toc-container\" class=\"ez-toc-v2_0_82_2 counter-hierarchy ez-toc-counter ez-toc-grey ez-toc-container-direction\">\n<p class=\"ez-toc-title\" style=\"cursor:inherit\">Sommaire<\/p>\n<label for=\"ez-toc-cssicon-toggle-item-69f1f13a91d79\" class=\"ez-toc-cssicon-toggle-label\"><span class=\"\"><span class=\"eztoc-hide\" style=\"display:none;\">Toggle<\/span><span class=\"ez-toc-icon-toggle-span\"><svg style=\"fill: #999;color:#999\" xmlns=\"http:\/\/www.w3.org\/2000\/svg\" class=\"list-377408\" width=\"20px\" height=\"20px\" viewbox=\"0 0 24 24\" fill=\"none\"><path d=\"M6 6H4v2h2V6zm14 0H8v2h12V6zM4 11h2v2H4v-2zm16 0H8v2h12v-2zM4 16h2v2H4v-2zm16 0H8v2h12v-2z\" fill=\"currentColor\"><\/path><\/svg><svg style=\"fill: #999;color:#999\" class=\"arrow-unsorted-368013\" xmlns=\"http:\/\/www.w3.org\/2000\/svg\" width=\"10px\" height=\"10px\" viewbox=\"0 0 24 24\" version=\"1.2\" baseprofile=\"tiny\"><path d=\"M18.2 9.3l-6.2-6.3-6.2 6.3c-.2.2-.3.4-.3.7s.1.5.3.7c.2.2.4.3.7.3h11c.3 0 .5-.1.7-.3.2-.2.3-.5.3-.7s-.1-.5-.3-.7zM5.8 14.7l6.2 6.3 6.2-6.3c.2-.2.3-.5.3-.7s-.1-.5-.3-.7c-.2-.2-.4-.3-.7-.3h-11c-.3 0-.5.1-.7.3-.2.2-.3.5-.3.7s.1.5.3.7z\"\/><\/svg><\/span><\/span><\/label><input type=\"checkbox\"  id=\"ez-toc-cssicon-toggle-item-69f1f13a91d79\"  aria-label=\"Toggle\" \/><nav><ul class='ez-toc-list ez-toc-list-level-1' ><li class='ez-toc-page-1 ez-toc-heading-level-2'><a class=\"ez-toc-link ez-toc-heading-1\" href=\"https:\/\/toukiela.com\/fr_ca\/confessions-choc-des-suspects-apres-7-mois-de-detention-20-arrestations-de-pirates-iptv-et-saisie-de-1-6-million-deuros\/#Operation_majeure_contre_un_reseau_IPTV_pirate_en_Autriche\" >Op\u00e9ration majeure contre un r\u00e9seau IPTV pirate en Autriche<\/a><\/li><li class='ez-toc-page-1 ez-toc-heading-level-2'><a class=\"ez-toc-link ez-toc-heading-2\" href=\"https:\/\/toukiela.com\/fr_ca\/confessions-choc-des-suspects-apres-7-mois-de-detention-20-arrestations-de-pirates-iptv-et-saisie-de-1-6-million-deuros\/#Lemergence_de_la_piraterie_IPTV\" >L\u2019\u00e9mergence de la piraterie IPTV<\/a><\/li><li class='ez-toc-page-1 ez-toc-heading-level-2'><a class=\"ez-toc-link ez-toc-heading-3\" href=\"https:\/\/toukiela.com\/fr_ca\/confessions-choc-des-suspects-apres-7-mois-de-detention-20-arrestations-de-pirates-iptv-et-saisie-de-1-6-million-deuros\/#Enquete_transfrontaliere\" >Enqu\u00eate transfrontali\u00e8re<\/a><\/li><li class='ez-toc-page-1 ez-toc-heading-level-2'><a class=\"ez-toc-link ez-toc-heading-4\" href=\"https:\/\/toukiela.com\/fr_ca\/confessions-choc-des-suspects-apres-7-mois-de-detention-20-arrestations-de-pirates-iptv-et-saisie-de-1-6-million-deuros\/#Operation_massive_en_Autriche\" >Op\u00e9ration massive en Autriche<\/a><\/li><li class='ez-toc-page-1 ez-toc-heading-level-2'><a class=\"ez-toc-link ez-toc-heading-5\" href=\"https:\/\/toukiela.com\/fr_ca\/confessions-choc-des-suspects-apres-7-mois-de-detention-20-arrestations-de-pirates-iptv-et-saisie-de-1-6-million-deuros\/#Le_modele_economique_lucratif\" >Le mod\u00e8le \u00e9conomique lucratif<\/a><\/li><li class='ez-toc-page-1 ez-toc-heading-level-2'><a class=\"ez-toc-link ez-toc-heading-6\" href=\"https:\/\/toukiela.com\/fr_ca\/confessions-choc-des-suspects-apres-7-mois-de-detention-20-arrestations-de-pirates-iptv-et-saisie-de-1-6-million-deuros\/#%C2%AB_Decryptage_des_signaux_TV_%C2%BB_depuis_2016\" >\u00ab\u00a0D\u00e9cryptage des signaux TV\u00a0\u00bb depuis 2016<\/a><\/li><\/ul><\/nav><\/div>\n<h2><span class=\"ez-toc-section\" id=\"Operation_majeure_contre_un_reseau_IPTV_pirate_en_Autriche\"><\/span>Op\u00e9ration majeure contre un r\u00e9seau IPTV pirate en Autriche<span class=\"ez-toc-section-end\"><\/span><\/h2>\n<p>Les autorit\u00e9s autrichiennes charg\u00e9es de l\u2019application de la loi ont r\u00e9v\u00e9l\u00e9 les d\u00e9tails d\u2019une op\u00e9ration majeure contre un r\u00e9seau IPTV pirate qui aurait g\u00e9n\u00e9r\u00e9 jusqu\u2019\u00e0 11 millions d\u2019euros au cours des trois derni\u00e8res ann\u00e9es. Suite \u00e0 une plainte d\u2019une soci\u00e9t\u00e9 de t\u00e9l\u00e9vision, 40 enqu\u00eateurs ont arr\u00eat\u00e9 20 suspects turcs vivant en Autriche et en Allemagne. Les autorit\u00e9s ont saisi 1,6 million d\u2019euros, 60 comptes bancaires et une Audi A7. Apr\u00e8s sept mois de d\u00e9tention, les principaux suspects auraient avou\u00e9.<\/p>\n<h2><span class=\"ez-toc-section\" id=\"Lemergence_de_la_piraterie_IPTV\"><\/span>L\u2019\u00e9mergence de la piraterie IPTV<span class=\"ez-toc-section-end\"><\/span><\/h2>\n<p>Le produit IPTV pirate, largement disponible aujourd\u2019hui, \u00e9tait relativement m\u00e9connu il y a seulement une dizaine d\u2019ann\u00e9es. Lorsque la qualit\u00e9 acceptable, la capacit\u00e9, la pr\u00e9sentation et la disponibilit\u00e9 se sont rencontr\u00e9es, la prise de conscience du grand public \u00e9tait une question de temps.<\/p>\n<p>L\u2019id\u00e9e que les diffuseurs aient \u00e9t\u00e9 pris de court sous-estime leur connaissance du march\u00e9, mais il semble improbable que la plupart aient pr\u00e9vu que l\u2019offre initiale serait imm\u00e9diatement suivie d\u2019un banquet t\u00e9l\u00e9visuel \u00e0 volont\u00e9. La r\u00e9ponse croissante des autorit\u00e9s aujourd\u2019hui, en revanche, \u00e9tait in\u00e9vitable.<\/p>\n<h2><span class=\"ez-toc-section\" id=\"Enquete_transfrontaliere\"><\/span>Enqu\u00eate transfrontali\u00e8re<span class=\"ez-toc-section-end\"><\/span><\/h2>\n<p>Les nouvelles de cette semaine concernant une op\u00e9ration majeure contre un r\u00e9seau IPTV pirate en Autriche suivent un sch\u00e9ma de plus en plus familier : une plainte initiale d\u2019un titulaire de droits aupr\u00e8s des autorit\u00e9s suivie d\u2019une r\u00e9ponse significative des forces de l\u2019ordre.<\/p>\n<p>Lors d\u2019un \u00e9v\u00e9nement m\u00e9diatique au Bureau f\u00e9d\u00e9ral de la police criminelle (<a rel='\\\"nofollow\\\"' target='\\\"_blank\\\"' href=\"\/fr_ca\/%5C%22https:\/\/www.bundeskriminalamt.at\/%5C%22\/\">Bundeskriminalamt<\/a>), il a \u00e9t\u00e9 r\u00e9v\u00e9l\u00e9 que l\u2019enqu\u00eate avait d\u00e9but\u00e9 en 2022 lorsqu\u2019une \u00ab\u00a0grande entreprise de t\u00e9l\u00e9vision payante\u00a0\u00bb avait d\u00e9pos\u00e9 une plainte p\u00e9nale pour violation des droits d\u2019auteur. Aucun d\u00e9tail n\u2019a \u00e9t\u00e9 donn\u00e9, mais des mentions de contenus de Sky et DAZN sugg\u00e8rent la direction g\u00e9n\u00e9rale.<\/p>\n<p>Les enqu\u00eates en Allemagne ont conduit les enqu\u00eateurs en Autriche et au bureau du procureur public de Wiener Neustadt, qui a \u00e0 son tour demand\u00e9 une assistance juridique au Bureau f\u00e9d\u00e9ral de la police criminelle. Une \u00e9quipe d\u2019experts en informatique l\u00e9gale a ensuite identifi\u00e9 un vaste r\u00e9seau de suspects op\u00e9rant en Autriche.<\/p>\n<h2><span class=\"ez-toc-section\" id=\"Operation_massive_en_Autriche\"><\/span>Op\u00e9ration massive en Autriche<span class=\"ez-toc-section-end\"><\/span><\/h2>\n<p>Ce qui a suivi, ce sont deux raids \u00e0 grande \u00e9chelle, l\u2019un au printemps 2023 et un autre \u00e0 la fin de l\u2019\u00e9t\u00e9. Une \u00e9quipe de 40 enqu\u00eateurs a cibl\u00e9 des adresses dans les r\u00e9gions de Vienne, de Basse-Autriche (Nieder\u00f6sterreich), de Tirol, de Vorarlberg et de Salzbourg.<\/p>\n<p>Au total, 20 suspects ont \u00e9t\u00e9 arr\u00eat\u00e9s lors des raids. Bien que tous vivaient en Allemagne ou en Autriche, les suspects et d\u2019autres membres du r\u00e9seau seraient des citoyens turcs. \u00c2g\u00e9s de 23 \u00e0 35 ans, les suspects sont d\u00e9crits comme ayant des comp\u00e9tences en informatique.<\/p>\n<p>Les autorit\u00e9s ont \u00e9galement saisi 1,6 million d\u2019euros, 60 comptes bancaires et une Audi A7.<\/p>\n<h2><span class=\"ez-toc-section\" id=\"Le_modele_economique_lucratif\"><\/span>Le mod\u00e8le \u00e9conomique lucratif<span class=\"ez-toc-section-end\"><\/span><\/h2>\n<p>En haut du r\u00e9seau, les enqu\u00eateurs affirment que l\u2019activit\u00e9 IPTV \u00e9tait lucrative. Selon Gabriel K. et ses coll\u00e8gues, les principaux suspects auraient g\u00e9n\u00e9r\u00e9 des b\u00e9n\u00e9fices d\u00e9passant 11 millions d\u2019euros sur une p\u00e9riode de trois ans, des fonds qui auraient \u00e9t\u00e9 investis dans l\u2019immobilier et diverses soci\u00e9t\u00e9s. Les chiffres publi\u00e9s cette semaine concernant la structure des ventes de l\u2019op\u00e9ration rendent difficile d\u2019\u00e9valuer si la revendication de b\u00e9n\u00e9fices astronomiques est raisonnable.<\/p>\n<p>Les autorit\u00e9s affirment que le service IPTV \u00e9tait annonc\u00e9 sur TikTok, Facebook et des plateformes similaires, mais les responsables de ces annonces ne sont pas mentionn\u00e9s. On pr\u00e9tend \u00e9galement que certains clients \u00e9taient recrut\u00e9s en tant que revendeurs d\u2019abonnements. Par qui cela a \u00e9t\u00e9 fait n\u2019est pas clair et sans cette information, il est impossible de dire si ces ventes s\u2019ajoutent aux abonnements d\u00e9j\u00e0 vendus aux revendeurs existants, ou s\u2019ils font partie des abonnements d\u00e9j\u00e0 vendus.<\/p>\n<p>Gabriel K. aurait confirm\u00e9 l\u2019existence de 15 revendeurs connus en Autriche, desservant entre 300 et 2 500 clients chacun. La fourchette de clients ici est trop large pour tirer des conclusions sens\u00e9es sur les b\u00e9n\u00e9fices ou les revenus.<\/p>\n<p>D\u2019un c\u00f4t\u00e9, cela pourrait signifier qu\u2019un seul revendeur r\u00e9alise un chiffre d\u2019affaires mensuel de 25 000 euros, sur la base de 2 500 clients payant chacun 10 euros (les estimations indiquent en r\u00e9alit\u00e9 environ 8,50 euros par mois), g\u00e9n\u00e9rant ainsi un chiffre d\u2019affaires annuel de 300 000 euros. De l\u2019autre c\u00f4t\u00e9, un revendeur avec 300 clients pourrait r\u00e9aliser un chiffre d\u2019affaires mensuel de 3 000 euros, tout en g\u00e9n\u00e9rant un chiffre d\u2019affaires annuel de 36 000 euros.<\/p>\n<p>Multipli\u00e9 par les 15 revendeurs, le chiffre d\u2019affaires annuel global pour les revendeurs identifi\u00e9s jusqu\u2019\u00e0 pr\u00e9sent pourrait atteindre pr\u00e8s de 4,5 millions d\u2019euros ou aussi peu que 500 000 euros. Une fois que la marge de vente des revendeurs est retir\u00e9e de l\u2019\u00e9quation, les revenus revenant aux meneurs peuvent r\u00e9duire ces montants d\u2019un tiers, plus ou moins, et cela avant de tenir compte des co\u00fbts op\u00e9rationnels.<\/p>\n<h2><span class=\"ez-toc-section\" id=\"%C2%AB_Decryptage_des_signaux_TV_%C2%BB_depuis_2016\"><\/span>\u00ab\u00a0D\u00e9cryptage des signaux TV\u00a0\u00bb depuis 2016<span class=\"ez-toc-section-end\"><\/span><\/h2>\n<p>Les enqu\u00eateurs affirment que les hommes sont soup\u00e7onn\u00e9s de d\u00e9crypter des signaux TV depuis 2016.<\/p>\n<p>\u00ab\u00a0Le signal est d\u00e9crypt\u00e9 une fois et peut ensuite \u00eatre transmis ind\u00e9finiment\u00a0\u00bb, a d\u00e9clar\u00e9 l\u2019enqu\u00eateur en chef \u2018Gabriel K.\u2019 selon les m\u00e9dias locaux.<\/p>\n<p>Il est clair que quelqu\u2019un a d\u00fb d\u00e9crypter des cha\u00eenes de t\u00e9l\u00e9vision officielles \u00e0 un moment donn\u00e9, mais les informations actuellement disponibles ne mentionnent pas la saisie par la police de mat\u00e9riel capable de le faire. On mentionne un total de 55 \u00ab\u00a0supports de donn\u00e9es \u00e9lectroniques\u00a0\u00bb (probablement des dispositifs de stockage), mais rien de plus.<\/p>\n<p>Cela soul\u00e8ve la question de savoir si les flux illicites ont \u00e9t\u00e9 cr\u00e9\u00e9s par les meneurs ou simplement achet\u00e9s pour \u00eatre revendus. <a rel='\\\"nofollow\\\"' target='\\\"_blank\\\"' href=\"\/fr_ca\/%5C%22https:\/\/kurier.at\/chronik\/oesterreich\/betrug-pay-tv-hacker-festnahmen-polizei\/402644441%5C%22\/\">Plusieurs rapports locaux<\/a> indiquent que les meneurs sont soup\u00e7onn\u00e9s de d\u00e9crypter des signaux TV officiels, mais sugg\u00e8rent ensuite que les flux ont \u00e9t\u00e9 fournis par d\u2019autres.<\/p>\n<p>Bien que ces d\u00e9tails soient importants, ils ne diminuent pas vraiment l\u2019ampleur des infractions all\u00e9gu\u00e9es et des accusations de fraude commerciale, de blanchiment d\u2019argent et de violation du droit d\u2019auteur (p\u00e9nale, vraisemblablement) qui attendent les pr\u00e9venus lors du proc\u00e8s. Les peines de prison potentielles pouvant aller jusqu\u2019\u00e0 10 ans en Autriche s\u2019ajoutent \u00e0 une affaire civile en attente en Allemagne, ce qui pourrait \u00eatre extr\u00eamement p\u00e9nalisant.<\/p>\n<p>Apr\u00e8s sept mois de d\u00e9tention, les suspects auraient d\u00e9cid\u00e9 de plaider coupable et ont \u00e9t\u00e9 lib\u00e9r\u00e9s en attendant leur proc\u00e8s.<\/p>","protected":false},"excerpt":{"rendered":"","protected":false},"author":1,"featured_media":7192,"comment_status":"open","ping_status":"open","sticky":false,"template":"","format":"standard","meta":{"_seopress_robots_primary_cat":"","_seopress_titles_title":"","_seopress_titles_desc":"","_seopress_robots_index":"","footnotes":""},"categories":[586],"tags":[],"class_list":["post-7190","post","type-post","status-publish","format-standard","has-post-thumbnail","hentry","category-actu-tech","generate-columns","tablet-grid-50","mobile-grid-100","grid-parent","grid-50"],"_links":{"self":[{"href":"https:\/\/toukiela.com\/fr_ca\/wp-json\/wp\/v2\/posts\/7190","targetHints":{"allow":["GET"]}}],"collection":[{"href":"https:\/\/toukiela.com\/fr_ca\/wp-json\/wp\/v2\/posts"}],"about":[{"href":"https:\/\/toukiela.com\/fr_ca\/wp-json\/wp\/v2\/types\/post"}],"author":[{"embeddable":true,"href":"https:\/\/toukiela.com\/fr_ca\/wp-json\/wp\/v2\/users\/1"}],"replies":[{"embeddable":true,"href":"https:\/\/toukiela.com\/fr_ca\/wp-json\/wp\/v2\/comments?post=7190"}],"version-history":[{"count":1,"href":"https:\/\/toukiela.com\/fr_ca\/wp-json\/wp\/v2\/posts\/7190\/revisions"}],"predecessor-version":[{"id":7191,"href":"https:\/\/toukiela.com\/fr_ca\/wp-json\/wp\/v2\/posts\/7190\/revisions\/7191"}],"wp:featuredmedia":[{"embeddable":true,"href":"https:\/\/toukiela.com\/fr_ca\/wp-json\/wp\/v2\/media\/7192"}],"wp:attachment":[{"href":"https:\/\/toukiela.com\/fr_ca\/wp-json\/wp\/v2\/media?parent=7190"}],"wp:term":[{"taxonomy":"category","embeddable":true,"href":"https:\/\/toukiela.com\/fr_ca\/wp-json\/wp\/v2\/categories?post=7190"},{"taxonomy":"post_tag","embeddable":true,"href":"https:\/\/toukiela.com\/fr_ca\/wp-json\/wp\/v2\/tags?post=7190"}],"curies":[{"name":"wp","href":"https:\/\/api.w.org\/{rel}","templated":true}]}}