{"id":6051,"date":"2023-09-19T07:01:16","date_gmt":"2023-09-19T05:01:16","guid":{"rendered":"https:\/\/toukiela.com\/quand-est-prevue-la-date-de-sortie-de-la-saison-2-dinfiltree-sur-france-2\/"},"modified":"2023-09-19T07:01:16","modified_gmt":"2023-09-19T05:01:16","slug":"quand-est-prevue-la-date-de-sortie-de-la-saison-2-dinfiltree-sur-france-2","status":"publish","type":"post","link":"https:\/\/toukiela.com\/fr_ca\/quand-est-prevue-la-date-de-sortie-de-la-saison-2-dinfiltree-sur-france-2\/","title":{"rendered":"Quand est pr\u00e9vue la date de sortie de la Saison 2 d&rsquo;Infiltr\u00e9(e) sur France 2 ?"},"content":{"rendered":"<p><em><\/em><\/p>\n<p> Les amateurs de la s\u00e9rie Infiltr\u00e9(e), diffus\u00e9e sur France 2, ont h\u00e2te de d\u00e9couvrir les nouvelles aventures d\u2019Aur\u00e9lie, le personnage central interpr\u00e9t\u00e9 par Audrey Fleurot. Si vous aussi, vous \u00eates impatient de conna\u00eetre la date de sortie de la saison 2 d\u2019Infiltr\u00e9(e) sur France 2, lisez attentivement cet article. Nous vous d\u00e9voilons tout ce que vous devez savoir sur cette s\u00e9rie captivante, r\u00e9alis\u00e9e par le duo Fr\u00e9d\u00e9ric Krivine et Emmanuel Dauc\u00e9. <\/p>\n<div id=\"ez-toc-container\" class=\"ez-toc-v2_0_82_2 counter-hierarchy ez-toc-counter ez-toc-grey ez-toc-container-direction\">\n<p class=\"ez-toc-title\" style=\"cursor:inherit\">Sommaire<\/p>\n<label for=\"ez-toc-cssicon-toggle-item-69f1e31966189\" class=\"ez-toc-cssicon-toggle-label\"><span class=\"\"><span class=\"eztoc-hide\" style=\"display:none;\">Toggle<\/span><span class=\"ez-toc-icon-toggle-span\"><svg style=\"fill: #999;color:#999\" xmlns=\"http:\/\/www.w3.org\/2000\/svg\" class=\"list-377408\" width=\"20px\" height=\"20px\" viewbox=\"0 0 24 24\" fill=\"none\"><path d=\"M6 6H4v2h2V6zm14 0H8v2h12V6zM4 11h2v2H4v-2zm16 0H8v2h12v-2zM4 16h2v2H4v-2zm16 0H8v2h12v-2z\" fill=\"currentColor\"><\/path><\/svg><svg style=\"fill: #999;color:#999\" class=\"arrow-unsorted-368013\" xmlns=\"http:\/\/www.w3.org\/2000\/svg\" width=\"10px\" height=\"10px\" viewbox=\"0 0 24 24\" version=\"1.2\" baseprofile=\"tiny\"><path d=\"M18.2 9.3l-6.2-6.3-6.2 6.3c-.2.2-.3.4-.3.7s.1.5.3.7c.2.2.4.3.7.3h11c.3 0 .5-.1.7-.3.2-.2.3-.5.3-.7s-.1-.5-.3-.7zM5.8 14.7l6.2 6.3 6.2-6.3c.2-.2.3-.5.3-.7s-.1-.5-.3-.7c-.2-.2-.4-.3-.7-.3h-11c-.3 0-.5.1-.7.3-.2.2-.3.5-.3.7s.1.5.3.7z\"\/><\/svg><\/span><\/span><\/label><input type=\"checkbox\"  id=\"ez-toc-cssicon-toggle-item-69f1e31966189\"  aria-label=\"Toggle\" \/><nav><ul class='ez-toc-list ez-toc-list-level-1' ><li class='ez-toc-page-1 ez-toc-heading-level-2'><a class=\"ez-toc-link ez-toc-heading-1\" href=\"https:\/\/toukiela.com\/fr_ca\/quand-est-prevue-la-date-de-sortie-de-la-saison-2-dinfiltree-sur-france-2\/#Qui_sont_les_acteurs_principaux_de_la_serie_Infiltree\" >Qui sont les acteurs principaux de la s\u00e9rie Infiltr\u00e9(e) ?<\/a><\/li><li class='ez-toc-page-1 ez-toc-heading-level-2'><a class=\"ez-toc-link ez-toc-heading-2\" href=\"https:\/\/toukiela.com\/fr_ca\/quand-est-prevue-la-date-de-sortie-de-la-saison-2-dinfiltree-sur-france-2\/#Un_apercu_du_scenario_dInfiltree\" >Un aper\u00e7u du sc\u00e9nario d\u2019Infiltr\u00e9(e)<\/a><\/li><li class='ez-toc-page-1 ez-toc-heading-level-2'><a class=\"ez-toc-link ez-toc-heading-3\" href=\"https:\/\/toukiela.com\/fr_ca\/quand-est-prevue-la-date-de-sortie-de-la-saison-2-dinfiltree-sur-france-2\/#Quand_sortira_la_saison_2_dInfiltree_sur_France_2\" >Quand sortira la saison 2 d\u2019Infiltr\u00e9(e) sur France 2 ?<\/a><\/li><li class='ez-toc-page-1 ez-toc-heading-level-2'><a class=\"ez-toc-link ez-toc-heading-4\" href=\"https:\/\/toukiela.com\/fr_ca\/quand-est-prevue-la-date-de-sortie-de-la-saison-2-dinfiltree-sur-france-2\/#Que_peut-on_attendre_de_la_saison_2_dInfiltree_sur_France_2\" >Que peut-on attendre de la saison 2 d\u2019Infiltr\u00e9(e) sur France 2 ?<\/a><\/li><\/ul><\/nav><\/div>\n<h2><span class=\"ez-toc-section\" id=\"Qui_sont_les_acteurs_principaux_de_la_serie_Infiltree\"><\/span> Qui sont les acteurs principaux de la s\u00e9rie Infiltr\u00e9(e) ? <span class=\"ez-toc-section-end\"><\/span><\/h2>\n<p> En plus de la talentueuse Audrey Fleurot, la s\u00e9rie peut compter sur une \u00e9quipe d\u2019acteurs exceptionnels. Thierry Neuvic et Suma\u00ef Cardenas, pour ne citer qu\u2019eux, contribuent \u00e0 faire d\u2019<strong>Infiltr\u00e9(e)<\/strong>, une s\u00e9rie incontournable. <\/p>\n<h2><span class=\"ez-toc-section\" id=\"Un_apercu_du_scenario_dInfiltree\"><\/span> Un aper\u00e7u du sc\u00e9nario d\u2019Infiltr\u00e9(e) <span class=\"ez-toc-section-end\"><\/span><\/h2>\n<p> Infiltr\u00e9(e) nous plonge dans le quotidien d\u2019Aur\u00e9lie, une m\u00e8re c\u00e9libataire qui travaille comme chimiste pour la police. Apr\u00e8s la disparition tragique de son compagnon, elle se retrouve seule pour \u00e9lever son fils. Sa vie prend un nouveau tournant lorsqu\u2019elle se voit confier une mission d\u2019infiltration dans le r\u00e9seau de trafiquants de l\u2019UBH, une nouvelle drogue de synth\u00e8se. <\/p>\n<p> Sous l\u2019emprise du charismatique J\u00e9sus, chef du r\u00e9seau bas\u00e9 \u00e0 Marseille, r\u00e9ussira-t-elle \u00e0 mener \u00e0 bien sa mission ? Pour sauver son fils, Aur\u00e9lie est pr\u00eate \u00e0 tout. <\/p>\n<h2><span class=\"ez-toc-section\" id=\"Quand_sortira_la_saison_2_dInfiltree_sur_France_2\"><\/span> Quand sortira la saison 2 d\u2019Infiltr\u00e9(e) sur France 2 ? <span class=\"ez-toc-section-end\"><\/span><\/h2>\n<p> La premi\u00e8re saison d\u2019Infiltr\u00e9(e) a \u00e9t\u00e9 mise en ligne le 25 septembre 2023. Pour l\u2019instant, aucune annonce officielle n\u2019a \u00e9t\u00e9 faite concernant le renouvellement de la s\u00e9rie pour une <strong>saison 2<\/strong>. Toutefois, il est clair que toute s\u00e9rie avec Audrey Fleurot en t\u00eate d\u2019affiche ne peut que conna\u00eetre un grand succ\u00e8s. <\/p>\n<p> Les audiences ont \u00e9t\u00e9 tr\u00e8s satisfaisantes d\u00e8s la premi\u00e8re soir\u00e9e de diffusion. France TV attend la fin de la diffusion des \u00e9pisodes pour \u00e9valuer les critiques et les audiences. Si le renouvellement est confirm\u00e9, la <strong>saison 2 d\u2019Infiltr\u00e9(e) sur France 2<\/strong> devrait sortir fin 2024 ! <\/p>\n<h2><span class=\"ez-toc-section\" id=\"Que_peut-on_attendre_de_la_saison_2_dInfiltree_sur_France_2\"><\/span> Que peut-on attendre de la saison 2 d\u2019Infiltr\u00e9(e) sur France 2 ? <span class=\"ez-toc-section-end\"><\/span><\/h2>\n<p> Pour la <strong>saison 2 d\u2019Infiltr\u00e9(e) sur France 2<\/strong>, on s\u2019attend \u00e0 retrouver Aur\u00e9lie dans une nouvelle mission apr\u00e8s la conclusion de la premi\u00e8re enqu\u00eate principale. Il est difficile de pr\u00e9voir sur quoi portera cette nouvelle mission, mais il est certain que nous en apprendrons davantage sur la vie personnelle d\u2019Aur\u00e9lie et sa reconstruction, ainsi que sur son r\u00f4le en tant que chimiste. <\/p>\n<p> En r\u00e9sum\u00e9, la saison 2 d\u2019Infiltr\u00e9(e) sur France 2 promet d\u2019\u00eatre aussi captivante et riche en rebondissements que la premi\u00e8re saison. Restez connect\u00e9 \u00e0 Toukiela pour ne manquer aucune information sur cette s\u00e9rie passionnante. <\/p>","protected":false},"excerpt":{"rendered":"","protected":false},"author":1,"featured_media":6053,"comment_status":"open","ping_status":"open","sticky":false,"template":"","format":"standard","meta":{"_seopress_robots_primary_cat":"","_seopress_titles_title":"","_seopress_titles_desc":"","_seopress_robots_index":"","footnotes":""},"categories":[644],"tags":[],"class_list":["post-6051","post","type-post","status-publish","format-standard","has-post-thumbnail","hentry","category-series","generate-columns","tablet-grid-50","mobile-grid-100","grid-parent","grid-50"],"_links":{"self":[{"href":"https:\/\/toukiela.com\/fr_ca\/wp-json\/wp\/v2\/posts\/6051","targetHints":{"allow":["GET"]}}],"collection":[{"href":"https:\/\/toukiela.com\/fr_ca\/wp-json\/wp\/v2\/posts"}],"about":[{"href":"https:\/\/toukiela.com\/fr_ca\/wp-json\/wp\/v2\/types\/post"}],"author":[{"embeddable":true,"href":"https:\/\/toukiela.com\/fr_ca\/wp-json\/wp\/v2\/users\/1"}],"replies":[{"embeddable":true,"href":"https:\/\/toukiela.com\/fr_ca\/wp-json\/wp\/v2\/comments?post=6051"}],"version-history":[{"count":1,"href":"https:\/\/toukiela.com\/fr_ca\/wp-json\/wp\/v2\/posts\/6051\/revisions"}],"predecessor-version":[{"id":6052,"href":"https:\/\/toukiela.com\/fr_ca\/wp-json\/wp\/v2\/posts\/6051\/revisions\/6052"}],"wp:featuredmedia":[{"embeddable":true,"href":"https:\/\/toukiela.com\/fr_ca\/wp-json\/wp\/v2\/media\/6053"}],"wp:attachment":[{"href":"https:\/\/toukiela.com\/fr_ca\/wp-json\/wp\/v2\/media?parent=6051"}],"wp:term":[{"taxonomy":"category","embeddable":true,"href":"https:\/\/toukiela.com\/fr_ca\/wp-json\/wp\/v2\/categories?post=6051"},{"taxonomy":"post_tag","embeddable":true,"href":"https:\/\/toukiela.com\/fr_ca\/wp-json\/wp\/v2\/tags?post=6051"}],"curies":[{"name":"wp","href":"https:\/\/api.w.org\/{rel}","templated":true}]}}