{"id":5725,"date":"2023-09-12T19:51:35","date_gmt":"2023-09-12T17:51:35","guid":{"rendered":"https:\/\/toukiela.com\/quelle-est-la-date-de-sortie-de-la-saison-2-de-respire-sur-m6\/"},"modified":"2023-09-12T19:51:36","modified_gmt":"2023-09-12T17:51:36","slug":"quelle-est-la-date-de-sortie-de-la-saison-2-de-respire-sur-m6","status":"publish","type":"post","link":"https:\/\/toukiela.com\/fr_ca\/quelle-est-la-date-de-sortie-de-la-saison-2-de-respire-sur-m6\/","title":{"rendered":"Quelle est la date de sortie de la Saison 2 de Respire sur M6?"},"content":{"rendered":"<p><em><\/em><\/p>\n<p> Vous \u00eates avide de nouvelles informations sur la deuxi\u00e8me saison de la s\u00e9rie Respire diffus\u00e9e sur M6 ? Vous \u00eates au bon endroit ! Nous allons partager toutes les informations que nous avons sur cette s\u00e9rie qui a captiv\u00e9 tant de t\u00e9l\u00e9spectateurs lors de sa premi\u00e8re saison. <\/p>\n<h2> Zoom sur la trame de la s\u00e9rie Respire <\/h2>\n<p> Respire est une s\u00e9rie qui est actuellement diffus\u00e9e sur M6 et qui a su captiver le public gr\u00e2ce \u00e0 son intrigue captivante. La s\u00e9rie suit l\u2019histoire de Tessa, une jeune lyc\u00e9enne passionn\u00e9e de musique. Son talent est vite remarqu\u00e9 par son professeur de musique, Rapha\u00ebl Delage, qui la soutient dans sa passion.<\/p>\n<p> Cependant, la popularit\u00e9 grandissante de Tessa sur les r\u00e9seaux sociaux attire la jalousie de ses camarades de classe. Elle devient rapidement la cible de moqueries et de brimades. Sa meilleure amie, In\u00e8s, commence \u00e0 changer de comportement et \u00e0 s\u2019\u00e9loigner d\u2019elle. L\u2019absence r\u00e9p\u00e9t\u00e9e de son p\u00e8re, marin, et l\u2019attention insuffisante de sa m\u00e8re, fleuriste, ne font qu\u2019ajouter \u00e0 sa d\u00e9tresse.<\/p>\n<p> Cette s\u00e9rie \u00e9v\u00e9nement a pr\u00e9sent\u00e9 au public la jeune Charlie Loiselier, qui interpr\u00e8te brillamment le r\u00f4le de Tessa. Les fans de Calogero seront \u00e9galement ravis de le retrouver dans cette s\u00e9rie. <\/p>\n<h2> Qu\u2019en est-il de la deuxi\u00e8me saison de Respire sur M6 ? <\/h2>\n<p> La premi\u00e8re saison de Respire a \u00e9t\u00e9 diffus\u00e9e pour la premi\u00e8re fois le 12 septembre 2023. \u00c0 l\u2019heure actuelle, aucune annonce officielle n\u2019a \u00e9t\u00e9 faite <strong> \u00e0 propos de la diffusion de la deuxi\u00e8me saison de Respire sur M6 <\/strong>. La s\u00e9rie \u00e9tant bas\u00e9e sur un livre et ayant adapt\u00e9 celui-ci en int\u00e9gralit\u00e9, il semble difficile d\u2019imaginer une suite. Cependant, si la s\u00e9rie rencontre un grand succ\u00e8s, une deuxi\u00e8me saison n\u2019est pas \u00e0 exclure.<\/p>\n<p> M6 prendra sans doute quelques semaines pour analyser les audiences et les critiques avant de prendre une d\u00e9cision. En cas de renouvellement, la <strong> date de diffusion de la deuxi\u00e8me saison de Respire sur M6 <\/strong> pourrait \u00eatre fix\u00e9e pour la fin de l\u2019ann\u00e9e 2024. <\/p>\n<h2> Que peut-on attendre de la suite de Respire ? <\/h2>\n<p> Si une deuxi\u00e8me saison venait \u00e0 voir le jour, nous retrouverions probablement Tessa dans sa poursuite de sa passion pour la musique. Elle pourrait m\u00eame quitter le lyc\u00e9e pour entrer \u00e0 l\u2019universit\u00e9, ce qui pourrait lui faire rencontrer de nouveaux obstacles. Restez connect\u00e9s \u00e0 Toukiela pour obtenir toutes les derni\u00e8res informations sur la <strong> deuxi\u00e8me saison de Respire sur M6 <\/strong> ! <\/p>","protected":false},"excerpt":{"rendered":"","protected":false},"author":1,"featured_media":5727,"comment_status":"open","ping_status":"open","sticky":false,"template":"","format":"standard","meta":{"_seopress_robots_primary_cat":"","_seopress_titles_title":"","_seopress_titles_desc":"","_seopress_robots_index":"","footnotes":""},"categories":[644],"tags":[],"class_list":["post-5725","post","type-post","status-publish","format-standard","has-post-thumbnail","hentry","category-series","generate-columns","tablet-grid-50","mobile-grid-100","grid-parent","grid-50"],"_links":{"self":[{"href":"https:\/\/toukiela.com\/fr_ca\/wp-json\/wp\/v2\/posts\/5725","targetHints":{"allow":["GET"]}}],"collection":[{"href":"https:\/\/toukiela.com\/fr_ca\/wp-json\/wp\/v2\/posts"}],"about":[{"href":"https:\/\/toukiela.com\/fr_ca\/wp-json\/wp\/v2\/types\/post"}],"author":[{"embeddable":true,"href":"https:\/\/toukiela.com\/fr_ca\/wp-json\/wp\/v2\/users\/1"}],"replies":[{"embeddable":true,"href":"https:\/\/toukiela.com\/fr_ca\/wp-json\/wp\/v2\/comments?post=5725"}],"version-history":[{"count":1,"href":"https:\/\/toukiela.com\/fr_ca\/wp-json\/wp\/v2\/posts\/5725\/revisions"}],"predecessor-version":[{"id":5726,"href":"https:\/\/toukiela.com\/fr_ca\/wp-json\/wp\/v2\/posts\/5725\/revisions\/5726"}],"wp:featuredmedia":[{"embeddable":true,"href":"https:\/\/toukiela.com\/fr_ca\/wp-json\/wp\/v2\/media\/5727"}],"wp:attachment":[{"href":"https:\/\/toukiela.com\/fr_ca\/wp-json\/wp\/v2\/media?parent=5725"}],"wp:term":[{"taxonomy":"category","embeddable":true,"href":"https:\/\/toukiela.com\/fr_ca\/wp-json\/wp\/v2\/categories?post=5725"},{"taxonomy":"post_tag","embeddable":true,"href":"https:\/\/toukiela.com\/fr_ca\/wp-json\/wp\/v2\/tags?post=5725"}],"curies":[{"name":"wp","href":"https:\/\/api.w.org\/{rel}","templated":true}]}}