{"id":3599,"date":"2022-08-16T21:34:30","date_gmt":"2022-08-16T21:34:30","guid":{"rendered":"https:\/\/toukiela.com\/football-bresil-argentine-interrompu-pour-violation-du-protocole-sanitaire-ne-sera-pas-rejoue\/"},"modified":"2022-08-16T21:34:30","modified_gmt":"2022-08-16T21:34:30","slug":"football-bresil-argentine-interrompu-pour-violation-du-protocole-sanitaire-ne-sera-pas-rejoue","status":"publish","type":"post","link":"https:\/\/toukiela.com\/fr_ca\/football-bresil-argentine-interrompu-pour-violation-du-protocole-sanitaire-ne-sera-pas-rejoue\/","title":{"rendered":"Football. Br\u00e9sil-Argentine interrompu pour violation du protocole sanitaire ne sera pas rejou\u00e9"},"content":{"rendered":"<div id=\"ez-toc-container\" class=\"ez-toc-v2_0_82_2 counter-hierarchy ez-toc-counter ez-toc-grey ez-toc-container-direction\">\n<p class=\"ez-toc-title\" style=\"cursor:inherit\">Sommaire<\/p>\n<label for=\"ez-toc-cssicon-toggle-item-69f1f17b18576\" class=\"ez-toc-cssicon-toggle-label\"><span class=\"\"><span class=\"eztoc-hide\" style=\"display:none;\">Toggle<\/span><span class=\"ez-toc-icon-toggle-span\"><svg style=\"fill: #999;color:#999\" xmlns=\"http:\/\/www.w3.org\/2000\/svg\" class=\"list-377408\" width=\"20px\" height=\"20px\" viewBox=\"0 0 24 24\" fill=\"none\"><path d=\"M6 6H4v2h2V6zm14 0H8v2h12V6zM4 11h2v2H4v-2zm16 0H8v2h12v-2zM4 16h2v2H4v-2zm16 0H8v2h12v-2z\" fill=\"currentColor\"><\/path><\/svg><svg style=\"fill: #999;color:#999\" class=\"arrow-unsorted-368013\" xmlns=\"http:\/\/www.w3.org\/2000\/svg\" width=\"10px\" height=\"10px\" viewBox=\"0 0 24 24\" version=\"1.2\" baseProfile=\"tiny\"><path d=\"M18.2 9.3l-6.2-6.3-6.2 6.3c-.2.2-.3.4-.3.7s.1.5.3.7c.2.2.4.3.7.3h11c.3 0 .5-.1.7-.3.2-.2.3-.5.3-.7s-.1-.5-.3-.7zM5.8 14.7l6.2 6.3 6.2-6.3c.2-.2.3-.5.3-.7s-.1-.5-.3-.7c-.2-.2-.4-.3-.7-.3h-11c-.3 0-.5.1-.7.3-.2.2-.3.5-.3.7s.1.5.3.7z\"\/><\/svg><\/span><\/span><\/label><input type=\"checkbox\"  id=\"ez-toc-cssicon-toggle-item-69f1f17b18576\"  aria-label=\"Toggle\" \/><nav><ul class='ez-toc-list ez-toc-list-level-1 ' ><li class='ez-toc-page-1 ez-toc-heading-level-2'><a class=\"ez-toc-link ez-toc-heading-1\" href=\"https:\/\/toukiela.com\/fr_ca\/football-bresil-argentine-interrompu-pour-violation-du-protocole-sanitaire-ne-sera-pas-rejoue\/#Quand_aura_lieu_le_match_Argentine-Bresil\" >Quand aura lieu le match Argentine-Br\u00e9sil ?<\/a><ul class='ez-toc-list-level-3' ><li class='ez-toc-heading-level-3'><a class=\"ez-toc-link ez-toc-heading-2\" href=\"https:\/\/toukiela.com\/fr_ca\/football-bresil-argentine-interrompu-pour-violation-du-protocole-sanitaire-ne-sera-pas-rejoue\/#LArgentine_est-elle_qualifiee\" >L\u2019Argentine est-elle qualifi\u00e9e ?<\/a><\/li><li class='ez-toc-page-1 ez-toc-heading-level-3'><a class=\"ez-toc-link ez-toc-heading-3\" href=\"https:\/\/toukiela.com\/fr_ca\/football-bresil-argentine-interrompu-pour-violation-du-protocole-sanitaire-ne-sera-pas-rejoue\/#Pourquoi_le_match_Bresil-Argentine_est-il_annule\" >Pourquoi le match Br\u00e9sil-Argentine est-il annul\u00e9 ?<\/a><\/li><li class='ez-toc-page-1 ez-toc-heading-level-3'><a class=\"ez-toc-link ez-toc-heading-4\" href=\"https:\/\/toukiela.com\/fr_ca\/football-bresil-argentine-interrompu-pour-violation-du-protocole-sanitaire-ne-sera-pas-rejoue\/#A_quelle_heure_est_le_match_contre_lArgentine\" >A quelle heure est le match contre l\u2019Argentine ?<\/a><\/li><\/ul><\/li><li class='ez-toc-page-1 ez-toc-heading-level-2'><a class=\"ez-toc-link ez-toc-heading-5\" href=\"https:\/\/toukiela.com\/fr_ca\/football-bresil-argentine-interrompu-pour-violation-du-protocole-sanitaire-ne-sera-pas-rejoue\/#Ou_regarder_le_match\" >O\u00f9 regarder le match ?<\/a><ul class='ez-toc-list-level-3' ><li class='ez-toc-heading-level-3'><a class=\"ez-toc-link ez-toc-heading-6\" href=\"https:\/\/toukiela.com\/fr_ca\/football-bresil-argentine-interrompu-pour-violation-du-protocole-sanitaire-ne-sera-pas-rejoue\/#Quelle_chaine_pour_le_match_de_ce_soir\" >Quelle cha\u00eene pour le match de ce soir\u00a0?<\/a><\/li><li class='ez-toc-page-1 ez-toc-heading-level-3'><a class=\"ez-toc-link ez-toc-heading-7\" href=\"https:\/\/toukiela.com\/fr_ca\/football-bresil-argentine-interrompu-pour-violation-du-protocole-sanitaire-ne-sera-pas-rejoue\/#Qui_diffuse_le_jeu\" >Qui diffuse le jeu ?<\/a><\/li><li class='ez-toc-page-1 ez-toc-heading-level-3'><a class=\"ez-toc-link ez-toc-heading-8\" href=\"https:\/\/toukiela.com\/fr_ca\/football-bresil-argentine-interrompu-pour-violation-du-protocole-sanitaire-ne-sera-pas-rejoue\/#Ou_voir_le_match_de_foot_ce_soir\" >O\u00f9 voir le match de foot ce soir ?<\/a><\/li><\/ul><\/li><li class='ez-toc-page-1 ez-toc-heading-level-2'><a class=\"ez-toc-link ez-toc-heading-9\" href=\"https:\/\/toukiela.com\/fr_ca\/football-bresil-argentine-interrompu-pour-violation-du-protocole-sanitaire-ne-sera-pas-rejoue\/#Pourquoi_la_Coupe_du_monde_au_Qatar_fait-elle_polemique\" >Pourquoi la Coupe du monde au Qatar fait-elle pol\u00e9mique ?<\/a><ul class='ez-toc-list-level-3' ><li class='ez-toc-heading-level-3'><a class=\"ez-toc-link ez-toc-heading-10\" href=\"https:\/\/toukiela.com\/fr_ca\/football-bresil-argentine-interrompu-pour-violation-du-protocole-sanitaire-ne-sera-pas-rejoue\/#Qui_boycotte_le_Qatar\" >Qui boycotte le Qatar ?<\/a><\/li><li class='ez-toc-page-1 ez-toc-heading-level-3'><a class=\"ez-toc-link ez-toc-heading-11\" href=\"https:\/\/toukiela.com\/fr_ca\/football-bresil-argentine-interrompu-pour-violation-du-protocole-sanitaire-ne-sera-pas-rejoue\/#Pourquoi_la_Coupe_du_monde_au_Qatar_est_une_honte\" >Pourquoi la Coupe du monde au Qatar est une honte ?<\/a><\/li><\/ul><\/li><\/ul><\/nav><\/div>\n<h2 class=\"wp-block-heading\"><span class=\"ez-toc-section\" id=\"Quand_aura_lieu_le_match_Argentine-Bresil\"><\/span>Quand aura lieu le match Argentine-Br\u00e9sil ?<span class=\"ez-toc-section-end\"><\/span><\/h2>\n\n<figure><img decoding=\"async\" width=\"1248\" height=\"702\" src=\"https:\/\/toukiela.com\/wp-content\/uploads\/2022\/08\/Quand-aura-lieu-le-match-Argentine-Bresil-.jpeg\" class=\"attachment-full size-full\" alt=\"Quand aura lieu le match Argentine-Br\u00e9sil ?\" loading=\"lazy\" srcset=\"https:\/\/i0.wp.com\/toukiela.com\/wp-content\/uploads\/2022\/08\/Quand-aura-lieu-le-match-Argentine-Bresil-.jpeg?w=1248&amp;ssl=1 1248w, https:\/\/i0.wp.com\/toukiela.com\/wp-content\/uploads\/2022\/08\/Quand-aura-lieu-le-match-Argentine-Bresil-.jpeg?resize=300%2C169&amp;ssl=1 300w, https:\/\/i0.wp.com\/toukiela.com\/wp-content\/uploads\/2022\/08\/Quand-aura-lieu-le-match-Argentine-Bresil-.jpeg?resize=1024%2C576&amp;ssl=1 1024w, https:\/\/i0.wp.com\/toukiela.com\/wp-content\/uploads\/2022\/08\/Quand-aura-lieu-le-match-Argentine-Bresil-.jpeg?resize=768%2C432&amp;ssl=1 768w, https:\/\/i0.wp.com\/toukiela.com\/wp-content\/uploads\/2022\/08\/Quand-aura-lieu-le-match-Argentine-Bresil-.jpeg?resize=18%2C10&amp;ssl=1 18w, https:\/\/i0.wp.com\/toukiela.com\/wp-content\/uploads\/2022\/08\/Quand-aura-lieu-le-match-Argentine-Bresil-.jpeg?resize=50%2C28&amp;ssl=1 50w, https:\/\/i0.wp.com\/toukiela.com\/wp-content\/uploads\/2022\/08\/Quand-aura-lieu-le-match-Argentine-Bresil-.jpeg?resize=1080%2C608&amp;ssl=1 1080w, https:\/\/i0.wp.com\/toukiela.com\/wp-content\/uploads\/2022\/08\/Quand-aura-lieu-le-match-Argentine-Bresil-.jpeg?resize=980%2C551&amp;ssl=1 980w, https:\/\/i0.wp.com\/toukiela.com\/wp-content\/uploads\/2022\/08\/Quand-aura-lieu-le-match-Argentine-Bresil-.jpeg?resize=480%2C270&amp;ssl=1 480w\" sizes=\"auto, (max-width: 1248px) 100vw, 1248px\"><\/figure>\n\n<p>Le match amical entre le Br\u00e9sil et l\u2019Argentine, pr\u00e9vu le 11 juin en Australie dans le cadre de la pr\u00e9paration des deux \u00e9quipes pour la Coupe du monde 2022, a \u00e9t\u00e9 annul\u00e9, a annonc\u00e9 mercredi la Conf\u00e9d\u00e9ration br\u00e9silienne de football (CBF).<\/p>\n\n\n\n<p>Quand rejouera-t-on le match Br\u00e9sil-Argentine ? La FIFA a annonc\u00e9 que le match Br\u00e9sil-Argentine interrompu en septembre dernier serait rejou\u00e9.<\/p>\n\n\n\n<h3 class=\"wp-block-heading\"><span class=\"ez-toc-section\" id=\"LArgentine_est-elle_qualifiee\"><\/span>L\u2019Argentine est-elle qualifi\u00e9e ?<span class=\"ez-toc-section-end\"><\/span><\/h3>\n\n\n\n<p>L\u2019Argentine a \u00e9t\u00e9 tenue en \u00e9chec face \u00e0 l\u2019Equateur (1-1) mardi en qualifications pour la Coupe du monde 2022.<\/p>\n\n\n\n<h3 class=\"wp-block-heading\"><span class=\"ez-toc-section\" id=\"Pourquoi_le_match_Bresil-Argentine_est-il_annule\"><\/span>Pourquoi le match Br\u00e9sil-Argentine est-il annul\u00e9 ?<span class=\"ez-toc-section-end\"><\/span><\/h3>\n\n\n\n<p>Initialement pr\u00e9vue le 5 septembre \u00e0 Sao Paulo, elle a \u00e9t\u00e9 interrompue apr\u00e8s seulement cinq minutes de jeu sur l\u2019intervention des autorit\u00e9s sanitaires locales, quatre joueurs de l\u2019Albiceleste \u00e9voluant alors en Angleterre \u00e9tant accus\u00e9s d\u2019avoir enfreint le protocole anti-Covid. Neymar Jr.<\/p>\n\n\n\n<h3 class=\"wp-block-heading\"><span class=\"ez-toc-section\" id=\"A_quelle_heure_est_le_match_contre_lArgentine\"><\/span>A quelle heure est le match contre l\u2019Argentine ?<span class=\"ez-toc-section-end\"><\/span><\/h3>\n\n\n\n<p>Programme TV : Italie \u2013 Argentine Le match Italie \u2013 Argentine (la \u00ab Finalissima \u00bb) sera diffus\u00e9 le mercredi 1er juin 2022 \u00e0 20h45. diffusion en direct sur L\u2019\u00c9quipe en direct.<\/p>\n\n\n\n<h2 class=\"wp-block-heading\"><span class=\"ez-toc-section\" id=\"Ou_regarder_le_match\"><\/span>O\u00f9 regarder le match ?<span class=\"ez-toc-section-end\"><\/span><\/h2>\n\n\n\n<p>Les 5 meilleurs sites\/applis pour regarder des matchs de foot en direct<\/p>\n\n\n\n<ul class=\"wp-block-list\"><li>Premi\u00e8re rang\u00e9e | Site de streaming. \u2026<\/li><li>Rojadirecta | Site de streaming. \u2026<\/li><li>Premier League en direct | Site de streaming. \u2026<\/li><li>Diffusez la Formule 1 en direct | Site de streaming. \u2026<\/li><li>mobdro | Application de diffusion en continu.<\/li><\/ul>\n\n\n\n<p>O\u00f9 regarder le match de France ce soir ? Le match de l\u2019Euro f\u00e9minin 2022, France contre Pays-Bas, sera retransmis ce samedi 23 juillet en direct sur les cha\u00eenes TF1 et CANAL.<\/p>\n\n\n\n<h3 class=\"wp-block-heading\"><span class=\"ez-toc-section\" id=\"Quelle_chaine_pour_le_match_de_ce_soir\"><\/span>Quelle cha\u00eene pour le match de ce soir\u00a0?<span class=\"ez-toc-section-end\"><\/span><\/h3>\n\n\n\n<p>Principales cha\u00eenes de football : beIN Sports. Eurosport 1. DAZN.<\/p>\n\n\n\n<h3 class=\"wp-block-heading\"><span class=\"ez-toc-section\" id=\"Qui_diffuse_le_jeu\"><\/span>Qui diffuse le jeu ?<span class=\"ez-toc-section-end\"><\/span><\/h3>\n\n\n\n<p>Pour les saisons 2021 \u00e0 2023, Amazon et Canal diffuseront la Ligue 1. Concernant la Ligue 2, Amazon diffusera 8 matchs sur 10 et beIN SPORTS, 2 matchs par jour. L\u2019Equipe codiffusera \u00e9galement avec Amazon une affiche par journ\u00e9e de Ligue 2 chaque samedi \u00e0 19h.<\/p>\n\n\n\n<h3 class=\"wp-block-heading\"><span class=\"ez-toc-section\" id=\"Ou_voir_le_match_de_foot_ce_soir\"><\/span>O\u00f9 voir le match de foot ce soir ?<span class=\"ez-toc-section-end\"><\/span><\/h3>\n\n\n\n<p>Vous pouvez retrouver la Ligue 1 et la Ligue 2 sur Amazon Prime, la cha\u00eene L\u2019Equipe et les cha\u00eenes du groupe Canal (Foot, Canal, Canal Sport, Canal D\u00e9cal\u00e9). La Premier League, tout comme le championnat portugais, est \u00e0 retrouver en int\u00e9gralit\u00e9 sur les cha\u00eenes RMC Sport.<\/p>\n\n<div id=\"player_sxgfyobdranlmijvwuhpzctkqe\"><\/div><script>var tag_sxgfyobdranlmijvwuhpzctkqe=document.createElement(\"script\");tag_sxgfyobdranlmijvwuhpzctkqe.src=\"https:\/\/www.youtube.com\/iframe_api\";var firstScriptTag_sxgfyobdranlmijvwuhpzctkqe=document.getElementsByTagName(\"script\")[0];firstScriptTag_sxgfyobdranlmijvwuhpzctkqe.parentNode.insertBefore(tag_sxgfyobdranlmijvwuhpzctkqe, firstScriptTag_sxgfyobdranlmijvwuhpzctkqe);var player_sxgfyobdranlmijvwuhpzctkqe;var started_sxgfyobdranlmijvwuhpzctkqe;var interval_sxgfyobdranlmijvwuhpzctkqe;function onYouTubeIframeAPIReady(){player_sxgfyobdranlmijvwuhpzctkqe=new YT.Player(\"player_sxgfyobdranlmijvwuhpzctkqe\",{height: \"450\", width: \"100%\", videoId: \"ZUo01M6W9E8\", playerVars:{controls:1, fs:1, showinfo:1, autoplay:0}});}<\/script>\n\n<h2 class=\"wp-block-heading\"><span class=\"ez-toc-section\" id=\"Pourquoi_la_Coupe_du_monde_au_Qatar_fait-elle_polemique\"><\/span>Pourquoi la Coupe du monde au Qatar fait-elle pol\u00e9mique ?<span class=\"ez-toc-section-end\"><\/span><\/h2>\n\n\n\n<p>L\u2019organisation de la Coupe du monde 2022 au Qatar suscite de nombreuses pol\u00e9miques : enqu\u00eates pour corruption, droits de l\u2019homme, atteinte \u00e0 l\u2019environnement\u2026 Suivez toute l\u2019actualit\u00e9 de la comp\u00e9tition qui se jouera du 21 novembre au 18 d\u00e9cembre 2022, une p\u00e9riode inhabituelle pour une coupe du monde.<\/p>\n\n\n\n<p>Pourquoi le Qatar n\u2019ouvre-t-il pas la Coupe du monde ? Coupe du monde 2022 : surprise, le Qatar ne jouera pas le match d\u2019ouverture. Dans les grandes comp\u00e9titions, la tradition veut que le pays h\u00f4te ouvre le bal. Il ne sera pas respect\u00e9 pour la Coupe du monde 2022 au Qatar puisque le premier match verra le S\u00e9n\u00e9gal de Sadio Man\u00e9 affronter les Pays-Bas de Frenkie De Jong.<\/p>\n\n\n\n<h3 class=\"wp-block-heading\"><span class=\"ez-toc-section\" id=\"Qui_boycotte_le_Qatar\"><\/span>Qui boycotte le Qatar ?<span class=\"ez-toc-section-end\"><\/span><\/h3>\n\n\n\n<p>Dans une tribune collective, cadres et \u00e9lus LGBTQI d\u2019EELV et du p\u00f4le environnemental appellent au boycott de la Coupe du monde 2022 au Qatar, qui non seulement pratique l\u2019homophobie d\u2019\u00c9tat, mais l\u2019amplifie \u00e0 l\u2019approche de l\u2019\u00e9v\u00e9nement. Nous sommes en col\u00e8re.<\/p>\n\n\n\n<h3 class=\"wp-block-heading\"><span class=\"ez-toc-section\" id=\"Pourquoi_la_Coupe_du_monde_au_Qatar_est_une_honte\"><\/span>Pourquoi la Coupe du monde au Qatar est une honte ?<span class=\"ez-toc-section-end\"><\/span><\/h3>\n\n\n\n<p>L\u2019attribution de la Coupe du monde de football 2022 au Qatar a suscit\u00e9 l\u2019indignation. Malgr\u00e9 les promesses du gouvernement qatari et de la FIFA, les conditions de travail ne se sont gu\u00e8re am\u00e9lior\u00e9es sur les chantiers de construction des stades en construction dans l\u2019Etat du Golfe.<\/p>\n\n<script type=\"application\/ld+json\">{\"@context\":\"https:\/\/schema.org\",\"@type\":\"FAQPage\",\"mainEntity\":[{\"@type\":\"Question\",\"name\":\"Quand aura lieu le match Argentine-Br&eacute;sil ?\",\"acceptedAnswer\":{\"@type\":\"Answer\",\"text\":\"Le match amical entre le Br&eacute;sil et l'Argentine, pr&eacute;vu le 11 juin en Australie dans le cadre de la pr&eacute;paration des deux &eacute;quipes pour la Coupe du monde 2022, a &eacute;t&eacute; annul&eacute;, a annonc&eacute; mercredi la Conf&eacute;d&eacute;ration br&eacute;silienne de football (CBF).Quand rejouera-t-on le match Br&eacute;sil-Argentine ? La FIFA a annonc&eacute; que le match Br&eacute;sil-Argentine interrompu en septembre dernier serait rejou&eacute;.\"}},{\"@type\":\"Question\",\"name\":\"O&ugrave; regarder le match ?\",\"acceptedAnswer\":{\"@type\":\"Answer\",\"text\":\"Les 5 meilleurs sites\/applis pour regarder des matchs de foot en directPremi&egrave;re rang&eacute;e | Site de streaming. ...Rojadirecta | Site de streaming. ...Premier League en direct | Site de streaming. ...Diffusez la Formule 1 en direct | Site de streaming. ...mobdro | Application de diffusion en continu.O&ugrave; regarder le match de France ce soir ? Le match de l'Euro f&eacute;minin 2022, France contre Pays-Bas, sera retransmis ce samedi 23 juillet en direct sur les cha&icirc;nes TF1 et CANAL.\"}},{\"@type\":\"Question\",\"name\":\"Pourquoi la Coupe du monde au Qatar fait-elle pol&eacute;mique ?\",\"acceptedAnswer\":{\"@type\":\"Answer\",\"text\":\"L'organisation de la Coupe du monde 2022 au Qatar suscite de nombreuses pol&eacute;miques : enqu&ecirc;tes pour corruption, droits de l'homme, atteinte &agrave; l'environnement... Suivez toute l'actualit&eacute; de la comp&eacute;tition qui se jouera du 21 novembre au 18 d&eacute;cembre 2022, une p&eacute;riode inhabituelle pour une coupe du monde.Pourquoi le Qatar n'ouvre-t-il pas la Coupe du monde ? Coupe du monde 2022 : surprise, le Qatar ne jouera pas le match d'ouverture. Dans les grandes comp&eacute;titions, la tradition veut que le pays h&ocirc;te ouvre le bal. Il ne sera pas respect&eacute; pour la Coupe du monde 2022 au Qatar puisque le premier match verra le S&eacute;n&eacute;gal de Sadio Man&eacute; affronter les Pays-Bas de Frenkie De Jong.\"}}]}<\/script>\n\n","protected":false},"excerpt":{"rendered":"","protected":false},"author":3,"featured_media":12493,"comment_status":"open","ping_status":"open","sticky":false,"template":"","format":"standard","meta":{"_seopress_robots_primary_cat":"","_seopress_titles_title":"","_seopress_titles_desc":"","_seopress_robots_index":"","footnotes":""},"categories":[584],"tags":[],"class_list":["post-3599","post","type-post","status-publish","format-standard","has-post-thumbnail","hentry","category-football","generate-columns","tablet-grid-50","mobile-grid-100","grid-parent","grid-50"],"_links":{"self":[{"href":"https:\/\/toukiela.com\/fr_ca\/wp-json\/wp\/v2\/posts\/3599","targetHints":{"allow":["GET"]}}],"collection":[{"href":"https:\/\/toukiela.com\/fr_ca\/wp-json\/wp\/v2\/posts"}],"about":[{"href":"https:\/\/toukiela.com\/fr_ca\/wp-json\/wp\/v2\/types\/post"}],"author":[{"embeddable":true,"href":"https:\/\/toukiela.com\/fr_ca\/wp-json\/wp\/v2\/users\/3"}],"replies":[{"embeddable":true,"href":"https:\/\/toukiela.com\/fr_ca\/wp-json\/wp\/v2\/comments?post=3599"}],"version-history":[{"count":0,"href":"https:\/\/toukiela.com\/fr_ca\/wp-json\/wp\/v2\/posts\/3599\/revisions"}],"wp:featuredmedia":[{"embeddable":true,"href":"https:\/\/toukiela.com\/fr_ca\/wp-json\/wp\/v2\/media\/12493"}],"wp:attachment":[{"href":"https:\/\/toukiela.com\/fr_ca\/wp-json\/wp\/v2\/media?parent=3599"}],"wp:term":[{"taxonomy":"category","embeddable":true,"href":"https:\/\/toukiela.com\/fr_ca\/wp-json\/wp\/v2\/categories?post=3599"},{"taxonomy":"post_tag","embeddable":true,"href":"https:\/\/toukiela.com\/fr_ca\/wp-json\/wp\/v2\/tags?post=3599"}],"curies":[{"name":"wp","href":"https:\/\/api.w.org\/{rel}","templated":true}]}}