{"id":3586,"date":"2022-08-14T21:31:18","date_gmt":"2022-08-14T21:31:18","guid":{"rendered":"https:\/\/toukiela.com\/reportage-football-quand-deux-clubs-du-comminges-sassocient-pour-developper-le-football-feminin-en-occitanie\/"},"modified":"2022-08-14T21:31:18","modified_gmt":"2022-08-14T21:31:18","slug":"reportage-football-quand-deux-clubs-du-comminges-sassocient-pour-developper-le-football-feminin-en-occitanie","status":"publish","type":"post","link":"https:\/\/toukiela.com\/fr_ca\/reportage-football-quand-deux-clubs-du-comminges-sassocient-pour-developper-le-football-feminin-en-occitanie\/","title":{"rendered":"REPORTAGE. Football : quand deux clubs du Comminges s&rsquo;associent pour d\u00e9velopper le football f\u00e9minin en Occitanie"},"content":{"rendered":"<p>l\u2019essentiel<\/p><p>Alors que le football f\u00e9minin sera \u00e0 l\u2019honneur cette semaine au stade Ernest-Wallon de Toulouse, nous nous sommes rendus dans le Comminges o\u00f9 deux clubs ont d\u00e9cid\u00e9 de s\u2019associer pour cr\u00e9er une structure ambitieuse enti\u00e8rement d\u00e9di\u00e9e aux femmes.<\/p><p>\u00ab\u00a0On a la difficult\u00e9 d\u2019\u00eatre un secteur tr\u00e8s rural. Quand on a commenc\u00e9, on ne savait pas vraiment o\u00f9 on allait, on ne savait pas s\u2019il \u00e9tait possible d\u2019avoir une vraie continuit\u00e9 et des nouvelles recrues chaque ann\u00e9e, explique Jo\u00ebl Morere. , \u00e9ducatrice et responsable de l\u2019\u00e9quipe f\u00e9minine U15 au club Commingeois Pyr\u00e9n\u00e9es Sud Comminges Football (PSCF). C\u2019est aussi pour cela que nous nous sommes associ\u00e9s \u00e0 d\u2019autres clubs. L\u2019id\u00e9e, c\u2019est de se regrouper comme le font les structures les plus d\u00e9velopp\u00e9es de Toulouse afin pour pouvoir s\u2019inscrire sur le long terme.\u00a0\u00bb Les dirigeants de ce petit club amateur, dont l\u2019\u00e9quipe drapeau masculine \u00e9volue uniquement en troisi\u00e8me division d\u2019arrondissement (D3), ont mont\u00e9 un projet 100% foot f\u00e9minin baptis\u00e9 \u00ab\u00a0les Isardes\u00a0\u00bb, en association avec Saint-Gaudens.<\/p><p>Depuis 2015 d\u00e9j\u00e0, la PSCF a fait en sorte d\u2019offrir aux jeunes joueurs la possibilit\u00e9 de jouer au football d\u00e8s l\u2019\u00e2ge de 10 ans, malgr\u00e9 l\u2019absence de comp\u00e9tition car \u00e0 cet \u00e2ge, le football est encore mixte. \u00ab\u00a0En 2015, on a commenc\u00e9 la saison avec une dizaine de joueuses. Les championnats f\u00e9minins n\u2019existaient pas encore donc on jouait sur le plateau contre les gar\u00e7ons. L\u2019ann\u00e9e scolaire suivante, grosse surprise, des filles sont arriv\u00e9es de partout et de tous \u00e2ges, on avait une trentaine de licenci\u00e9s. On a pass\u00e9 un accord avec le club de Save-Gesse pour leur permettre de jouer au foot \u00e0 11 ans jusqu\u2019\u00e0 l\u2019ann\u00e9e derni\u00e8re \u00bb, raconte l\u2019\u00e9ducateur.<\/p>\n\n<h2 class=\"wp-block-heading\">Soutenir le football f\u00e9minin<\/h2>\n\n<figure><img decoding=\"async\" width=\"300\" height=\"169\" src=\"https:\/\/toukiela.com\/wp-content\/uploads\/2022\/08\/Soutenir-le-football-feminin.jpeg\" class=\"attachment-full size-full\" alt=\"Soutenir le football f\u00e9minin\" loading=\"lazy\" srcset=\"https:\/\/i0.wp.com\/toukiela.com\/wp-content\/uploads\/2022\/08\/Soutenir-le-football-feminin.jpeg?w=300&amp;ssl=1 300w, https:\/\/i0.wp.com\/toukiela.com\/wp-content\/uploads\/2022\/08\/Soutenir-le-football-feminin.jpeg?resize=18%2C10&amp;ssl=1 18w, https:\/\/i0.wp.com\/toukiela.com\/wp-content\/uploads\/2022\/08\/Soutenir-le-football-feminin.jpeg?resize=50%2C28&amp;ssl=1 50w\" sizes=\"auto, (max-width: 300px) 100vw, 300px\"><\/figure><p>Aujourd\u2019hui, ce petit club rural compte des cat\u00e9gories 100% f\u00e9minines des U13 aux seniors avec, peut-\u00eatre, la constitution d\u2019une \u00e9quipe U11.<\/p><p>Un travail de formation qui a notamment permis au club d\u2019obtenir un label de niveau \u00ab \u2005argent\u2005 \u00bb pour son \u00e9cole de football f\u00e9minin et \u00ab \u2005excellence\u2005 \u00bb pour les gar\u00e7ons.<\/p><p>Le projet Isardes et finalement l\u2019aboutissement de ce travail de fond qui d\u00e9montre qu\u2019il est possible d\u2019allier football de proximit\u00e9, de bas niveau et d\u00e9veloppement du football f\u00e9minin. Avec ce regroupement, les clubs du PSCF et de Saint-Gaudens proposent \u00ab un vrai projet sportif et comp\u00e9titif avec pourquoi pas dans quelques ann\u00e9es une mont\u00e9e en r\u00e9gionale et pas seulement aller taper dans un ballon le vendredi soir \u00bb. Pour cela, il faut que \u00ab\u00a0on arrive de la base, on entra\u00eene les joueurs \u00e0 domicile et on ne va pas chercher des seniors ou des d\u00e9butants chaque ann\u00e9e. L\u2019objectif est de p\u00e9renniser le projet Isardes. Nous voulons leur offrir une vraie structure, un vrai cadre pour jouer au football\u00a0\u00bb, pr\u00e9cise Jo\u00ebl Morere.<\/p>\n\n<h2 class=\"wp-block-heading\">La Coupe de France F\u00e9minine AMOS commence demain \u00e0 Ernest-Wallon<\/h2>\n\n<p>Ce regroupement permettrait de cr\u00e9er une structure \u00e0 part enti\u00e8re, \u00e9mancip\u00e9e des deux clubs fondateurs, enti\u00e8rement d\u00e9di\u00e9e au football f\u00e9minin, pour tous les \u00e2ges. Cela repr\u00e9sente actuellement plus de 80 licenci\u00e9s.<\/p>","protected":false},"excerpt":{"rendered":"","protected":false},"author":3,"featured_media":3587,"comment_status":"open","ping_status":"open","sticky":false,"template":"","format":"standard","meta":{"_seopress_robots_primary_cat":"","_seopress_titles_title":"","_seopress_titles_desc":"","_seopress_robots_index":"","footnotes":""},"categories":[584],"tags":[],"class_list":["post-3586","post","type-post","status-publish","format-standard","has-post-thumbnail","hentry","category-football","generate-columns","tablet-grid-50","mobile-grid-100","grid-parent","grid-50"],"_links":{"self":[{"href":"https:\/\/toukiela.com\/fr_ca\/wp-json\/wp\/v2\/posts\/3586","targetHints":{"allow":["GET"]}}],"collection":[{"href":"https:\/\/toukiela.com\/fr_ca\/wp-json\/wp\/v2\/posts"}],"about":[{"href":"https:\/\/toukiela.com\/fr_ca\/wp-json\/wp\/v2\/types\/post"}],"author":[{"embeddable":true,"href":"https:\/\/toukiela.com\/fr_ca\/wp-json\/wp\/v2\/users\/3"}],"replies":[{"embeddable":true,"href":"https:\/\/toukiela.com\/fr_ca\/wp-json\/wp\/v2\/comments?post=3586"}],"version-history":[{"count":0,"href":"https:\/\/toukiela.com\/fr_ca\/wp-json\/wp\/v2\/posts\/3586\/revisions"}],"wp:featuredmedia":[{"embeddable":true,"href":"https:\/\/toukiela.com\/fr_ca\/wp-json\/wp\/v2\/media\/3587"}],"wp:attachment":[{"href":"https:\/\/toukiela.com\/fr_ca\/wp-json\/wp\/v2\/media?parent=3586"}],"wp:term":[{"taxonomy":"category","embeddable":true,"href":"https:\/\/toukiela.com\/fr_ca\/wp-json\/wp\/v2\/categories?post=3586"},{"taxonomy":"post_tag","embeddable":true,"href":"https:\/\/toukiela.com\/fr_ca\/wp-json\/wp\/v2\/tags?post=3586"}],"curies":[{"name":"wp","href":"https:\/\/api.w.org\/{rel}","templated":true}]}}