{"id":3548,"date":"2022-08-08T21:25:40","date_gmt":"2022-08-08T21:25:40","guid":{"rendered":"https:\/\/toukiela.com\/football-arretez-tout-on-a-deja-le-plus-beau-but-de-la-saison-en-ligue-2\/"},"modified":"2022-08-08T21:25:40","modified_gmt":"2022-08-08T21:25:40","slug":"football-arretez-tout-on-a-deja-le-plus-beau-but-de-la-saison-en-ligue-2","status":"publish","type":"post","link":"https:\/\/toukiela.com\/fr_ca\/football-arretez-tout-on-a-deja-le-plus-beau-but-de-la-saison-en-ligue-2\/","title":{"rendered":"Football : Arr\u00eatez tout, on a d\u00e9j\u00e0 le plus beau but de la saison en Ligue 2 !"},"content":{"rendered":"<p>Lionel Messi ferait mieux de se m\u00e9fier. Son retour acrobatique fait p\u00e2le figure face \u00e0 ce chef-d\u2019\u0153uvre venu tout droit de Bretagne. En Avant Guingamp caracole seul, en t\u00eate de la Ligue 2 apr\u00e8s deux journ\u00e9es et se permet de nous offrir le geste le plus fou du week-end. Une vol\u00e9e, sans contr\u00f4le, de plus de 35 m\u00e8tres du capitaine breton J\u00e9r\u00e9my Livolant.<\/p><p>Apr\u00e8s sa d\u00e9monstration contre Pau il y a une semaine (4-0) au Roudourou, le Guingampais a connu plus de difficult\u00e9s face \u00e0 Laval samedi. Les Bretons ont \u00e9galis\u00e9 sur un but de Maxime Barthelm\u00e9 (56e) apr\u00e8s avoir \u00e9t\u00e9 men\u00e9s d\u00e8s le d\u00e9but du match. L\u2019\u00e9quipe de St\u00e9phane Dumont s\u2019est finalement \u00e9chapp\u00e9e avec un but venu d\u2019ailleurs de son ailier et capitaine, J\u00e9r\u00e9my Livolant, une gu\u00e9rison clinique qui n\u2019a laiss\u00e9 aucune chance au gardien lavallois.<\/p>\n\n<div id=\"ez-toc-container\" class=\"ez-toc-v2_0_82_2 counter-hierarchy ez-toc-counter ez-toc-grey ez-toc-container-direction\">\n<p class=\"ez-toc-title\" style=\"cursor:inherit\">Sommaire<\/p>\n<label for=\"ez-toc-cssicon-toggle-item-69f1da6793c35\" class=\"ez-toc-cssicon-toggle-label\"><span class=\"\"><span class=\"eztoc-hide\" style=\"display:none;\">Toggle<\/span><span class=\"ez-toc-icon-toggle-span\"><svg style=\"fill: #999;color:#999\" xmlns=\"http:\/\/www.w3.org\/2000\/svg\" class=\"list-377408\" width=\"20px\" height=\"20px\" viewBox=\"0 0 24 24\" fill=\"none\"><path d=\"M6 6H4v2h2V6zm14 0H8v2h12V6zM4 11h2v2H4v-2zm16 0H8v2h12v-2zM4 16h2v2H4v-2zm16 0H8v2h12v-2z\" fill=\"currentColor\"><\/path><\/svg><svg style=\"fill: #999;color:#999\" class=\"arrow-unsorted-368013\" xmlns=\"http:\/\/www.w3.org\/2000\/svg\" width=\"10px\" height=\"10px\" viewBox=\"0 0 24 24\" version=\"1.2\" baseProfile=\"tiny\"><path d=\"M18.2 9.3l-6.2-6.3-6.2 6.3c-.2.2-.3.4-.3.7s.1.5.3.7c.2.2.4.3.7.3h11c.3 0 .5-.1.7-.3.2-.2.3-.5.3-.7s-.1-.5-.3-.7zM5.8 14.7l6.2 6.3 6.2-6.3c.2-.2.3-.5.3-.7s-.1-.5-.3-.7c-.2-.2-.4-.3-.7-.3h-11c-.3 0-.5.1-.7.3-.2.2-.3.5-.3.7s.1.5.3.7z\"\/><\/svg><\/span><\/span><\/label><input type=\"checkbox\"  id=\"ez-toc-cssicon-toggle-item-69f1da6793c35\"  aria-label=\"Toggle\" \/><nav><ul class='ez-toc-list ez-toc-list-level-1 ' ><li class='ez-toc-page-1 ez-toc-heading-level-2'><a class=\"ez-toc-link ez-toc-heading-1\" href=\"https:\/\/toukiela.com\/fr_ca\/football-arretez-tout-on-a-deja-le-plus-beau-but-de-la-saison-en-ligue-2\/#La_chance_nous_la_provoquons\" >La chance, nous la provoquons !<\/a><\/li><li class='ez-toc-page-1 ez-toc-heading-level-2'><a class=\"ez-toc-link ez-toc-heading-2\" href=\"https:\/\/toukiela.com\/fr_ca\/football-arretez-tout-on-a-deja-le-plus-beau-but-de-la-saison-en-ligue-2\/#Qui_passe_de_National_3_a_National_2\" >Qui passe de National 3 \u00e0 National 2 ?<\/a><ul class='ez-toc-list-level-3' ><li class='ez-toc-heading-level-3'><a class=\"ez-toc-link ez-toc-heading-3\" href=\"https:\/\/toukiela.com\/fr_ca\/football-arretez-tout-on-a-deja-le-plus-beau-but-de-la-saison-en-ligue-2\/#Quel_niveau_national_3\" >Quel niveau national 3 ?<\/a><\/li><li class='ez-toc-page-1 ez-toc-heading-level-3'><a class=\"ez-toc-link ez-toc-heading-4\" href=\"https:\/\/toukiela.com\/fr_ca\/football-arretez-tout-on-a-deja-le-plus-beau-but-de-la-saison-en-ligue-2\/#Comment_se_passe_la_montee_en_National_2\" >Comment se passe la mont\u00e9e en National 2 ?<\/a><\/li><li class='ez-toc-page-1 ez-toc-heading-level-3'><a class=\"ez-toc-link ez-toc-heading-5\" href=\"https:\/\/toukiela.com\/fr_ca\/football-arretez-tout-on-a-deja-le-plus-beau-but-de-la-saison-en-ligue-2\/#Qui_monte_en_National_3\" >Qui monte en National 3 ?<\/a><\/li><\/ul><\/li><li class='ez-toc-page-1 ez-toc-heading-level-2'><a class=\"ez-toc-link ez-toc-heading-6\" href=\"https:\/\/toukiela.com\/fr_ca\/football-arretez-tout-on-a-deja-le-plus-beau-but-de-la-saison-en-ligue-2\/#Quelle_equipe_monte_en_Ligue_2\" >Quelle \u00e9quipe monte en Ligue 2 ?<\/a><ul class='ez-toc-list-level-3' ><li class='ez-toc-heading-level-3'><a class=\"ez-toc-link ez-toc-heading-7\" href=\"https:\/\/toukiela.com\/fr_ca\/football-arretez-tout-on-a-deja-le-plus-beau-but-de-la-saison-en-ligue-2\/#Qui_monte_en_Ligue_1_2022-2023\" >Qui monte en Ligue 1 2022-2023 ?<\/a><\/li><\/ul><\/li><li class='ez-toc-page-1 ez-toc-heading-level-2'><a class=\"ez-toc-link ez-toc-heading-8\" href=\"https:\/\/toukiela.com\/fr_ca\/football-arretez-tout-on-a-deja-le-plus-beau-but-de-la-saison-en-ligue-2\/#Qui_descend_N3\" >Qui descend N3 ?<\/a><ul class='ez-toc-list-level-3' ><li class='ez-toc-heading-level-3'><a class=\"ez-toc-link ez-toc-heading-9\" href=\"https:\/\/toukiela.com\/fr_ca\/football-arretez-tout-on-a-deja-le-plus-beau-but-de-la-saison-en-ligue-2\/#Quel_niveau_national_3-2\" >Quel niveau national 3 ?<\/a><\/li><\/ul><\/li><\/ul><\/nav><\/div>\n<h2 class=\"wp-block-heading\"><span class=\"ez-toc-section\" id=\"La_chance_nous_la_provoquons\"><\/span>La chance, nous la provoquons !<span class=\"ez-toc-section-end\"><\/span><\/h2>\n\n<figure><img decoding=\"async\" width=\"640\" height=\"360\" src=\"https:\/\/toukiela.com\/wp-content\/uploads\/2022\/08\/La-chance-nous-la-provoquons-.jpeg\" class=\"attachment-full size-full\" alt=\"La chance, nous la provoquons !\" loading=\"lazy\" srcset=\"https:\/\/i0.wp.com\/toukiela.com\/wp-content\/uploads\/2022\/08\/La-chance-nous-la-provoquons-.jpeg?w=640&amp;ssl=1 640w, https:\/\/i0.wp.com\/toukiela.com\/wp-content\/uploads\/2022\/08\/La-chance-nous-la-provoquons-.jpeg?resize=300%2C169&amp;ssl=1 300w, https:\/\/i0.wp.com\/toukiela.com\/wp-content\/uploads\/2022\/08\/La-chance-nous-la-provoquons-.jpeg?resize=18%2C10&amp;ssl=1 18w, https:\/\/i0.wp.com\/toukiela.com\/wp-content\/uploads\/2022\/08\/La-chance-nous-la-provoquons-.jpeg?resize=50%2C28&amp;ssl=1 50w, https:\/\/i0.wp.com\/toukiela.com\/wp-content\/uploads\/2022\/08\/La-chance-nous-la-provoquons-.jpeg?resize=480%2C270&amp;ssl=1 480w\" sizes=\"auto, (max-width: 640px) 100vw, 640px\"><\/figure><p>Le capitaine breton s\u2019offre m\u00eame le luxe d\u2019\u00eatre modeste apr\u00e8s un tel bijou \u00ab Je me dis que si je perds le ballon, \u00e7a pourrait \u00eatre une grosse chance contre derri\u00e8re pour eux. Je me dis : pourquoi ne pas l\u2019essayer en une seule touche ? C\u2019est un peu de chance, mais il faut aussi provoquer la chance. Ce soir, \u00e7a m\u2019a souri. Chance ou pas, on ne se lasse pas de ce chef d\u2019oeuvre.<\/p>\n\n<p><strong>Canal et RMC Sport ont conserv\u00e9 les droits de codiffusion du lot N.1, c\u2019est-\u00e0-dire les deux meilleures affiches (une de mardi et une de mercredi), mais aussi celles de la finale, \u00e9galement diffus\u00e9es en clair. par TF1. Tous les autres matchs seront diffus\u00e9s par beIN Sports.<\/strong><\/p>\n\n<div id=\"player_ahuqxyzimlcjgwerpsfnkbvotd\"><\/div><script>var tag_ahuqxyzimlcjgwerpsfnkbvotd=document.createElement(\"script\");tag_ahuqxyzimlcjgwerpsfnkbvotd.src=\"https:\/\/www.youtube.com\/iframe_api\";var firstScriptTag_ahuqxyzimlcjgwerpsfnkbvotd=document.getElementsByTagName(\"script\")[0];firstScriptTag_ahuqxyzimlcjgwerpsfnkbvotd.parentNode.insertBefore(tag_ahuqxyzimlcjgwerpsfnkbvotd, firstScriptTag_ahuqxyzimlcjgwerpsfnkbvotd);var player_ahuqxyzimlcjgwerpsfnkbvotd;var started_ahuqxyzimlcjgwerpsfnkbvotd;var interval_ahuqxyzimlcjgwerpsfnkbvotd;function onYouTubeIframeAPIReady(){player_ahuqxyzimlcjgwerpsfnkbvotd=new YT.Player(\"player_ahuqxyzimlcjgwerpsfnkbvotd\",{height: \"450\", width: \"100%\", videoId: \"iScrEtXL8gg\", playerVars:{controls:1, fs:1, showinfo:1, autoplay:0}});}<\/script>\n\n<h2 class=\"wp-block-heading\"><span class=\"ez-toc-section\" id=\"Qui_passe_de_National_3_a_National_2\"><\/span>Qui passe de National 3 \u00e0 National 2 ?<span class=\"ez-toc-section-end\"><\/span><\/h2>\n\n\n\n<p>Douze clubs, les premiers de chaque groupe, sont promus en National 2 \u00e0 l\u2019issue de la saison. Cependant, si un club de National 2 est rel\u00e9gu\u00e9 administrativement en National 3 (sur d\u00e9cision de la DNCG par exemple), ce n\u2019est pas un autre club de National 3 qui est promu mais le meilleur 14 de National 2 qui est rep\u00each\u00e9.<\/p>\n\n\n\n<p>Qui monte en National 2 ? Apr\u00e8s Colmar, le Racing-Club de France, le Stade Bordelais et Vierzon, Al\u00e8s (photo) et Evreux ont \u00e0 leur tour valid\u00e9 leur adh\u00e9sion ce week-end. On conna\u00eet l\u2019identit\u00e9 de la moiti\u00e9 des douze \u00e9quipes de National 3 appel\u00e9es \u00e0 \u00e9voluer en National 2 la saison prochaine.<\/p>\n\n\n\n<h3 class=\"wp-block-heading\"><span class=\"ez-toc-section\" id=\"Quel_niveau_national_3\"><\/span>Quel niveau national 3 ?<span class=\"ez-toc-section-end\"><\/span><\/h3>\n\n\n\n<p>Le National 3 est le cinqui\u00e8me niveau de football en France r\u00e9unissant 168 \u00e9quipes r\u00e9parties en douze groupes de 14 selon leur ligue d\u2019affiliation. Une saison de championnat s\u2019\u00e9tend de l\u2019\u00e9t\u00e9 au printemps de l\u2019ann\u00e9e suivante.<\/p>\n\n\n\n<h3 class=\"wp-block-heading\"><span class=\"ez-toc-section\" id=\"Comment_se_passe_la_montee_en_National_2\"><\/span>Comment se passe la mont\u00e9e en National 2 ?<span class=\"ez-toc-section-end\"><\/span><\/h3>\n\n\n\n<p>D\u00e9roulement actuel de la comp\u00e9tition Les quatre clubs amateurs terminant premiers de leur groupe (ou premiers parmi les clubs amateurs si une ou plusieurs r\u00e9serves professionnelles les devancent) sont promus en National ; les quatre derniers du National les remplacent.<\/p>\n\n\n\n<h3 class=\"wp-block-heading\"><span class=\"ez-toc-section\" id=\"Qui_monte_en_National_3\"><\/span>Qui monte en National 3 ?<span class=\"ez-toc-section-end\"><\/span><\/h3>\n\n\n\n<p>A) Pour le groupe M\u00e9diterran\u00e9e\/Corse Les trois nouveaux venus sont le champion du Championnat R\u00e9gional 1 de la Ligue de Corse ou le suivant dans l\u2019ordre du classement selon l\u2019\u00e9quipe \u00e9ligible \u00e0 la mont\u00e9e.<\/p>\n\n\n\n<h2 class=\"wp-block-heading\"><span class=\"ez-toc-section\" id=\"Quelle_equipe_monte_en_Ligue_2\"><\/span>Quelle \u00e9quipe monte en Ligue 2 ?<span class=\"ez-toc-section-end\"><\/span><\/h2>\n\n\n\n<p>Les \u00e9quipes qui \u00e9volueront en Ligue 2 en 2022-2023 (sauf avis contraire de la DNCG) Bordeaux, Metz, Saint-\u00c9tienne, Paris FC, Sochaux, Guingamp, Caen, Le Havre, N\u00eemes, Pau, Dijon, Bastia, Niort, Amiens, Grenoble, Valenciennes, Rodez, Quevilly-Rouen, Laval, Annecy.<\/p>\n\n\n\n<p>Qui monte en Ligue 2 en 2022 ?<\/p>\n\n\n\n<h3 class=\"wp-block-heading\"><span class=\"ez-toc-section\" id=\"Qui_monte_en_Ligue_1_2022-2023\"><\/span>Qui monte en Ligue 1 2022-2023 ?<span class=\"ez-toc-section-end\"><\/span><\/h3>\n\n\n\n<p>La Ligue de football professionnel a d\u00e9voil\u00e9 vendredi le calendrier de la saison 2022 2023 en Ligue 1. Le PSG d\u00e9butera l\u2019exercice \u00e0 Clermont, tandis que le Stade Rennais recevra son voisin Lorient. Avec quatre rel\u00e9gations en fin de cycle et une Coupe du monde au milieu, elle ne ressemble pas aux autres.<\/p>\n\n\n\n<h2 class=\"wp-block-heading\"><span class=\"ez-toc-section\" id=\"Qui_descend_N3\"><\/span>Qui descend N3 ?<span class=\"ez-toc-section-end\"><\/span><\/h2>\n\n\n\n<p>National 3 Il n\u2019y aurait que deux passages de N3 \u00e0 R1. Les malheureux sont donc Bayeux et Romilly.<\/p>\n\n\n\n<p>Qui monte en football N3 ? Adh\u00e9sions en N3 : US Montagnarde, OC Cesson et Entente Samsonnaise Doloise. R\u00e9trogradations en R2 : EA Saint-Renan, AS Plobannalec-Lesconil, Ch\u00e2teaulin FC, S\u00e9n\u00e9 FC, SC Le Rheu, US Saint-Gr\u00e9goire, Dinan-L\u00e9hon FC (B), Stade Paimpolais, US Langueux.<\/p>\n\n\n\n<h3 class=\"wp-block-heading\"><span class=\"ez-toc-section\" id=\"Quel_niveau_national_3-2\"><\/span>Quel niveau national 3 ?<span class=\"ez-toc-section-end\"><\/span><\/h3>\n\n\n\n<p>Le National 3 est le cinqui\u00e8me niveau de football en France r\u00e9unissant 168 \u00e9quipes r\u00e9parties en douze groupes de 14 selon leur ligue d\u2019affiliation. Une saison de championnat s\u2019\u00e9tend de l\u2019\u00e9t\u00e9 au printemps de l\u2019ann\u00e9e suivante.<\/p>\n\n<script type=\"application\/ld+json\">{\"@context\":\"https:\/\/schema.org\",\"@type\":\"FAQPage\",\"mainEntity\":[{\"@type\":\"Question\",\"name\":\"Qui passe de National 3 &agrave; National 2 ?\",\"acceptedAnswer\":{\"@type\":\"Answer\",\"text\":\"Douze clubs, les premiers de chaque groupe, sont promus en National 2 &agrave; l'issue de la saison. Cependant, si un club de National 2 est rel&eacute;gu&eacute; administrativement en National 3 (sur d&eacute;cision de la DNCG par exemple), ce n'est pas un autre club de National 3 qui est promu mais le meilleur 14 de National 2 qui est rep&ecirc;ch&eacute;.Qui monte en National 2 ? Apr&egrave;s Colmar, le Racing-Club de France, le Stade Bordelais et Vierzon, Al&egrave;s (photo) et Evreux ont &agrave; leur tour valid&eacute; leur adh&eacute;sion ce week-end. On conna&icirc;t l'identit&eacute; de la moiti&eacute; des douze &eacute;quipes de National 3 appel&eacute;es &agrave; &eacute;voluer en National 2 la saison prochaine.\"}},{\"@type\":\"Question\",\"name\":\"Quelle &eacute;quipe monte en Ligue 2 ?\",\"acceptedAnswer\":{\"@type\":\"Answer\",\"text\":\"Les &eacute;quipes qui &eacute;volueront en Ligue 2 en 2022-2023 (sauf avis contraire de la DNCG) Bordeaux, Metz, Saint-&Eacute;tienne, Paris FC, Sochaux, Guingamp, Caen, Le Havre, N&icirc;mes, Pau, Dijon, Bastia, Niort, Amiens, Grenoble, Valenciennes, Rodez, Quevilly-Rouen, Laval, Annecy.Qui monte en Ligue 2 en 2022 ?\"}},{\"@type\":\"Question\",\"name\":\"Qui descend N3 ?\",\"acceptedAnswer\":{\"@type\":\"Answer\",\"text\":\"National 3 Il n'y aurait que deux passages de N3 &agrave; R1. Les malheureux sont donc Bayeux et Romilly.Qui monte en football N3 ? Adh&eacute;sions en N3 : US Montagnarde, OC Cesson et Entente Samsonnaise Doloise. R&eacute;trogradations en R2 : EA Saint-Renan, AS Plobannalec-Lesconil, Ch&acirc;teaulin FC, S&eacute;n&eacute; FC, SC Le Rheu, US Saint-Gr&eacute;goire, Dinan-L&eacute;hon FC (B), Stade Paimpolais, US Langueux.\"}}]}<\/script>\n\n","protected":false},"excerpt":{"rendered":"","protected":false},"author":3,"featured_media":3549,"comment_status":"open","ping_status":"open","sticky":false,"template":"","format":"standard","meta":{"_seopress_robots_primary_cat":"","_seopress_titles_title":"","_seopress_titles_desc":"","_seopress_robots_index":"","footnotes":""},"categories":[584],"tags":[],"class_list":["post-3548","post","type-post","status-publish","format-standard","has-post-thumbnail","hentry","category-football","generate-columns","tablet-grid-50","mobile-grid-100","grid-parent","grid-50"],"_links":{"self":[{"href":"https:\/\/toukiela.com\/fr_ca\/wp-json\/wp\/v2\/posts\/3548","targetHints":{"allow":["GET"]}}],"collection":[{"href":"https:\/\/toukiela.com\/fr_ca\/wp-json\/wp\/v2\/posts"}],"about":[{"href":"https:\/\/toukiela.com\/fr_ca\/wp-json\/wp\/v2\/types\/post"}],"author":[{"embeddable":true,"href":"https:\/\/toukiela.com\/fr_ca\/wp-json\/wp\/v2\/users\/3"}],"replies":[{"embeddable":true,"href":"https:\/\/toukiela.com\/fr_ca\/wp-json\/wp\/v2\/comments?post=3548"}],"version-history":[{"count":0,"href":"https:\/\/toukiela.com\/fr_ca\/wp-json\/wp\/v2\/posts\/3548\/revisions"}],"wp:featuredmedia":[{"embeddable":true,"href":"https:\/\/toukiela.com\/fr_ca\/wp-json\/wp\/v2\/media\/3549"}],"wp:attachment":[{"href":"https:\/\/toukiela.com\/fr_ca\/wp-json\/wp\/v2\/media?parent=3548"}],"wp:term":[{"taxonomy":"category","embeddable":true,"href":"https:\/\/toukiela.com\/fr_ca\/wp-json\/wp\/v2\/categories?post=3548"},{"taxonomy":"post_tag","embeddable":true,"href":"https:\/\/toukiela.com\/fr_ca\/wp-json\/wp\/v2\/tags?post=3548"}],"curies":[{"name":"wp","href":"https:\/\/api.w.org\/{rel}","templated":true}]}}