{"id":2649,"date":"2022-06-22T01:22:34","date_gmt":"2022-06-22T01:22:34","guid":{"rendered":"https:\/\/toukiela.com\/bvoltaire-month-year\/"},"modified":"2022-08-30T10:22:06","modified_gmt":"2022-08-30T10:22:06","slug":"bvoltaire-month-year","status":"publish","type":"post","link":"https:\/\/toukiela.com\/fr_ca\/bvoltaire-month-year\/","title":{"rendered":"Bvoltaire avril 2026"},"content":{"rendered":"<p><iframe title=\"Herv\u00e9 JUVIN : UKRAINE, d\u00e9faite de l'OCCIDENT ? | BV - Guerre en Ukraine\" width=\"1200\" height=\"675\" src=\"https:\/\/www.youtube-nocookie.com\/embed\/0B8ZqyzYDqQ?feature=oembed\" frameborder=\"0\" allow=\"accelerometer; autoplay; clipboard-write; encrypted-media; gyroscope; picture-in-picture; web-share\" allowfullscreen><\/iframe><\/p>\r\n<p>Bvoltaire janvier 1778<\/p>\r\n<p>Il serait difficile de surestimer l\u2019importance de Voltaire dans l\u2019histoire de la pens\u00e9e europ\u00e9enne. Critique implacable de l\u2019autorit\u00e9 \u00e9tablie, qu\u2019elle soit politique, religieuse ou litt\u00e9raire, il \u00e9tait un champion de la libert\u00e9 d\u2019expression et de la tol\u00e9rance. Ses \u00e9crits, qui comprennent des pi\u00e8ces de th\u00e9\u00e2tre, des po\u00e8mes, des romans, des essais et des histoires, contiennent certaines des satires les plus mordantes jamais dirig\u00e9es contre la tyrannie et le sectarisme. Dans son roman philosophique Candide (1759), par exemple, il s\u2019en prend \u00e0 l\u2019optimisme avec un esprit si sauvage que le livre est devenu l\u2019un des grands classiques de la litt\u00e9rature mondiale.<\/p>\r\n<p>Voltaire est n\u00e9 Fran\u00e7ois-Marie Arouet le 21 novembre 1694, \u00e0 Paris. Il \u00e9tait le fils d\u2019un notaire nomm\u00e9 Fran\u00e7ois Arouet et de sa m\u00e8remarie Marguerite Daumard. Les parents de Voltaire \u00e9taient de fervents catholiques, mais le jeune Voltaire \u00e9tait attir\u00e9 par les \u00e9crits des philosophes Ren\u00e9 Descartes et Nicolas Malebranche. Il a \u00e9galement \u00e9t\u00e9 influenc\u00e9 par les \u0153uvres de Pierre Bayle, un \u00e9crivain protestant fran\u00e7ais qui avait \u00e9t\u00e9 accus\u00e9 d\u2019h\u00e9r\u00e9sie.<\/p>\r\n<p>En 1711, Voltaire est envoy\u00e9 \u00e9tudier au coll\u00e8ge j\u00e9suite Louis-le-Grand \u00e0 Paris. Il s\u2019inscrit ensuite \u00e0 la facult\u00e9 de droit de l\u2019universit\u00e9 de Paris, mais ne termine pas ses \u00e9tudes. En 1713, il est bri\u00e8vement emprisonn\u00e9 pour avoir \u00e9crit un vers satirique sur Philippe d\u2019Orl\u00e9ans, r\u00e9gent de France. L\u2019ann\u00e9e suivante, il est exil\u00e9 de Paris apr\u00e8s qu\u2019une autre satire l\u2019a fait condamner \u00e0 une peine de prison<\/p>\r\n<h2 class=\"wp-block-heading\">Quel \u00e2ge a Charlotte d\u2019Ornellas journaliste ?<\/h2>\r\n\r\n\r\n\r\n<figure><img decoding=\"async\" class=\"attachment-full size-full\" src=\"https:\/\/toukiela.com\/wp-content\/uploads\/2022\/06\/Quel-age-a-Charlotte-dOrnellas-journaliste-.jpeg\" sizes=\"(max-width: 1125px) 100vw, 1125px\" srcset=\"https:\/\/i0.wp.com\/toukiela.com\/wp-content\/uploads\/2022\/06\/Quel-age-a-Charlotte-dOrnellas-journaliste-.jpeg?w=1125&amp;ssl=1 1125w, https:\/\/i0.wp.com\/toukiela.com\/wp-content\/uploads\/2022\/06\/Quel-age-a-Charlotte-dOrnellas-journaliste-.jpeg?resize=211%2C300&amp;ssl=1 211w, https:\/\/i0.wp.com\/toukiela.com\/wp-content\/uploads\/2022\/06\/Quel-age-a-Charlotte-dOrnellas-journaliste-.jpeg?resize=722%2C1024&amp;ssl=1 722w, https:\/\/i0.wp.com\/toukiela.com\/wp-content\/uploads\/2022\/06\/Quel-age-a-Charlotte-dOrnellas-journaliste-.jpeg?resize=768%2C1090&amp;ssl=1 768w, https:\/\/i0.wp.com\/toukiela.com\/wp-content\/uploads\/2022\/06\/Quel-age-a-Charlotte-dOrnellas-journaliste-.jpeg?resize=1083%2C1536&amp;ssl=1 1083w, https:\/\/i0.wp.com\/toukiela.com\/wp-content\/uploads\/2022\/06\/Quel-age-a-Charlotte-dOrnellas-journaliste-.jpeg?resize=8%2C12&amp;ssl=1 8w, https:\/\/i0.wp.com\/toukiela.com\/wp-content\/uploads\/2022\/06\/Quel-age-a-Charlotte-dOrnellas-journaliste-.jpeg?resize=35%2C50&amp;ssl=1 35w, https:\/\/i0.wp.com\/toukiela.com\/wp-content\/uploads\/2022\/06\/Quel-age-a-Charlotte-dOrnellas-journaliste-.jpeg?resize=1080%2C1532&amp;ssl=1 1080w, https:\/\/i0.wp.com\/toukiela.com\/wp-content\/uploads\/2022\/06\/Quel-age-a-Charlotte-dOrnellas-journaliste-.jpeg?resize=980%2C1390&amp;ssl=1 980w, https:\/\/i0.wp.com\/toukiela.com\/wp-content\/uploads\/2022\/06\/Quel-age-a-Charlotte-dOrnellas-journaliste-.jpeg?resize=480%2C681&amp;ssl=1 480w\" alt=\"Quel \u00e2ge a Charlotte d'Ornellas journaliste ?\" width=\"1125\" height=\"1596\"><\/figure>\r\n\r\n\r\n\r\n<p>Qui soutient Charlotte d\u2019Ornellas ? SOS Chr\u00e9tiens d\u2019Orient et le r\u00e9gime syrien Charlotte d\u2019Ornellas est membre du conseil d\u2019administration de l\u2019ONG SOS Chr\u00e9tiens d\u2019Orient, une organisation contest\u00e9e pour sa proximit\u00e9 avec le r\u00e9gime syrien de Bachar el-Assad, qu\u2019elle soutient et qu\u2019il soumet \u00e0 la propagande.<\/p>\r\n\r\n\r\n\r\n<h2 class=\"wp-block-heading\">Quelle tendance boulevard Voltaire ?<\/h2>\r\n\r\n\r\n\r\n<figure><img decoding=\"async\" class=\"attachment-full size-full\" src=\"https:\/\/toukiela.com\/wp-content\/uploads\/2022\/06\/Quelle-tendance-boulevard-Voltaire-.jpeg\" sizes=\"(max-width: 1140px) 100vw, 1140px\" srcset=\"https:\/\/i0.wp.com\/toukiela.com\/wp-content\/uploads\/2022\/06\/Quelle-tendance-boulevard-Voltaire-.jpeg?w=1140&amp;ssl=1 1140w, https:\/\/i0.wp.com\/toukiela.com\/wp-content\/uploads\/2022\/06\/Quelle-tendance-boulevard-Voltaire-.jpeg?resize=300%2C200&amp;ssl=1 300w, https:\/\/i0.wp.com\/toukiela.com\/wp-content\/uploads\/2022\/06\/Quelle-tendance-boulevard-Voltaire-.jpeg?resize=1024%2C683&amp;ssl=1 1024w, https:\/\/i0.wp.com\/toukiela.com\/wp-content\/uploads\/2022\/06\/Quelle-tendance-boulevard-Voltaire-.jpeg?resize=768%2C512&amp;ssl=1 768w, https:\/\/i0.wp.com\/toukiela.com\/wp-content\/uploads\/2022\/06\/Quelle-tendance-boulevard-Voltaire-.jpeg?resize=18%2C12&amp;ssl=1 18w, https:\/\/i0.wp.com\/toukiela.com\/wp-content\/uploads\/2022\/06\/Quelle-tendance-boulevard-Voltaire-.jpeg?resize=50%2C33&amp;ssl=1 50w, https:\/\/i0.wp.com\/toukiela.com\/wp-content\/uploads\/2022\/06\/Quelle-tendance-boulevard-Voltaire-.jpeg?resize=1080%2C720&amp;ssl=1 1080w, https:\/\/i0.wp.com\/toukiela.com\/wp-content\/uploads\/2022\/06\/Quelle-tendance-boulevard-Voltaire-.jpeg?resize=980%2C653&amp;ssl=1 980w, https:\/\/i0.wp.com\/toukiela.com\/wp-content\/uploads\/2022\/06\/Quelle-tendance-boulevard-Voltaire-.jpeg?resize=480%2C320&amp;ssl=1 480w\" alt=\"Quelle tendance boulevard Voltaire ?\" width=\"1140\" height=\"760\"><\/figure>\r\n\r\n\r\n\r\n<p>Boulevard Voltaire est g\u00e9n\u00e9ralement d\u00e9crit comme l\u2019un des sites Internet fran\u00e7ais les plus tristement c\u00e9l\u00e8bres, nombre de ses contributions issues de cette id\u00e9ologie et certains articles publi\u00e9s par Boulevard Voltaire sont consid\u00e9r\u00e9s comme anti-islamiques, anti-diversit\u00e9 culturelle et mariage homosexuel.<\/p>\r\n\r\n\r\n\r\n<p>Qui est le directeur du Boulevard Voltaire ? En 2019, la commande d\u2019image m\u00e9rite l\u2019emplacement du boulevard Voltaire et la nouvelle r\u00e9dactrice en chef, Gabrielle Cluzel, \u00e0 droite.<\/p>\r\n\r\n\r\n\r\n<h2 class=\"wp-block-heading\">O\u00f9 travaille Charlotte d\u2019Ornellas ?<\/h2>\r\n\r\n\r\n\r\n<figure><img decoding=\"async\" class=\"attachment-full size-full\" src=\"https:\/\/toukiela.com\/wp-content\/uploads\/2022\/06\/Ou-travaille-Charlotte-dOrnellas-.png\" sizes=\"(max-width: 990px) 100vw, 990px\" srcset=\"https:\/\/i0.wp.com\/toukiela.com\/wp-content\/uploads\/2022\/06\/Ou-travaille-Charlotte-dOrnellas-.png?w=990&amp;ssl=1 990w, https:\/\/i0.wp.com\/toukiela.com\/wp-content\/uploads\/2022\/06\/Ou-travaille-Charlotte-dOrnellas-.png?resize=300%2C225&amp;ssl=1 300w, https:\/\/i0.wp.com\/toukiela.com\/wp-content\/uploads\/2022\/06\/Ou-travaille-Charlotte-dOrnellas-.png?resize=768%2C577&amp;ssl=1 768w, https:\/\/i0.wp.com\/toukiela.com\/wp-content\/uploads\/2022\/06\/Ou-travaille-Charlotte-dOrnellas-.png?resize=16%2C12&amp;ssl=1 16w, https:\/\/i0.wp.com\/toukiela.com\/wp-content\/uploads\/2022\/06\/Ou-travaille-Charlotte-dOrnellas-.png?resize=50%2C38&amp;ssl=1 50w, https:\/\/i0.wp.com\/toukiela.com\/wp-content\/uploads\/2022\/06\/Ou-travaille-Charlotte-dOrnellas-.png?resize=510%2C382&amp;ssl=1 510w, https:\/\/i0.wp.com\/toukiela.com\/wp-content\/uploads\/2022\/06\/Ou-travaille-Charlotte-dOrnellas-.png?resize=980%2C736&amp;ssl=1 980w, https:\/\/i0.wp.com\/toukiela.com\/wp-content\/uploads\/2022\/06\/Ou-travaille-Charlotte-dOrnellas-.png?resize=480%2C361&amp;ssl=1 480w\" alt=\"O\u00f9 travaille Charlotte d'Ornellas ?\" width=\"990\" height=\"744\"><\/figure>\r\n\r\n\r\n\r\n<p>Journaliste ind\u00e9pendante, elle collabore exclusivement avec le site Boulevard Voltaire, Valeurs Actuelles et le site d\u2019information catholique Aleteia. Ses articles sont \u00e9galement r\u00e9guli\u00e8rement publi\u00e9s dans le quotidien catholique Present.<\/p>\r\n\r\n<p><script type=\"application\/ld+json\">{\"@context\":\"https:\/\/schema.org\",\"@type\":\"FAQPage\",\"mainEntity\":[{\"@type\":\"Question\",\"name\":\"Quel &acirc;ge a Charlotte d'Ornellas journaliste ?\",\"acceptedAnswer\":{\"@type\":\"Answer\",\"text\":\"Qui soutient Charlotte d'Ornellas ? SOS Chr&eacute;tiens d'Orient et le r&eacute;gime syrien Charlotte d'Ornellas est membre du conseil d'administration de l'ONG SOS Chr&eacute;tiens d'Orient, une organisation contest&eacute;e pour sa proximit&eacute; avec le r&eacute;gime syrien de Bachar el-Assad, qu'elle soutient et qu'il soumet &agrave; la propagande.\"}},{\"@type\":\"Question\",\"name\":\"Quelle tendance boulevard Voltaire ?\",\"acceptedAnswer\":{\"@type\":\"Answer\",\"text\":\"Boulevard Voltaire est g&eacute;n&eacute;ralement d&eacute;crit comme l'un des sites Internet fran&ccedil;ais les plus tristement c&eacute;l&egrave;bres, nombre de ses contributions issues de cette id&eacute;ologie et certains articles publi&eacute;s par Boulevard Voltaire sont consid&eacute;r&eacute;s comme anti-islamiques, anti-diversit&eacute; culturelle et mariage homosexuel.Qui est le directeur du Boulevard Voltaire ? En 2019, la commande d'image m&eacute;rite l'emplacement du boulevard Voltaire et la nouvelle r&eacute;dactrice en chef, Gabrielle Cluzel, &agrave; droite.\"}},{\"@type\":\"Question\",\"name\":\"O&ugrave; travaille Charlotte d'Ornellas ?\",\"acceptedAnswer\":{\"@type\":\"Answer\",\"text\":\"Journaliste ind&eacute;pendante, elle collabore exclusivement avec le site Boulevard Voltaire, Valeurs Actuelles et le site d'information catholique Aleteia. Ses articles sont &eacute;galement r&eacute;guli&egrave;rement publi&eacute;s dans le quotidien catholique Present.\"}}]}<\/script><\/p>\n\n","protected":false},"excerpt":{"rendered":"","protected":false},"author":1,"featured_media":2664,"comment_status":"open","ping_status":"open","sticky":false,"template":"","format":"standard","meta":{"_seopress_robots_primary_cat":"none","_seopress_titles_title":"","_seopress_titles_desc":"","_seopress_robots_index":"","footnotes":""},"categories":[31],"tags":[488,495,493,489,491,490,494,487],"class_list":["post-2649","post","type-post","status-publish","format-standard","has-post-thumbnail","hentry","category-life-style","tag-boulevard","tag-catholique","tag-charlotte","tag-extreme","tag-francaise","tag-multiculturalisme","tag-ornellas","tag-voltaire","generate-columns","tablet-grid-50","mobile-grid-100","grid-parent","grid-50"],"_links":{"self":[{"href":"https:\/\/toukiela.com\/fr_ca\/wp-json\/wp\/v2\/posts\/2649","targetHints":{"allow":["GET"]}}],"collection":[{"href":"https:\/\/toukiela.com\/fr_ca\/wp-json\/wp\/v2\/posts"}],"about":[{"href":"https:\/\/toukiela.com\/fr_ca\/wp-json\/wp\/v2\/types\/post"}],"author":[{"embeddable":true,"href":"https:\/\/toukiela.com\/fr_ca\/wp-json\/wp\/v2\/users\/1"}],"replies":[{"embeddable":true,"href":"https:\/\/toukiela.com\/fr_ca\/wp-json\/wp\/v2\/comments?post=2649"}],"version-history":[{"count":0,"href":"https:\/\/toukiela.com\/fr_ca\/wp-json\/wp\/v2\/posts\/2649\/revisions"}],"wp:featuredmedia":[{"embeddable":true,"href":"https:\/\/toukiela.com\/fr_ca\/wp-json\/wp\/v2\/media\/2664"}],"wp:attachment":[{"href":"https:\/\/toukiela.com\/fr_ca\/wp-json\/wp\/v2\/media?parent=2649"}],"wp:term":[{"taxonomy":"category","embeddable":true,"href":"https:\/\/toukiela.com\/fr_ca\/wp-json\/wp\/v2\/categories?post=2649"},{"taxonomy":"post_tag","embeddable":true,"href":"https:\/\/toukiela.com\/fr_ca\/wp-json\/wp\/v2\/tags?post=2649"}],"curies":[{"name":"wp","href":"https:\/\/api.w.org\/{rel}","templated":true}]}}