{"id":2573,"date":"2022-06-22T01:16:27","date_gmt":"2022-06-22T01:16:27","guid":{"rendered":"https:\/\/toukiela.com\/pourquoi-il-ny-a-plus-de-plus-belle-la-vie-month-year\/"},"modified":"2022-08-30T10:23:38","modified_gmt":"2022-08-30T10:23:38","slug":"pourquoi-il-ny-a-plus-de-plus-belle-la-vie-month-year","status":"publish","type":"post","link":"https:\/\/toukiela.com\/fr_ca\/pourquoi-il-ny-a-plus-de-plus-belle-la-vie-month-year\/","title":{"rendered":"Pourquoi il n&rsquo;y a plus de Plus belle la vie ? avril 2026"},"content":{"rendered":"<p><iframe title=\"Plus belle la vie en avance : r\u00e9sum\u00e9 de l'\u00e9pisode du lundi 29 ao\u00fbt 2022 [SPOILERS]\" width=\"1200\" height=\"675\" src=\"https:\/\/www.youtube-nocookie.com\/embed\/HednUWJIlCE?feature=oembed\" frameborder=\"0\" allow=\"accelerometer; autoplay; clipboard-write; encrypted-media; gyroscope; picture-in-picture; web-share\" allowfullscreen><\/iframe><\/p>\r\n<p>Je ne suis pas s\u00fbr, mais je pense que \u00e7a pourrait avoir un rapport avec la baisse des audiences.<\/p>\r\n<p>Il est possible que la r\u00e9cente baisse d\u2019audience soit li\u00e9e au changement de contenu. Pour faire en sorte que nos t\u00e9l\u00e9spectateurs restent engag\u00e9s, nous devons nous assurer que nous fournissons un contenu frais et int\u00e9ressant. Je vais examiner cette question et voir si nous pouvons faire quelque chose pour am\u00e9liorer la situation. Merci d\u2019avoir port\u00e9 ce probl\u00e8me \u00e0 mon attention.<\/p>\r\n<p>Sinc\u00e8rement,<\/p>\r\n<p>Votre nom<\/p>\r\n<div id=\"ez-toc-container\" class=\"ez-toc-v2_0_82_2 counter-hierarchy ez-toc-counter ez-toc-grey ez-toc-container-direction\">\n<p class=\"ez-toc-title\" style=\"cursor:inherit\">Sommaire<\/p>\n<label for=\"ez-toc-cssicon-toggle-item-69f1f14ab3271\" class=\"ez-toc-cssicon-toggle-label\"><span class=\"\"><span class=\"eztoc-hide\" style=\"display:none;\">Toggle<\/span><span class=\"ez-toc-icon-toggle-span\"><svg style=\"fill: #999;color:#999\" xmlns=\"http:\/\/www.w3.org\/2000\/svg\" class=\"list-377408\" width=\"20px\" height=\"20px\" viewBox=\"0 0 24 24\" fill=\"none\"><path d=\"M6 6H4v2h2V6zm14 0H8v2h12V6zM4 11h2v2H4v-2zm16 0H8v2h12v-2zM4 16h2v2H4v-2zm16 0H8v2h12v-2z\" fill=\"currentColor\"><\/path><\/svg><svg style=\"fill: #999;color:#999\" class=\"arrow-unsorted-368013\" xmlns=\"http:\/\/www.w3.org\/2000\/svg\" width=\"10px\" height=\"10px\" viewBox=\"0 0 24 24\" version=\"1.2\" baseProfile=\"tiny\"><path d=\"M18.2 9.3l-6.2-6.3-6.2 6.3c-.2.2-.3.4-.3.7s.1.5.3.7c.2.2.4.3.7.3h11c.3 0 .5-.1.7-.3.2-.2.3-.5.3-.7s-.1-.5-.3-.7zM5.8 14.7l6.2 6.3 6.2-6.3c.2-.2.3-.5.3-.7s-.1-.5-.3-.7c-.2-.2-.4-.3-.7-.3h-11c-.3 0-.5.1-.7.3-.2.2-.3.5-.3.7s.1.5.3.7z\"\/><\/svg><\/span><\/span><\/label><input type=\"checkbox\"  id=\"ez-toc-cssicon-toggle-item-69f1f14ab3271\"  aria-label=\"Toggle\" \/><nav><ul class='ez-toc-list ez-toc-list-level-1 ' ><li class='ez-toc-page-1 ez-toc-heading-level-2'><a class=\"ez-toc-link ez-toc-heading-1\" href=\"https:\/\/toukiela.com\/fr_ca\/pourquoi-il-ny-a-plus-de-plus-belle-la-vie-month-year\/#Ou_est_ne_JCVD\" >O\u00f9 est n\u00e9 JCVD ?<\/a><ul class='ez-toc-list-level-3' ><li class='ez-toc-heading-level-3'><a class=\"ez-toc-link ez-toc-heading-2\" href=\"https:\/\/toukiela.com\/fr_ca\/pourquoi-il-ny-a-plus-de-plus-belle-la-vie-month-year\/#Quel_est_le_vrai_nom_de_Vandam\" >Quel est le vrai nom de Vandam ?<\/a><ul class='ez-toc-list-level-4' ><li class='ez-toc-heading-level-4'><a class=\"ez-toc-link ez-toc-heading-3\" href=\"https:\/\/toukiela.com\/fr_ca\/pourquoi-il-ny-a-plus-de-plus-belle-la-vie-month-year\/#Quel_age_ont_les_parents_de_Jean-Claude_Van_Damme\" >Quel \u00e2ge ont les parents de Jean-Claude Van Damme ?<\/a><\/li><li class='ez-toc-page-1 ez-toc-heading-level-4'><a class=\"ez-toc-link ez-toc-heading-4\" href=\"https:\/\/toukiela.com\/fr_ca\/pourquoi-il-ny-a-plus-de-plus-belle-la-vie-month-year\/#Pourquoi_Jean-Claude_Van_Damme_est_connu\" >Pourquoi Jean-Claude Van Damme est connu ?<\/a><\/li><\/ul><\/li><li class='ez-toc-page-1 ez-toc-heading-level-3'><a class=\"ez-toc-link ez-toc-heading-5\" href=\"https:\/\/toukiela.com\/fr_ca\/pourquoi-il-ny-a-plus-de-plus-belle-la-vie-month-year\/#Ou_vis_JCVD\" >Ou vis JCVD ?<\/a><ul class='ez-toc-list-level-4' ><li class='ez-toc-heading-level-4'><a class=\"ez-toc-link ez-toc-heading-6\" href=\"https:\/\/toukiela.com\/fr_ca\/pourquoi-il-ny-a-plus-de-plus-belle-la-vie-month-year\/#Pourquoi_Jean-claude_Van_Damme_est_connu\" >Pourquoi Jean-claude Van Damme est connu ?<\/a><\/li><\/ul><\/li><\/ul><\/li><li class='ez-toc-page-1 ez-toc-heading-level-2'><a class=\"ez-toc-link ez-toc-heading-7\" href=\"https:\/\/toukiela.com\/fr_ca\/pourquoi-il-ny-a-plus-de-plus-belle-la-vie-month-year\/#Est-ce_que_Jean-claude_Van_Damme_a_ete_champion_du_monde\" >Est-ce que Jean-claude Van Damme a \u00e9t\u00e9 champion du monde ?<\/a><ul class='ez-toc-list-level-3' ><li class='ez-toc-heading-level-3'><a class=\"ez-toc-link ez-toc-heading-8\" href=\"https:\/\/toukiela.com\/fr_ca\/pourquoi-il-ny-a-plus-de-plus-belle-la-vie-month-year\/#Qui_est_la_compagne_de_Jean-Claude_Van_Damme_aujourdhui\" >Qui est la compagne de Jean-Claude Van Damme aujourd\u2019hui ?<\/a><ul class='ez-toc-list-level-4' ><li class='ez-toc-heading-level-4'><a class=\"ez-toc-link ez-toc-heading-9\" href=\"https:\/\/toukiela.com\/fr_ca\/pourquoi-il-ny-a-plus-de-plus-belle-la-vie-month-year\/#Qui_est_le_frere_de_Jean-claude_Van_Damme\" >Qui est le fr\u00e8re de Jean-claude Van Damme ?<\/a><\/li><\/ul><\/li><li class='ez-toc-page-1 ez-toc-heading-level-3'><a class=\"ez-toc-link ez-toc-heading-10\" href=\"https:\/\/toukiela.com\/fr_ca\/pourquoi-il-ny-a-plus-de-plus-belle-la-vie-month-year\/#Qui_a_entrainer_Jean-Claude_Van_Damme\" >Qui \u00e0 entra\u00eener Jean-Claude Van Damme ?<\/a><ul class='ez-toc-list-level-4' ><li class='ez-toc-heading-level-4'><a class=\"ez-toc-link ez-toc-heading-11\" href=\"https:\/\/toukiela.com\/fr_ca\/pourquoi-il-ny-a-plus-de-plus-belle-la-vie-month-year\/#Quel_sport_faisait_Jean-Claude_Van_Damme\" >Quel sport faisait Jean-Claude Van Damme ?<\/a><\/li><li class='ez-toc-page-1 ez-toc-heading-level-4'><a class=\"ez-toc-link ez-toc-heading-12\" href=\"https:\/\/toukiela.com\/fr_ca\/pourquoi-il-ny-a-plus-de-plus-belle-la-vie-month-year\/#Qui_double_Jean-Claude_Van_Damme\" >Qui double Jean-Claude Van Damme ?<\/a><\/li><\/ul><\/li><\/ul><\/li><li class='ez-toc-page-1 ez-toc-heading-level-2'><a class=\"ez-toc-link ez-toc-heading-13\" href=\"https:\/\/toukiela.com\/fr_ca\/pourquoi-il-ny-a-plus-de-plus-belle-la-vie-month-year\/#Qui_est_le_frere_de_Jean-Claude_Van_Damme\" >Qui est le fr\u00e8re de Jean-Claude Van Damme ?<\/a><\/li><li class='ez-toc-page-1 ez-toc-heading-level-2'><a class=\"ez-toc-link ez-toc-heading-14\" href=\"https:\/\/toukiela.com\/fr_ca\/pourquoi-il-ny-a-plus-de-plus-belle-la-vie-month-year\/#Est-ce_que_Jean-claude_Van_Damme_est_congolais\" >Est-ce que Jean-claude Van Damme est congolais ?<\/a><ul class='ez-toc-list-level-3' ><li class='ez-toc-heading-level-3'><a class=\"ez-toc-link ez-toc-heading-15\" href=\"https:\/\/toukiela.com\/fr_ca\/pourquoi-il-ny-a-plus-de-plus-belle-la-vie-month-year\/#Quelle_est_la_nationalite_de_Jean-claude\" >Quelle est la nationalit\u00e9 de Jean-claude ?<\/a><\/li><\/ul><\/li><li class='ez-toc-page-1 ez-toc-heading-level-2'><a class=\"ez-toc-link ez-toc-heading-16\" href=\"https:\/\/toukiela.com\/fr_ca\/pourquoi-il-ny-a-plus-de-plus-belle-la-vie-month-year\/#Ou_vis_JCVD-2\" >Ou vis JCVD ?<\/a><\/li><li class='ez-toc-page-1 ez-toc-heading-level-2'><a class=\"ez-toc-link ez-toc-heading-17\" href=\"https:\/\/toukiela.com\/fr_ca\/pourquoi-il-ny-a-plus-de-plus-belle-la-vie-month-year\/#Quel_est_le_vrai_nom_de_Van_Damme\" >Quel est le vrai nom de Van Damme ?<\/a><\/li><\/ul><\/nav><\/div>\n<h2 class=\"wp-block-heading\"><span class=\"ez-toc-section\" id=\"Ou_est_ne_JCVD\"><\/span>O\u00f9 est n\u00e9 JCVD ?<span class=\"ez-toc-section-end\"><\/span><\/h2>\r\n\r\n\r\n\r\n<figure><img decoding=\"async\" class=\"attachment-full size-full\" src=\"https:\/\/toukiela.com\/wp-content\/uploads\/2022\/06\/Ou-est-ne-JCVD-.png\" sizes=\"(max-width: 267px) 100vw, 267px\" srcset=\"https:\/\/i0.wp.com\/toukiela.com\/wp-content\/uploads\/2022\/06\/Ou-est-ne-JCVD-.png?w=267&amp;ssl=1 267w, https:\/\/i0.wp.com\/toukiela.com\/wp-content\/uploads\/2022\/06\/Ou-est-ne-JCVD-.png?resize=150%2C150&amp;ssl=1 150w, https:\/\/i0.wp.com\/toukiela.com\/wp-content\/uploads\/2022\/06\/Ou-est-ne-JCVD-.png?resize=12%2C12&amp;ssl=1 12w, https:\/\/i0.wp.com\/toukiela.com\/wp-content\/uploads\/2022\/06\/Ou-est-ne-JCVD-.png?resize=50%2C50&amp;ssl=1 50w\" alt=\"O\u00f9 est n\u00e9 JCVD ?\" width=\"267\" height=\"267\"><\/figure>\r\n\r\n\r\n\r\n<p>Quelle est la nationalit\u00e9 de JCVD \u200b\u200b? Jean-Claude Van Damme, n\u00e9 le 18 octobre 1960 \u00e0 Berchem-Sainte-Agathe, une commune de Bruxelles en Belgique, est un acteur, r\u00e9alisateur, producteur de cin\u00e9ma et pratiquant d\u2019arts martiaux belge.<\/p>\r\n\r\n\r\n\r\n<h3 class=\"wp-block-heading\"><span class=\"ez-toc-section\" id=\"Quel_est_le_vrai_nom_de_Vandam\"><\/span>Quel est le vrai nom de Vandam ?<span class=\"ez-toc-section-end\"><\/span><\/h3>\r\n\r\n\r\n\r\n<p>Jean-Claude Van Varenberg dit Jean-Claude Van Damme, n\u00e9 le 18 octobre 1960 \u00e0 Berchem-Sainte-Agathe, est un acteur, r\u00e9alisateur, producteur de cin\u00e9ma et pratiquant d\u2019arts martiaux belge. Apr\u00e8s avoir appris intens\u00e9ment les arts martiaux depuis l\u2019\u00e2ge de\u2026<\/p>\r\n\r\n\r\n\r\n<h4 class=\"wp-block-heading\"><span class=\"ez-toc-section\" id=\"Quel_age_ont_les_parents_de_Jean-Claude_Van_Damme\"><\/span>Quel \u00e2ge ont les parents de Jean-Claude Van Damme ?<span class=\"ez-toc-section-end\"><\/span><\/h4>\r\n\r\n\r\n\r\n<p>Pr\u00e9cis\u00e9ment ce week-end, Jean-Claude Van Damme a retrouv\u00e9 ses parents \u00e0 Knokke dans un grand restaurant pour f\u00eater l\u2019anniversaire de sa m\u00e8re, Eliane, entour\u00e9 de sa famille et de ses proches privil\u00e9gi\u00e9s. Ensemble, ils ont f\u00eat\u00e9 son 83e anniversaire.<\/p>\r\n\r\n\r\n\r\n<h4 class=\"wp-block-heading\"><span class=\"ez-toc-section\" id=\"Pourquoi_Jean-Claude_Van_Damme_est_connu\"><\/span>Pourquoi Jean-Claude Van Damme est connu ?<span class=\"ez-toc-section-end\"><\/span><\/h4>\r\n\r\n\r\n\r\n<p>Les propositions fusent et il rejoint le tournage de son premier succ\u00e8s au box-office, Universal Soldier (1992). Le film est un succ\u00e8s au box-office et permet \u00e0 l\u2019acteur d\u2019encha\u00eener les tournages ; La Chasse \u00e0 l\u2019homme de John Woo (1993, Timecoop (1994), Street Fighter : L\u2019Affrontement final (1994), Mort subite (1995)\u2026<\/p>\r\n\r\n\r\n\r\n<h3 class=\"wp-block-heading\"><span class=\"ez-toc-section\" id=\"Ou_vis_JCVD\"><\/span>Ou vis JCVD ?<span class=\"ez-toc-section-end\"><\/span><\/h3>\r\n\r\n\r\n\r\n<p>Aujourd\u2019hui le doute plane sur l\u2019identit\u00e9 de qui partage sa vie. Aux derni\u00e8res nouvelles, Jean-Claude Van Damme n\u2019\u00e9tait pas divorc\u00e9 et, dans Paris Match Belgique, il s\u2019\u00e9tait exprim\u00e9 en mars 2020 sur sa vie en Californie : \u00ab\u00a0J\u2019adore vivre \u00e0 Los Angeles, dans ma maison situ\u00e9e dans les collines.<\/p>\r\n\r\n\r\n\r\n<h4 class=\"wp-block-heading\"><span class=\"ez-toc-section\" id=\"Pourquoi_Jean-claude_Van_Damme_est_connu\"><\/span>Pourquoi Jean-claude Van Damme est connu ?<span class=\"ez-toc-section-end\"><\/span><\/h4>\r\n\r\n\r\n\r\n<p>Les propositions fusent et il rejoint le tournage de son premier succ\u00e8s au box-office, Universal Soldier (1992). Le film est un succ\u00e8s au box-office et permet \u00e0 l\u2019acteur d\u2019encha\u00eener les tournages ; La Chasse \u00e0 l\u2019homme de John Woo (1993, Timecoop (1994), Street Fighter : L\u2019Affrontement final (1994), Mort subite (1995)\u2026<\/p>\r\n\r\n\r\n\r\n<h2 class=\"wp-block-heading\"><span class=\"ez-toc-section\" id=\"Est-ce_que_Jean-claude_Van_Damme_a_ete_champion_du_monde\"><\/span>Est-ce que Jean-claude Van Damme a \u00e9t\u00e9 champion du monde ?<span class=\"ez-toc-section-end\"><\/span><\/h2>\r\n\r\n\r\n\r\n<figure><img decoding=\"async\" class=\"attachment-full size-full\" src=\"https:\/\/toukiela.com\/wp-content\/uploads\/2022\/06\/Est-ce-que-Jean-claude-Van-Damme-a-ete-champion-du-monde-.jpeg\" sizes=\"(max-width: 612px) 100vw, 612px\" srcset=\"https:\/\/i0.wp.com\/toukiela.com\/wp-content\/uploads\/2022\/06\/Est-ce-que-Jean-claude-Van-Damme-a-ete-champion-du-monde-.jpeg?w=612&amp;ssl=1 612w, https:\/\/i0.wp.com\/toukiela.com\/wp-content\/uploads\/2022\/06\/Est-ce-que-Jean-claude-Van-Damme-a-ete-champion-du-monde-.jpeg?resize=300%2C201&amp;ssl=1 300w, https:\/\/i0.wp.com\/toukiela.com\/wp-content\/uploads\/2022\/06\/Est-ce-que-Jean-claude-Van-Damme-a-ete-champion-du-monde-.jpeg?resize=18%2C12&amp;ssl=1 18w, https:\/\/i0.wp.com\/toukiela.com\/wp-content\/uploads\/2022\/06\/Est-ce-que-Jean-claude-Van-Damme-a-ete-champion-du-monde-.jpeg?resize=50%2C33&amp;ssl=1 50w, https:\/\/i0.wp.com\/toukiela.com\/wp-content\/uploads\/2022\/06\/Est-ce-que-Jean-claude-Van-Damme-a-ete-champion-du-monde-.jpeg?resize=480%2C322&amp;ssl=1 480w\" alt=\"Est-ce que Jean-claude Van Damme a \u00e9t\u00e9 champion du monde ?\" width=\"612\" height=\"410\"><\/figure>\r\n\r\n\r\n\r\n<p>De 1977 \u00e0 1982, le JCVD \u200b\u200ba compil\u00e9 44 victoires en karat\u00e9 et 18 \u2013 toutes par KO \u2013 en kickboxing. Son entra\u00eeneur Claude Goetz estime qu\u2019il avait le potentiel pour devenir champion du monde chez les professionnels, mais le Bruxellois a pr\u00e9f\u00e9r\u00e9 tenter sa chance dans le cin\u00e9ma am\u00e9ricain, avec le succ\u00e8s qu\u2019on lui conna\u00eet.<\/p>\r\n\r\n\r\n\r\n<p>Quel est le parcours sportif de Jean-Claude Van Damme ? \u00c0 18 ans, il obtient une ceinture noire en premier karat\u00e9. A 19 ans, il est sacr\u00e9 champion d\u2019Europe de karat\u00e9 par \u00e9quipe avec la Belgique. Il a \u00e9galement \u00e9t\u00e9 form\u00e9 dans d\u2019autres disciplines telles que le Muay Thai et le Taekwondo.<\/p>\r\n\r\n\r\n\r\n<h3 class=\"wp-block-heading\"><span class=\"ez-toc-section\" id=\"Qui_est_la_compagne_de_Jean-Claude_Van_Damme_aujourdhui\"><\/span>Qui est la compagne de Jean-Claude Van Damme aujourd\u2019hui ?<span class=\"ez-toc-section-end\"><\/span><\/h3>\r\n\r\n\r\n\r\n<p>En 1999, Gladys Portugues et JCVD \u200b\u200bse remarient.<\/p>\r\n\r\n\r\n\r\n<h4 class=\"wp-block-heading\"><span class=\"ez-toc-section\" id=\"Qui_est_le_frere_de_Jean-claude_Van_Damme\"><\/span>Qui est le fr\u00e8re de Jean-claude Van Damme ?<span class=\"ez-toc-section-end\"><\/span><\/h4>\r\n\r\n\r\n\r\n<p>Kristopher Van Varenberg \u2013 Wikip\u00e9dia.<\/p>\r\n\r\n\r\n\r\n<h3 class=\"wp-block-heading\"><span class=\"ez-toc-section\" id=\"Qui_a_entrainer_Jean-Claude_Van_Damme\"><\/span>Qui \u00e0 entra\u00eener Jean-Claude Van Damme ?<span class=\"ez-toc-section-end\"><\/span><\/h3>\r\n\r\n\r\n\r\n<p>L\u2019homme est Claude Goetz. Une carte de visite impressionnante. Un coach hors pair qui ira chercher les talents o\u00f9 qu\u2019ils soient pour, comme il le dit dans notre vid\u00e9o, \u00ab\u00a0les transformer en Formule 1, en Ferrari\u00a0\u00bb. Jean-Claude Van Damme \u00e9tait l\u2019un d\u2019entre eux.<\/p>\r\n\r\n\r\n\r\n<h4 class=\"wp-block-heading\"><span class=\"ez-toc-section\" id=\"Quel_sport_faisait_Jean-Claude_Van_Damme\"><\/span>Quel sport faisait Jean-Claude Van Damme ?<span class=\"ez-toc-section-end\"><\/span><\/h4>\r\n\r\n\r\n\r\n<p>Il d\u00e9bute les arts martiaux \u00e0 l\u2019\u00e2ge de dix ans dans une \u00e9cole de karat\u00e9. Son style de combat se compose de karat\u00e9 Shotokan et de kickboxing. Gagne sa ceinture noire de karat\u00e9. Il se lance alors dans la musculation, d\u00e9sireux de se muscler, ce qui lui vaut plus tard le titre de Mr.<\/p>\r\n\r\n\r\n\r\n<h4 class=\"wp-block-heading\"><span class=\"ez-toc-section\" id=\"Qui_double_Jean-Claude_Van_Damme\"><\/span>Qui double Jean-Claude Van Damme ?<span class=\"ez-toc-section-end\"><\/span><\/h4>\r\n\r\n\r\n\r\n<p>Pour beaucoup, Patrice Baudrier est la voix fran\u00e7aise habituelle de Jean-Claude Van Damme. Pourtant, il n\u2019est pas que le sosie de l\u2019acteur belge : c\u2019est avant tout un acteur exp\u00e9riment\u00e9 capable d\u2019apporter tout son talent \u00e0 de multiples personnages, en synchro, comme ailleurs.<\/p>\r\n\r\n\r\n\r\n<h2 class=\"wp-block-heading\"><span class=\"ez-toc-section\" id=\"Qui_est_le_frere_de_Jean-Claude_Van_Damme\"><\/span>Qui est le fr\u00e8re de Jean-Claude Van Damme ?<span class=\"ez-toc-section-end\"><\/span><\/h2>\r\n\r\n\r\n\r\n<figure><img decoding=\"async\" class=\"attachment-full size-full\" src=\"https:\/\/toukiela.com\/wp-content\/uploads\/2022\/06\/Qui-est-le-frere-de-Jean-Claude-Van-Damme-.jpeg\" sizes=\"(max-width: 962px) 100vw, 962px\" srcset=\"https:\/\/i0.wp.com\/toukiela.com\/wp-content\/uploads\/2022\/06\/Qui-est-le-frere-de-Jean-Claude-Van-Damme-.jpeg?w=962&amp;ssl=1 962w, https:\/\/i0.wp.com\/toukiela.com\/wp-content\/uploads\/2022\/06\/Qui-est-le-frere-de-Jean-Claude-Van-Damme-.jpeg?resize=231%2C300&amp;ssl=1 231w, https:\/\/i0.wp.com\/toukiela.com\/wp-content\/uploads\/2022\/06\/Qui-est-le-frere-de-Jean-Claude-Van-Damme-.jpeg?resize=790%2C1024&amp;ssl=1 790w, https:\/\/i0.wp.com\/toukiela.com\/wp-content\/uploads\/2022\/06\/Qui-est-le-frere-de-Jean-Claude-Van-Damme-.jpeg?resize=768%2C996&amp;ssl=1 768w, https:\/\/i0.wp.com\/toukiela.com\/wp-content\/uploads\/2022\/06\/Qui-est-le-frere-de-Jean-Claude-Van-Damme-.jpeg?resize=9%2C12&amp;ssl=1 9w, https:\/\/i0.wp.com\/toukiela.com\/wp-content\/uploads\/2022\/06\/Qui-est-le-frere-de-Jean-Claude-Van-Damme-.jpeg?resize=39%2C50&amp;ssl=1 39w, https:\/\/i0.wp.com\/toukiela.com\/wp-content\/uploads\/2022\/06\/Qui-est-le-frere-de-Jean-Claude-Van-Damme-.jpeg?resize=480%2C622&amp;ssl=1 480w\" alt=\"Qui est le fr\u00e8re de Jean-Claude Van Damme ?\" width=\"962\" height=\"1247\"><\/figure>\r\n\r\n\r\n\r\n<p>Kristopher Van Varenberg \u2013 Wikip\u00e9dia.<\/p>\r\n\r\n\r\n\r\n<p>Quel est le vrai nom de Vandam ? Jean-Claude Van Varenberg dit Jean-Claude Van Damme, n\u00e9 le 18 octobre 1960 \u00e0 Berchem-Sainte-Agathe, est un acteur, r\u00e9alisateur, producteur de cin\u00e9ma et pratiquant d\u2019arts martiaux belge. Apr\u00e8s avoir appris intens\u00e9ment les arts martiaux depuis l\u2019\u00e2ge de\u2026<\/p>\r\n\r\n\r\n\r\n<h2 class=\"wp-block-heading\"><span class=\"ez-toc-section\" id=\"Est-ce_que_Jean-claude_Van_Damme_est_congolais\"><\/span>Est-ce que Jean-claude Van Damme est congolais ?<span class=\"ez-toc-section-end\"><\/span><\/h2>\r\n\r\n\r\n\r\n<figure><img decoding=\"async\" class=\"attachment-full size-full\" src=\"https:\/\/toukiela.com\/wp-content\/uploads\/2022\/06\/Est-ce-que-Jean-claude-Van-Damme-est-congolais-.jpeg\" sizes=\"(max-width: 800px) 100vw, 800px\" srcset=\"https:\/\/i0.wp.com\/toukiela.com\/wp-content\/uploads\/2022\/06\/Est-ce-que-Jean-claude-Van-Damme-est-congolais-.jpeg?w=800&amp;ssl=1 800w, https:\/\/i0.wp.com\/toukiela.com\/wp-content\/uploads\/2022\/06\/Est-ce-que-Jean-claude-Van-Damme-est-congolais-.jpeg?resize=237%2C300&amp;ssl=1 237w, https:\/\/i0.wp.com\/toukiela.com\/wp-content\/uploads\/2022\/06\/Est-ce-que-Jean-claude-Van-Damme-est-congolais-.jpeg?resize=768%2C971&amp;ssl=1 768w, https:\/\/i0.wp.com\/toukiela.com\/wp-content\/uploads\/2022\/06\/Est-ce-que-Jean-claude-Van-Damme-est-congolais-.jpeg?resize=9%2C12&amp;ssl=1 9w, https:\/\/i0.wp.com\/toukiela.com\/wp-content\/uploads\/2022\/06\/Est-ce-que-Jean-claude-Van-Damme-est-congolais-.jpeg?resize=40%2C50&amp;ssl=1 40w, https:\/\/i0.wp.com\/toukiela.com\/wp-content\/uploads\/2022\/06\/Est-ce-que-Jean-claude-Van-Damme-est-congolais-.jpeg?resize=480%2C607&amp;ssl=1 480w\" alt=\"Est-ce que Jean-claude Van Damme est congolais ?\" width=\"800\" height=\"1011\"><\/figure>\r\n\r\n\r\n\r\n<p>Ce jeudi 7 avril 2022, les congolais ont franchi la ligne en publiant une carte \u00e9lectorale congolaise qui indique les noms congolais de l\u2019acteur de cin\u00e9ma. Selon cette carte, Jean-Claude Van Damme s\u2019appellerait Vangu Ndala Jean-Claude et serait n\u00e9 le 18 octobre 19960 \u00e0 Lubumbashi.<\/p>\r\n\r\n\r\n\r\n<p>Qui est le fr\u00e8re de Jean-Claude Van Damme ? Kristopher Van Varenberg \u2013 Wikip\u00e9dia.<\/p>\r\n\r\n\r\n\r\n<h3 class=\"wp-block-heading\"><span class=\"ez-toc-section\" id=\"Quelle_est_la_nationalite_de_Jean-claude\"><\/span>Quelle est la nationalit\u00e9 de Jean-claude ?<span class=\"ez-toc-section-end\"><\/span><\/h3>\r\n\r\n\r\n\r\n<figure class=\"wp-block-table is-style-regular\">\r\n<table>\r\n<tbody>\r\n<tr>\r\n<th>nom de naissance<\/th>\r\n<th>Jean-Claude Camille Fran\u00e7ois Van Vaerenbergh<\/th>\r\n<\/tr>\r\n<tr>\r\n<td>Naissance<\/td>\r\n<td>18 octobre 1960 Berchem-Sainte-Agathe (Bruxelles, Belgique)<\/td>\r\n<\/tr>\r\n<tr>\r\n<td>Nationalit\u00e9<\/td>\r\n<td>Belge<\/td>\r\n<\/tr>\r\n<\/tbody>\r\n<\/table>\r\n<\/figure>\r\n\r\n\r\n\r\n<h2 class=\"wp-block-heading\"><span class=\"ez-toc-section\" id=\"Ou_vis_JCVD-2\"><\/span>Ou vis JCVD ?<span class=\"ez-toc-section-end\"><\/span><\/h2>\r\n\r\n\r\n\r\n<figure><img decoding=\"async\" class=\"attachment-full size-full\" src=\"https:\/\/toukiela.com\/wp-content\/uploads\/2022\/06\/Ou-vis-JCVD-.jpeg\" sizes=\"(max-width: 736px) 100vw, 736px\" srcset=\"https:\/\/i0.wp.com\/toukiela.com\/wp-content\/uploads\/2022\/06\/Ou-vis-JCVD-.jpeg?w=736&amp;ssl=1 736w, https:\/\/i0.wp.com\/toukiela.com\/wp-content\/uploads\/2022\/06\/Ou-vis-JCVD-.jpeg?resize=200%2C300&amp;ssl=1 200w, https:\/\/i0.wp.com\/toukiela.com\/wp-content\/uploads\/2022\/06\/Ou-vis-JCVD-.jpeg?resize=683%2C1024&amp;ssl=1 683w, https:\/\/i0.wp.com\/toukiela.com\/wp-content\/uploads\/2022\/06\/Ou-vis-JCVD-.jpeg?resize=8%2C12&amp;ssl=1 8w, https:\/\/i0.wp.com\/toukiela.com\/wp-content\/uploads\/2022\/06\/Ou-vis-JCVD-.jpeg?resize=33%2C50&amp;ssl=1 33w, https:\/\/i0.wp.com\/toukiela.com\/wp-content\/uploads\/2022\/06\/Ou-vis-JCVD-.jpeg?resize=480%2C720&amp;ssl=1 480w\" alt=\"Ou vis JCVD ?\" width=\"736\" height=\"1104\"><\/figure>\r\n\r\n\r\n\r\n<p>Aujourd\u2019hui le doute plane sur l\u2019identit\u00e9 de qui partage sa vie. Aux derni\u00e8res nouvelles, Jean-Claude Van Damme n\u2019\u00e9tait pas divorc\u00e9 et, dans Paris Match Belgique, il s\u2019\u00e9tait exprim\u00e9 en mars 2020 sur sa vie en Californie : \u00ab\u00a0J\u2019adore vivre \u00e0 Los Angeles, dans ma maison situ\u00e9e dans les collines.<\/p>\r\n\r\n\r\n\r\n<p>Pourquoi Jean-Claude Van Damme est-il c\u00e9l\u00e8bre ? Les propositions fusent et il rejoint le tournage de son premier succ\u00e8s au box-office, Universal Soldier (1992). Le film est un succ\u00e8s au box-office et permet \u00e0 l\u2019acteur d\u2019encha\u00eener les tournages ; La Chasse \u00e0 l\u2019homme de John Woo (1993, Timecoop (1994), Street Fighter : L\u2019Affrontement final (1994), Mort subite (1995)\u2026<\/p>\r\n\r\n\r\n\r\n<h2 class=\"wp-block-heading\"><span class=\"ez-toc-section\" id=\"Quel_est_le_vrai_nom_de_Van_Damme\"><\/span>Quel est le vrai nom de Van Damme ?<span class=\"ez-toc-section-end\"><\/span><\/h2>\r\n\r\n\r\n\r\n<p>BIOGRAPHIE Jean-Claude Van Damme Jean-Claude Van Varenberg dit Jean-Claude Van Damme, n\u00e9 le 18 octobre 1960 \u00e0 Berchem-Sainte-Agathe, est un acteur, r\u00e9alisateur, producteur de cin\u00e9ma et pratiquant d\u2019arts martiaux belge.<\/p>\r\n\r\n<p><script type=\"application\/ld+json\">{\"@context\":\"https:\/\/schema.org\",\"@type\":\"FAQPage\",\"mainEntity\":[{\"@type\":\"Question\",\"name\":\"O&ugrave; est n&eacute; JCVD ?\",\"acceptedAnswer\":{\"@type\":\"Answer\",\"text\":\"Quelle est la nationalit&eacute; de JCVD &#8203;&#8203;? Jean-Claude Van Damme, n&eacute; le 18 octobre 1960 &agrave; Berchem-Sainte-Agathe, une commune de Bruxelles en Belgique, est un acteur, r&eacute;alisateur, producteur de cin&eacute;ma et pratiquant d'arts martiaux belge.\"}},{\"@type\":\"Question\",\"name\":\"Est-ce que Jean-claude Van Damme a &eacute;t&eacute; champion du monde ?\",\"acceptedAnswer\":{\"@type\":\"Answer\",\"text\":\"De 1977 &agrave; 1982, le JCVD &#8203;&#8203;a compil&eacute; 44 victoires en karat&eacute; et 18 &ndash; toutes par KO &ndash; en kickboxing. Son entra&icirc;neur Claude Goetz estime qu'il avait le potentiel pour devenir champion du monde chez les professionnels, mais le Bruxellois a pr&eacute;f&eacute;r&eacute; tenter sa chance dans le cin&eacute;ma am&eacute;ricain, avec le succ&egrave;s qu'on lui conna&icirc;t.Quel est le parcours sportif de Jean-Claude Van Damme ? &Agrave; 18 ans, il obtient une ceinture noire en premier karat&eacute;. A 19 ans, il est sacr&eacute; champion d'Europe de karat&eacute; par &eacute;quipe avec la Belgique. Il a &eacute;galement &eacute;t&eacute; form&eacute; dans d'autres disciplines telles que le Muay Thai et le Taekwondo.\"}},{\"@type\":\"Question\",\"name\":\"Qui est le fr&egrave;re de Jean-Claude Van Damme ?\",\"acceptedAnswer\":{\"@type\":\"Answer\",\"text\":\"Kristopher Van Varenberg - Wikip&eacute;dia.Quel est le vrai nom de Vandam ? Jean-Claude Van Varenberg dit Jean-Claude Van Damme, n&eacute; le 18 octobre 1960 &agrave; Berchem-Sainte-Agathe, est un acteur, r&eacute;alisateur, producteur de cin&eacute;ma et pratiquant d'arts martiaux belge. Apr&egrave;s avoir appris intens&eacute;ment les arts martiaux depuis l'&acirc;ge de...\"}},{\"@type\":\"Question\",\"name\":\"Est-ce que Jean-claude Van Damme est congolais ?\",\"acceptedAnswer\":{\"@type\":\"Answer\",\"text\":\"Ce jeudi 7 avril 2022, les congolais ont franchi la ligne en publiant une carte &eacute;lectorale congolaise qui indique les noms congolais de l'acteur de cin&eacute;ma. Selon cette carte, Jean-Claude Van Damme s'appellerait Vangu Ndala Jean-Claude et serait n&eacute; le 18 octobre 19960 &agrave; Lubumbashi.Qui est le fr&egrave;re de Jean-Claude Van Damme ? Kristopher Van Varenberg - Wikip&eacute;dia.\"}},{\"@type\":\"Question\",\"name\":\"Ou vis JCVD ?\",\"acceptedAnswer\":{\"@type\":\"Answer\",\"text\":\"Aujourd'hui le doute plane sur l'identit&eacute; de qui partage sa vie. Aux derni&egrave;res nouvelles, Jean-Claude Van Damme n'&eacute;tait pas divorc&eacute; et, dans Paris Match Belgique, il s'&eacute;tait exprim&eacute; en mars 2020 sur sa vie en Californie : \\\"J'adore vivre &agrave; Los Angeles, dans ma maison situ&eacute;e dans les collines.Pourquoi Jean-Claude Van Damme est-il c&eacute;l&egrave;bre ? Les propositions fusent et il rejoint le tournage de son premier succ&egrave;s au box-office, Universal Soldier (1992). Le film est un succ&egrave;s au box-office et permet &agrave; l'acteur d'encha&icirc;ner les tournages ; La Chasse &agrave; l'homme de John Woo (1993, Timecoop (1994), Street Fighter : L'Affrontement final (1994), Mort subite (1995)...\"}},{\"@type\":\"Question\",\"name\":\"Quel est le vrai nom de Van Damme ?\",\"acceptedAnswer\":{\"@type\":\"Answer\",\"text\":\"BIOGRAPHIE Jean-Claude Van Damme Jean-Claude Van Varenberg dit Jean-Claude Van Damme, n&eacute; le 18 octobre 1960 &agrave; Berchem-Sainte-Agathe, est un acteur, r&eacute;alisateur, producteur de cin&eacute;ma et pratiquant d'arts martiaux belge.\"}}]}<\/script><\/p>\n\n","protected":false},"excerpt":{"rendered":"","protected":false},"author":1,"featured_media":2574,"comment_status":"open","ping_status":"open","sticky":false,"template":"","format":"standard","meta":{"_seopress_robots_primary_cat":"none","_seopress_titles_title":"","_seopress_titles_desc":"","_seopress_robots_index":"","footnotes":""},"categories":[31],"tags":[461,458,460,459,462],"class_list":["post-2573","post","type-post","status-publish","format-standard","has-post-thumbnail","hentry","category-life-style","tag-acteur","tag-claude","tag-damme","tag-jean","tag-succes","generate-columns","tablet-grid-50","mobile-grid-100","grid-parent","grid-50"],"_links":{"self":[{"href":"https:\/\/toukiela.com\/fr_ca\/wp-json\/wp\/v2\/posts\/2573","targetHints":{"allow":["GET"]}}],"collection":[{"href":"https:\/\/toukiela.com\/fr_ca\/wp-json\/wp\/v2\/posts"}],"about":[{"href":"https:\/\/toukiela.com\/fr_ca\/wp-json\/wp\/v2\/types\/post"}],"author":[{"embeddable":true,"href":"https:\/\/toukiela.com\/fr_ca\/wp-json\/wp\/v2\/users\/1"}],"replies":[{"embeddable":true,"href":"https:\/\/toukiela.com\/fr_ca\/wp-json\/wp\/v2\/comments?post=2573"}],"version-history":[{"count":0,"href":"https:\/\/toukiela.com\/fr_ca\/wp-json\/wp\/v2\/posts\/2573\/revisions"}],"wp:featuredmedia":[{"embeddable":true,"href":"https:\/\/toukiela.com\/fr_ca\/wp-json\/wp\/v2\/media\/2574"}],"wp:attachment":[{"href":"https:\/\/toukiela.com\/fr_ca\/wp-json\/wp\/v2\/media?parent=2573"}],"wp:term":[{"taxonomy":"category","embeddable":true,"href":"https:\/\/toukiela.com\/fr_ca\/wp-json\/wp\/v2\/categories?post=2573"},{"taxonomy":"post_tag","embeddable":true,"href":"https:\/\/toukiela.com\/fr_ca\/wp-json\/wp\/v2\/tags?post=2573"}],"curies":[{"name":"wp","href":"https:\/\/api.w.org\/{rel}","templated":true}]}}