{"id":1914,"date":"2022-06-22T00:29:08","date_gmt":"2022-06-22T00:29:08","guid":{"rendered":"https:\/\/toukiela.com\/cest-quoi-un-trouble-tsa-month-year\/"},"modified":"2022-08-30T13:23:58","modified_gmt":"2022-08-30T13:23:58","slug":"cest-quoi-un-trouble-tsa-month-year","status":"publish","type":"post","link":"https:\/\/toukiela.com\/fr_ca\/cest-quoi-un-trouble-tsa-month-year\/","title":{"rendered":"C&rsquo;est quoi un trouble TSA ? avril 2026"},"content":{"rendered":"<p><iframe title=\"Le TSA, c'est quoi?\" width=\"1200\" height=\"675\" src=\"https:\/\/www.youtube-nocookie.com\/embed\/pvACLp-99Ms?feature=oembed\" frameborder=\"0\" allow=\"accelerometer; autoplay; clipboard-write; encrypted-media; gyroscope; picture-in-picture; web-share\" allowfullscreen><\/iframe><\/p>\r\n<p>Un TSA est un trouble du spectre autistique.<\/p>\r\n<p>Mars, 2019<\/p>\r\n<p>Les TSA sont des troubles du d\u00e9veloppement neurologique qui affectent l\u2019interaction sociale, la communication et le comportement. Les personnes atteintes de TSA ont souvent des difficult\u00e9s \u00e0 communiquer avec les autres et peuvent \u00eatre incapables d\u2019avoir des interactions sociales typiques. Elles peuvent \u00e9galement pr\u00e9senter des comportements ou des int\u00e9r\u00eats r\u00e9p\u00e9titifs.<\/p>\r\n<p>La gravit\u00e9 des TSA peut varier de l\u00e9g\u00e8re \u00e0 grave. Certaines personnes atteintes de TSA fonctionnent bien et sont capables de vivre de fa\u00e7on autonome, tandis que d\u2019autres ont besoin de soins et de soutien tout au long de leur vie. Il n\u2019existe pas de rem\u00e8de pour les TSA, mais une intervention et un traitement pr\u00e9coces peuvent am\u00e9liorer les sympt\u00f4mes et aider les personnes \u00e0 mieux fonctionner dans leur vie quotidienne.<\/p>\r\n<p>Si vous pensez que votre enfant est atteint de TSA, parlez-en \u00e0 votre m\u00e9decin. Il pourra vous orienter vers un sp\u00e9cialiste pour le diagnostic et le traitement. Un diagnostic et un traitement pr\u00e9coces peuvent faire une grande diff\u00e9rence dans la vie des personnes atteintes de TSA.<\/p>\r\n<p>Qu\u2019est-ce que les TSA ?<\/p>\r\n<p>TSA est l\u2019abr\u00e9viation de \u00a0\u00bb trouble du spectre autistique \u00ab\u00a0. Il s\u2019agit d\u2019un trouble du d\u00e9veloppement du cerveau qui affecte l\u2019interaction sociale, la communication et le comportement.<\/p>\r\n<p>Les TSA peuvent \u00eatre l\u00e9gers ou graves. Certaines personnes atteintes de TSA ont besoin de soins et de soutien tout au long de leur vie, tandis que d\u2019autres fonctionnent bien et sont capables de vivre de fa\u00e7on autonome. Il n\u2019existe pas de rem\u00e8de pour les TSA, mais une intervention et un traitement pr\u00e9coces peuvent am\u00e9liorer les sympt\u00f4mes et aider les gens \u00e0 mieux fonctionner dans leur vie quotidienne.<\/p>\r\n<p>Quelles sont les causes des TSA ?<\/p>\r\n<p>La cause des TSA est inconnue, mais on pense qu\u2019elle est due \u00e0 une combinaison de facteurs g\u00e9n\u00e9tiques et environnementaux. Les chercheurs s\u2019efforcent d\u2019identifier les g\u00e8nes sp\u00e9cifiques qui pourraient \u00eatre \u00e0 l\u2019origine des TSA<\/p>\r\n<div id=\"ez-toc-container\" class=\"ez-toc-v2_0_82_2 counter-hierarchy ez-toc-counter ez-toc-grey ez-toc-container-direction\">\n<p class=\"ez-toc-title\" style=\"cursor:inherit\">Sommaire<\/p>\n<label for=\"ez-toc-cssicon-toggle-item-69f1b04fa5af9\" class=\"ez-toc-cssicon-toggle-label\"><span class=\"\"><span class=\"eztoc-hide\" style=\"display:none;\">Toggle<\/span><span class=\"ez-toc-icon-toggle-span\"><svg style=\"fill: #999;color:#999\" xmlns=\"http:\/\/www.w3.org\/2000\/svg\" class=\"list-377408\" width=\"20px\" height=\"20px\" viewBox=\"0 0 24 24\" fill=\"none\"><path d=\"M6 6H4v2h2V6zm14 0H8v2h12V6zM4 11h2v2H4v-2zm16 0H8v2h12v-2zM4 16h2v2H4v-2zm16 0H8v2h12v-2z\" fill=\"currentColor\"><\/path><\/svg><svg style=\"fill: #999;color:#999\" class=\"arrow-unsorted-368013\" xmlns=\"http:\/\/www.w3.org\/2000\/svg\" width=\"10px\" height=\"10px\" viewBox=\"0 0 24 24\" version=\"1.2\" baseProfile=\"tiny\"><path d=\"M18.2 9.3l-6.2-6.3-6.2 6.3c-.2.2-.3.4-.3.7s.1.5.3.7c.2.2.4.3.7.3h11c.3 0 .5-.1.7-.3.2-.2.3-.5.3-.7s-.1-.5-.3-.7zM5.8 14.7l6.2 6.3 6.2-6.3c.2-.2.3-.5.3-.7s-.1-.5-.3-.7c-.2-.2-.4-.3-.7-.3h-11c-.3 0-.5.1-.7.3-.2.2-.3.5-.3.7s.1.5.3.7z\"\/><\/svg><\/span><\/span><\/label><input type=\"checkbox\"  id=\"ez-toc-cssicon-toggle-item-69f1b04fa5af9\"  aria-label=\"Toggle\" \/><nav><ul class='ez-toc-list ez-toc-list-level-1 ' ><li class='ez-toc-page-1 ez-toc-heading-level-2'><a class=\"ez-toc-link ez-toc-heading-1\" href=\"https:\/\/toukiela.com\/fr_ca\/cest-quoi-un-trouble-tsa-month-year\/#Quelle_est_la_forme_dautisme_la_plus_grave\" >Quelle est la forme d\u2019autisme la plus grave ?<\/a><ul class='ez-toc-list-level-3' ><li class='ez-toc-heading-level-3'><a class=\"ez-toc-link ez-toc-heading-2\" href=\"https:\/\/toukiela.com\/fr_ca\/cest-quoi-un-trouble-tsa-month-year\/#Quel_est_lautisme_le_plus_grave\" >Quel est l\u2019autisme le plus grave ?<\/a><ul class='ez-toc-list-level-4' ><li class='ez-toc-heading-level-4'><a class=\"ez-toc-link ez-toc-heading-3\" href=\"https:\/\/toukiela.com\/fr_ca\/cest-quoi-un-trouble-tsa-month-year\/#Est-ce_que_lautisme_saggrave\" >Est-ce que l\u2019autisme s\u2019aggrave ?<\/a><\/li><li class='ez-toc-page-1 ez-toc-heading-level-4'><a class=\"ez-toc-link ez-toc-heading-4\" href=\"https:\/\/toukiela.com\/fr_ca\/cest-quoi-un-trouble-tsa-month-year\/#Quels_sont_les_differents_stades_de_lautisme\" >Quels sont les diff\u00e9rents stades de l\u2019autisme ?<\/a><\/li><\/ul><\/li><li class='ez-toc-page-1 ez-toc-heading-level-3'><a class=\"ez-toc-link ez-toc-heading-5\" href=\"https:\/\/toukiela.com\/fr_ca\/cest-quoi-un-trouble-tsa-month-year\/#Quels_sont_les_differents_degres_de_lautisme\" >Quels sont les diff\u00e9rents degr\u00e9s de l\u2019autisme ?<\/a><ul class='ez-toc-list-level-4' ><li class='ez-toc-heading-level-4'><a class=\"ez-toc-link ez-toc-heading-6\" href=\"https:\/\/toukiela.com\/fr_ca\/cest-quoi-un-trouble-tsa-month-year\/#Cest_quoi_autiste_leger\" >C\u2019est quoi autiste l\u00e9ger ?<\/a><\/li><\/ul><\/li><li class='ez-toc-page-1 ez-toc-heading-level-3'><a class=\"ez-toc-link ez-toc-heading-7\" href=\"https:\/\/toukiela.com\/fr_ca\/cest-quoi-un-trouble-tsa-month-year\/#Quelle_est_la_difference_entre_autisme_et_Asperger\" >Quelle est la diff\u00e9rence entre autisme et Asperger ?<\/a><ul class='ez-toc-list-level-4' ><li class='ez-toc-heading-level-4'><a class=\"ez-toc-link ez-toc-heading-8\" href=\"https:\/\/toukiela.com\/fr_ca\/cest-quoi-un-trouble-tsa-month-year\/#Comment_Devient-on_Asperger\" >Comment Devient-on Asperger ?<\/a><\/li><li class='ez-toc-page-1 ez-toc-heading-level-4'><a class=\"ez-toc-link ez-toc-heading-9\" href=\"https:\/\/toukiela.com\/fr_ca\/cest-quoi-un-trouble-tsa-month-year\/#Cest_quoi_etre_Asperger\" >C\u2019est quoi \u00eatre Asperger ?<\/a><\/li><\/ul><\/li><\/ul><\/li><li class='ez-toc-page-1 ez-toc-heading-level-2'><a class=\"ez-toc-link ez-toc-heading-10\" href=\"https:\/\/toukiela.com\/fr_ca\/cest-quoi-un-trouble-tsa-month-year\/#Pourquoi_il_ne_faut_pas_dire_Asperger\" >Pourquoi il ne faut pas dire Asperger ?<\/a><ul class='ez-toc-list-level-3' ><li class='ez-toc-heading-level-3'><a class=\"ez-toc-link ez-toc-heading-11\" href=\"https:\/\/toukiela.com\/fr_ca\/cest-quoi-un-trouble-tsa-month-year\/#Pourquoi_Devient-on_Asperger\" >Pourquoi Devient-on Asperger ?<\/a><ul class='ez-toc-list-level-4' ><li class='ez-toc-heading-level-4'><a class=\"ez-toc-link ez-toc-heading-12\" href=\"https:\/\/toukiela.com\/fr_ca\/cest-quoi-un-trouble-tsa-month-year\/#Est-ce_que_le_syndrome_dAsperger_se_soigne\" >Est-ce que le syndrome d\u2019Asperger se soigne ?<\/a><\/li><li class='ez-toc-page-1 ez-toc-heading-level-4'><a class=\"ez-toc-link ez-toc-heading-13\" href=\"https:\/\/toukiela.com\/fr_ca\/cest-quoi-un-trouble-tsa-month-year\/#Pourquoi_Est-on_autiste_Asperger\" >Pourquoi Est-on autiste Asperger ?<\/a><\/li><\/ul><\/li><li class='ez-toc-page-1 ez-toc-heading-level-3'><a class=\"ez-toc-link ez-toc-heading-14\" href=\"https:\/\/toukiela.com\/fr_ca\/cest-quoi-un-trouble-tsa-month-year\/#Est-ce_que_les_Asperger_peut_mentir\" >Est-ce que les Asperger peut mentir ?<\/a><ul class='ez-toc-list-level-4' ><li class='ez-toc-heading-level-4'><a class=\"ez-toc-link ez-toc-heading-15\" href=\"https:\/\/toukiela.com\/fr_ca\/cest-quoi-un-trouble-tsa-month-year\/#Quel_est_le_QI_dun_Asperger\" >Quel est le QI d\u2019un Asperger ?<\/a><\/li><li class='ez-toc-page-1 ez-toc-heading-level-4'><a class=\"ez-toc-link ez-toc-heading-16\" href=\"https:\/\/toukiela.com\/fr_ca\/cest-quoi-un-trouble-tsa-month-year\/#Comment_pense_un_autiste_Asperger\" >Comment pense un autiste Asperger ?<\/a><\/li><\/ul><\/li><li class='ez-toc-page-1 ez-toc-heading-level-3'><a class=\"ez-toc-link ez-toc-heading-17\" href=\"https:\/\/toukiela.com\/fr_ca\/cest-quoi-un-trouble-tsa-month-year\/#Pourquoi_on_ne_dit_plus_syndrome_dAsperger\" >Pourquoi on ne dit plus syndrome d\u2019Asperger ?<\/a><ul class='ez-toc-list-level-4' ><li class='ez-toc-heading-level-4'><a class=\"ez-toc-link ez-toc-heading-18\" href=\"https:\/\/toukiela.com\/fr_ca\/cest-quoi-un-trouble-tsa-month-year\/#Pourquoi_on_ne_dit_plus_Asperger\" >Pourquoi on ne dit plus Asperger ?<\/a><\/li><li class='ez-toc-page-1 ez-toc-heading-level-4'><a class=\"ez-toc-link ez-toc-heading-19\" href=\"https:\/\/toukiela.com\/fr_ca\/cest-quoi-un-trouble-tsa-month-year\/#Pourquoi_un_Asperger_ne_regarde_pas_dans_les_yeux\" >Pourquoi un Asperger ne regarde pas dans les yeux ?<\/a><\/li><\/ul><\/li><\/ul><\/li><li class='ez-toc-page-1 ez-toc-heading-level-2'><a class=\"ez-toc-link ez-toc-heading-20\" href=\"https:\/\/toukiela.com\/fr_ca\/cest-quoi-un-trouble-tsa-month-year\/#Comment_reconnaitre_une_femme_autiste\" >Comment reconna\u00eetre une femme autiste ?<\/a><ul class='ez-toc-list-level-3' ><li class='ez-toc-heading-level-3'><a class=\"ez-toc-link ez-toc-heading-21\" href=\"https:\/\/toukiela.com\/fr_ca\/cest-quoi-un-trouble-tsa-month-year\/#Quel_est_le_comportement_dun_autiste_adulte\" >Quel est le comportement d\u2019un autiste adulte ?<\/a><ul class='ez-toc-list-level-4' ><li class='ez-toc-heading-level-4'><a class=\"ez-toc-link ez-toc-heading-22\" href=\"https:\/\/toukiela.com\/fr_ca\/cest-quoi-un-trouble-tsa-month-year\/#Quelles_sont_les_differentes_formes_dautisme_chez_ladulte\" >Quelles sont les diff\u00e9rentes formes d\u2019autisme chez l\u2019adulte ?<\/a><\/li><li class='ez-toc-page-1 ez-toc-heading-level-4'><a class=\"ez-toc-link ez-toc-heading-23\" href=\"https:\/\/toukiela.com\/fr_ca\/cest-quoi-un-trouble-tsa-month-year\/#Ou_placer_un_autiste_adulte\" >O\u00f9 placer un autiste adulte ?<\/a><\/li><\/ul><\/li><li class='ez-toc-page-1 ez-toc-heading-level-3'><a class=\"ez-toc-link ez-toc-heading-24\" href=\"https:\/\/toukiela.com\/fr_ca\/cest-quoi-un-trouble-tsa-month-year\/#Puis-je_etre_autiste_sans_le_savoir\" >Puis-je \u00eatre autiste sans le savoir ?<\/a><ul class='ez-toc-list-level-4' ><li class='ez-toc-heading-level-4'><a class=\"ez-toc-link ez-toc-heading-25\" href=\"https:\/\/toukiela.com\/fr_ca\/cest-quoi-un-trouble-tsa-month-year\/#Comment_savoir_si_on_est_atteint_dautisme\" >Comment savoir si on est atteint d\u2019autisme ?<\/a><\/li><li class='ez-toc-page-1 ez-toc-heading-level-4'><a class=\"ez-toc-link ez-toc-heading-26\" href=\"https:\/\/toukiela.com\/fr_ca\/cest-quoi-un-trouble-tsa-month-year\/#Est-il_possible_detre_autiste_sans_le_savoir\" >Est-il possible d\u2019\u00eatre autiste sans le savoir ?<\/a><\/li><\/ul><\/li><\/ul><\/li><li class='ez-toc-page-1 ez-toc-heading-level-2'><a class=\"ez-toc-link ez-toc-heading-27\" href=\"https:\/\/toukiela.com\/fr_ca\/cest-quoi-un-trouble-tsa-month-year\/#Est-ce_que_un_autiste_peut_se_mettre_a_parler\" >Est-ce que un autiste peut se mettre \u00e0 parler ?<\/a><ul class='ez-toc-list-level-3' ><li class='ez-toc-heading-level-3'><a class=\"ez-toc-link ez-toc-heading-28\" href=\"https:\/\/toukiela.com\/fr_ca\/cest-quoi-un-trouble-tsa-month-year\/#Est-ce_que_les_autistes_pleurent\" >Est-ce que les autistes pleurent ?<\/a><ul class='ez-toc-list-level-4' ><li class='ez-toc-heading-level-4'><a class=\"ez-toc-link ez-toc-heading-29\" href=\"https:\/\/toukiela.com\/fr_ca\/cest-quoi-un-trouble-tsa-month-year\/#Est-ce_quun_bebe_autiste_pleure\" >Est-ce qu\u2019un b\u00e9b\u00e9 autiste pleure ?<\/a><\/li><li class='ez-toc-page-1 ez-toc-heading-level-4'><a class=\"ez-toc-link ez-toc-heading-30\" href=\"https:\/\/toukiela.com\/fr_ca\/cest-quoi-un-trouble-tsa-month-year\/#Pourquoi_un_enfant_autiste_pleure\" >Pourquoi un enfant autiste pleure ?<\/a><\/li><\/ul><\/li><li class='ez-toc-page-1 ez-toc-heading-level-3'><a class=\"ez-toc-link ez-toc-heading-31\" href=\"https:\/\/toukiela.com\/fr_ca\/cest-quoi-un-trouble-tsa-month-year\/#Est-ce_quun_autiste_comprend_ce_quon_lui_dit\" >Est-ce qu\u2019un autiste comprend ce qu\u2019on lui dit ?<\/a><ul class='ez-toc-list-level-4' ><li class='ez-toc-heading-level-4'><a class=\"ez-toc-link ez-toc-heading-32\" href=\"https:\/\/toukiela.com\/fr_ca\/cest-quoi-un-trouble-tsa-month-year\/#Pourquoi_un_autiste_repete\" >Pourquoi un autiste r\u00e9p\u00e8te ?<\/a><\/li><li class='ez-toc-page-1 ez-toc-heading-level-4'><a class=\"ez-toc-link ez-toc-heading-33\" href=\"https:\/\/toukiela.com\/fr_ca\/cest-quoi-un-trouble-tsa-month-year\/#Comment_se_comporte_un_autiste\" >Comment se comporte un autiste ?<\/a><\/li><\/ul><\/li><\/ul><\/li><li class='ez-toc-page-1 ez-toc-heading-level-2'><a class=\"ez-toc-link ez-toc-heading-34\" href=\"https:\/\/toukiela.com\/fr_ca\/cest-quoi-un-trouble-tsa-month-year\/#Quel_avenir_pour_un_autiste_leger\" >Quel avenir pour un autiste l\u00e9ger ?<\/a><ul class='ez-toc-list-level-3' ><li class='ez-toc-heading-level-3'><a class=\"ez-toc-link ez-toc-heading-35\" href=\"https:\/\/toukiela.com\/fr_ca\/cest-quoi-un-trouble-tsa-month-year\/#Est-ce_que_lautisme_peut_saggraver\" >Est-ce que l\u2019autisme peut s\u2019aggraver ?<\/a><ul class='ez-toc-list-level-4' ><li class='ez-toc-heading-level-4'><a class=\"ez-toc-link ez-toc-heading-36\" href=\"https:\/\/toukiela.com\/fr_ca\/cest-quoi-un-trouble-tsa-month-year\/#Pourquoi_le_nombre_dautistes_augmente\" >Pourquoi le nombre d\u2019autistes augmente ?<\/a><\/li><li class='ez-toc-page-1 ez-toc-heading-level-4'><a class=\"ez-toc-link ez-toc-heading-37\" href=\"https:\/\/toukiela.com\/fr_ca\/cest-quoi-un-trouble-tsa-month-year\/#Comment_vieillissent_les_autistes\" >Comment vieillissent les autistes ?<\/a><\/li><\/ul><\/li><li class='ez-toc-page-1 ez-toc-heading-level-3'><a class=\"ez-toc-link ez-toc-heading-38\" href=\"https:\/\/toukiela.com\/fr_ca\/cest-quoi-un-trouble-tsa-month-year\/#Est-ce_que_les_autistes_vivent_longtemps\" >Est-ce que les autistes vivent longtemps ?<\/a><ul class='ez-toc-list-level-4' ><li class='ez-toc-heading-level-4'><a class=\"ez-toc-link ez-toc-heading-39\" href=\"https:\/\/toukiela.com\/fr_ca\/cest-quoi-un-trouble-tsa-month-year\/#Est-ce_quun_autiste_peut_vivre_seul\" >Est-ce qu\u2019un autiste peut vivre seul ?<\/a><\/li><li class='ez-toc-page-1 ez-toc-heading-level-4'><a class=\"ez-toc-link ez-toc-heading-40\" href=\"https:\/\/toukiela.com\/fr_ca\/cest-quoi-un-trouble-tsa-month-year\/#Comment_vieillissent_les_autistes-2\" >Comment vieillissent les autistes ?<\/a><\/li><\/ul><\/li><li class='ez-toc-page-1 ez-toc-heading-level-3'><a class=\"ez-toc-link ez-toc-heading-41\" href=\"https:\/\/toukiela.com\/fr_ca\/cest-quoi-un-trouble-tsa-month-year\/#Comment_se_comporter_avec_un_autisme_leger\" >Comment se comporter avec un autisme l\u00e9ger ?<\/a><ul class='ez-toc-list-level-4' ><li class='ez-toc-heading-level-4'><a class=\"ez-toc-link ez-toc-heading-42\" href=\"https:\/\/toukiela.com\/fr_ca\/cest-quoi-un-trouble-tsa-month-year\/#Est-ce_que_les_autistes_parlent\" >Est-ce que les autistes parlent ?<\/a><\/li><li class='ez-toc-page-1 ez-toc-heading-level-4'><a class=\"ez-toc-link ez-toc-heading-43\" href=\"https:\/\/toukiela.com\/fr_ca\/cest-quoi-un-trouble-tsa-month-year\/#Est-ce_que_les_autistes_pleurent-2\" >Est-ce que les autistes pleurent ?<\/a><\/li><\/ul><\/li><\/ul><\/li><\/ul><\/nav><\/div>\n<h2 class=\"wp-block-heading\"><span class=\"ez-toc-section\" id=\"Quelle_est_la_forme_dautisme_la_plus_grave\"><\/span>Quelle est la forme d\u2019autisme la plus grave ?<span class=\"ez-toc-section-end\"><\/span><\/h2>\r\n\r\n\r\n\r\n<figure><img decoding=\"async\" class=\"attachment-full size-full\" src=\"https:\/\/toukiela.com\/wp-content\/uploads\/2022\/06\/Quelle-est-la-forme-dautisme-la-plus-grave-.png\" sizes=\"(max-width: 540px) 100vw, 540px\" srcset=\"https:\/\/i0.wp.com\/toukiela.com\/wp-content\/uploads\/2022\/06\/Quelle-est-la-forme-dautisme-la-plus-grave-.png?w=540&amp;ssl=1 540w, https:\/\/i0.wp.com\/toukiela.com\/wp-content\/uploads\/2022\/06\/Quelle-est-la-forme-dautisme-la-plus-grave-.png?resize=300%2C226&amp;ssl=1 300w, https:\/\/i0.wp.com\/toukiela.com\/wp-content\/uploads\/2022\/06\/Quelle-est-la-forme-dautisme-la-plus-grave-.png?resize=16%2C12&amp;ssl=1 16w, https:\/\/i0.wp.com\/toukiela.com\/wp-content\/uploads\/2022\/06\/Quelle-est-la-forme-dautisme-la-plus-grave-.png?resize=50%2C38&amp;ssl=1 50w, https:\/\/i0.wp.com\/toukiela.com\/wp-content\/uploads\/2022\/06\/Quelle-est-la-forme-dautisme-la-plus-grave-.png?resize=480%2C362&amp;ssl=1 480w\" alt=\"Quelle est la forme d'autisme la plus grave ?\" width=\"540\" height=\"407\"><\/figure>\r\n\r\n\r\n\r\n<p>L\u2019autisme de Kanners, ou autisme infantile, commence dans la petite enfance et est une forme s\u00e9v\u00e8re d\u2019autisme. Les premiers sympt\u00f4mes apparaissent avant l\u2019\u00e2ge de trois ans.<\/p>\r\n\r\n\r\n\r\n<p>Comment reconna\u00eetre un autisme tr\u00e8s l\u00e9ger ? Dans certains cas d\u2019autisme plus l\u00e9ger ou sans retard intellectuel, certains signes sont d\u00e9tect\u00e9s plus sp\u00e9cifiquement \u00e0 l\u2019adolescence :<\/p>\r\n\r\n\r\n\r\n<ul class=\"wp-block-list\">\r\n<li>isolation,<\/li>\r\n<li>m\u00e9connaissance des conventions sociales,<\/li>\r\n<li>difficult\u00e9 \u00e0 exprimer ou \u00e0 contr\u00f4ler ses \u00e9motions<\/li>\r\n<li>manque d\u2019empathie,<\/li>\r\n<\/ul>\r\n\r\n\r\n\r\n<h3 class=\"wp-block-heading\"><span class=\"ez-toc-section\" id=\"Quel_est_lautisme_le_plus_grave\"><\/span>Quel est l\u2019autisme le plus grave ?<span class=\"ez-toc-section-end\"><\/span><\/h3>\r\n\r\n\r\n\r\n<p>L\u2019autisme de Kanner, \u00e9galement appel\u00e9 autisme infantile, est une forme d\u2019autisme s\u00e9v\u00e8re. Les troubles \u00e9vidents que les gens pr\u00e9sentent le distinguent du syndrome d\u2019Asperger.<\/p>\r\n\r\n\r\n\r\n<h4 class=\"wp-block-heading\"><span class=\"ez-toc-section\" id=\"Est-ce_que_lautisme_saggrave\"><\/span>Est-ce que l\u2019autisme s\u2019aggrave ?<span class=\"ez-toc-section-end\"><\/span><\/h4>\r\n\r\n\r\n\r\n<p>Lors de la pubert\u00e9, une aggravation peut survenir pendant quelques ann\u00e9es, avec un retour \u00e0 l\u2019\u00e9tat ant\u00e9rieur dans la plupart des cas. Certains autistes restent gravement handicap\u00e9s toute leur vie sans acc\u00e8s au langage, tandis que d\u2019autres d\u00e9veloppent une autonomie personnelle et une int\u00e9gration relativement adapt\u00e9e.<\/p>\r\n\r\n\r\n\r\n<h4 class=\"wp-block-heading\"><span class=\"ez-toc-section\" id=\"Quels_sont_les_differents_stades_de_lautisme\"><\/span>Quels sont les diff\u00e9rents stades de l\u2019autisme ?<span class=\"ez-toc-section-end\"><\/span><\/h4>\r\n\r\n\r\n\r\n<p>Les troubles du spectre autistique (TSA) peuvent \u00eatre divis\u00e9s en deux cat\u00e9gories : l\u2019autisme avec troubles du d\u00e9veloppement et l\u2019autisme sans troubles du d\u00e9veloppement. L\u2019expression des troubles, le moment du diagnostic et les possibilit\u00e9s d\u2019insertion sont diff\u00e9rents.<\/p>\r\n\r\n\r\n\r\n<h3 class=\"wp-block-heading\"><span class=\"ez-toc-section\" id=\"Quels_sont_les_differents_degres_de_lautisme\"><\/span>Quels sont les diff\u00e9rents degr\u00e9s de l\u2019autisme ?<span class=\"ez-toc-section-end\"><\/span><\/h3>\r\n\r\n\r\n\r\n<p>Dans le DSM-4, l\u2019autisme est class\u00e9 sous le titre TED et se subdivise en plusieurs cat\u00e9gories : trouble autistique (autisme classique ou Kanner), syndrome d\u2019Asperger, TED non sp\u00e9cifique, syndrome de Rett, et d\u00e9sint\u00e9gratif de l\u2019enfance.<\/p>\r\n\r\n\r\n\r\n<h4 class=\"wp-block-heading\"><span class=\"ez-toc-section\" id=\"Cest_quoi_autiste_leger\"><\/span>C\u2019est quoi autiste l\u00e9ger ?<span class=\"ez-toc-section-end\"><\/span><\/h4>\r\n\r\n\r\n\r\n<p>Difficult\u00e9 \u00e0 \u00e9tablir des relations avec les autres et \u00e0 interagir avec leur environnement. Les adolescents atteints d\u2019autisme l\u00e9ger peuvent s\u2019int\u00e9resser aux autres, mais ne savent peut-\u00eatre pas comment leur parler ou jouer avec eux. Il leur est tr\u00e8s difficile d\u2019engager une conversation et de la maintenir.<\/p>\r\n\r\n\r\n\r\n<h3 class=\"wp-block-heading\"><span class=\"ez-toc-section\" id=\"Quelle_est_la_difference_entre_autisme_et_Asperger\"><\/span>Quelle est la diff\u00e9rence entre autisme et Asperger ?<span class=\"ez-toc-section-end\"><\/span><\/h3>\r\n\r\n\r\n\r\n<p>La seule chose qui diff\u00e8re clairement entre l\u2019autisme de haut niveau et le syndrome d\u2019Asperger est l\u2019\u00e2ge d\u2019apparition du langage. L\u2019entr\u00e9e pr\u00e9coce dans le langage des enfants Asperger leur donne naturellement un d\u00e9veloppement diff\u00e9rent de celui des enfants autistes de haut niveau.<\/p>\r\n\r\n\r\n\r\n<h4 class=\"wp-block-heading\"><span class=\"ez-toc-section\" id=\"Comment_Devient-on_Asperger\"><\/span>Comment Devient-on Asperger ?<span class=\"ez-toc-section-end\"><\/span><\/h4>\r\n\r\n\r\n\r\n<p>Les causes du syndrome d\u2019Asperger sont principalement g\u00e9n\u00e9tiques. La recherche neurologique a r\u00e9v\u00e9l\u00e9 des particularit\u00e9s dans le fonctionnement du cerveau, qui sont \u00e0 l\u2019origine des troubles s\u00e9lectifs de l\u2019empathie. Une fois le diagnostic pos\u00e9, un accompagnement interdisciplinaire peut \u00eatre propos\u00e9.<\/p>\r\n\r\n\r\n\r\n<h4 class=\"wp-block-heading\"><span class=\"ez-toc-section\" id=\"Cest_quoi_etre_Asperger\"><\/span>C\u2019est quoi \u00eatre Asperger ?<span class=\"ez-toc-section-end\"><\/span><\/h4>\r\n\r\n\r\n\r\n<p>Le syndrome d\u2019Asperger fait partie des TSA (troubles du spectre autistique). Il s\u2019agit d\u2019un trouble du d\u00e9veloppement d\u2019origine neurobiologique, touchant plus fr\u00e9quemment les gar\u00e7ons que les filles, et qui affecte essentiellement la fa\u00e7on dont les gens communiquent et interagissent avec les autres.<\/p>\r\n\r\n\r\n\r\n<h2 class=\"wp-block-heading\"><span class=\"ez-toc-section\" id=\"Pourquoi_il_ne_faut_pas_dire_Asperger\"><\/span>Pourquoi il ne faut pas dire Asperger ?<span class=\"ez-toc-section-end\"><\/span><\/h2>\r\n\r\n\r\n\r\n<p>Diagnostic du syndrome d\u2019Asperger. De plus, le terme syndrome d\u2019Asperger n\u2019est plus utilis\u00e9 depuis la sortie du DSM-5 en 2013, car ce dernier fait partie des troubles du spectre autistique (TSA) et que ses conditions sp\u00e9cifiques sont pr\u00e9cis\u00e9es \u00e0 l\u2019aide de sp\u00e9cifications.<\/p>\r\n\r\n\r\n\r\n<p>Comment pense un Asperger adulte ? Il peut aussi sans cesse interroger une personne sur les voitures sans se rendre compte que ce sujet de conversation l\u2019ennuie au plus haut point, etc. Il peut souvent sembler impoli, impulsif ou impitoyable simplement parce qu\u2019il ne peut pas lire les pens\u00e9es des autres, comprendre leurs sentiments.<\/p>\r\n\r\n\r\n\r\n<h3 class=\"wp-block-heading\"><span class=\"ez-toc-section\" id=\"Pourquoi_Devient-on_Asperger\"><\/span>Pourquoi Devient-on Asperger ?<span class=\"ez-toc-section-end\"><\/span><\/h3>\r\n\r\n\r\n\r\n<p>Les causes du syndrome d\u2019Asperger sont principalement g\u00e9n\u00e9tiques. La recherche neurologique a r\u00e9v\u00e9l\u00e9 des particularit\u00e9s dans le fonctionnement du cerveau, qui sont \u00e0 l\u2019origine des troubles s\u00e9lectifs de l\u2019empathie. Une fois le diagnostic pos\u00e9, un accompagnement interdisciplinaire peut \u00eatre propos\u00e9.<\/p>\r\n\r\n\r\n\r\n<h4 class=\"wp-block-heading\"><span class=\"ez-toc-section\" id=\"Est-ce_que_le_syndrome_dAsperger_se_soigne\"><\/span>Est-ce que le syndrome d\u2019Asperger se soigne ?<span class=\"ez-toc-section-end\"><\/span><\/h4>\r\n\r\n\r\n\r\n<p>Bien s\u00fbr, les personnes diagnostiqu\u00e9es avec le \u00ab\u00a0syndrome d\u2019Asperger\u00a0\u00bb ne disparaissent pas. Il n\u2019y a pas de rem\u00e8de pour l\u2019autisme. Cependant, l\u2019OMS va revoir sa classification selon le DSM 5 (manuel de diagnostic des troubles mentaux), dans lequel le terme \u2018syndrome d\u2019Asperger\u2019 n\u2019appara\u00eet plus.<\/p>\r\n\r\n\r\n\r\n<h4 class=\"wp-block-heading\"><span class=\"ez-toc-section\" id=\"Pourquoi_Est-on_autiste_Asperger\"><\/span>Pourquoi Est-on autiste Asperger ?<span class=\"ez-toc-section-end\"><\/span><\/h4>\r\n\r\n\r\n\r\n<p>Le syndrome d\u2019Asperger est un trouble envahissant du d\u00e9veloppement (TED) sur le plan neurologique, d\u2019origine g\u00e9n\u00e9tique. Il entre dans la cat\u00e9gorie des troubles du spectre autistique ou autisme. Le syndrome d\u2019Asperger n\u2019inclut pas la d\u00e9ficience intellectuelle ni le retard de langage.<\/p>\r\n\r\n\r\n\r\n<h3 class=\"wp-block-heading\"><span class=\"ez-toc-section\" id=\"Est-ce_que_les_Asperger_peut_mentir\"><\/span>Est-ce que les Asperger peut mentir ?<span class=\"ez-toc-section-end\"><\/span><\/h3>\r\n\r\n\r\n\r\n<p>Et elle n\u2019a pas \u00e0 se forcer pour les appr\u00e9cier. \u00ab Les Aspergers ont de tr\u00e8s belles personnalit\u00e9s. Ils sont g\u00e9n\u00e9reux, sans filtre ; ils ne savent pas mentir.<\/p>\r\n\r\n\r\n\r\n<h4 class=\"wp-block-heading\"><span class=\"ez-toc-section\" id=\"Quel_est_le_QI_dun_Asperger\"><\/span>Quel est le QI d\u2019un Asperger ?<span class=\"ez-toc-section-end\"><\/span><\/h4>\r\n\r\n\r\n\r\n<p>Pour qu\u2019une personne soit diagnostiqu\u00e9e autiste de haut niveau ou syndrome d\u2019Asperger, en plus des crit\u00e8res normalement identifi\u00e9s pour un diagnostic d\u2019autisme, il faut que son quotient intellectuel (Q.I.) soit sup\u00e9rieur \u00e0 70.<\/p>\r\n\r\n\r\n\r\n<h4 class=\"wp-block-heading\"><span class=\"ez-toc-section\" id=\"Comment_pense_un_autiste_Asperger\"><\/span>Comment pense un autiste Asperger ?<span class=\"ez-toc-section-end\"><\/span><\/h4>\r\n\r\n\r\n\r\n<p>Une personne atteinte du Syndrome d\u2019Asperger a du mal \u00e0 se faire des amis car il est difficile de comprendre les r\u00e8gles qu\u2019on s\u2019impose en soci\u00e9t\u00e9 sans m\u00eame les verbaliser. Elle aura \u00e9galement du mal \u00e0 comprendre tout ce qu\u2019on lui dit car elle a du mal \u00e0 s\u2019attribuer d\u2019autres pens\u00e9es.<\/p>\r\n\r\n\r\n\r\n<h3 class=\"wp-block-heading\"><span class=\"ez-toc-section\" id=\"Pourquoi_on_ne_dit_plus_syndrome_dAsperger\"><\/span>Pourquoi on ne dit plus syndrome d\u2019Asperger ?<span class=\"ez-toc-section-end\"><\/span><\/h3>\r\n\r\n\r\n\r\n<p>Auparavant, la classification \u00ab\u00a0Asperger\u00a0\u00bb faisait r\u00e9f\u00e9rence aux personnes autistes sans d\u00e9ficience intellectuelle. Mais cette d\u00e9signation n\u2019\u00e9tait pas claire car la plupart des gens avaient tendance \u00e0 prendre les Aspies (abr\u00e9viation d\u2019Asperger) pour des g\u00e9nies, ce qui est loin de la r\u00e9alit\u00e9.<\/p>\r\n\r\n\r\n\r\n<h4 class=\"wp-block-heading\"><span class=\"ez-toc-section\" id=\"Pourquoi_on_ne_dit_plus_Asperger\"><\/span>Pourquoi on ne dit plus Asperger ?<span class=\"ez-toc-section-end\"><\/span><\/h4>\r\n\r\n\r\n\r\n<p>De plus, le nom de syndrome d\u2019Asperger n\u2019a pas \u00e9t\u00e9 utilis\u00e9 depuis la sortie du DSM-5 en 2013, car ce dernier est inclus dans le trouble du spectre autistique (TSA) et ses conditions sp\u00e9cifiques sont sp\u00e9cifi\u00e9es \u00e0 l\u2019aide de sp\u00e9cifications.<\/p>\r\n\r\n\r\n\r\n<h4 class=\"wp-block-heading\"><span class=\"ez-toc-section\" id=\"Pourquoi_un_Asperger_ne_regarde_pas_dans_les_yeux\"><\/span>Pourquoi un Asperger ne regarde pas dans les yeux ?<span class=\"ez-toc-section-end\"><\/span><\/h4>\r\n\r\n\r\n\r\n<p>Certaines personnes autistes ont des difficult\u00e9s \u00e0 \u00e9tablir un contact visuel en raison de causes sensorielles, de concentration, d\u2019anxi\u00e9t\u00e9 ou d\u2019inconfort. Bien qu\u2019il soit possible de travailler avec le contact visuel, il est important de ne pas le forcer.<\/p>\r\n\r\n\r\n\r\n<h2 class=\"wp-block-heading\"><span class=\"ez-toc-section\" id=\"Comment_reconnaitre_une_femme_autiste\"><\/span>Comment reconna\u00eetre une femme autiste ?<span class=\"ez-toc-section-end\"><\/span><\/h2>\r\n\r\n\r\n\r\n<p>Les filles autistes sont souvent vou\u00e9es \u00e0 l\u2019\u00e9chec \u00e0 l\u2019\u00e9cole et sont d\u00e9crites comme timides, sages ou calmes par les enseignants. Les femmes\/filles ont plus de difficult\u00e9s int\u00e9rioris\u00e9es (d\u00e9pression, anxi\u00e9t\u00e9) et les hommes\/gar\u00e7ons plus de difficult\u00e9s ext\u00e9rioris\u00e9es (probl\u00e8mes de comportement, impulsivit\u00e9, TDAH).<\/p>\r\n\r\n\r\n\r\n<p>Comment reconna\u00eetre une femme autiste Asperger ? Lorsqu\u2019elle exprime ses sentiments au lieu de les r\u00e9primer, elle peut devenir arrogante, intol\u00e9rante, critique. Elle peut \u00eatre en col\u00e8re et r\u00e9fl\u00e9chir \u00e0 des d\u00e9sirs de vengeance. Les femmes Asperger peuvent aussi adopter la strat\u00e9gie cam\u00e9l\u00e9on de passer inaper\u00e7ues.<\/p>\r\n\r\n\r\n\r\n<h3 class=\"wp-block-heading\"><span class=\"ez-toc-section\" id=\"Quel_est_le_comportement_dun_autiste_adulte\"><\/span>Quel est le comportement d\u2019un autiste adulte ?<span class=\"ez-toc-section-end\"><\/span><\/h3>\r\n\r\n\r\n\r\n<p>Elle se caract\u00e9rise par un int\u00e9r\u00eat obsessionnel pour un sujet, la r\u00e9p\u00e9tition de mouvements, de paroles, une hypersensibilit\u00e9 ou une hyposensibilit\u00e9 \u00e0 certains stimuli. Mais aussi par le fait que les difficult\u00e9s d\u2019apprentissage, de langage, de communication non verbale entravent les relations interpersonnelles.<\/p>\r\n\r\n\r\n\r\n<h4 class=\"wp-block-heading\"><span class=\"ez-toc-section\" id=\"Quelles_sont_les_differentes_formes_dautisme_chez_ladulte\"><\/span>Quelles sont les diff\u00e9rentes formes d\u2019autisme chez l\u2019adulte ?<span class=\"ez-toc-section-end\"><\/span><\/h4>\r\n\r\n\r\n\r\n<p>ASD, TED, Aspergers\u2026 Quand on parle d\u2019autisme, il est parfois difficile de s\u2019y retrouver entre les diff\u00e9rentes appellations. Depuis 25 ans intervenant aupr\u00e8s des personnes avec autisme, l\u2019Ordre de Malte France apporte un \u00e9clairage sur ces troubles complexes.<\/p>\r\n\r\n\r\n\r\n<h4 class=\"wp-block-heading\"><span class=\"ez-toc-section\" id=\"Ou_placer_un_autiste_adulte\"><\/span>O\u00f9 placer un autiste adulte ?<span class=\"ez-toc-section-end\"><\/span><\/h4>\r\n\r\n\r\n\r\n<p>Les centres d\u2019accueil de jour (CAJ), le centre d\u2019accueil de jour (SAJ) ou les centres d\u2019accueil de jour (FDV) sont des \u00e9tablissements qui assurent l\u2019accueil de jour d\u2019adultes en situation de handicap qui ne peuvent acc\u00e9der \u00e0 un emploi adapt\u00e9, mais qui disposent d\u2019une certaine autonomie dans la vie de tous les jours. Activit\u00e9s.<\/p>\r\n\r\n\r\n\r\n<h3 class=\"wp-block-heading\"><span class=\"ez-toc-section\" id=\"Puis-je_etre_autiste_sans_le_savoir\"><\/span>Puis-je \u00eatre autiste sans le savoir ?<span class=\"ez-toc-section-end\"><\/span><\/h3>\r\n\r\n\r\n\r\n<p>De nombreuses femmes autistes, sans d\u00e9ficience intellectuelle associ\u00e9e, atteignent souvent l\u2019\u00e2ge adulte sans \u00eatre diagnostiqu\u00e9es.<\/p>\r\n\r\n\r\n\r\n<h4 class=\"wp-block-heading\"><span class=\"ez-toc-section\" id=\"Comment_savoir_si_on_est_atteint_dautisme\"><\/span>Comment savoir si on est atteint d\u2019autisme ?<span class=\"ez-toc-section-end\"><\/span><\/h4>\r\n\r\n\r\n\r\n<p>Il analyse quatre domaines o\u00f9 les traits autistiques sont les plus visibles : Alt\u00e9ration qualitative de l\u2019interaction sociale. Comportements, int\u00e9r\u00eats et activit\u00e9s limit\u00e9s, r\u00e9p\u00e9titifs et st\u00e9r\u00e9otyp\u00e9s. Troubles qualitatifs de la communication verbale ou non verbale.<\/p>\r\n\r\n\r\n\r\n<h4 class=\"wp-block-heading\"><span class=\"ez-toc-section\" id=\"Est-il_possible_detre_autiste_sans_le_savoir\"><\/span>Est-il possible d\u2019\u00eatre autiste sans le savoir ?<span class=\"ez-toc-section-end\"><\/span><\/h4>\r\n\r\n\r\n\r\n<p>Une personne atteinte de troubles du spectre autistique (TSA) peut ne pas remarquer ou m\u00eame \u00ab\u00a0lire\u00a0\u00bb les indices subtils d\u2019une autre personne qui est agac\u00e9e par son comportement ou son discours. Inconsciemment, la personne enfreint les r\u00e8gles sociales en n\u2019ob\u00e9issant pas aux signes avant-coureurs.<\/p>\r\n\r\n\r\n\r\n<h2 class=\"wp-block-heading\"><span class=\"ez-toc-section\" id=\"Est-ce_que_un_autiste_peut_se_mettre_a_parler\"><\/span>Est-ce que un autiste peut se mettre \u00e0 parler ?<span class=\"ez-toc-section-end\"><\/span><\/h2>\r\n\r\n\r\n\r\n<figure><img decoding=\"async\" class=\"attachment-full size-full\" src=\"https:\/\/toukiela.com\/wp-content\/uploads\/2022\/06\/Est-ce-que-un-autiste-peut-se-mettre-a-parler-.png\" sizes=\"(max-width: 1800px) 100vw, 1800px\" srcset=\"https:\/\/i0.wp.com\/toukiela.com\/wp-content\/uploads\/2022\/06\/Est-ce-que-un-autiste-peut-se-mettre-a-parler-.png?w=1800&amp;ssl=1 1800w, https:\/\/i0.wp.com\/toukiela.com\/wp-content\/uploads\/2022\/06\/Est-ce-que-un-autiste-peut-se-mettre-a-parler-.png?resize=300%2C148&amp;ssl=1 300w, https:\/\/i0.wp.com\/toukiela.com\/wp-content\/uploads\/2022\/06\/Est-ce-que-un-autiste-peut-se-mettre-a-parler-.png?resize=1024%2C506&amp;ssl=1 1024w, https:\/\/i0.wp.com\/toukiela.com\/wp-content\/uploads\/2022\/06\/Est-ce-que-un-autiste-peut-se-mettre-a-parler-.png?resize=768%2C379&amp;ssl=1 768w, https:\/\/i0.wp.com\/toukiela.com\/wp-content\/uploads\/2022\/06\/Est-ce-que-un-autiste-peut-se-mettre-a-parler-.png?resize=1536%2C759&amp;ssl=1 1536w, https:\/\/i0.wp.com\/toukiela.com\/wp-content\/uploads\/2022\/06\/Est-ce-que-un-autiste-peut-se-mettre-a-parler-.png?resize=18%2C9&amp;ssl=1 18w, https:\/\/i0.wp.com\/toukiela.com\/wp-content\/uploads\/2022\/06\/Est-ce-que-un-autiste-peut-se-mettre-a-parler-.png?resize=50%2C25&amp;ssl=1 50w, https:\/\/i0.wp.com\/toukiela.com\/wp-content\/uploads\/2022\/06\/Est-ce-que-un-autiste-peut-se-mettre-a-parler-.png?resize=1080%2C533&amp;ssl=1 1080w, https:\/\/i0.wp.com\/toukiela.com\/wp-content\/uploads\/2022\/06\/Est-ce-que-un-autiste-peut-se-mettre-a-parler-.png?resize=1280%2C632&amp;ssl=1 1280w, https:\/\/i0.wp.com\/toukiela.com\/wp-content\/uploads\/2022\/06\/Est-ce-que-un-autiste-peut-se-mettre-a-parler-.png?resize=980%2C484&amp;ssl=1 980w, https:\/\/i0.wp.com\/toukiela.com\/wp-content\/uploads\/2022\/06\/Est-ce-que-un-autiste-peut-se-mettre-a-parler-.png?resize=480%2C237&amp;ssl=1 480w\" alt=\"Est-ce que un autiste peut se mettre \u00e0 parler ?\" width=\"1800\" height=\"889\"><\/figure>\r\n\r\n\r\n\r\n<p>Chaque enfant atteint de troubles du spectre autistique (TSA) est diff\u00e9rent en mati\u00e8re de communication. Il peut ne pas savoir parler, il peut avoir parl\u00e9 un langage, mais ne l\u2019utilise pas pour communiquer avec les autres, il peut savoir parler et communiquer, mais pas toujours de mani\u00e8re appropri\u00e9e.<\/p>\r\n\r\n\r\n\r\n<p>Quand un enfant autiste parle-t-il ? Ils ne sont pas seuls, mais plut\u00f4t indiff\u00e9rents. Certains enfants autistes parleront tard, vers 4 ans, et acquerront un bon langage, mais ce dernier est souvent \u00e9cologique et les intonations sont inappropri\u00e9es.<\/p>\r\n\r\n\r\n\r\n<h3 class=\"wp-block-heading\"><span class=\"ez-toc-section\" id=\"Est-ce_que_les_autistes_pleurent\"><\/span>Est-ce que les autistes pleurent ?<span class=\"ez-toc-section-end\"><\/span><\/h3>\r\n\r\n\r\n\r\n<p>L\u2019enfant peut alors s\u2019exprimer de mani\u00e8re tr\u00e8s vive : agitation, pleurs, larmes, agression envers les autres ou envers lui-m\u00eame, \u00e9vitement de la situation, repli sur soi, etc.<\/p>\r\n\r\n\r\n\r\n<h4 class=\"wp-block-heading\"><span class=\"ez-toc-section\" id=\"Est-ce_quun_bebe_autiste_pleure\"><\/span>Est-ce qu\u2019un b\u00e9b\u00e9 autiste pleure ?<span class=\"ez-toc-section-end\"><\/span><\/h4>\r\n\r\n\r\n\r\n<p>Ces observations ne sont possibles que lorsque les pleurs sont provoqu\u00e9s par la douleur. Lorsque les enfants de l\u2019\u00e9tude ont atteint l\u2019\u00e2ge de trois ans, trois ont \u00e9t\u00e9 d\u00e9tect\u00e9s comme autistes : ils ont pleur\u00e9 le plus fort.<\/p>\r\n\r\n\r\n\r\n<h4 class=\"wp-block-heading\"><span class=\"ez-toc-section\" id=\"Pourquoi_un_enfant_autiste_pleure\"><\/span>Pourquoi un enfant autiste pleure ?<span class=\"ez-toc-section-end\"><\/span><\/h4>\r\n\r\n\r\n\r\n<p>Manifestations de stress chez les enfants autistes Ces crises, souvent assimil\u00e9es \u00e0 des caprices, sont en fait dues \u00e0 une accumulation de stress et de frustration qui ne peut s\u2019exprimer autrement. L\u2019enfant peut alors s\u2019isoler, pleurer, crier, faire preuve d\u2019agressivit\u00e9, voire s\u2019automutiler.<\/p>\r\n\r\n\r\n\r\n<h3 class=\"wp-block-heading\"><span class=\"ez-toc-section\" id=\"Est-ce_quun_autiste_comprend_ce_quon_lui_dit\"><\/span>Est-ce qu\u2019un autiste comprend ce qu\u2019on lui dit ?<span class=\"ez-toc-section-end\"><\/span><\/h3>\r\n\r\n\r\n\r\n<p>Le langage r\u00e9ceptif est la capacit\u00e9 de comprendre ce qui est dit. Des comp\u00e9tences linguistiques expressives et r\u00e9ceptives sont n\u00e9cessaires pour pouvoir communiquer efficacement. Lorsque l\u2019un de ces aspects est alt\u00e9r\u00e9, la capacit\u00e9 de la personne \u00e0 communiquer est affect\u00e9e.<\/p>\r\n\r\n\r\n\r\n<h4 class=\"wp-block-heading\"><span class=\"ez-toc-section\" id=\"Pourquoi_un_autiste_repete\"><\/span>Pourquoi un autiste r\u00e9p\u00e8te ?<span class=\"ez-toc-section-end\"><\/span><\/h4>\r\n\r\n\r\n\r\n<p>L\u2019\u00e9cholalie retard\u00e9e consiste en une r\u00e9p\u00e9tition produite plus de deux tours de parole plus tard. Il est linguistiquement plus complexe que ce que l\u2019enfant lui-m\u00eame peut produire et est souvent consid\u00e9r\u00e9 comme une routine de m\u00e9morisation par des partenaires de communication bien connus.<\/p>\r\n\r\n\r\n\r\n<h4 class=\"wp-block-heading\"><span class=\"ez-toc-section\" id=\"Comment_se_comporte_un_autiste\"><\/span>Comment se comporte un autiste ?<span class=\"ez-toc-section-end\"><\/span><\/h4>\r\n\r\n\r\n\r\n<p>Un enfant autiste peut adopter des comportements et des mouvements inappropri\u00e9s avec, par exemple, des gestes st\u00e9r\u00e9otyp\u00e9s (battre, sauter, se balancer, etc.). Lorsqu\u2019il s\u2019agit de jouer, il pr\u00e9f\u00e8re souvent aligner ses jouets plut\u00f4t que de participer \u00e0 des jeux de r\u00f4le ou d\u2019imitation \u00e0 son \u00e2ge.<\/p>\r\n\r\n\r\n\r\n<h2 class=\"wp-block-heading\"><span class=\"ez-toc-section\" id=\"Quel_avenir_pour_un_autiste_leger\"><\/span>Quel avenir pour un autiste l\u00e9ger ?<span class=\"ez-toc-section-end\"><\/span><\/h2>\r\n\r\n\r\n\r\n<p>Il y a tellement d\u2019options pour eux dans ce domaine. Les autistes deviennent ainsi v\u00e9t\u00e9rinaires, \u00e9leveurs ou gu\u00e9risseurs. Ils peuvent, par exemple, pratiquer dans un zoo ou dans un centre \u00e9questre.<\/p>\r\n\r\n\r\n\r\n<p>Une personne autiste peut-elle avoir une vie normale ? Selon l\u2019\u00e9tat actuel de la science, il n\u2019y a pas de rem\u00e8de pour l\u2019autisme. Cependant, de nombreux progr\u00e8s peuvent \u00eatre r\u00e9alis\u00e9s gr\u00e2ce \u00e0 un accompagnement pr\u00e9coce et un accompagnement sp\u00e9cifiquement adapt\u00e9 de type \u00ab\u00a0enseignement socio-p\u00e9dagogique et structur\u00e9\u00a0\u00bb, quels que soient l\u2019\u00e2ge et le niveau de la personne.<\/p>\r\n\r\n\r\n\r\n<h3 class=\"wp-block-heading\"><span class=\"ez-toc-section\" id=\"Est-ce_que_lautisme_peut_saggraver\"><\/span>Est-ce que l\u2019autisme peut s\u2019aggraver ?<span class=\"ez-toc-section-end\"><\/span><\/h3>\r\n\r\n\r\n\r\n<p>La situation des adultes autistes \u00e9volue constamment ; cela peut s\u2019am\u00e9liorer ou s\u2019aggraver au cours d\u2019une vie.<\/p>\r\n\r\n\r\n\r\n<h4 class=\"wp-block-heading\"><span class=\"ez-toc-section\" id=\"Pourquoi_le_nombre_dautistes_augmente\"><\/span>Pourquoi le nombre d\u2019autistes augmente ?<span class=\"ez-toc-section-end\"><\/span><\/h4>\r\n\r\n\r\n\r\n<p>Cette augmentation tr\u00e8s importante n\u2019a pas d\u2019explication officielle, mais des facteurs environnementaux de pollution chimique sont point\u00e9s du doigt. L\u2019autisme est un trouble neurod\u00e9veloppemental dont la cause est encore inconnue, bien que des facteurs g\u00e9n\u00e9tiques aient \u00e9t\u00e9 identifi\u00e9s dans certains cas.<\/p>\r\n\r\n\r\n\r\n<h4 class=\"wp-block-heading\"><span class=\"ez-toc-section\" id=\"Comment_vieillissent_les_autistes\"><\/span>Comment vieillissent les autistes ?<span class=\"ez-toc-section-end\"><\/span><\/h4>\r\n\r\n\r\n\r\n<p>Les personnes autistes vieillissent au m\u00eame rythme que leurs parents et leurs proches. En cela, ils sont vraiment nos camarades ! Mais leur mani\u00e8re d\u2019\u00eatre colore leur d\u00e9veloppement \u00e0 travers les \u00e9poques de la vie.<\/p>\r\n\r\n\r\n\r\n<h3 class=\"wp-block-heading\"><span class=\"ez-toc-section\" id=\"Est-ce_que_les_autistes_vivent_longtemps\"><\/span>Est-ce que les autistes vivent longtemps ?<span class=\"ez-toc-section-end\"><\/span><\/h3>\r\n\r\n\r\n\r\n<p>Les personnes atteintes de troubles du spectre autistique (TSA) ont une esp\u00e9rance de vie r\u00e9duite d\u2019environ seize \u00e0 dix-huit ans par rapport \u00e0 la population g\u00e9n\u00e9rale, cette r\u00e9duction \u00e9quivaut \u00e0 30 ans pour les personnes autistes ayant des troubles d\u2019apprentissage.<\/p>\r\n\r\n\r\n\r\n<h4 class=\"wp-block-heading\"><span class=\"ez-toc-section\" id=\"Est-ce_quun_autiste_peut_vivre_seul\"><\/span>Est-ce qu\u2019un autiste peut vivre seul ?<span class=\"ez-toc-section-end\"><\/span><\/h4>\r\n\r\n\r\n\r\n<p>Les moments de solitude chez les personnes autistes leur permettent aussi de r\u00e9cup\u00e9rer leur \u00e9nergie et d\u2019affaiblir leurs sens, ce qui peut \u00eatre mis \u00e0 rude \u00e9preuve d\u00e8s qu\u2019il y a un groupe de personnes. Traduction libre : L\u2019enfant seul n\u2019a pas de d\u00e9ficit qualitatif dans les interactions sociales.<\/p>\r\n\r\n\r\n\r\n<h4 class=\"wp-block-heading\"><span class=\"ez-toc-section\" id=\"Comment_vieillissent_les_autistes-2\"><\/span>Comment vieillissent les autistes ?<span class=\"ez-toc-section-end\"><\/span><\/h4>\r\n\r\n\r\n\r\n<p>Les personnes autistes vieillissent au m\u00eame rythme que leurs parents et leurs proches. En cela, ils sont vraiment nos camarades ! Mais leur mani\u00e8re d\u2019\u00eatre colore leur d\u00e9veloppement \u00e0 travers les \u00e9poques de la vie.<\/p>\r\n\r\n\r\n\r\n<h3 class=\"wp-block-heading\"><span class=\"ez-toc-section\" id=\"Comment_se_comporter_avec_un_autisme_leger\"><\/span>Comment se comporter avec un autisme l\u00e9ger ?<span class=\"ez-toc-section-end\"><\/span><\/h3>\r\n\r\n\r\n\r\n<p>Il sera \u00e9galement important que vous soyez conscient et attentif. Si possible, demandez \u00e0 l\u2019enfant de vous dire ce qui ne va pas. Laissez-le trouver les mots. Dans le cas d\u2019un enfant non verbal, demandez-lui de vous montrer ce qui ne va pas ou ce qui le d\u00e9range.<\/p>\r\n\r\n\r\n\r\n<h4 class=\"wp-block-heading\"><span class=\"ez-toc-section\" id=\"Est-ce_que_les_autistes_parlent\"><\/span>Est-ce que les autistes parlent ?<span class=\"ez-toc-section-end\"><\/span><\/h4>\r\n\r\n\r\n\r\n<p>Il peut ne pas savoir parler, il peut avoir parl\u00e9 un langage, mais ne l\u2019utilise pas pour communiquer avec les autres, il peut savoir parler et communiquer, mais pas toujours de mani\u00e8re appropri\u00e9e. L\u2019\u00e9cholalie est l\u2019un des troubles du langage assez courants chez les enfants autistes.<\/p>\r\n\r\n\r\n\r\n<h4 class=\"wp-block-heading\"><span class=\"ez-toc-section\" id=\"Est-ce_que_les_autistes_pleurent-2\"><\/span>Est-ce que les autistes pleurent ?<span class=\"ez-toc-section-end\"><\/span><\/h4>\r\n\r\n\r\n\r\n<p>L\u2019enfant peut alors s\u2019exprimer de mani\u00e8re tr\u00e8s vive : agitation, pleurs, larmes, agression envers les autres ou envers lui-m\u00eame, \u00e9vitement de la situation, repli sur soi, etc.<\/p>\r\n\r\n<p><script type=\"application\/ld+json\">{\"@context\":\"https:\/\/schema.org\",\"@type\":\"FAQPage\",\"mainEntity\":[{\"@type\":\"Question\",\"name\":\"Quelle est la forme d'autisme la plus grave ?\",\"acceptedAnswer\":{\"@type\":\"Answer\",\"text\":\"L'autisme de Kanners, ou autisme infantile, commence dans la petite enfance et est une forme s&eacute;v&egrave;re d'autisme. Les premiers sympt&ocirc;mes apparaissent avant l'&acirc;ge de trois ans.Comment reconna&icirc;tre un autisme tr&egrave;s l&eacute;ger ? Dans certains cas d'autisme plus l&eacute;ger ou sans retard intellectuel, certains signes sont d&eacute;tect&eacute;s plus sp&eacute;cifiquement &agrave; l'adolescence :isolation,m&eacute;connaissance des conventions sociales,difficult&eacute; &agrave; exprimer ou &agrave; contr&ocirc;ler ses &eacute;motionsmanque d'empathie,\"}},{\"@type\":\"Question\",\"name\":\"Pourquoi il ne faut pas dire Asperger ?\",\"acceptedAnswer\":{\"@type\":\"Answer\",\"text\":\"Diagnostic du syndrome d'Asperger. De plus, le terme syndrome d'Asperger n'est plus utilis&eacute; depuis la sortie du DSM-5 en 2013, car ce dernier fait partie des troubles du spectre autistique (TSA) et que ses conditions sp&eacute;cifiques sont pr&eacute;cis&eacute;es &agrave; l'aide de sp&eacute;cifications.Comment pense un Asperger adulte ? Il peut aussi sans cesse interroger une personne sur les voitures sans se rendre compte que ce sujet de conversation l'ennuie au plus haut point, etc. Il peut souvent sembler impoli, impulsif ou impitoyable simplement parce qu'il ne peut pas lire les pens&eacute;es des autres, comprendre leurs sentiments.\"}},{\"@type\":\"Question\",\"name\":\"Comment reconna&icirc;tre une femme autiste ?\",\"acceptedAnswer\":{\"@type\":\"Answer\",\"text\":\"Les filles autistes sont souvent vou&eacute;es &agrave; l'&eacute;chec &agrave; l'&eacute;cole et sont d&eacute;crites comme timides, sages ou calmes par les enseignants. Les femmes\/filles ont plus de difficult&eacute;s int&eacute;rioris&eacute;es (d&eacute;pression, anxi&eacute;t&eacute;) et les hommes\/gar&ccedil;ons plus de difficult&eacute;s ext&eacute;rioris&eacute;es (probl&egrave;mes de comportement, impulsivit&eacute;, TDAH).Comment reconna&icirc;tre une femme autiste Asperger ? Lorsqu'elle exprime ses sentiments au lieu de les r&eacute;primer, elle peut devenir arrogante, intol&eacute;rante, critique. Elle peut &ecirc;tre en col&egrave;re et r&eacute;fl&eacute;chir &agrave; des d&eacute;sirs de vengeance. Les femmes Asperger peuvent aussi adopter la strat&eacute;gie cam&eacute;l&eacute;on de passer inaper&ccedil;ues.\"}},{\"@type\":\"Question\",\"name\":\"Est-ce que un autiste peut se mettre &agrave; parler ?\",\"acceptedAnswer\":{\"@type\":\"Answer\",\"text\":\"Chaque enfant atteint de troubles du spectre autistique (TSA) est diff&eacute;rent en mati&egrave;re de communication. Il peut ne pas savoir parler, il peut avoir parl&eacute; un langage, mais ne l'utilise pas pour communiquer avec les autres, il peut savoir parler et communiquer, mais pas toujours de mani&egrave;re appropri&eacute;e.Quand un enfant autiste parle-t-il ? Ils ne sont pas seuls, mais plut&ocirc;t indiff&eacute;rents. Certains enfants autistes parleront tard, vers 4 ans, et acquerront un bon langage, mais ce dernier est souvent &eacute;cologique et les intonations sont inappropri&eacute;es.\"}},{\"@type\":\"Question\",\"name\":\"Quel avenir pour un autiste l&eacute;ger ?\",\"acceptedAnswer\":{\"@type\":\"Answer\",\"text\":\"Il y a tellement d'options pour eux dans ce domaine. Les autistes deviennent ainsi v&eacute;t&eacute;rinaires, &eacute;leveurs ou gu&eacute;risseurs. Ils peuvent, par exemple, pratiquer dans un zoo ou dans un centre &eacute;questre.Une personne autiste peut-elle avoir une vie normale ? Selon l'&eacute;tat actuel de la science, il n'y a pas de rem&egrave;de pour l'autisme. Cependant, de nombreux progr&egrave;s peuvent &ecirc;tre r&eacute;alis&eacute;s gr&acirc;ce &agrave; un accompagnement pr&eacute;coce et un accompagnement sp&eacute;cifiquement adapt&eacute; de type \\\"enseignement socio-p&eacute;dagogique et structur&eacute;\\\", quels que soient l'&acirc;ge et le niveau de la personne.\"}}]}<\/script><\/p>\n\n","protected":false},"excerpt":{"rendered":"","protected":false},"author":1,"featured_media":1915,"comment_status":"open","ping_status":"open","sticky":false,"template":"","format":"standard","meta":{"_seopress_robots_primary_cat":"none","_seopress_titles_title":"","_seopress_titles_desc":"","_seopress_robots_index":"","footnotes":""},"categories":[31],"tags":[244,243,247,245,246],"class_list":["post-1914","post","type-post","status-publish","format-standard","has-post-thumbnail","hentry","category-life-style","tag-asperger","tag-autisme","tag-autiste","tag-autistes","tag-syndrome","generate-columns","tablet-grid-50","mobile-grid-100","grid-parent","grid-50"],"_links":{"self":[{"href":"https:\/\/toukiela.com\/fr_ca\/wp-json\/wp\/v2\/posts\/1914","targetHints":{"allow":["GET"]}}],"collection":[{"href":"https:\/\/toukiela.com\/fr_ca\/wp-json\/wp\/v2\/posts"}],"about":[{"href":"https:\/\/toukiela.com\/fr_ca\/wp-json\/wp\/v2\/types\/post"}],"author":[{"embeddable":true,"href":"https:\/\/toukiela.com\/fr_ca\/wp-json\/wp\/v2\/users\/1"}],"replies":[{"embeddable":true,"href":"https:\/\/toukiela.com\/fr_ca\/wp-json\/wp\/v2\/comments?post=1914"}],"version-history":[{"count":0,"href":"https:\/\/toukiela.com\/fr_ca\/wp-json\/wp\/v2\/posts\/1914\/revisions"}],"wp:featuredmedia":[{"embeddable":true,"href":"https:\/\/toukiela.com\/fr_ca\/wp-json\/wp\/v2\/media\/1915"}],"wp:attachment":[{"href":"https:\/\/toukiela.com\/fr_ca\/wp-json\/wp\/v2\/media?parent=1914"}],"wp:term":[{"taxonomy":"category","embeddable":true,"href":"https:\/\/toukiela.com\/fr_ca\/wp-json\/wp\/v2\/categories?post=1914"},{"taxonomy":"post_tag","embeddable":true,"href":"https:\/\/toukiela.com\/fr_ca\/wp-json\/wp\/v2\/tags?post=1914"}],"curies":[{"name":"wp","href":"https:\/\/api.w.org\/{rel}","templated":true}]}}