{"id":1910,"date":"2022-06-22T00:28:51","date_gmt":"2022-06-22T00:28:51","guid":{"rendered":"https:\/\/toukiela.com\/quelle-est-la-difference-entre-autisme-et-tsa-month-year\/"},"modified":"2022-08-30T10:30:25","modified_gmt":"2022-08-30T10:30:25","slug":"quelle-est-la-difference-entre-autisme-et-tsa-month-year","status":"publish","type":"post","link":"https:\/\/toukiela.com\/fr_ca\/quelle-est-la-difference-entre-autisme-et-tsa-month-year\/","title":{"rendered":"Quelle est la diff\u00e9rence entre autisme et TSA ? avril 2026"},"content":{"rendered":"<p><iframe title=\"\ud83d\udcccTSA en quelques mots en 2021. #2\" width=\"1200\" height=\"675\" src=\"https:\/\/www.youtube-nocookie.com\/embed\/rGi5W1yogu0?feature=oembed\" frameborder=\"0\" allow=\"accelerometer; autoplay; clipboard-write; encrypted-media; gyroscope; picture-in-picture; web-share\" allowfullscreen><\/iframe><\/p>\r\n<p>Le syndrome d\u2019Asperger (TSA) est un trouble du d\u00e9veloppement qui fait partie du spectre autistique. Le trouble du spectre autistique (TSA) est un terme g\u00e9n\u00e9rique qui comprend le syndrome d\u2019Asperger, le trouble autistique, le trouble d\u00e9sint\u00e9gratif de l\u2019enfance et le trouble envahissant du d\u00e9veloppement non sp\u00e9cifi\u00e9 (TED-NS). Les troubles du spectre autistique affectent la capacit\u00e9 d\u2019une personne \u00e0 communiquer et \u00e0 interagir avec les autres.<\/p>\r\n<p>Les TSA sont des troubles \u00ab\u00a0spectraux\u00a0\u00bb, ce qui signifie que le type et la gravit\u00e9 des sympt\u00f4mes varient consid\u00e9rablement d\u2019une personne \u00e0 l\u2019autre. Certaines personnes atteintes de TSA sont non verbales, tandis que d\u2019autres peuvent parler couramment. Certaines personnes atteintes de TSA ne pr\u00e9sentent que des sympt\u00f4mes l\u00e9gers, tandis que d\u2019autres peuvent pr\u00e9senter des sympt\u00f4mes plus graves qui ont un impact sur leur vie quotidienne.<\/p>\r\n<p>Il n\u2019y a pas de cause unique aux TSA. Les recherches sugg\u00e8rent que les TSA sont caus\u00e9s par une combinaison de facteurs g\u00e9n\u00e9tiques et environnementaux. Les TSA sont incurables, mais il existe des traitements qui peuvent aider les gens \u00e0 g\u00e9rer leurs sympt\u00f4mes et \u00e0 am\u00e9liorer leur qualit\u00e9 de vie.<\/p>\r\n<p>Si vous pensez que vous ou quelqu\u2019un que vous connaissez pourrait \u00eatre atteint de TSA, veuillez en parler aux personnes suivantes:<\/p>\r\n<p>Un m\u00e9decin de soins primaires<\/p>\r\n<p>Un p\u00e9diatre du d\u00e9veloppement<\/p>\r\n<p>Un p\u00e9dopsychiatre<\/p>\r\n<p>Un psychologue<\/p>\r\n<p>Un orthophoniste<\/p>\r\n<p>Un ergoth\u00e9rapeute<\/p>\r\n<div id=\"ez-toc-container\" class=\"ez-toc-v2_0_82_2 counter-hierarchy ez-toc-counter ez-toc-grey ez-toc-container-direction\">\n<p class=\"ez-toc-title\" style=\"cursor:inherit\">Sommaire<\/p>\n<label for=\"ez-toc-cssicon-toggle-item-69f1b0549db5a\" class=\"ez-toc-cssicon-toggle-label\"><span class=\"\"><span class=\"eztoc-hide\" style=\"display:none;\">Toggle<\/span><span class=\"ez-toc-icon-toggle-span\"><svg style=\"fill: #999;color:#999\" xmlns=\"http:\/\/www.w3.org\/2000\/svg\" class=\"list-377408\" width=\"20px\" height=\"20px\" viewBox=\"0 0 24 24\" fill=\"none\"><path d=\"M6 6H4v2h2V6zm14 0H8v2h12V6zM4 11h2v2H4v-2zm16 0H8v2h12v-2zM4 16h2v2H4v-2zm16 0H8v2h12v-2z\" fill=\"currentColor\"><\/path><\/svg><svg style=\"fill: #999;color:#999\" class=\"arrow-unsorted-368013\" xmlns=\"http:\/\/www.w3.org\/2000\/svg\" width=\"10px\" height=\"10px\" viewBox=\"0 0 24 24\" version=\"1.2\" baseProfile=\"tiny\"><path d=\"M18.2 9.3l-6.2-6.3-6.2 6.3c-.2.2-.3.4-.3.7s.1.5.3.7c.2.2.4.3.7.3h11c.3 0 .5-.1.7-.3.2-.2.3-.5.3-.7s-.1-.5-.3-.7zM5.8 14.7l6.2 6.3 6.2-6.3c.2-.2.3-.5.3-.7s-.1-.5-.3-.7c-.2-.2-.4-.3-.7-.3h-11c-.3 0-.5.1-.7.3-.2.2-.3.5-.3.7s.1.5.3.7z\"\/><\/svg><\/span><\/span><\/label><input type=\"checkbox\"  id=\"ez-toc-cssicon-toggle-item-69f1b0549db5a\"  aria-label=\"Toggle\" \/><nav><ul class='ez-toc-list ez-toc-list-level-1 ' ><li class='ez-toc-page-1 ez-toc-heading-level-2'><a class=\"ez-toc-link ez-toc-heading-1\" href=\"https:\/\/toukiela.com\/fr_ca\/quelle-est-la-difference-entre-autisme-et-tsa-month-year\/#Quel_est_le_QI_dun_Asperger\" >Quel est le QI d\u2019un Asperger ?<\/a><ul class='ez-toc-list-level-3' ><li class='ez-toc-heading-level-3'><a class=\"ez-toc-link ez-toc-heading-2\" href=\"https:\/\/toukiela.com\/fr_ca\/quelle-est-la-difference-entre-autisme-et-tsa-month-year\/#Est-ce_que_les_autistes_sont_plus_intelligents\" >Est-ce que les autistes sont plus intelligents ?<\/a><ul class='ez-toc-list-level-4' ><li class='ez-toc-heading-level-4'><a class=\"ez-toc-link ez-toc-heading-3\" href=\"https:\/\/toukiela.com\/fr_ca\/quelle-est-la-difference-entre-autisme-et-tsa-month-year\/#Est-ce_que_tous_les_autistes_sont_intelligents\" >Est-ce que tous les autistes sont intelligents ?<\/a><\/li><li class='ez-toc-page-1 ez-toc-heading-level-4'><a class=\"ez-toc-link ez-toc-heading-4\" href=\"https:\/\/toukiela.com\/fr_ca\/quelle-est-la-difference-entre-autisme-et-tsa-month-year\/#Comment_les_autistes_appellent_les_gens_normaux\" >Comment les autistes appellent les gens normaux ?<\/a><\/li><\/ul><\/li><li class='ez-toc-page-1 ez-toc-heading-level-3'><a class=\"ez-toc-link ez-toc-heading-5\" href=\"https:\/\/toukiela.com\/fr_ca\/quelle-est-la-difference-entre-autisme-et-tsa-month-year\/#Est-ce_que_les_Asperger_peut_mentir\" >Est-ce que les Asperger peut mentir ?<\/a><ul class='ez-toc-list-level-4' ><li class='ez-toc-heading-level-4'><a class=\"ez-toc-link ez-toc-heading-6\" href=\"https:\/\/toukiela.com\/fr_ca\/quelle-est-la-difference-entre-autisme-et-tsa-month-year\/#Comment_pense_un_autiste_Asperger\" >Comment pense un autiste Asperger ?<\/a><\/li><li class='ez-toc-page-1 ez-toc-heading-level-4'><a class=\"ez-toc-link ez-toc-heading-7\" href=\"https:\/\/toukiela.com\/fr_ca\/quelle-est-la-difference-entre-autisme-et-tsa-month-year\/#Comment_vieilli_un_Asperger\" >Comment vieilli un Asperger ?<\/a><\/li><\/ul><\/li><li class='ez-toc-page-1 ez-toc-heading-level-3'><a class=\"ez-toc-link ez-toc-heading-8\" href=\"https:\/\/toukiela.com\/fr_ca\/quelle-est-la-difference-entre-autisme-et-tsa-month-year\/#Quelle_difference_entre_autisme_et_Asperger\" >Quelle diff\u00e9rence entre autisme et Asperger ?<\/a><ul class='ez-toc-list-level-4' ><li class='ez-toc-heading-level-4'><a class=\"ez-toc-link ez-toc-heading-9\" href=\"https:\/\/toukiela.com\/fr_ca\/quelle-est-la-difference-entre-autisme-et-tsa-month-year\/#Comment_reconnaitre_un_syndrome_dAsperger\" >Comment reconna\u00eetre un syndrome d\u2019Asperger ?<\/a><\/li><li class='ez-toc-page-1 ez-toc-heading-level-4'><a class=\"ez-toc-link ez-toc-heading-10\" href=\"https:\/\/toukiela.com\/fr_ca\/quelle-est-la-difference-entre-autisme-et-tsa-month-year\/#Cest_quoi_un_Asperger\" >C\u2019est quoi un Asperger ?<\/a><\/li><\/ul><\/li><\/ul><\/li><li class='ez-toc-page-1 ez-toc-heading-level-2'><a class=\"ez-toc-link ez-toc-heading-11\" href=\"https:\/\/toukiela.com\/fr_ca\/quelle-est-la-difference-entre-autisme-et-tsa-month-year\/#Comment_savoir_si_on_est_TSA_adulte\" >Comment savoir si on est TSA adulte ?<\/a><ul class='ez-toc-list-level-3' ><li class='ez-toc-heading-level-3'><a class=\"ez-toc-link ez-toc-heading-12\" href=\"https:\/\/toukiela.com\/fr_ca\/quelle-est-la-difference-entre-autisme-et-tsa-month-year\/#Quelles_sont_les_differentes_formes_dautisme_chez_ladulte\" >Quelles sont les diff\u00e9rentes formes d\u2019autisme chez l\u2019adulte ?<\/a><\/li><li class='ez-toc-page-1 ez-toc-heading-level-3'><a class=\"ez-toc-link ez-toc-heading-13\" href=\"https:\/\/toukiela.com\/fr_ca\/quelle-est-la-difference-entre-autisme-et-tsa-month-year\/#Cest_quoi_lautisme_leger\" >C\u2019est quoi l\u2019autisme l\u00e9ger ?<\/a><ul class='ez-toc-list-level-4' ><li class='ez-toc-heading-level-4'><a class=\"ez-toc-link ez-toc-heading-14\" href=\"https:\/\/toukiela.com\/fr_ca\/quelle-est-la-difference-entre-autisme-et-tsa-month-year\/#Quel_avenir_pour_un_autiste_leger\" >Quel avenir pour un autiste l\u00e9ger ?<\/a><\/li><li class='ez-toc-page-1 ez-toc-heading-level-4'><a class=\"ez-toc-link ez-toc-heading-15\" href=\"https:\/\/toukiela.com\/fr_ca\/quelle-est-la-difference-entre-autisme-et-tsa-month-year\/#Quels_sont_les_traits_autistiques\" >Quels sont les traits autistiques ?<\/a><\/li><\/ul><\/li><\/ul><\/li><li class='ez-toc-page-1 ez-toc-heading-level-2'><a class=\"ez-toc-link ez-toc-heading-16\" href=\"https:\/\/toukiela.com\/fr_ca\/quelle-est-la-difference-entre-autisme-et-tsa-month-year\/#Pourquoi_les_autistes_ne_parle_pas\" >Pourquoi les autistes ne parle pas ?<\/a><ul class='ez-toc-list-level-3' ><li class='ez-toc-heading-level-3'><a class=\"ez-toc-link ez-toc-heading-17\" href=\"https:\/\/toukiela.com\/fr_ca\/quelle-est-la-difference-entre-autisme-et-tsa-month-year\/#Comment_communiquer_avec_un_autiste_qui_ne_parle_pas\" >Comment communiquer avec un autiste qui ne parle pas ?<\/a><ul class='ez-toc-list-level-4' ><li class='ez-toc-heading-level-4'><a class=\"ez-toc-link ez-toc-heading-18\" href=\"https:\/\/toukiela.com\/fr_ca\/quelle-est-la-difference-entre-autisme-et-tsa-month-year\/#Pourquoi_les_autistes_ne_parlent_pas\" >Pourquoi les autistes ne parlent pas ?<\/a><\/li><li class='ez-toc-page-1 ez-toc-heading-level-4'><a class=\"ez-toc-link ez-toc-heading-19\" href=\"https:\/\/toukiela.com\/fr_ca\/quelle-est-la-difference-entre-autisme-et-tsa-month-year\/#Comment_sexprime_un_autiste\" >Comment s\u2019exprime un autiste ?<\/a><\/li><\/ul><\/li><li class='ez-toc-page-1 ez-toc-heading-level-3'><a class=\"ez-toc-link ez-toc-heading-20\" href=\"https:\/\/toukiela.com\/fr_ca\/quelle-est-la-difference-entre-autisme-et-tsa-month-year\/#Comment_aider_un_enfant_autiste_a_parle\" >Comment aider un enfant autiste a parl\u00e9 ?<\/a><ul class='ez-toc-list-level-4' ><li class='ez-toc-heading-level-4'><a class=\"ez-toc-link ez-toc-heading-21\" href=\"https:\/\/toukiela.com\/fr_ca\/quelle-est-la-difference-entre-autisme-et-tsa-month-year\/#Comment_travailler_avec_un_eleve_autiste\" >Comment travailler avec un \u00e9l\u00e8ve autiste ?<\/a><\/li><li class='ez-toc-page-1 ez-toc-heading-level-4'><a class=\"ez-toc-link ez-toc-heading-22\" href=\"https:\/\/toukiela.com\/fr_ca\/quelle-est-la-difference-entre-autisme-et-tsa-month-year\/#Quelles_activites_faire_avec_un_enfant_autiste\" >Quelles activit\u00e9s faire avec un enfant autiste ?<\/a><\/li><\/ul><\/li><li class='ez-toc-page-1 ez-toc-heading-level-3'><a class=\"ez-toc-link ez-toc-heading-23\" href=\"https:\/\/toukiela.com\/fr_ca\/quelle-est-la-difference-entre-autisme-et-tsa-month-year\/#Quand_parle_un_enfant_autiste\" >Quand parle un enfant autiste ?<\/a><ul class='ez-toc-list-level-4' ><li class='ez-toc-heading-level-4'><a class=\"ez-toc-link ez-toc-heading-24\" href=\"https:\/\/toukiela.com\/fr_ca\/quelle-est-la-difference-entre-autisme-et-tsa-month-year\/#Quest-ce_quun_enfant_autiste_ne_peut_pas_faire\" >Qu\u2019est-ce qu\u2019un enfant autiste ne peut pas faire ?<\/a><\/li><\/ul><\/li><\/ul><\/li><li class='ez-toc-page-1 ez-toc-heading-level-2'><a class=\"ez-toc-link ez-toc-heading-25\" href=\"https:\/\/toukiela.com\/fr_ca\/quelle-est-la-difference-entre-autisme-et-tsa-month-year\/#Quel_trouble_ressemble_a_lautisme\" >Quel trouble ressemble \u00e0 l\u2019autisme ?<\/a><ul class='ez-toc-list-level-3' ><li class='ez-toc-heading-level-3'><a class=\"ez-toc-link ez-toc-heading-26\" href=\"https:\/\/toukiela.com\/fr_ca\/quelle-est-la-difference-entre-autisme-et-tsa-month-year\/#Quelle_difference_entre_autisme_et_trouble_du_spectre_autistique\" >Quelle diff\u00e9rence entre autisme et trouble du spectre autistique ?<\/a><ul class='ez-toc-list-level-4' ><li class='ez-toc-heading-level-4'><a class=\"ez-toc-link ez-toc-heading-27\" href=\"https:\/\/toukiela.com\/fr_ca\/quelle-est-la-difference-entre-autisme-et-tsa-month-year\/#Quelle_difference_entre_autisme_et_TSA\" >Quelle diff\u00e9rence entre autisme et TSA ?<\/a><\/li><li class='ez-toc-page-1 ez-toc-heading-level-4'><a class=\"ez-toc-link ez-toc-heading-28\" href=\"https:\/\/toukiela.com\/fr_ca\/quelle-est-la-difference-entre-autisme-et-tsa-month-year\/#Quels_sont_les_differents_spectre_de_lautisme\" >Quels sont les diff\u00e9rents spectre de l\u2019autisme ?<\/a><\/li><\/ul><\/li><li class='ez-toc-page-1 ez-toc-heading-level-3'><a class=\"ez-toc-link ez-toc-heading-29\" href=\"https:\/\/toukiela.com\/fr_ca\/quelle-est-la-difference-entre-autisme-et-tsa-month-year\/#Cest_quoi_lautisme_atypique\" >C\u2019est quoi l\u2019autisme atypique ?<\/a><ul class='ez-toc-list-level-4' ><li class='ez-toc-heading-level-4'><a class=\"ez-toc-link ez-toc-heading-30\" href=\"https:\/\/toukiela.com\/fr_ca\/quelle-est-la-difference-entre-autisme-et-tsa-month-year\/#Quelles_sont_les_differentes_formes_dautisme\" >Quelles sont les diff\u00e9rentes formes d\u2019autisme ?<\/a><\/li><li class='ez-toc-page-1 ez-toc-heading-level-4'><a class=\"ez-toc-link ez-toc-heading-31\" href=\"https:\/\/toukiela.com\/fr_ca\/quelle-est-la-difference-entre-autisme-et-tsa-month-year\/#Quel_est_lautisme_le_plus_grave\" >Quel est l\u2019autisme le plus grave ?<\/a><\/li><\/ul><\/li><li class='ez-toc-page-1 ez-toc-heading-level-3'><a class=\"ez-toc-link ez-toc-heading-32\" href=\"https:\/\/toukiela.com\/fr_ca\/quelle-est-la-difference-entre-autisme-et-tsa-month-year\/#Cest_quoi_lautisme_leger-2\" >C\u2019est quoi l\u2019autisme l\u00e9ger ?<\/a><ul class='ez-toc-list-level-4' ><li class='ez-toc-heading-level-4'><a class=\"ez-toc-link ez-toc-heading-33\" href=\"https:\/\/toukiela.com\/fr_ca\/quelle-est-la-difference-entre-autisme-et-tsa-month-year\/#Quel_avenir_pour_un_autiste_leger-2\" >Quel avenir pour un autiste l\u00e9ger ?<\/a><\/li><li class='ez-toc-page-1 ez-toc-heading-level-4'><a class=\"ez-toc-link ez-toc-heading-34\" href=\"https:\/\/toukiela.com\/fr_ca\/quelle-est-la-difference-entre-autisme-et-tsa-month-year\/#Quels_sont_les_traits_autistiques-2\" >Quels sont les traits autistiques ?<\/a><\/li><\/ul><\/li><\/ul><\/li><li class='ez-toc-page-1 ez-toc-heading-level-2'><a class=\"ez-toc-link ez-toc-heading-35\" href=\"https:\/\/toukiela.com\/fr_ca\/quelle-est-la-difference-entre-autisme-et-tsa-month-year\/#Quelle_est_la_duree_de_vie_dun_autiste\" >Quelle est la dur\u00e9e de vie d\u2019un autiste ?<\/a><ul class='ez-toc-list-level-3' ><li class='ez-toc-heading-level-3'><a class=\"ez-toc-link ez-toc-heading-36\" href=\"https:\/\/toukiela.com\/fr_ca\/quelle-est-la-difference-entre-autisme-et-tsa-month-year\/#Quel_est_lautisme_le_plus_grave-2\" >Quel est l\u2019autisme le plus grave ?<\/a><ul class='ez-toc-list-level-4' ><li class='ez-toc-heading-level-4'><a class=\"ez-toc-link ez-toc-heading-37\" href=\"https:\/\/toukiela.com\/fr_ca\/quelle-est-la-difference-entre-autisme-et-tsa-month-year\/#Quelle_est_la_forme_dautisme_la_plus_grave\" >Quelle est la forme d\u2019autisme la plus grave ?<\/a><\/li><li class='ez-toc-page-1 ez-toc-heading-level-4'><a class=\"ez-toc-link ez-toc-heading-38\" href=\"https:\/\/toukiela.com\/fr_ca\/quelle-est-la-difference-entre-autisme-et-tsa-month-year\/#Est-ce_que_lautisme_saggrave\" >Est-ce que l\u2019autisme s\u2019aggrave ?<\/a><\/li><\/ul><\/li><li class='ez-toc-page-1 ez-toc-heading-level-3'><a class=\"ez-toc-link ez-toc-heading-39\" href=\"https:\/\/toukiela.com\/fr_ca\/quelle-est-la-difference-entre-autisme-et-tsa-month-year\/#Comment_vieillissent_les_autistes\" >Comment vieillissent les autistes ?<\/a><ul class='ez-toc-list-level-4' ><li class='ez-toc-heading-level-4'><a class=\"ez-toc-link ez-toc-heading-40\" href=\"https:\/\/toukiela.com\/fr_ca\/quelle-est-la-difference-entre-autisme-et-tsa-month-year\/#Est-ce_que_lautisme_saggrave-2\" >Est-ce que l\u2019autisme s\u2019aggrave ?<\/a><\/li><li class='ez-toc-page-1 ez-toc-heading-level-4'><a class=\"ez-toc-link ez-toc-heading-41\" href=\"https:\/\/toukiela.com\/fr_ca\/quelle-est-la-difference-entre-autisme-et-tsa-month-year\/#Quelle_est_lesperance_de_vie_dun_autiste\" >Quelle est l\u2019esp\u00e9rance de vie d\u2019un autiste ?<\/a><\/li><\/ul><\/li><li class='ez-toc-page-1 ez-toc-heading-level-3'><a class=\"ez-toc-link ez-toc-heading-42\" href=\"https:\/\/toukiela.com\/fr_ca\/quelle-est-la-difference-entre-autisme-et-tsa-month-year\/#Est-ce_que_lautisme_saggrave-3\" >Est-ce que l\u2019autisme s\u2019aggrave ?<\/a><ul class='ez-toc-list-level-4' ><li class='ez-toc-heading-level-4'><a class=\"ez-toc-link ez-toc-heading-43\" href=\"https:\/\/toukiela.com\/fr_ca\/quelle-est-la-difference-entre-autisme-et-tsa-month-year\/#Pourquoi_le_nombre_dautistes_augmente\" >Pourquoi le nombre d\u2019autistes augmente ?<\/a><\/li><\/ul><\/li><\/ul><\/li><li class='ez-toc-page-1 ez-toc-heading-level-2'><a class=\"ez-toc-link ez-toc-heading-44\" href=\"https:\/\/toukiela.com\/fr_ca\/quelle-est-la-difference-entre-autisme-et-tsa-month-year\/#Quelle_maladie_ressemble_a_lautisme\" >Quelle maladie ressemble \u00e0 l\u2019autisme ?<\/a><ul class='ez-toc-list-level-3' ><li class='ez-toc-heading-level-3'><a class=\"ez-toc-link ez-toc-heading-45\" href=\"https:\/\/toukiela.com\/fr_ca\/quelle-est-la-difference-entre-autisme-et-tsa-month-year\/#Cest_quoi_lautisme_leger-3\" >C\u2019est quoi l\u2019autisme l\u00e9ger ?<\/a><ul class='ez-toc-list-level-4' ><li class='ez-toc-heading-level-4'><a class=\"ez-toc-link ez-toc-heading-46\" href=\"https:\/\/toukiela.com\/fr_ca\/quelle-est-la-difference-entre-autisme-et-tsa-month-year\/#Quels_sont_les_traits_autistiques-3\" >Quels sont les traits autistiques ?<\/a><\/li><li class='ez-toc-page-1 ez-toc-heading-level-4'><a class=\"ez-toc-link ez-toc-heading-47\" href=\"https:\/\/toukiela.com\/fr_ca\/quelle-est-la-difference-entre-autisme-et-tsa-month-year\/#Quel_avenir_pour_un_autiste_leger-3\" >Quel avenir pour un autiste l\u00e9ger ?<\/a><\/li><\/ul><\/li><li class='ez-toc-page-1 ez-toc-heading-level-3'><a class=\"ez-toc-link ez-toc-heading-48\" href=\"https:\/\/toukiela.com\/fr_ca\/quelle-est-la-difference-entre-autisme-et-tsa-month-year\/#Quel_est_lautisme_le_plus_grave-3\" >Quel est l\u2019autisme le plus grave ?<\/a><ul class='ez-toc-list-level-4' ><li class='ez-toc-heading-level-4'><a class=\"ez-toc-link ez-toc-heading-49\" href=\"https:\/\/toukiela.com\/fr_ca\/quelle-est-la-difference-entre-autisme-et-tsa-month-year\/#Quelle_est_la_forme_dautisme_la_plus_grave-2\" >Quelle est la forme d\u2019autisme la plus grave ?<\/a><\/li><li class='ez-toc-page-1 ez-toc-heading-level-4'><a class=\"ez-toc-link ez-toc-heading-50\" href=\"https:\/\/toukiela.com\/fr_ca\/quelle-est-la-difference-entre-autisme-et-tsa-month-year\/#Est-ce_que_lautisme_saggrave-4\" >Est-ce que l\u2019autisme s\u2019aggrave ?<\/a><\/li><\/ul><\/li><\/ul><\/li><\/ul><\/nav><\/div>\n<h2 class=\"wp-block-heading\"><span class=\"ez-toc-section\" id=\"Quel_est_le_QI_dun_Asperger\"><\/span>Quel est le QI d\u2019un Asperger ?<span class=\"ez-toc-section-end\"><\/span><\/h2>\r\n\r\n\r\n\r\n<figure><img decoding=\"async\" class=\"attachment-full size-full\" src=\"https:\/\/toukiela.com\/wp-content\/uploads\/2022\/06\/Quel-est-le-QI-dun-Asperger-.jpeg\" sizes=\"(max-width: 800px) 100vw, 800px\" srcset=\"https:\/\/i0.wp.com\/toukiela.com\/wp-content\/uploads\/2022\/06\/Quel-est-le-QI-dun-Asperger-.jpeg?w=800&amp;ssl=1 800w, https:\/\/i0.wp.com\/toukiela.com\/wp-content\/uploads\/2022\/06\/Quel-est-le-QI-dun-Asperger-.jpeg?resize=300%2C225&amp;ssl=1 300w, https:\/\/i0.wp.com\/toukiela.com\/wp-content\/uploads\/2022\/06\/Quel-est-le-QI-dun-Asperger-.jpeg?resize=768%2C576&amp;ssl=1 768w, https:\/\/i0.wp.com\/toukiela.com\/wp-content\/uploads\/2022\/06\/Quel-est-le-QI-dun-Asperger-.jpeg?resize=16%2C12&amp;ssl=1 16w, https:\/\/i0.wp.com\/toukiela.com\/wp-content\/uploads\/2022\/06\/Quel-est-le-QI-dun-Asperger-.jpeg?resize=50%2C38&amp;ssl=1 50w, https:\/\/i0.wp.com\/toukiela.com\/wp-content\/uploads\/2022\/06\/Quel-est-le-QI-dun-Asperger-.jpeg?resize=510%2C382&amp;ssl=1 510w, https:\/\/i0.wp.com\/toukiela.com\/wp-content\/uploads\/2022\/06\/Quel-est-le-QI-dun-Asperger-.jpeg?resize=480%2C360&amp;ssl=1 480w\" alt=\"Quel est le QI d'un Asperger ?\" width=\"800\" height=\"600\"><\/figure>\r\n\r\n\r\n\r\n<p>En effet, pour qu\u2019une personne obtienne un diagnostic d\u2019autisme de haut niveau ou syndrome d\u2019Asperger, il faut, en plus des crit\u00e8res habituellement identifi\u00e9s pour un diagnostic d\u2019autisme, que son quotient intellectuel (QI) soit sup\u00e9rieur \u00e0 70.<\/p>\r\n\r\n\r\n\r\n<p>Comment s\u2019appelle une personne autiste intelligente ? Les enfants Asperger ont une bonne diction et un vocabulaire parfois sophistiqu\u00e9, ce qui contraste avec les autres enfants de leur \u00e2ge.<\/p>\r\n\r\n\r\n\r\n<h3 class=\"wp-block-heading\"><span class=\"ez-toc-section\" id=\"Est-ce_que_les_autistes_sont_plus_intelligents\"><\/span>Est-ce que les autistes sont plus intelligents ?<span class=\"ez-toc-section-end\"><\/span><\/h3>\r\n\r\n\r\n\r\n<p>La litt\u00e9rature scientifique sur l\u2019autisme indique que si des tests de QI standards \u00e9taient appliqu\u00e9s \u00e0 toutes les personnes autistes, 75% d\u2019entre elles obtiendraient un score inf\u00e9rieur \u00e0 ce seuil et seraient donc \u00e9tiquet\u00e9es \u00ab\u00a0retard\u00e9es mentales\u00a0\u00bb.<\/p>\r\n\r\n\r\n\r\n<h4 class=\"wp-block-heading\"><span class=\"ez-toc-section\" id=\"Est-ce_que_tous_les_autistes_sont_intelligents\"><\/span>Est-ce que tous les autistes sont intelligents ?<span class=\"ez-toc-section-end\"><\/span><\/h4>\r\n\r\n\r\n\r\n<p>Selon les \u00e9tudes, le pourcentage de personnes autistes ayant une d\u00e9ficience intellectuelle varie de 13 % \u00e0 84 %. Qu\u2019il suffise de dire qu\u2019il n\u2019y a pas de consensus sur cette question au sein de la communaut\u00e9 scientifique.<\/p>\r\n\r\n\r\n\r\n<h4 class=\"wp-block-heading\"><span class=\"ez-toc-section\" id=\"Comment_les_autistes_appellent_les_gens_normaux\"><\/span>Comment les autistes appellent les gens normaux ?<span class=\"ez-toc-section-end\"><\/span><\/h4>\r\n\r\n\r\n\r\n<p>Les promoteurs de ce concept se battent pour que l\u2019autisme ne soit plus d\u00e9fini par rapport au fonctionnement cognitif de la majorit\u00e9, ces individus dits \u00ab\u00a0normaux\u00a0\u00bb, qu\u2019ils pr\u00e9f\u00e8rent qualifier de \u00ab\u00a0neurotypiques\u00a0\u00bb.<\/p>\r\n\r\n\r\n\r\n<h3 class=\"wp-block-heading\"><span class=\"ez-toc-section\" id=\"Est-ce_que_les_Asperger_peut_mentir\"><\/span>Est-ce que les Asperger peut mentir ?<span class=\"ez-toc-section-end\"><\/span><\/h3>\r\n\r\n\r\n\r\n<p>Et il n\u2019a pas besoin de forcer pour les appr\u00e9cier. \u00ab\u00a0Les Aspergers ont de tr\u00e8s belles personnalit\u00e9s. Ils sont g\u00e9n\u00e9reux, sans filtre; ils ne savent pas mentir.<\/p>\r\n\r\n\r\n\r\n<h4 class=\"wp-block-heading\"><span class=\"ez-toc-section\" id=\"Comment_pense_un_autiste_Asperger\"><\/span>Comment pense un autiste Asperger ?<span class=\"ez-toc-section-end\"><\/span><\/h4>\r\n\r\n\r\n\r\n<p>Une personne atteinte du Syndrome d\u2019Asperger a du mal \u00e0 se faire des amis car il est difficile de comprendre les r\u00e8gles qu\u2019on s\u2019impose en soci\u00e9t\u00e9, sans m\u00eame les verbaliser. Elle aura \u00e9galement du mal \u00e0 comprendre tout ce que vous essayez de lui dire car elle a du mal \u00e0 attribuer des pens\u00e9es aux autres.<\/p>\r\n\r\n\r\n\r\n<h4 class=\"wp-block-heading\"><span class=\"ez-toc-section\" id=\"Comment_vieilli_un_Asperger\"><\/span>Comment vieilli un Asperger ?<span class=\"ez-toc-section-end\"><\/span><\/h4>\r\n\r\n\r\n\r\n<p>III) Bien vieillir pour une personne autiste<\/p>\r\n\r\n\r\n\r\n<ul class=\"wp-block-list\">\r\n<li>Encourager un bon suivi m\u00e9dical (mieux prendre en compte les soins somatiques dans l\u2019autisme), tant pour les personnes peu autonomes que pour celles qui sont plus autonomes. \u2026<\/li>\r\n<li>Alimentation saine : Il est important de d\u00e9velopper de bonnes habitudes alimentaires.<\/li>\r\n<\/ul>\r\n\r\n\r\n\r\n<h3 class=\"wp-block-heading\"><span class=\"ez-toc-section\" id=\"Quelle_difference_entre_autisme_et_Asperger\"><\/span>Quelle diff\u00e9rence entre autisme et Asperger ?<span class=\"ez-toc-section-end\"><\/span><\/h3>\r\n\r\n\r\n\r\n<p>La seule chose qui diff\u00e8re \u00e9videmment entre l\u2019autisme de haut niveau et le syndrome d\u2019Asperger est l\u2019\u00e2ge d\u2019apparition du langage. Bien s\u00fbr, l\u2019apparition pr\u00e9coce de la parole chez les enfants Asperger leur donne un d\u00e9veloppement diff\u00e9rent de celui des enfants autistes de haut niveau.<\/p>\r\n\r\n\r\n\r\n<h4 class=\"wp-block-heading\"><span class=\"ez-toc-section\" id=\"Comment_reconnaitre_un_syndrome_dAsperger\"><\/span>Comment reconna\u00eetre un syndrome d\u2019Asperger ?<span class=\"ez-toc-section-end\"><\/span><\/h4>\r\n\r\n\r\n\r\n<p>Comment reconna\u00eetre le syndrome d\u2019Asperger en 10 points ?<\/p>\r\n\r\n\r\n\r\n<ul class=\"wp-block-list\">\r\n<li>Difficult\u00e9 \u00e0 se faire des amis. \u2026<\/li>\r\n<li>Aucune empathie. \u2026<\/li>\r\n<li>Troubles de la communication non verbale. \u2026<\/li>\r\n<li>Un silence inexplicable\u2026<\/li>\r\n<li>Difficult\u00e9 \u00e0 \u00e9couter les autres. \u2026<\/li>\r\n<li>Obsessions passag\u00e8res. \u2026<\/li>\r\n<li>Un besoin de routine. \u2026<\/li>\r\n<li>Une retenue dans votre temps libre.<\/li>\r\n<\/ul>\r\n\r\n\r\n\r\n<h4 class=\"wp-block-heading\"><span class=\"ez-toc-section\" id=\"Cest_quoi_un_Asperger\"><\/span>C\u2019est quoi un Asperger ?<span class=\"ez-toc-section-end\"><\/span><\/h4>\r\n\r\n\r\n\r\n<p>Le syndrome d\u2019Asperger fait partie des troubles du spectre autistique (TSA). Il s\u2019agit d\u2019un trouble du d\u00e9veloppement d\u2019origine neurobiologique qui touche plus fr\u00e9quemment les gar\u00e7ons que les filles et qui affecte essentiellement la fa\u00e7on dont les gens communiquent et interagissent avec les autres.<\/p>\r\n\r\n\r\n\r\n<h2 class=\"wp-block-heading\"><span class=\"ez-toc-section\" id=\"Comment_savoir_si_on_est_TSA_adulte\"><\/span>Comment savoir si on est TSA adulte ?<span class=\"ez-toc-section-end\"><\/span><\/h2>\r\n\r\n\r\n\r\n<figure><img decoding=\"async\" class=\"attachment-full size-full\" src=\"https:\/\/toukiela.com\/wp-content\/uploads\/2022\/06\/Comment-savoir-si-on-est-TSA-adulte-.jpeg\" sizes=\"(max-width: 1200px) 100vw, 1200px\" srcset=\"https:\/\/i0.wp.com\/toukiela.com\/wp-content\/uploads\/2022\/06\/Comment-savoir-si-on-est-TSA-adulte-.jpeg?w=1200&amp;ssl=1 1200w, https:\/\/i0.wp.com\/toukiela.com\/wp-content\/uploads\/2022\/06\/Comment-savoir-si-on-est-TSA-adulte-.jpeg?resize=300%2C157&amp;ssl=1 300w, https:\/\/i0.wp.com\/toukiela.com\/wp-content\/uploads\/2022\/06\/Comment-savoir-si-on-est-TSA-adulte-.jpeg?resize=1024%2C536&amp;ssl=1 1024w, https:\/\/i0.wp.com\/toukiela.com\/wp-content\/uploads\/2022\/06\/Comment-savoir-si-on-est-TSA-adulte-.jpeg?resize=768%2C402&amp;ssl=1 768w, https:\/\/i0.wp.com\/toukiela.com\/wp-content\/uploads\/2022\/06\/Comment-savoir-si-on-est-TSA-adulte-.jpeg?resize=18%2C9&amp;ssl=1 18w, https:\/\/i0.wp.com\/toukiela.com\/wp-content\/uploads\/2022\/06\/Comment-savoir-si-on-est-TSA-adulte-.jpeg?resize=50%2C26&amp;ssl=1 50w, https:\/\/i0.wp.com\/toukiela.com\/wp-content\/uploads\/2022\/06\/Comment-savoir-si-on-est-TSA-adulte-.jpeg?resize=1080%2C565&amp;ssl=1 1080w, https:\/\/i0.wp.com\/toukiela.com\/wp-content\/uploads\/2022\/06\/Comment-savoir-si-on-est-TSA-adulte-.jpeg?resize=980%2C513&amp;ssl=1 980w, https:\/\/i0.wp.com\/toukiela.com\/wp-content\/uploads\/2022\/06\/Comment-savoir-si-on-est-TSA-adulte-.jpeg?resize=480%2C251&amp;ssl=1 480w\" alt=\"Comment savoir si on est TSA adulte ?\" width=\"1200\" height=\"628\"><\/figure>\r\n\r\n\r\n\r\n<p>Signes de trouble du spectre autistique TSA chez les adultes<\/p>\r\n\r\n\r\n\r\n<ul class=\"wp-block-list\">\r\n<li>Difficult\u00e9s persistantes dans les relations sociales.<\/li>\r\n<li>Manque d\u2019empathie et difficult\u00e9 \u00e0 d\u00e9chiffrer les intentions des autres.<\/li>\r\n<li>Surcharges sensorielles (hypersensibilit\u00e9 et hyposensibilit\u00e9)<\/li>\r\n<li>Int\u00e9r\u00eats sp\u00e9cifiques.<\/li>\r\n<li>routine.<\/li>\r\n<li>Comp\u00e9tences exceptionnelles.<\/li>\r\n<\/ul>\r\n\r\n\r\n\r\n<p>O\u00f9 diagnostiquer l\u2019autisme chez l\u2019adulte ? Consulter un m\u00e9decin connaissant les TSA Le m\u00e9decin joue un r\u00f4le important dans le domaine de l\u2019autisme car il est la seule personne qui peut valider un diagnostic de trouble du spectre autistique.<\/p>\r\n\r\n\r\n\r\n<h3 class=\"wp-block-heading\"><span class=\"ez-toc-section\" id=\"Quelles_sont_les_differentes_formes_dautisme_chez_ladulte\"><\/span>Quelles sont les diff\u00e9rentes formes d\u2019autisme chez l\u2019adulte ?<span class=\"ez-toc-section-end\"><\/span><\/h3>\r\n\r\n\r\n\r\n<p>ASD, TED, Asperger\u2026 Lorsqu\u2019il s\u2019agit d\u2019autisme, il est parfois difficile de naviguer entre les diff\u00e9rentes appellations. En intervenant depuis 25 ans aupr\u00e8s des personnes avec autisme, l\u2019Ordre de Malte France apporte un \u00e9clairage sur ces troubles complexes.<\/p>\r\n\r\n\r\n\r\n<h3 class=\"wp-block-heading\"><span class=\"ez-toc-section\" id=\"Cest_quoi_lautisme_leger\"><\/span>C\u2019est quoi l\u2019autisme l\u00e9ger ?<span class=\"ez-toc-section-end\"><\/span><\/h3>\r\n\r\n\r\n\r\n<p>Difficult\u00e9 \u00e0 \u00e9tablir des relations avec les autres et \u00e0 interagir avec leur environnement. Les jeunes atteints d\u2019autisme l\u00e9ger peuvent s\u2019int\u00e9resser aux autres, mais ne savent peut-\u00eatre pas comment leur parler ou jouer avec eux. Il leur est tr\u00e8s difficile d\u2019entamer une conversation et de la maintenir.<\/p>\r\n\r\n\r\n\r\n<h4 class=\"wp-block-heading\"><span class=\"ez-toc-section\" id=\"Quel_avenir_pour_un_autiste_leger\"><\/span>Quel avenir pour un autiste l\u00e9ger ?<span class=\"ez-toc-section-end\"><\/span><\/h4>\r\n\r\n\r\n\r\n<p>De nombreuses opportunit\u00e9s s\u2019offrent donc \u00e0 eux dans ce domaine. Les personnes autistes deviennent ainsi v\u00e9t\u00e9rinaires, \u00e9leveurs ou gu\u00e9risseurs. Par exemple, ils peuvent pratiquer dans un zoo ou un centre \u00e9questre.<\/p>\r\n\r\n\r\n\r\n<h4 class=\"wp-block-heading\"><span class=\"ez-toc-section\" id=\"Quels_sont_les_traits_autistiques\"><\/span>Quels sont les traits autistiques ?<span class=\"ez-toc-section-end\"><\/span><\/h4>\r\n\r\n\r\n\r\n<p>Trois signes caract\u00e9risent l\u2019autisme et aident \u00e0 poser le diagnostic : Troubles de la communication, tant verbale que non verbale. Les perturbations dans les relations sociales. Troubles du comportement tels que gestes st\u00e9r\u00e9otyp\u00e9s et r\u00e9p\u00e9titifs, rituels ou int\u00e9r\u00eats \u00e9troits.<\/p>\r\n\r\n\r\n\r\n<h2 class=\"wp-block-heading\"><span class=\"ez-toc-section\" id=\"Pourquoi_les_autistes_ne_parle_pas\"><\/span>Pourquoi les autistes ne parle pas ?<span class=\"ez-toc-section-end\"><\/span><\/h2>\r\n\r\n\r\n\r\n<figure><img decoding=\"async\" class=\"attachment-full size-full\" src=\"https:\/\/toukiela.com\/wp-content\/uploads\/2022\/06\/Pourquoi-les-autistes-ne-parle-pas-.png\" sizes=\"(max-width: 2820px) 100vw, 2820px\" srcset=\"https:\/\/i0.wp.com\/toukiela.com\/wp-content\/uploads\/2022\/06\/Pourquoi-les-autistes-ne-parle-pas-.png?w=2820&amp;ssl=1 2820w, https:\/\/i0.wp.com\/toukiela.com\/wp-content\/uploads\/2022\/06\/Pourquoi-les-autistes-ne-parle-pas-.png?resize=300%2C251&amp;ssl=1 300w, https:\/\/i0.wp.com\/toukiela.com\/wp-content\/uploads\/2022\/06\/Pourquoi-les-autistes-ne-parle-pas-.png?resize=1024%2C858&amp;ssl=1 1024w, https:\/\/i0.wp.com\/toukiela.com\/wp-content\/uploads\/2022\/06\/Pourquoi-les-autistes-ne-parle-pas-.png?resize=768%2C644&amp;ssl=1 768w, https:\/\/i0.wp.com\/toukiela.com\/wp-content\/uploads\/2022\/06\/Pourquoi-les-autistes-ne-parle-pas-.png?resize=1536%2C1288&amp;ssl=1 1536w, https:\/\/i0.wp.com\/toukiela.com\/wp-content\/uploads\/2022\/06\/Pourquoi-les-autistes-ne-parle-pas-.png?resize=2048%2C1717&amp;ssl=1 2048w, https:\/\/i0.wp.com\/toukiela.com\/wp-content\/uploads\/2022\/06\/Pourquoi-les-autistes-ne-parle-pas-.png?resize=14%2C12&amp;ssl=1 14w, https:\/\/i0.wp.com\/toukiela.com\/wp-content\/uploads\/2022\/06\/Pourquoi-les-autistes-ne-parle-pas-.png?resize=50%2C42&amp;ssl=1 50w, https:\/\/i0.wp.com\/toukiela.com\/wp-content\/uploads\/2022\/06\/Pourquoi-les-autistes-ne-parle-pas-.png?resize=1080%2C905&amp;ssl=1 1080w, https:\/\/i0.wp.com\/toukiela.com\/wp-content\/uploads\/2022\/06\/Pourquoi-les-autistes-ne-parle-pas-.png?resize=1280%2C1073&amp;ssl=1 1280w, https:\/\/i0.wp.com\/toukiela.com\/wp-content\/uploads\/2022\/06\/Pourquoi-les-autistes-ne-parle-pas-.png?resize=980%2C822&amp;ssl=1 980w, https:\/\/i0.wp.com\/toukiela.com\/wp-content\/uploads\/2022\/06\/Pourquoi-les-autistes-ne-parle-pas-.png?resize=480%2C402&amp;ssl=1 480w, https:\/\/i0.wp.com\/toukiela.com\/wp-content\/uploads\/2022\/06\/Pourquoi-les-autistes-ne-parle-pas-.png?w=2160&amp;ssl=1 2160w\" alt=\"Pourquoi les autistes ne parle pas ?\" width=\"2820\" height=\"2364\"><\/figure>\r\n\r\n\r\n\r\n<p>Autisme et mutisme s\u00e9lectif Les enfants et les adultes atteints de mutisme s\u00e9lectif sont parfaitement capables de parler et de comprendre, mais sont incapables de parler dans des situations particuli\u00e8res. Ce n\u2019est pas que la personne ne veut pas parler. Cela ne peut tout simplement pas.<\/p>\r\n\r\n\r\n\r\n<p>Les personnes autistes parlent-elles ? Chaque enfant atteint de troubles du spectre autistique (TSA) est diff\u00e9rent en mati\u00e8re de communication. Il peut ne pas savoir parler, il peut avoir parl\u00e9 la langue mais ne peut pas l\u2019utiliser pour communiquer avec les autres, il peut \u00eatre capable de parler et de communiquer, mais pas toujours de mani\u00e8re appropri\u00e9e.<\/p>\r\n\r\n\r\n\r\n<h3 class=\"wp-block-heading\"><span class=\"ez-toc-section\" id=\"Comment_communiquer_avec_un_autiste_qui_ne_parle_pas\"><\/span>Comment communiquer avec un autiste qui ne parle pas ?<span class=\"ez-toc-section-end\"><\/span><\/h3>\r\n\r\n\r\n\r\n<p>Formuler des instructions simples. Soulignez les mots importants. Utilisez des aides visuelles (ex. : gestes, photos, images) pour faciliter la compr\u00e9hension de l\u2019enfant. Adapter notre niveau de langage \u00e0 celui de l\u2019enfant, en utilisant des \u00e9nonc\u00e9s un peu plus longs que ce qu\u2019il produit.<\/p>\r\n\r\n\r\n\r\n<h4 class=\"wp-block-heading\"><span class=\"ez-toc-section\" id=\"Pourquoi_les_autistes_ne_parlent_pas\"><\/span>Pourquoi les autistes ne parlent pas ?<span class=\"ez-toc-section-end\"><\/span><\/h4>\r\n\r\n\r\n\r\n<p>Certaines personnes autistes souffrent \u00e9galement de mutisme s\u00e9lectif, ce qui signifie qu\u2019elles ne parleront pas m\u00eame si elles le peuvent physiquement. Les enfants et les adultes atteints de mutisme s\u00e9lectif sont parfaitement capables de parler et de comprendre, mais sont incapables de parler dans des situations particuli\u00e8res.<\/p>\r\n\r\n\r\n\r\n<h4 class=\"wp-block-heading\"><span class=\"ez-toc-section\" id=\"Comment_sexprime_un_autiste\"><\/span>Comment s\u2019exprime un autiste ?<span class=\"ez-toc-section-end\"><\/span><\/h4>\r\n\r\n\r\n\r\n<p>des particularit\u00e9s dans la communication sociale et les interactions sociales, des mod\u00e8les comportementaux r\u00e9p\u00e9titifs (st\u00e9r\u00e9otypes, \u00e9cholalie, rituels\u2026), un r\u00e9pertoire restreint d\u2019int\u00e9r\u00eats et de particularit\u00e9s dans le traitement neurosensoriel.<\/p>\r\n\r\n\r\n\r\n<h3 class=\"wp-block-heading\"><span class=\"ez-toc-section\" id=\"Comment_aider_un_enfant_autiste_a_parle\"><\/span>Comment aider un enfant autiste a parl\u00e9 ?<span class=\"ez-toc-section-end\"><\/span><\/h3>\r\n\r\n\r\n\r\n<p>Jouez \u00e0 un jeu amusant, comme faire des bulles ou faire rouler une balle, attendez quelques secondes pour \u00e9tablir un contact visuel avant de faire une bulle, etc. Laissez-vous guider : parlez de ce qui retient d\u00e9j\u00e0 son attention ou de l\u2019objet avec lequel il joue.<\/p>\r\n\r\n\r\n\r\n<h4 class=\"wp-block-heading\"><span class=\"ez-toc-section\" id=\"Comment_travailler_avec_un_eleve_autiste\"><\/span>Comment travailler avec un \u00e9l\u00e8ve autiste ?<span class=\"ez-toc-section-end\"><\/span><\/h4>\r\n\r\n\r\n\r\n<p>Parents, professionnels qualifi\u00e9s, enseignants \u2013 si vous accompagnez un enfant autiste, vous devrez peut-\u00eatre appliquer l\u2019une de ces 3 m\u00e9thodes : ABA, Denver (ou ESDM) et TEACCH. Ceux-ci permettent la mise en place d\u2019un programme adapt\u00e9 \u00e0 l\u2019apprentissage dans un cadre structur\u00e9.<\/p>\r\n\r\n\r\n\r\n<h4 class=\"wp-block-heading\"><span class=\"ez-toc-section\" id=\"Quelles_activites_faire_avec_un_enfant_autiste\"><\/span>Quelles activit\u00e9s faire avec un enfant autiste ?<span class=\"ez-toc-section-end\"><\/span><\/h4>\r\n\r\n\r\n\r\n<p>Artisanat et arts cr\u00e9atifs : p\u00e2te \u00e0 sel, peinture, stickers, perles, dessin, d\u00e9coupage et collage\u2026 Activit\u00e9s sensorielles : jeux de bulles, peinture au doigt, lot sonore, tactile ou olfactif, massages, moments de d\u00e9tente avec des objets lumineux\u2026<\/p>\r\n\r\n\r\n\r\n<h3 class=\"wp-block-heading\"><span class=\"ez-toc-section\" id=\"Quand_parle_un_enfant_autiste\"><\/span>Quand parle un enfant autiste ?<span class=\"ez-toc-section-end\"><\/span><\/h3>\r\n\r\n\r\n\r\n<p>Ils ne sont pas seuls mais plut\u00f4t indiff\u00e9rents. Certains enfants autistes parleront tard, vers l\u2019\u00e2ge de 4 ans, et acqui\u00e8rent un bon langage, mais ce dernier est souvent \u00e9chog\u00e8ne et les intonations sont insuffisantes.<\/p>\r\n\r\n\r\n\r\n<h4 class=\"wp-block-heading\"><span class=\"ez-toc-section\" id=\"Quest-ce_quun_enfant_autiste_ne_peut_pas_faire\"><\/span>Qu\u2019est-ce qu\u2019un enfant autiste ne peut pas faire ?<span class=\"ez-toc-section-end\"><\/span><\/h4>\r\n\r\n\r\n\r\n<p>Un enfant autiste a des difficult\u00e9s de communication verbale ainsi que des expressions faciales et des gestes (communication non verbale). En particulier, vous remarquerez peut-\u00eatre un retard dans le d\u00e9veloppement du langage : il parle peu, voire pas du tout.<\/p>\r\n\r\n\r\n\r\n<h2 class=\"wp-block-heading\"><span class=\"ez-toc-section\" id=\"Quel_trouble_ressemble_a_lautisme\"><\/span>Quel trouble ressemble \u00e0 l\u2019autisme ?<span class=\"ez-toc-section-end\"><\/span><\/h2>\r\n\r\n\r\n\r\n<figure><img decoding=\"async\" class=\"attachment-full size-full\" src=\"https:\/\/toukiela.com\/wp-content\/uploads\/2022\/06\/Quel-trouble-ressemble-a-lautisme-.png\" sizes=\"(max-width: 840px) 100vw, 840px\" srcset=\"https:\/\/i0.wp.com\/toukiela.com\/wp-content\/uploads\/2022\/06\/Quel-trouble-ressemble-a-lautisme-.png?w=840&amp;ssl=1 840w, https:\/\/i0.wp.com\/toukiela.com\/wp-content\/uploads\/2022\/06\/Quel-trouble-ressemble-a-lautisme-.png?resize=300%2C154&amp;ssl=1 300w, https:\/\/i0.wp.com\/toukiela.com\/wp-content\/uploads\/2022\/06\/Quel-trouble-ressemble-a-lautisme-.png?resize=768%2C393&amp;ssl=1 768w, https:\/\/i0.wp.com\/toukiela.com\/wp-content\/uploads\/2022\/06\/Quel-trouble-ressemble-a-lautisme-.png?resize=18%2C9&amp;ssl=1 18w, https:\/\/i0.wp.com\/toukiela.com\/wp-content\/uploads\/2022\/06\/Quel-trouble-ressemble-a-lautisme-.png?resize=50%2C26&amp;ssl=1 50w, https:\/\/i0.wp.com\/toukiela.com\/wp-content\/uploads\/2022\/06\/Quel-trouble-ressemble-a-lautisme-.png?resize=480%2C246&amp;ssl=1 480w\" alt=\"Quel trouble ressemble \u00e0 l'autisme ?\" width=\"840\" height=\"430\"><\/figure>\r\n\r\n\r\n\r\n<p>Les troubles envahissants du d\u00e9veloppement surviennent dans plusieurs formes moins connues d\u2019autisme infantile ou de syndrome d\u2019Asperger. L\u2019occasion de pr\u00e9ciser davantage ce qui correspond \u00e0 l\u2019autisme atypique, au syndrome de Rett (page suivante) et aux autres troubles du spectre autistique.<\/p>\r\n\r\n\r\n\r\n<p>Quelle est la diff\u00e9rence entre l\u2019autisme et le syndrome d\u2019Asperger ? La seule chose qui diff\u00e8re \u00e9videmment entre l\u2019autisme de haut niveau et le syndrome d\u2019Asperger est l\u2019\u00e2ge d\u2019apparition du langage. Bien s\u00fbr, l\u2019apparition pr\u00e9coce de la parole chez les enfants Asperger leur donne un d\u00e9veloppement diff\u00e9rent de celui des enfants autistes de haut niveau.<\/p>\r\n\r\n\r\n\r\n<h3 class=\"wp-block-heading\"><span class=\"ez-toc-section\" id=\"Quelle_difference_entre_autisme_et_trouble_du_spectre_autistique\"><\/span>Quelle diff\u00e9rence entre autisme et trouble du spectre autistique ?<span class=\"ez-toc-section-end\"><\/span><\/h3>\r\n\r\n\r\n\r\n<p>Aujourd\u2019hui, l\u2019autisme est appel\u00e9 trouble du spectre autistique (TSA). Cette terminologie repr\u00e9sente le mieux la diversit\u00e9 des formes que peut prendre l\u2019autisme. Les sympt\u00f4mes sont multiples et d\u2019intensit\u00e9 variable, de sorte que chaque personne autiste tombe diff\u00e9remment sur le spectre de l\u2019autisme.<\/p>\r\n\r\n\r\n\r\n<h4 class=\"wp-block-heading\"><span class=\"ez-toc-section\" id=\"Quelle_difference_entre_autisme_et_TSA\"><\/span>Quelle diff\u00e9rence entre autisme et TSA ?<span class=\"ez-toc-section-end\"><\/span><\/h4>\r\n\r\n\r\n\r\n<p>L\u2019autisme est d\u00e9sormais appel\u00e9 trouble du spectre autistique (TSA). Il comprend donc les enfants autistes, mais aussi ceux avec le syndrome d\u2019Asperger et ceux avec un trouble envahissant du d\u00e9veloppement non pr\u00e9cis\u00e9.<\/p>\r\n\r\n\r\n\r\n<h4 class=\"wp-block-heading\"><span class=\"ez-toc-section\" id=\"Quels_sont_les_differents_spectre_de_lautisme\"><\/span>Quels sont les diff\u00e9rents spectre de l\u2019autisme ?<span class=\"ez-toc-section-end\"><\/span><\/h4>\r\n\r\n\r\n\r\n<p>Les troubles du spectre autistique (TSA) peuvent \u00eatre divis\u00e9s en deux cat\u00e9gories : l\u2019autisme avec d\u00e9ficience intellectuelle et l\u2019autisme sans d\u00e9ficience intellectuelle. L\u2019expression des troubles, le moment du diagnostic ainsi que les possibilit\u00e9s d\u2019insertion sont diff\u00e9rents.<\/p>\r\n\r\n\r\n\r\n<h3 class=\"wp-block-heading\"><span class=\"ez-toc-section\" id=\"Cest_quoi_lautisme_atypique\"><\/span>C\u2019est quoi l\u2019autisme atypique ?<span class=\"ez-toc-section-end\"><\/span><\/h3>\r\n\r\n\r\n\r\n<p>L\u2019autisme atypique est un trouble envahissant du d\u00e9veloppement qui ne correspond pas au diagnostic d\u2019autres troubles autistiques sp\u00e9cifiques (autisme, syndrome d\u2019Asperger, syndrome de Rett ou syndrome d\u00e9sint\u00e9gratif de l\u2019enfance\u00a0; voir ces termes).<\/p>\r\n\r\n\r\n\r\n<h4 class=\"wp-block-heading\"><span class=\"ez-toc-section\" id=\"Quelles_sont_les_differentes_formes_dautisme\"><\/span>Quelles sont les diff\u00e9rentes formes d\u2019autisme ?<span class=\"ez-toc-section-end\"><\/span><\/h4>\r\n\r\n\r\n\r\n<p>Les troubles du spectre autistique (TSA) peuvent \u00eatre divis\u00e9s en deux cat\u00e9gories : l\u2019autisme avec d\u00e9ficience intellectuelle et l\u2019autisme sans d\u00e9ficience intellectuelle. L\u2019expression des troubles, le moment du diagnostic ainsi que les possibilit\u00e9s d\u2019insertion sont diff\u00e9rents.<\/p>\r\n\r\n\r\n\r\n<h4 class=\"wp-block-heading\"><span class=\"ez-toc-section\" id=\"Quel_est_lautisme_le_plus_grave\"><\/span>Quel est l\u2019autisme le plus grave ?<span class=\"ez-toc-section-end\"><\/span><\/h4>\r\n\r\n\r\n\r\n<p>L\u2019autisme de Kanner, \u00e9galement appel\u00e9 autisme infantile, est une forme s\u00e9v\u00e8re d\u2019autisme. Les maux \u00e9vidents pr\u00e9sent\u00e9s par les gens le diff\u00e9rencient du syndrome d\u2019Asperger.<\/p>\r\n\r\n\r\n\r\n<h3 class=\"wp-block-heading\"><span class=\"ez-toc-section\" id=\"Cest_quoi_lautisme_leger-2\"><\/span>C\u2019est quoi l\u2019autisme l\u00e9ger ?<span class=\"ez-toc-section-end\"><\/span><\/h3>\r\n\r\n\r\n\r\n<p>Difficult\u00e9 \u00e0 \u00e9tablir des relations avec les autres et \u00e0 interagir avec leur environnement. Les jeunes atteints d\u2019autisme l\u00e9ger peuvent s\u2019int\u00e9resser aux autres, mais ne savent peut-\u00eatre pas comment leur parler ou jouer avec eux. Il leur est tr\u00e8s difficile d\u2019entamer une conversation et de la maintenir.<\/p>\r\n\r\n\r\n\r\n<h4 class=\"wp-block-heading\"><span class=\"ez-toc-section\" id=\"Quel_avenir_pour_un_autiste_leger-2\"><\/span>Quel avenir pour un autiste l\u00e9ger ?<span class=\"ez-toc-section-end\"><\/span><\/h4>\r\n\r\n\r\n\r\n<p>De nombreuses opportunit\u00e9s s\u2019offrent donc \u00e0 eux dans ce domaine. Les personnes autistes deviennent ainsi v\u00e9t\u00e9rinaires, \u00e9leveurs ou gu\u00e9risseurs. Par exemple, ils peuvent pratiquer dans un zoo ou un centre \u00e9questre.<\/p>\r\n\r\n\r\n\r\n<h4 class=\"wp-block-heading\"><span class=\"ez-toc-section\" id=\"Quels_sont_les_traits_autistiques-2\"><\/span>Quels sont les traits autistiques ?<span class=\"ez-toc-section-end\"><\/span><\/h4>\r\n\r\n\r\n\r\n<p>Trois signes caract\u00e9risent l\u2019autisme et aident \u00e0 poser le diagnostic : Troubles de la communication, tant verbale que non verbale. Les perturbations dans les relations sociales. Troubles du comportement tels que gestes st\u00e9r\u00e9otyp\u00e9s et r\u00e9p\u00e9titifs, rituels ou int\u00e9r\u00eats \u00e9troits.<\/p>\r\n\r\n\r\n\r\n<h2 class=\"wp-block-heading\"><span class=\"ez-toc-section\" id=\"Quelle_est_la_duree_de_vie_dun_autiste\"><\/span>Quelle est la dur\u00e9e de vie d\u2019un autiste ?<span class=\"ez-toc-section-end\"><\/span><\/h2>\r\n\r\n\r\n\r\n<figure><img decoding=\"async\" class=\"attachment-full size-full\" src=\"https:\/\/toukiela.com\/wp-content\/uploads\/2022\/06\/Quelle-est-la-duree-de-vie-dun-autiste-.jpeg\" sizes=\"(max-width: 1047px) 100vw, 1047px\" srcset=\"https:\/\/i0.wp.com\/toukiela.com\/wp-content\/uploads\/2022\/06\/Quelle-est-la-duree-de-vie-dun-autiste-.jpeg?w=1047&amp;ssl=1 1047w, https:\/\/i0.wp.com\/toukiela.com\/wp-content\/uploads\/2022\/06\/Quelle-est-la-duree-de-vie-dun-autiste-.jpeg?resize=300%2C210&amp;ssl=1 300w, https:\/\/i0.wp.com\/toukiela.com\/wp-content\/uploads\/2022\/06\/Quelle-est-la-duree-de-vie-dun-autiste-.jpeg?resize=1024%2C717&amp;ssl=1 1024w, https:\/\/i0.wp.com\/toukiela.com\/wp-content\/uploads\/2022\/06\/Quelle-est-la-duree-de-vie-dun-autiste-.jpeg?resize=768%2C538&amp;ssl=1 768w, https:\/\/i0.wp.com\/toukiela.com\/wp-content\/uploads\/2022\/06\/Quelle-est-la-duree-de-vie-dun-autiste-.jpeg?resize=18%2C12&amp;ssl=1 18w, https:\/\/i0.wp.com\/toukiela.com\/wp-content\/uploads\/2022\/06\/Quelle-est-la-duree-de-vie-dun-autiste-.jpeg?resize=50%2C35&amp;ssl=1 50w, https:\/\/i0.wp.com\/toukiela.com\/wp-content\/uploads\/2022\/06\/Quelle-est-la-duree-de-vie-dun-autiste-.jpeg?resize=980%2C686&amp;ssl=1 980w, https:\/\/i0.wp.com\/toukiela.com\/wp-content\/uploads\/2022\/06\/Quelle-est-la-duree-de-vie-dun-autiste-.jpeg?resize=480%2C336&amp;ssl=1 480w\" alt=\"Quelle est la dur\u00e9e de vie d'un autiste ?\" width=\"1047\" height=\"733\"><\/figure>\r\n\r\n\r\n\r\n<p>L\u2019esp\u00e9rance de vie des personnes avec autisme est aujourd\u2019hui de 54 ans en France. Pourquoi cet \u00e9cart avec l\u2019esp\u00e9rance de vie moyenne de 80 ans pour la population g\u00e9n\u00e9rale ?<\/p>\r\n\r\n\r\n\r\n<p>Les personnes autistes vivent-elles moins ? Les personnes atteintes de troubles du spectre autistique (TSA) ont une esp\u00e9rance de vie r\u00e9duite d\u2019environ seize \u00e0 dix-huit ans par rapport \u00e0 la population g\u00e9n\u00e9rale, cette r\u00e9duction s\u2019\u00e9l\u00e8ve \u00e0 30 ans pour les personnes autistes ayant des difficult\u00e9s d\u2019apprentissage.<\/p>\r\n\r\n\r\n\r\n<h3 class=\"wp-block-heading\"><span class=\"ez-toc-section\" id=\"Quel_est_lautisme_le_plus_grave-2\"><\/span>Quel est l\u2019autisme le plus grave ?<span class=\"ez-toc-section-end\"><\/span><\/h3>\r\n\r\n\r\n\r\n<p>L\u2019autisme de Kanner, \u00e9galement appel\u00e9 autisme infantile, est une forme s\u00e9v\u00e8re d\u2019autisme. Les maux \u00e9vidents pr\u00e9sent\u00e9s par les gens le diff\u00e9rencient du syndrome d\u2019Asperger.<\/p>\r\n\r\n\r\n\r\n<h4 class=\"wp-block-heading\"><span class=\"ez-toc-section\" id=\"Quelle_est_la_forme_dautisme_la_plus_grave\"><\/span>Quelle est la forme d\u2019autisme la plus grave ?<span class=\"ez-toc-section-end\"><\/span><\/h4>\r\n\r\n\r\n\r\n<p>L\u2019autisme de Kanner, ou autisme infantile, commence dans la petite enfance et est une forme grave d\u2019autisme. Les premiers sympt\u00f4mes apparaissent avant l\u2019\u00e2ge de trois ans.<\/p>\r\n\r\n\r\n\r\n<h4 class=\"wp-block-heading\"><span class=\"ez-toc-section\" id=\"Est-ce_que_lautisme_saggrave\"><\/span>Est-ce que l\u2019autisme s\u2019aggrave ?<span class=\"ez-toc-section-end\"><\/span><\/h4>\r\n\r\n\r\n\r\n<p>Pendant la pubert\u00e9, une aggravation peut survenir pendant quelques ann\u00e9es, revenant dans la plupart des cas \u00e0 l\u2019\u00e9tat ant\u00e9rieur. Certaines personnes autistes restent lourdement handicap\u00e9es tout au long de leur vie, sans acc\u00e8s au langage, tandis que d\u2019autres d\u00e9veloppent une autonomie personnelle et une int\u00e9gration relativement adapt\u00e9e.<\/p>\r\n\r\n\r\n\r\n<h3 class=\"wp-block-heading\"><span class=\"ez-toc-section\" id=\"Comment_vieillissent_les_autistes\"><\/span>Comment vieillissent les autistes ?<span class=\"ez-toc-section-end\"><\/span><\/h3>\r\n\r\n\r\n\r\n<p>Les personnes atteintes d\u2019autisme vieillissent au m\u00eame rythme que leurs parents et ceux qui s\u2019occupent d\u2019eux. En cela, ils sont vraiment nos compagnons ! Cependant, leur mani\u00e8re d\u2019\u00eatre colore leur \u00e9volution au fil des si\u00e8cles de vie.<\/p>\r\n\r\n\r\n\r\n<h4 class=\"wp-block-heading\"><span class=\"ez-toc-section\" id=\"Est-ce_que_lautisme_saggrave-2\"><\/span>Est-ce que l\u2019autisme s\u2019aggrave ?<span class=\"ez-toc-section-end\"><\/span><\/h4>\r\n\r\n\r\n\r\n<p>Pendant la pubert\u00e9, une aggravation peut survenir pendant quelques ann\u00e9es, revenant dans la plupart des cas \u00e0 l\u2019\u00e9tat ant\u00e9rieur. Certaines personnes autistes restent lourdement handicap\u00e9es tout au long de leur vie, sans acc\u00e8s au langage, tandis que d\u2019autres d\u00e9veloppent une autonomie personnelle et une int\u00e9gration relativement adapt\u00e9e.<\/p>\r\n\r\n\r\n\r\n<h4 class=\"wp-block-heading\"><span class=\"ez-toc-section\" id=\"Quelle_est_lesperance_de_vie_dun_autiste\"><\/span>Quelle est l\u2019esp\u00e9rance de vie d\u2019un autiste ?<span class=\"ez-toc-section-end\"><\/span><\/h4>\r\n\r\n\r\n\r\n<p>Il y a trop de cas de r\u00e9gression par manque de soins ad\u00e9quats, de parents contraints de garder chez eux des enfants ou des adultes dont le comportement peut \u00eatre violent, avec pour seule cons\u00e9quence un h\u00f4pital psychiatrique. L\u2019esp\u00e9rance de vie des personnes avec autisme est aujourd\u2019hui de 54 ans en France.<\/p>\r\n\r\n\r\n\r\n<h3 class=\"wp-block-heading\"><span class=\"ez-toc-section\" id=\"Est-ce_que_lautisme_saggrave-3\"><\/span>Est-ce que l\u2019autisme s\u2019aggrave ?<span class=\"ez-toc-section-end\"><\/span><\/h3>\r\n\r\n\r\n\r\n<p>Pendant la pubert\u00e9, une aggravation peut survenir pendant quelques ann\u00e9es, revenant dans la plupart des cas \u00e0 l\u2019\u00e9tat ant\u00e9rieur. Certaines personnes autistes restent lourdement handicap\u00e9es tout au long de leur vie, sans acc\u00e8s au langage, tandis que d\u2019autres d\u00e9veloppent une autonomie personnelle et une int\u00e9gration relativement adapt\u00e9e.<\/p>\r\n\r\n\r\n\r\n<h4 class=\"wp-block-heading\"><span class=\"ez-toc-section\" id=\"Pourquoi_le_nombre_dautistes_augmente\"><\/span>Pourquoi le nombre d\u2019autistes augmente ?<span class=\"ez-toc-section-end\"><\/span><\/h4>\r\n\r\n\r\n\r\n<p>Cette augmentation tr\u00e8s importante n\u2019a pas d\u2019explication officielle, mais des facteurs environnementaux li\u00e9s \u00e0 la pollution chimique sont mis en \u00e9vidence. L\u2019autisme est un trouble neurod\u00e9veloppemental dont la cause n\u2019est pas encore connue, bien que des facteurs g\u00e9n\u00e9tiques aient \u00e9t\u00e9 identifi\u00e9s dans certains cas.<\/p>\r\n\r\n\r\n\r\n<h2 class=\"wp-block-heading\"><span class=\"ez-toc-section\" id=\"Quelle_maladie_ressemble_a_lautisme\"><\/span>Quelle maladie ressemble \u00e0 l\u2019autisme ?<span class=\"ez-toc-section-end\"><\/span><\/h2>\r\n\r\n\r\n\r\n<p>Le syndrome d\u2019Asperger est un trouble familial de l\u2019autisme, un trouble envahissant du d\u00e9veloppement qui touche entre 350\u00a0000 et 600\u00a0000 personnes dans le monde et survient dans l\u2019enfance.<\/p>\r\n\r\n\r\n\r\n<p>Quelle est la diff\u00e9rence entre autisme et TSA ? L\u2019autisme est d\u00e9sormais appel\u00e9 trouble du spectre autistique (TSA). Il comprend donc les enfants autistes, mais aussi ceux avec le syndrome d\u2019Asperger et ceux avec un trouble envahissant du d\u00e9veloppement non pr\u00e9cis\u00e9.<\/p>\r\n\r\n\r\n\r\n<h3 class=\"wp-block-heading\"><span class=\"ez-toc-section\" id=\"Cest_quoi_lautisme_leger-3\"><\/span>C\u2019est quoi l\u2019autisme l\u00e9ger ?<span class=\"ez-toc-section-end\"><\/span><\/h3>\r\n\r\n\r\n\r\n<p>Difficult\u00e9 \u00e0 \u00e9tablir des relations avec les autres et \u00e0 interagir avec leur environnement. Les jeunes atteints d\u2019autisme l\u00e9ger peuvent s\u2019int\u00e9resser aux autres, mais ne savent peut-\u00eatre pas comment leur parler ou jouer avec eux. Il leur est tr\u00e8s difficile d\u2019entamer une conversation et de la maintenir.<\/p>\r\n\r\n\r\n\r\n<h4 class=\"wp-block-heading\"><span class=\"ez-toc-section\" id=\"Quels_sont_les_traits_autistiques-3\"><\/span>Quels sont les traits autistiques ?<span class=\"ez-toc-section-end\"><\/span><\/h4>\r\n\r\n\r\n\r\n<p>Trois signes caract\u00e9risent l\u2019autisme et aident \u00e0 poser le diagnostic : Troubles de la communication, tant verbale que non verbale. Les perturbations dans les relations sociales. Troubles du comportement tels que gestes st\u00e9r\u00e9otyp\u00e9s et r\u00e9p\u00e9titifs, rituels ou int\u00e9r\u00eats \u00e9troits.<\/p>\r\n\r\n\r\n\r\n<h4 class=\"wp-block-heading\"><span class=\"ez-toc-section\" id=\"Quel_avenir_pour_un_autiste_leger-3\"><\/span>Quel avenir pour un autiste l\u00e9ger ?<span class=\"ez-toc-section-end\"><\/span><\/h4>\r\n\r\n\r\n\r\n<p>De nombreuses opportunit\u00e9s s\u2019offrent donc \u00e0 eux dans ce domaine. Les personnes autistes deviennent ainsi v\u00e9t\u00e9rinaires, \u00e9leveurs ou gu\u00e9risseurs. Par exemple, ils peuvent pratiquer dans un zoo ou un centre \u00e9questre.<\/p>\r\n\r\n\r\n\r\n<h3 class=\"wp-block-heading\"><span class=\"ez-toc-section\" id=\"Quel_est_lautisme_le_plus_grave-3\"><\/span>Quel est l\u2019autisme le plus grave ?<span class=\"ez-toc-section-end\"><\/span><\/h3>\r\n\r\n\r\n\r\n<p>L\u2019autisme de Kanner, \u00e9galement appel\u00e9 autisme infantile, est une forme s\u00e9v\u00e8re d\u2019autisme. Les maux \u00e9vidents pr\u00e9sent\u00e9s par les gens le diff\u00e9rencient du syndrome d\u2019Asperger.<\/p>\r\n\r\n\r\n\r\n<h4 class=\"wp-block-heading\"><span class=\"ez-toc-section\" id=\"Quelle_est_la_forme_dautisme_la_plus_grave-2\"><\/span>Quelle est la forme d\u2019autisme la plus grave ?<span class=\"ez-toc-section-end\"><\/span><\/h4>\r\n\r\n\r\n\r\n<p>L\u2019autisme de Kanner, ou autisme infantile, commence dans la petite enfance et est une forme grave d\u2019autisme. Les premiers sympt\u00f4mes apparaissent avant l\u2019\u00e2ge de trois ans.<\/p>\r\n\r\n\r\n\r\n<h4 class=\"wp-block-heading\"><span class=\"ez-toc-section\" id=\"Est-ce_que_lautisme_saggrave-4\"><\/span>Est-ce que l\u2019autisme s\u2019aggrave ?<span class=\"ez-toc-section-end\"><\/span><\/h4>\r\n\r\n\r\n\r\n<p>Pendant la pubert\u00e9, une aggravation peut survenir pendant quelques ann\u00e9es, revenant dans la plupart des cas \u00e0 l\u2019\u00e9tat ant\u00e9rieur. Certaines personnes autistes restent lourdement handicap\u00e9es tout au long de leur vie, sans acc\u00e8s au langage, tandis que d\u2019autres d\u00e9veloppent une autonomie personnelle et une int\u00e9gration relativement adapt\u00e9e.<\/p>\r\n\r\n<p><script type=\"application\/ld+json\">{\"@context\":\"https:\/\/schema.org\",\"@type\":\"FAQPage\",\"mainEntity\":[{\"@type\":\"Question\",\"name\":\"Quel est le QI d'un Asperger ?\",\"acceptedAnswer\":{\"@type\":\"Answer\",\"text\":\"En effet, pour qu'une personne obtienne un diagnostic d'autisme de haut niveau ou syndrome d'Asperger, il faut, en plus des crit&egrave;res habituellement identifi&eacute;s pour un diagnostic d'autisme, que son quotient intellectuel (QI) soit sup&eacute;rieur &agrave; 70.Comment s'appelle une personne autiste intelligente ? Les enfants Asperger ont une bonne diction et un vocabulaire parfois sophistiqu&eacute;, ce qui contraste avec les autres enfants de leur &acirc;ge.\"}},{\"@type\":\"Question\",\"name\":\"Comment savoir si on est TSA adulte ?\",\"acceptedAnswer\":{\"@type\":\"Answer\",\"text\":\"Signes de trouble du spectre autistique TSA chez les adultesDifficult&eacute;s persistantes dans les relations sociales.Manque d'empathie et difficult&eacute; &agrave; d&eacute;chiffrer les intentions des autres.Surcharges sensorielles (hypersensibilit&eacute; et hyposensibilit&eacute;)Int&eacute;r&ecirc;ts sp&eacute;cifiques.routine.Comp&eacute;tences exceptionnelles.O&ugrave; diagnostiquer l'autisme chez l'adulte ? Consulter un m&eacute;decin connaissant les TSA Le m&eacute;decin joue un r&ocirc;le important dans le domaine de l'autisme car il est la seule personne qui peut valider un diagnostic de trouble du spectre autistique.\"}},{\"@type\":\"Question\",\"name\":\"Pourquoi les autistes ne parle pas ?\",\"acceptedAnswer\":{\"@type\":\"Answer\",\"text\":\"Autisme et mutisme s&eacute;lectif Les enfants et les adultes atteints de mutisme s&eacute;lectif sont parfaitement capables de parler et de comprendre, mais sont incapables de parler dans des situations particuli&egrave;res. Ce n'est pas que la personne ne veut pas parler. Cela ne peut tout simplement pas.Les personnes autistes parlent-elles ? Chaque enfant atteint de troubles du spectre autistique (TSA) est diff&eacute;rent en mati&egrave;re de communication. Il peut ne pas savoir parler, il peut avoir parl&eacute; la langue mais ne peut pas l'utiliser pour communiquer avec les autres, il peut &ecirc;tre capable de parler et de communiquer, mais pas toujours de mani&egrave;re appropri&eacute;e.\"}},{\"@type\":\"Question\",\"name\":\"Quel trouble ressemble &agrave; l'autisme ?\",\"acceptedAnswer\":{\"@type\":\"Answer\",\"text\":\"Les troubles envahissants du d&eacute;veloppement surviennent dans plusieurs formes moins connues d'autisme infantile ou de syndrome d'Asperger. L'occasion de pr&eacute;ciser davantage ce qui correspond &agrave; l'autisme atypique, au syndrome de Rett (page suivante) et aux autres troubles du spectre autistique.Quelle est la diff&eacute;rence entre l'autisme et le syndrome d'Asperger ? La seule chose qui diff&egrave;re &eacute;videmment entre l'autisme de haut niveau et le syndrome d'Asperger est l'&acirc;ge d'apparition du langage. Bien s&ucirc;r, l'apparition pr&eacute;coce de la parole chez les enfants Asperger leur donne un d&eacute;veloppement diff&eacute;rent de celui des enfants autistes de haut niveau.\"}},{\"@type\":\"Question\",\"name\":\"Quelle est la dur&eacute;e de vie d'un autiste ?\",\"acceptedAnswer\":{\"@type\":\"Answer\",\"text\":\"L'esp&eacute;rance de vie des personnes avec autisme est aujourd'hui de 54 ans en France. Pourquoi cet &eacute;cart avec l'esp&eacute;rance de vie moyenne de 80 ans pour la population g&eacute;n&eacute;rale ?Les personnes autistes vivent-elles moins ? Les personnes atteintes de troubles du spectre autistique (TSA) ont une esp&eacute;rance de vie r&eacute;duite d'environ seize &agrave; dix-huit ans par rapport &agrave; la population g&eacute;n&eacute;rale, cette r&eacute;duction s'&eacute;l&egrave;ve &agrave; 30 ans pour les personnes autistes ayant des difficult&eacute;s d'apprentissage.\"}},{\"@type\":\"Question\",\"name\":\"Quelle maladie ressemble &agrave; l'autisme ?\",\"acceptedAnswer\":{\"@type\":\"Answer\",\"text\":\"Le syndrome d'Asperger est un trouble familial de l'autisme, un trouble envahissant du d&eacute;veloppement qui touche entre 350&nbsp;000 et 600&nbsp;000 personnes dans le monde et survient dans l'enfance.Quelle est la diff&eacute;rence entre autisme et TSA ? L'autisme est d&eacute;sormais appel&eacute; trouble du spectre autistique (TSA). Il comprend donc les enfants autistes, mais aussi ceux avec le syndrome d'Asperger et ceux avec un trouble envahissant du d&eacute;veloppement non pr&eacute;cis&eacute;.\"}}]}<\/script><\/p>\n\n","protected":false},"excerpt":{"rendered":"","protected":false},"author":1,"featured_media":1911,"comment_status":"open","ping_status":"open","sticky":false,"template":"","format":"standard","meta":{"_seopress_robots_primary_cat":"none","_seopress_titles_title":"","_seopress_titles_desc":"","_seopress_robots_index":"","footnotes":""},"categories":[31],"tags":[244,243,247,245,246],"class_list":["post-1910","post","type-post","status-publish","format-standard","has-post-thumbnail","hentry","category-life-style","tag-asperger","tag-autisme","tag-autiste","tag-autistes","tag-syndrome","generate-columns","tablet-grid-50","mobile-grid-100","grid-parent","grid-50"],"_links":{"self":[{"href":"https:\/\/toukiela.com\/fr_ca\/wp-json\/wp\/v2\/posts\/1910","targetHints":{"allow":["GET"]}}],"collection":[{"href":"https:\/\/toukiela.com\/fr_ca\/wp-json\/wp\/v2\/posts"}],"about":[{"href":"https:\/\/toukiela.com\/fr_ca\/wp-json\/wp\/v2\/types\/post"}],"author":[{"embeddable":true,"href":"https:\/\/toukiela.com\/fr_ca\/wp-json\/wp\/v2\/users\/1"}],"replies":[{"embeddable":true,"href":"https:\/\/toukiela.com\/fr_ca\/wp-json\/wp\/v2\/comments?post=1910"}],"version-history":[{"count":0,"href":"https:\/\/toukiela.com\/fr_ca\/wp-json\/wp\/v2\/posts\/1910\/revisions"}],"wp:featuredmedia":[{"embeddable":true,"href":"https:\/\/toukiela.com\/fr_ca\/wp-json\/wp\/v2\/media\/1911"}],"wp:attachment":[{"href":"https:\/\/toukiela.com\/fr_ca\/wp-json\/wp\/v2\/media?parent=1910"}],"wp:term":[{"taxonomy":"category","embeddable":true,"href":"https:\/\/toukiela.com\/fr_ca\/wp-json\/wp\/v2\/categories?post=1910"},{"taxonomy":"post_tag","embeddable":true,"href":"https:\/\/toukiela.com\/fr_ca\/wp-json\/wp\/v2\/tags?post=1910"}],"curies":[{"name":"wp","href":"https:\/\/api.w.org\/{rel}","templated":true}]}}