{"id":1786,"date":"2022-06-22T00:23:08","date_gmt":"2022-06-22T00:23:08","guid":{"rendered":"https:\/\/toukiela.com\/pourquoi-moi-nautiljon-month-year\/"},"modified":"2022-08-30T12:42:29","modified_gmt":"2022-08-30T12:42:29","slug":"pourquoi-moi-nautiljon-month-year","status":"publish","type":"post","link":"https:\/\/toukiela.com\/fr_ca\/pourquoi-moi-nautiljon-month-year\/","title":{"rendered":"Pourquoi moi Nautiljon ? avril 2026"},"content":{"rendered":"<p><iframe title=\"ACHATS MANGA AO\u00dbT 2022 | PLEIN DE DINGUERIES ! \ud83d\udd25\" width=\"1200\" height=\"675\" src=\"https:\/\/www.youtube-nocookie.com\/embed\/b3COeCPsO8o?feature=oembed\" frameborder=\"0\" allow=\"accelerometer; autoplay; clipboard-write; encrypted-media; gyroscope; picture-in-picture; web-share\" allowfullscreen><\/iframe><\/p>\r\n<p>Je ne sais pas. Pourquoi tu demandes ?<\/p>\r\n<p>C\u2019est juste que votre question semble un peu d\u00e9plac\u00e9e. Si vous me permettez de demander, pourquoi voulez-vous savoir ?<\/p>\r\n<div id=\"ez-toc-container\" class=\"ez-toc-v2_0_82_2 counter-hierarchy ez-toc-counter ez-toc-grey ez-toc-container-direction\">\n<p class=\"ez-toc-title\" style=\"cursor:inherit\">Sommaire<\/p>\n<label for=\"ez-toc-cssicon-toggle-item-69f1b05ae98e9\" class=\"ez-toc-cssicon-toggle-label\"><span class=\"\"><span class=\"eztoc-hide\" style=\"display:none;\">Toggle<\/span><span class=\"ez-toc-icon-toggle-span\"><svg style=\"fill: #999;color:#999\" xmlns=\"http:\/\/www.w3.org\/2000\/svg\" class=\"list-377408\" width=\"20px\" height=\"20px\" viewBox=\"0 0 24 24\" fill=\"none\"><path d=\"M6 6H4v2h2V6zm14 0H8v2h12V6zM4 11h2v2H4v-2zm16 0H8v2h12v-2zM4 16h2v2H4v-2zm16 0H8v2h12v-2z\" fill=\"currentColor\"><\/path><\/svg><svg style=\"fill: #999;color:#999\" class=\"arrow-unsorted-368013\" xmlns=\"http:\/\/www.w3.org\/2000\/svg\" width=\"10px\" height=\"10px\" viewBox=\"0 0 24 24\" version=\"1.2\" baseProfile=\"tiny\"><path d=\"M18.2 9.3l-6.2-6.3-6.2 6.3c-.2.2-.3.4-.3.7s.1.5.3.7c.2.2.4.3.7.3h11c.3 0 .5-.1.7-.3.2-.2.3-.5.3-.7s-.1-.5-.3-.7zM5.8 14.7l6.2 6.3 6.2-6.3c.2-.2.3-.5.3-.7s-.1-.5-.3-.7c-.2-.2-.4-.3-.7-.3h-11c-.3 0-.5.1-.7.3-.2.2-.3.5-.3.7s.1.5.3.7z\"\/><\/svg><\/span><\/span><\/label><input type=\"checkbox\"  id=\"ez-toc-cssicon-toggle-item-69f1b05ae98e9\"  aria-label=\"Toggle\" \/><nav><ul class='ez-toc-list ez-toc-list-level-1 ' ><li class='ez-toc-page-1 ez-toc-heading-level-2'><a class=\"ez-toc-link ez-toc-heading-1\" href=\"https:\/\/toukiela.com\/fr_ca\/pourquoi-moi-nautiljon-month-year\/#Ou_regarde_Top_Boy\" >Ou regarde Top Boy ?<\/a><ul class='ez-toc-list-level-3' ><li class='ez-toc-heading-level-3'><a class=\"ez-toc-link ez-toc-heading-2\" href=\"https:\/\/toukiela.com\/fr_ca\/pourquoi-moi-nautiljon-month-year\/#Comment_regarder_Top_Boy_sur_Netflix\" >Comment regarder Top Boy sur Netflix ?<\/a><ul class='ez-toc-list-level-4' ><li class='ez-toc-heading-level-4'><a class=\"ez-toc-link ez-toc-heading-3\" href=\"https:\/\/toukiela.com\/fr_ca\/pourquoi-moi-nautiljon-month-year\/#Ou_regarder_Top_Boy\" >O\u00f9 regarder Top Boy ?<\/a><\/li><li class='ez-toc-page-1 ez-toc-heading-level-4'><a class=\"ez-toc-link ez-toc-heading-4\" href=\"https:\/\/toukiela.com\/fr_ca\/pourquoi-moi-nautiljon-month-year\/#Ou_regarder_Top_Boy_summerhouse_saison_1\" >O\u00f9 regarder Top Boy summerhouse saison 1 ?<\/a><\/li><\/ul><\/li><li class='ez-toc-page-1 ez-toc-heading-level-3'><a class=\"ez-toc-link ez-toc-heading-5\" href=\"https:\/\/toukiela.com\/fr_ca\/pourquoi-moi-nautiljon-month-year\/#Ou_regarder_la_serie_Top_Boy\" >O\u00f9 regarder la s\u00e9rie Top Boy ?<\/a><ul class='ez-toc-list-level-4' ><li class='ez-toc-heading-level-4'><a class=\"ez-toc-link ez-toc-heading-6\" href=\"https:\/\/toukiela.com\/fr_ca\/pourquoi-moi-nautiljon-month-year\/#Ou_voir_Top_Boy_saison_2\" >O\u00f9 voir Top Boy saison 2 ?<\/a><\/li><li class='ez-toc-page-1 ez-toc-heading-level-4'><a class=\"ez-toc-link ez-toc-heading-7\" href=\"https:\/\/toukiela.com\/fr_ca\/pourquoi-moi-nautiljon-month-year\/#Ou_Peut-on_regarder_Top_Boy\" >O\u00f9 Peut-on regarder Top Boy ?<\/a><\/li><\/ul><\/li><li class='ez-toc-page-1 ez-toc-heading-level-3'><a class=\"ez-toc-link ez-toc-heading-8\" href=\"https:\/\/toukiela.com\/fr_ca\/pourquoi-moi-nautiljon-month-year\/#Ou_regarder_saison_1_Top_Boy_summerhouse\" >O\u00f9 regarder saison 1 Top Boy summerhouse ?<\/a><ul class='ez-toc-list-level-4' ><li class='ez-toc-heading-level-4'><a class=\"ez-toc-link ez-toc-heading-9\" href=\"https:\/\/toukiela.com\/fr_ca\/pourquoi-moi-nautiljon-month-year\/#Quel_Top_Boy_regarder_en_premier\" >Quel Top Boy regarder en premier ?<\/a><\/li><li class='ez-toc-page-1 ez-toc-heading-level-4'><a class=\"ez-toc-link ez-toc-heading-10\" href=\"https:\/\/toukiela.com\/fr_ca\/pourquoi-moi-nautiljon-month-year\/#Ou_se_trouve_summerhouse\" >O\u00f9 se trouve summerhouse ?<\/a><\/li><\/ul><\/li><\/ul><\/li><li class='ez-toc-page-1 ez-toc-heading-level-2'><a class=\"ez-toc-link ez-toc-heading-11\" href=\"https:\/\/toukiela.com\/fr_ca\/pourquoi-moi-nautiljon-month-year\/#Pourquoi_Jamie_a_tue_le_roi_fou\" >Pourquoi Jamie a tu\u00e9 le roi fou ?<\/a><ul class='ez-toc-list-level-3' ><li class='ez-toc-heading-level-3'><a class=\"ez-toc-link ez-toc-heading-12\" href=\"https:\/\/toukiela.com\/fr_ca\/pourquoi-moi-nautiljon-month-year\/#Comment_Jaime_Lannister_se_fait_capturer\" >Comment Jaime Lannister se fait capturer ?<\/a><ul class='ez-toc-list-level-4' ><li class='ez-toc-heading-level-4'><a class=\"ez-toc-link ez-toc-heading-13\" href=\"https:\/\/toukiela.com\/fr_ca\/pourquoi-moi-nautiljon-month-year\/#Quel_roi_a_tue_Jaime_Lannister\" >Quel roi a tu\u00e9 Jaime Lannister ?<\/a><\/li><li class='ez-toc-page-1 ez-toc-heading-level-4'><a class=\"ez-toc-link ez-toc-heading-14\" href=\"https:\/\/toukiela.com\/fr_ca\/pourquoi-moi-nautiljon-month-year\/#Qui_etait_la_main_du_roi_fou\" >Qui etait la main du roi fou ?<\/a><\/li><\/ul><\/li><li class='ez-toc-page-1 ez-toc-heading-level-3'><a class=\"ez-toc-link ez-toc-heading-15\" href=\"https:\/\/toukiela.com\/fr_ca\/pourquoi-moi-nautiljon-month-year\/#Qui_etait_la_main_du_roi_fou-2\" >Qui etait la main du roi fou ?<\/a><ul class='ez-toc-list-level-4' ><li class='ez-toc-heading-level-4'><a class=\"ez-toc-link ez-toc-heading-16\" href=\"https:\/\/toukiela.com\/fr_ca\/pourquoi-moi-nautiljon-month-year\/#Qui_est_la_main_du_roi_fou\" >Qui est la main du roi fou ?<\/a><\/li><li class='ez-toc-page-1 ez-toc-heading-level-4'><a class=\"ez-toc-link ez-toc-heading-17\" href=\"https:\/\/toukiela.com\/fr_ca\/pourquoi-moi-nautiljon-month-year\/#Qui_est_Rhaegar_Targaryen_par_rapport_a_Daenerys\" >Qui est Rhaegar Targaryen par rapport \u00e0 Daenerys ?<\/a><\/li><\/ul><\/li><li class='ez-toc-page-1 ez-toc-heading-level-3'><a class=\"ez-toc-link ez-toc-heading-18\" href=\"https:\/\/toukiela.com\/fr_ca\/pourquoi-moi-nautiljon-month-year\/#Qui_a_tue_le_roi_fou_Got\" >Qui a tu\u00e9 le roi fou Got ?<\/a><ul class='ez-toc-list-level-4' ><li class='ez-toc-heading-level-4'><a class=\"ez-toc-link ez-toc-heading-19\" href=\"https:\/\/toukiela.com\/fr_ca\/pourquoi-moi-nautiljon-month-year\/#Qui_est_Rhaegar_Targaryen_par_rapport_a_Daenerys-2\" >Qui est Rhaegar Targaryen par rapport \u00e0 Daenerys ?<\/a><\/li><li class='ez-toc-page-1 ez-toc-heading-level-4'><a class=\"ez-toc-link ez-toc-heading-20\" href=\"https:\/\/toukiela.com\/fr_ca\/pourquoi-moi-nautiljon-month-year\/#Comment_sappelle_le_roi_fou_Game_of_Thrones\" >Comment s\u2019appelle le roi fou Game of Thrones ?<\/a><\/li><\/ul><\/li><\/ul><\/li><li class='ez-toc-page-1 ez-toc-heading-level-2'><a class=\"ez-toc-link ez-toc-heading-21\" href=\"https:\/\/toukiela.com\/fr_ca\/pourquoi-moi-nautiljon-month-year\/#Quest-ce_qui_mesure_1m60\" >Qu\u2019est-ce qui mesure 1m60 ?<\/a><ul class='ez-toc-list-level-3' ><li class='ez-toc-heading-level-3'><a class=\"ez-toc-link ez-toc-heading-22\" href=\"https:\/\/toukiela.com\/fr_ca\/pourquoi-moi-nautiljon-month-year\/#Qui_mesure_1m61\" >Qui mesure 1m61 ?<\/a><ul class='ez-toc-list-level-4' ><li class='ez-toc-heading-level-4'><a class=\"ez-toc-link ez-toc-heading-23\" href=\"https:\/\/toukiela.com\/fr_ca\/pourquoi-moi-nautiljon-month-year\/#Qui_mesure_1m79\" >Qui mesure 1m79 ?<\/a><\/li><li class='ez-toc-page-1 ez-toc-heading-level-4'><a class=\"ez-toc-link ez-toc-heading-24\" href=\"https:\/\/toukiela.com\/fr_ca\/pourquoi-moi-nautiljon-month-year\/#Qui_mesure_1m80\" >Qui mesure 1m80 ?<\/a><\/li><\/ul><\/li><li class='ez-toc-page-1 ez-toc-heading-level-3'><a class=\"ez-toc-link ez-toc-heading-25\" href=\"https:\/\/toukiela.com\/fr_ca\/pourquoi-moi-nautiljon-month-year\/#Qui_est_lactrice_la_plus_petite\" >Qui est l\u2019actrice la plus petite ?<\/a><\/li><li class='ez-toc-page-1 ez-toc-heading-level-3'><a class=\"ez-toc-link ez-toc-heading-26\" href=\"https:\/\/toukiela.com\/fr_ca\/pourquoi-moi-nautiljon-month-year\/#Quelle_est_la_chanteuse_la_plus_petite\" >Quelle est la chanteuse la plus petite ?<\/a><ul class='ez-toc-list-level-4' ><li class='ez-toc-heading-level-4'><a class=\"ez-toc-link ez-toc-heading-27\" href=\"https:\/\/toukiela.com\/fr_ca\/pourquoi-moi-nautiljon-month-year\/#Qui_fait_1m57\" >Qui fait 1m57 ?<\/a><\/li><li class='ez-toc-page-1 ez-toc-heading-level-4'><a class=\"ez-toc-link ez-toc-heading-28\" href=\"https:\/\/toukiela.com\/fr_ca\/pourquoi-moi-nautiljon-month-year\/#Qui_mesure_1m55\" >Qui mesure 1m55 ?<\/a><\/li><\/ul><\/li><\/ul><\/li><li class='ez-toc-page-1 ez-toc-heading-level-2'><a class=\"ez-toc-link ez-toc-heading-29\" href=\"https:\/\/toukiela.com\/fr_ca\/pourquoi-moi-nautiljon-month-year\/#Ou_elle_habite_Billie_Eilish\" >O\u00f9 elle habite Billie Eilish ?<\/a><ul class='ez-toc-list-level-3' ><li class='ez-toc-heading-level-3'><a class=\"ez-toc-link ez-toc-heading-30\" href=\"https:\/\/toukiela.com\/fr_ca\/pourquoi-moi-nautiljon-month-year\/#Comment_contacter_Billie_Eilish\" >Comment contacter Billie Eilish ?<\/a><ul class='ez-toc-list-level-4' ><li class='ez-toc-heading-level-4'><a class=\"ez-toc-link ez-toc-heading-31\" href=\"https:\/\/toukiela.com\/fr_ca\/pourquoi-moi-nautiljon-month-year\/#Est-ce_que_Billie_Eilish_est_en_couple\" >Est-ce que Billie Eilish est en couple ?<\/a><\/li><li class='ez-toc-page-1 ez-toc-heading-level-4'><a class=\"ez-toc-link ez-toc-heading-32\" href=\"https:\/\/toukiela.com\/fr_ca\/pourquoi-moi-nautiljon-month-year\/#Quelle_est_la_couleur_preferee_de_Billie_Eilish\" >Quelle est la couleur pr\u00e9f\u00e9r\u00e9e de Billie Eilish ?<\/a><\/li><\/ul><\/li><li class='ez-toc-page-1 ez-toc-heading-level-3'><a class=\"ez-toc-link ez-toc-heading-33\" href=\"https:\/\/toukiela.com\/fr_ca\/pourquoi-moi-nautiljon-month-year\/#Quelles_sont_les_passions_de_Billie_Eilish\" >Quelles sont les passions de Billie Eilish ?<\/a><\/li><\/ul><\/li><li class='ez-toc-page-1 ez-toc-heading-level-2'><a class=\"ez-toc-link ez-toc-heading-34\" href=\"https:\/\/toukiela.com\/fr_ca\/pourquoi-moi-nautiljon-month-year\/#Comment_sappelle_les_fan_de_IU\" >Comment s\u2019appelle les fan de IU ?<\/a><\/li><\/ul><\/nav><\/div>\n<h2 class=\"wp-block-heading\"><span class=\"ez-toc-section\" id=\"Ou_regarde_Top_Boy\"><\/span>Ou regarde Top Boy ?<span class=\"ez-toc-section-end\"><\/span><\/h2>\r\n\r\n\r\n\r\n<figure><img decoding=\"async\" class=\"attachment-full size-full\" src=\"https:\/\/toukiela.com\/wp-content\/uploads\/2022\/06\/Ou-regarde-Top-Boy-.jpeg\" sizes=\"(max-width: 1267px) 100vw, 1267px\" srcset=\"https:\/\/i0.wp.com\/toukiela.com\/wp-content\/uploads\/2022\/06\/Ou-regarde-Top-Boy-.jpeg?w=1267&amp;ssl=1 1267w, https:\/\/i0.wp.com\/toukiela.com\/wp-content\/uploads\/2022\/06\/Ou-regarde-Top-Boy-.jpeg?resize=300%2C204&amp;ssl=1 300w, https:\/\/i0.wp.com\/toukiela.com\/wp-content\/uploads\/2022\/06\/Ou-regarde-Top-Boy-.jpeg?resize=1024%2C695&amp;ssl=1 1024w, https:\/\/i0.wp.com\/toukiela.com\/wp-content\/uploads\/2022\/06\/Ou-regarde-Top-Boy-.jpeg?resize=768%2C521&amp;ssl=1 768w, https:\/\/i0.wp.com\/toukiela.com\/wp-content\/uploads\/2022\/06\/Ou-regarde-Top-Boy-.jpeg?resize=18%2C12&amp;ssl=1 18w, https:\/\/i0.wp.com\/toukiela.com\/wp-content\/uploads\/2022\/06\/Ou-regarde-Top-Boy-.jpeg?resize=50%2C34&amp;ssl=1 50w, https:\/\/i0.wp.com\/toukiela.com\/wp-content\/uploads\/2022\/06\/Ou-regarde-Top-Boy-.jpeg?resize=1080%2C733&amp;ssl=1 1080w, https:\/\/i0.wp.com\/toukiela.com\/wp-content\/uploads\/2022\/06\/Ou-regarde-Top-Boy-.jpeg?resize=980%2C665&amp;ssl=1 980w, https:\/\/i0.wp.com\/toukiela.com\/wp-content\/uploads\/2022\/06\/Ou-regarde-Top-Boy-.jpeg?resize=480%2C326&amp;ssl=1 480w\" alt=\"Ou regarde Top Boy ?\" width=\"1267\" height=\"860\"><\/figure>\r\n\r\n\r\n\r\n<p>Vous pouvez actuellement regarder \u00ab\u00a0Top Boy\u00a0\u00bb en streaming sur Netflix.<\/p>\r\n\r\n\r\n\r\n<p>O\u00f9 regarder Top Boy saison 2 ? Par cons\u00e9quent, Top Boy Saison 2 sera disponible en streaming sur Netflix \u00e0 partir du vendredi 18 mars 2022.<\/p>\r\n\r\n\r\n\r\n<h3 class=\"wp-block-heading\"><span class=\"ez-toc-section\" id=\"Comment_regarder_Top_Boy_sur_Netflix\"><\/span>Comment regarder Top Boy sur Netflix ?<span class=\"ez-toc-section-end\"><\/span><\/h3>\r\n\r\n\r\n\r\n<p>En plus de Walters et Robinson, Kano, Little Simz et Micheal Ward jouent \u00e9galement le r\u00f4le des personnages principaux\u2026 Voici donc comment regarder les saisons de Top Boy dans le bon ordre sur Netflix :<\/p>\r\n\r\n\r\n\r\n<ul class=\"wp-block-list\">\r\n<li>Les meilleurs hommes : Summerhouse saison 1.<\/li>\r\n<li>Les meilleurs hommes : Summerhouse saison 2.<\/li>\r\n<li>top boy saison 1<\/li>\r\n<li>top boy saison 2<\/li>\r\n<\/ul>\r\n\r\n\r\n\r\n<h4 class=\"wp-block-heading\"><span class=\"ez-toc-section\" id=\"Ou_regarder_Top_Boy\"><\/span>O\u00f9 regarder Top Boy ?<span class=\"ez-toc-section-end\"><\/span><\/h4>\r\n\r\n\r\n\r\n<p>meilleur gar\u00e7on | Site officiel Netflix.<\/p>\r\n\r\n\r\n\r\n<h4 class=\"wp-block-heading\"><span class=\"ez-toc-section\" id=\"Ou_regarder_Top_Boy_summerhouse_saison_1\"><\/span>O\u00f9 regarder Top Boy summerhouse saison 1 ?<span class=\"ez-toc-section-end\"><\/span><\/h4>\r\n\r\n\r\n\r\n<p>En ce moment, vous pouvez regarder \u00ab\u00a0Top Boy \u2013 Saison 1\u00a0\u00bb en streaming sur Netflix.<\/p>\r\n\r\n\r\n\r\n<h3 class=\"wp-block-heading\"><span class=\"ez-toc-section\" id=\"Ou_regarder_la_serie_Top_Boy\"><\/span>O\u00f9 regarder la s\u00e9rie Top Boy ?<span class=\"ez-toc-section-end\"><\/span><\/h3>\r\n\r\n\r\n\r\n<p>meilleur gar\u00e7on | Site officiel Netflix.<\/p>\r\n\r\n\r\n\r\n<h4 class=\"wp-block-heading\"><span class=\"ez-toc-section\" id=\"Ou_voir_Top_Boy_saison_2\"><\/span>O\u00f9 voir Top Boy saison 2 ?<span class=\"ez-toc-section-end\"><\/span><\/h4>\r\n\r\n\r\n\r\n<p>Apr\u00e8s plus de deux ans d\u2019attente, Netflix a enfin sorti Top Boy Saison 2.<\/p>\r\n\r\n\r\n\r\n<h4 class=\"wp-block-heading\"><span class=\"ez-toc-section\" id=\"Ou_Peut-on_regarder_Top_Boy\"><\/span>O\u00f9 Peut-on regarder Top Boy ?<span class=\"ez-toc-section-end\"><\/span><\/h4>\r\n\r\n\r\n\r\n<p>En ce moment, vous pouvez regarder \u00ab\u00a0Top Boy\u00a0\u00bb en streaming sur Netflix.<\/p>\r\n\r\n\r\n\r\n<h3 class=\"wp-block-heading\"><span class=\"ez-toc-section\" id=\"Ou_regarder_saison_1_Top_Boy_summerhouse\"><\/span>O\u00f9 regarder saison 1 Top Boy summerhouse ?<span class=\"ez-toc-section-end\"><\/span><\/h3>\r\n\r\n\r\n\r\n<p>Voir Top Boy: Summer House | Netflix<\/p>\r\n\r\n\r\n\r\n<h4 class=\"wp-block-heading\"><span class=\"ez-toc-section\" id=\"Quel_Top_Boy_regarder_en_premier\"><\/span>Quel Top Boy regarder en premier ?<span class=\"ez-toc-section-end\"><\/span><\/h4>\r\n\r\n\r\n\r\n<p>Par contre, ne faites pas la m\u00eame erreur que moi, les saisons 1 et 2 de Top Boy : Summerhouse (4 \u00e9pisodes chacune) sont les premi\u00e8res \u00e0 \u00eatre vues, respectivement, de 2011 et 2013, tandis que Top Boy (2019 \u2013 10 \u00e9pisodes ) est la troisi\u00e8me saison, la meilleure pour moi car je la domine parfaitement de la premi\u00e8re \u00e0 la derni\u00e8re seconde.<\/p>\r\n\r\n\r\n\r\n<h4 class=\"wp-block-heading\"><span class=\"ez-toc-section\" id=\"Ou_se_trouve_summerhouse\"><\/span>O\u00f9 se trouve summerhouse ?<span class=\"ez-toc-section-end\"><\/span><\/h4>\r\n\r\n\r\n\r\n<p>Cr\u00e9\u00e9e et \u00e9crite par Ronan Bennett, la s\u00e9rie se d\u00e9roule \u00e0 Summerhouse, un quartier fictif situ\u00e9 dans le London Borough of Hackney dans le Grand Londres.<\/p>\r\n\r\n\r\n\r\n<h2 class=\"wp-block-heading\"><span class=\"ez-toc-section\" id=\"Pourquoi_Jamie_a_tue_le_roi_fou\"><\/span>Pourquoi Jamie a tu\u00e9 le roi fou ?<span class=\"ez-toc-section-end\"><\/span><\/h2>\r\n\r\n\r\n\r\n<figure><img decoding=\"async\" class=\"attachment-full size-full\" src=\"https:\/\/toukiela.com\/wp-content\/uploads\/2022\/06\/Pourquoi-Jamie-a-tue-le-roi-fou-.jpeg\" sizes=\"(max-width: 305px) 100vw, 305px\" srcset=\"https:\/\/i0.wp.com\/toukiela.com\/wp-content\/uploads\/2022\/06\/Pourquoi-Jamie-a-tue-le-roi-fou-.jpeg?w=305&amp;ssl=1 305w, https:\/\/i0.wp.com\/toukiela.com\/wp-content\/uploads\/2022\/06\/Pourquoi-Jamie-a-tue-le-roi-fou-.jpeg?resize=203%2C300&amp;ssl=1 203w, https:\/\/i0.wp.com\/toukiela.com\/wp-content\/uploads\/2022\/06\/Pourquoi-Jamie-a-tue-le-roi-fou-.jpeg?resize=8%2C12&amp;ssl=1 8w, https:\/\/i0.wp.com\/toukiela.com\/wp-content\/uploads\/2022\/06\/Pourquoi-Jamie-a-tue-le-roi-fou-.jpeg?resize=34%2C50&amp;ssl=1 34w\" alt=\"Pourquoi Jamie a tu\u00e9 le roi fou ?\" width=\"305\" height=\"450\"><\/figure>\r\n\r\n\r\n\r\n<p>En se baignant pendant sa captivit\u00e9, Jaime Lannister dit \u00e0 Brienne de Tarth pourquoi il s\u2019appelle Kingslayer. Il lui r\u00e9v\u00e8le qu\u2019il a tu\u00e9 l\u2019un des incendiaires du roi pour l\u2019emp\u00eacher d\u2019incendier la ville, avant de tuer le roi lui-m\u00eame.<\/p>\r\n\r\n\r\n\r\n<p>Qui a coup\u00e9 la main de Jaime ? Dans la saison 3[modifier] Jaime prot\u00e8ge Brienne du viol, mais son arrogance exasp\u00e8re Locke, qui a la main droite coup\u00e9e. Lorsque Roose Bolton d\u00e9couvre le traitement de Jaime, il en bl\u00e2me Locke.<\/p>\r\n\r\n\r\n\r\n<h3 class=\"wp-block-heading\"><span class=\"ez-toc-section\" id=\"Comment_Jaime_Lannister_se_fait_capturer\"><\/span>Comment Jaime Lannister se fait capturer ?<span class=\"ez-toc-section-end\"><\/span><\/h3>\r\n\r\n\r\n\r\n<p>Jaime est finalement captur\u00e9 par l\u2019arm\u00e9e de Robb Stark. Jaime propose le combat singulier \u00e0 Robb Stark, ce qu\u2019il refuse, connaissant tr\u00e8s bien les capacit\u00e9s de ce dernier. Catelyn Stark rend visite \u00e0 Jaime. Il se moque de Catelyn, disant que le veuvage lui convient.<\/p>\r\n\r\n\r\n\r\n<h4 class=\"wp-block-heading\"><span class=\"ez-toc-section\" id=\"Quel_roi_a_tue_Jaime_Lannister\"><\/span>Quel roi a tu\u00e9 Jaime Lannister ?<span class=\"ez-toc-section-end\"><\/span><\/h4>\r\n\r\n\r\n\r\n<p>Saison 1. Aerys est mentionn\u00e9 \u00e0 plusieurs reprises par son plus jeune fils, Viserys Targaryen. Il parle de lui comme d\u2019un grand roi et consid\u00e8re les accusations port\u00e9es contre lui et son surnom de Roi Fou sans fondement. Robert Baratheon et Jaime Lannister, quant \u00e0 eux, \u00e9voquent sa folie et sa cruaut\u00e9.<\/p>\r\n\r\n\r\n\r\n<h4 class=\"wp-block-heading\"><span class=\"ez-toc-section\" id=\"Qui_etait_la_main_du_roi_fou\"><\/span>Qui etait la main du roi fou ?<span class=\"ez-toc-section-end\"><\/span><\/h4>\r\n\r\n\r\n\r\n<p>Seigneur de Harrenhal et souverain des lois du roi Viserys I \u00e0 partir de 105, est devenu chef apr\u00e8s la d\u00e9position de Ser Otto. Il mourut dans sa forteresse lors d\u2019un incendie. Il a \u00e9t\u00e9 appel\u00e9 par le roi Viserys I apr\u00e8s la mort de Lord Lyonel.<\/p>\r\n\r\n\r\n\r\n<h3 class=\"wp-block-heading\"><span class=\"ez-toc-section\" id=\"Qui_etait_la_main_du_roi_fou-2\"><\/span>Qui etait la main du roi fou ?<span class=\"ez-toc-section-end\"><\/span><\/h3>\r\n\r\n\r\n\r\n<p>Seigneur de Harrenhal et souverain des lois du roi Viserys I \u00e0 partir de 105, est devenu chef apr\u00e8s la d\u00e9position de Ser Otto. Il mourut dans sa forteresse lors d\u2019un incendie. Il a \u00e9t\u00e9 appel\u00e9 par le roi Viserys I apr\u00e8s la mort de Lord Lyonel.<\/p>\r\n\r\n\r\n\r\n<h4 class=\"wp-block-heading\"><span class=\"ez-toc-section\" id=\"Qui_est_la_main_du_roi_fou\"><\/span>Qui est la main du roi fou ?<span class=\"ez-toc-section-end\"><\/span><\/h4>\r\n\r\n\r\n\r\n<p>R\u00c8GNE : D\u00e9but : Aerys a \u00e9t\u00e9 fait roi en 262 AC apr\u00e8s que son p\u00e8re est mort de maladie, il n\u2019avait que 19 ans. La premi\u00e8re action majeure d\u2019Aerys a \u00e9t\u00e9 de renvoyer tous les anciens membres du conseil pour les remplacer par de nouveaux. Impressionn\u00e9 par la t\u00e9nacit\u00e9 de Tywin pendant la r\u00e9bellion de Reyne, il l\u2019a nomm\u00e9 Main du Roi.<\/p>\r\n\r\n\r\n\r\n<h4 class=\"wp-block-heading\"><span class=\"ez-toc-section\" id=\"Qui_est_Rhaegar_Targaryen_par_rapport_a_Daenerys\"><\/span>Qui est Rhaegar Targaryen par rapport \u00e0 Daenerys ?<span class=\"ez-toc-section-end\"><\/span><\/h4>\r\n\r\n\r\n\r\n<p>Fils a\u00een\u00e9 et h\u00e9ritier du roi Aerys II Targaryen, il est le fr\u00e8re a\u00een\u00e9 de Viserys et Daenerys. Comme sa s\u0153ur est n\u00e9e apr\u00e8s sa mort, il a \u00e9t\u00e9 surnomm\u00e9 \u00ab\u00a0le dernier dragon\u00a0\u00bb. Plus tard mari\u00e9 \u00e0 Elia Martell, Rhaegar a secr\u00e8tement annul\u00e9 leur mariage pour \u00e9pouser Lyanna Stark et les deux ont eu un fils, Jon Snow.<\/p>\r\n\r\n\r\n\r\n<h3 class=\"wp-block-heading\"><span class=\"ez-toc-section\" id=\"Qui_a_tue_le_roi_fou_Got\"><\/span>Qui a tu\u00e9 le roi fou Got ?<span class=\"ez-toc-section-end\"><\/span><\/h3>\r\n\r\n\r\n\r\n<p>Viserys \u00e9tait connu de lui pour \u00eatre fou comme son p\u00e8re et avide de pouvoir et d\u2019autorit\u00e9, ce n\u2019est que sur sa s\u0153ur que cela a fonctionn\u00e9, il a \u00e9t\u00e9 tu\u00e9 par Khal Drogo.<\/p>\r\n\r\n\r\n\r\n<h4 class=\"wp-block-heading\"><span class=\"ez-toc-section\" id=\"Qui_est_Rhaegar_Targaryen_par_rapport_a_Daenerys-2\"><\/span>Qui est Rhaegar Targaryen par rapport \u00e0 Daenerys ?<span class=\"ez-toc-section-end\"><\/span><\/h4>\r\n\r\n\r\n\r\n<p>Fils a\u00een\u00e9 et h\u00e9ritier du roi Aerys II Targaryen, il est le fr\u00e8re a\u00een\u00e9 de Viserys et Daenerys. Comme sa s\u0153ur est n\u00e9e apr\u00e8s sa mort, il a \u00e9t\u00e9 surnomm\u00e9 \u00ab\u00a0le dernier dragon\u00a0\u00bb. Plus tard mari\u00e9 \u00e0 Elia Martell, Rhaegar a secr\u00e8tement annul\u00e9 leur mariage pour \u00e9pouser Lyanna Stark et les deux ont eu un fils, Jon Snow.<\/p>\r\n\r\n\r\n\r\n<h4 class=\"wp-block-heading\"><span class=\"ez-toc-section\" id=\"Comment_sappelle_le_roi_fou_Game_of_Thrones\"><\/span>Comment s\u2019appelle le roi fou Game of Thrones ?<span class=\"ez-toc-section-end\"><\/span><\/h4>\r\n\r\n\r\n\r\n<p>Aerys II Targaryen connu sous le nom de \u00ab\u00a0le roi fou\u00a0\u00bb (243 apr\u00e8s JC \u2013 283 apr\u00e8s JC) \u00e9tait le dix-septi\u00e8me roi de la dynastie Targaryen. Il est le fils de Jaehaerys II et de sa s\u0153ur Shaera Targaryen.<\/p>\r\n\r\n\r\n\r\n<h2 class=\"wp-block-heading\"><span class=\"ez-toc-section\" id=\"Quest-ce_qui_mesure_1m60\"><\/span>Qu\u2019est-ce qui mesure 1m60 ?<span class=\"ez-toc-section-end\"><\/span><\/h2>\r\n\r\n\r\n\r\n<figure><img decoding=\"async\" class=\"attachment-full size-full\" src=\"https:\/\/toukiela.com\/wp-content\/uploads\/2022\/06\/Quest-ce-qui-mesure-1m60-.jpeg\" sizes=\"(max-width: 1450px) 100vw, 1450px\" srcset=\"https:\/\/i0.wp.com\/toukiela.com\/wp-content\/uploads\/2022\/06\/Quest-ce-qui-mesure-1m60-.jpeg?w=1450&amp;ssl=1 1450w, https:\/\/i0.wp.com\/toukiela.com\/wp-content\/uploads\/2022\/06\/Quest-ce-qui-mesure-1m60-.jpeg?resize=212%2C300&amp;ssl=1 212w, https:\/\/i0.wp.com\/toukiela.com\/wp-content\/uploads\/2022\/06\/Quest-ce-qui-mesure-1m60-.jpeg?resize=725%2C1024&amp;ssl=1 725w, https:\/\/i0.wp.com\/toukiela.com\/wp-content\/uploads\/2022\/06\/Quest-ce-qui-mesure-1m60-.jpeg?resize=768%2C1085&amp;ssl=1 768w, https:\/\/i0.wp.com\/toukiela.com\/wp-content\/uploads\/2022\/06\/Quest-ce-qui-mesure-1m60-.jpeg?resize=1088%2C1536&amp;ssl=1 1088w, https:\/\/i0.wp.com\/toukiela.com\/wp-content\/uploads\/2022\/06\/Quest-ce-qui-mesure-1m60-.jpeg?resize=8%2C12&amp;ssl=1 8w, https:\/\/i0.wp.com\/toukiela.com\/wp-content\/uploads\/2022\/06\/Quest-ce-qui-mesure-1m60-.jpeg?resize=35%2C50&amp;ssl=1 35w, https:\/\/i0.wp.com\/toukiela.com\/wp-content\/uploads\/2022\/06\/Quest-ce-qui-mesure-1m60-.jpeg?resize=1080%2C1525&amp;ssl=1 1080w, https:\/\/i0.wp.com\/toukiela.com\/wp-content\/uploads\/2022\/06\/Quest-ce-qui-mesure-1m60-.jpeg?resize=1280%2C1808&amp;ssl=1 1280w, https:\/\/i0.wp.com\/toukiela.com\/wp-content\/uploads\/2022\/06\/Quest-ce-qui-mesure-1m60-.jpeg?resize=980%2C1384&amp;ssl=1 980w, https:\/\/i0.wp.com\/toukiela.com\/wp-content\/uploads\/2022\/06\/Quest-ce-qui-mesure-1m60-.jpeg?resize=480%2C678&amp;ssl=1 480w\" alt=\"Qu'est-ce qui mesure 1m60 ?\" width=\"1450\" height=\"2048\"><\/figure>\r\n\r\n\r\n\r\n<figure class=\"wp-block-table is-style-regular\">\r\n<table>\r\n<tbody>\r\n<tr>\r\n<th>Victoria Abril est n\u00e9e le samedi 4 juillet 1959.<\/th>\r\n<th>Anastacia est n\u00e9e le mardi 17 septembre 1968.<\/th>\r\n<\/tr>\r\n<tr>\r\n<td>Kim Kardashian est n\u00e9e le mardi 21 octobre 1980.<\/td>\r\n<td>Regina King est n\u00e9e le vendredi 15 janvier 1971.<\/td>\r\n<\/tr>\r\n<tr>\r\n<td>Mila Kunis est n\u00e9e le dimanche 14 ao\u00fbt 1983.<\/td>\r\n<td>Cyndi Lauper est n\u00e9e le lundi 22 juin 1953.<\/td>\r\n<\/tr>\r\n<\/tbody>\r\n<\/table>\r\n<\/figure>\r\n\r\n\r\n\r\n<p>Qui mesure 1m53 ? Ariana Grande mesure 1m53 ! Salma Hayek mesure 1m57 ! Kylie Minogue mesure 1m52 !<\/p>\r\n\r\n\r\n\r\n<h3 class=\"wp-block-heading\"><span class=\"ez-toc-section\" id=\"Qui_mesure_1m61\"><\/span>Qui mesure 1m61 ?<span class=\"ez-toc-section-end\"><\/span><\/h3>\r\n\r\n\r\n\r\n<p>L\u2019actrice Line Renaud et les chanteuses Aliz\u00e9e et Annie Cordy ont la m\u00eame taille. Au niveau international, les chanteuses Natasha St Pier, Kelly Clarkson, Emeli Sand\u00e9 ou encore l\u2019actrice espagnole Beatriz Luengo, Jodie Foster ou Winona Ryder mesurent \u00e9galement 1,61 m.<\/p>\r\n\r\n\r\n\r\n<h4 class=\"wp-block-heading\"><span class=\"ez-toc-section\" id=\"Qui_mesure_1m79\"><\/span>Qui mesure 1m79 ?<span class=\"ez-toc-section-end\"><\/span><\/h4>\r\n\r\n\r\n\r\n<p>Du c\u00f4t\u00e9 du cin\u00e9ma masculin, les acteurs suivants sont aussi grands que vous : Guillaume Canet, Patrick Bruel, Fabrice Luchini, Christophe Lambert, Gaspard Ulliel, Jean-Pierre Castaldi, Gaspard Proust et les com\u00e9diens Jean-Marie Bigard, Kev Adams et Fabrice \u00c9bou\u00e9.<\/p>\r\n\r\n\r\n\r\n<h4 class=\"wp-block-heading\"><span class=\"ez-toc-section\" id=\"Qui_mesure_1m80\"><\/span>Qui mesure 1m80 ?<span class=\"ez-toc-section-end\"><\/span><\/h4>\r\n\r\n\r\n\r\n<p>Si vous mesurez 1m80\u2026 Alors vous pourrez facilement jouer au barbiche avec Brad Pitt, George Clooney, James Franco, Richard Gere, Guillaume Canet, Dany Boon ou encore G\u00e9rard Depardieu. Du c\u00f4t\u00e9 des femmes, l\u2019actrice Nicole Kidman mesure \u00e9galement 1,80 m.<\/p>\r\n\r\n\r\n\r\n<h3 class=\"wp-block-heading\"><span class=\"ez-toc-section\" id=\"Qui_est_lactrice_la_plus_petite\"><\/span>Qui est l\u2019actrice la plus petite ?<span class=\"ez-toc-section-end\"><\/span><\/h3>\r\n\r\n\r\n\r\n<p>La plus petite personnalit\u00e9 de la t\u00e9l\u00e9vision de notre pays est l\u2019actrice Isabelle Nanty qui atteint 1,50 m. Seule l\u2019actrice fran\u00e7aise Madeleine Renaud avait relativement la m\u00eame taille qu\u2019elle.<\/p>\r\n\r\n\r\n\r\n<h3 class=\"wp-block-heading\"><span class=\"ez-toc-section\" id=\"Quelle_est_la_chanteuse_la_plus_petite\"><\/span>Quelle est la chanteuse la plus petite ?<span class=\"ez-toc-section-end\"><\/span><\/h3>\r\n\r\n\r\n\r\n<p>Shakira \u2013 1m57 Ce fut une surprise de notre part, mais notre chanteuse au fameux swing ne mesure qu\u20191m57.<\/p>\r\n\r\n\r\n\r\n<h4 class=\"wp-block-heading\"><span class=\"ez-toc-section\" id=\"Qui_fait_1m57\"><\/span>Qui fait 1m57 ?<span class=\"ez-toc-section-end\"><\/span><\/h4>\r\n\r\n\r\n\r\n<p>Rachel Bilson Une illusion renforc\u00e9e par sa taille, puisque l\u2019actrice mesure 1,57 m ! Cela n\u2019enl\u00e8ve rien \u00e0 son charme ni \u00e0 sa beaut\u00e9.<\/p>\r\n\r\n\r\n\r\n<h4 class=\"wp-block-heading\"><span class=\"ez-toc-section\" id=\"Qui_mesure_1m55\"><\/span>Qui mesure 1m55 ?<span class=\"ez-toc-section-end\"><\/span><\/h4>\r\n\r\n\r\n\r\n<p>L\u00e9g\u00e8rement plus grandes, on retrouve \u00e0 1m55 : Avril Lavigne, Karrueche Tran, Hilary Duff, Nicole Richie et Maisie Williams (Game Of Thrones).<\/p>\r\n\r\n\r\n\r\n<h2 class=\"wp-block-heading\"><span class=\"ez-toc-section\" id=\"Ou_elle_habite_Billie_Eilish\"><\/span>O\u00f9 elle habite Billie Eilish ?<span class=\"ez-toc-section-end\"><\/span><\/h2>\r\n\r\n\r\n\r\n<figure><img decoding=\"async\" class=\"attachment-full size-full\" src=\"https:\/\/toukiela.com\/wp-content\/uploads\/2022\/06\/Ou-elle-habite-Billie-Eilish-1-1.jpeg\" sizes=\"(max-width: 800px) 100vw, 800px\" srcset=\"https:\/\/i0.wp.com\/toukiela.com\/wp-content\/uploads\/2022\/06\/Ou-elle-habite-Billie-Eilish-1-1.jpeg?w=800&amp;ssl=1 800w, https:\/\/i0.wp.com\/toukiela.com\/wp-content\/uploads\/2022\/06\/Ou-elle-habite-Billie-Eilish-1-1.jpeg?resize=217%2C300&amp;ssl=1 217w, https:\/\/i0.wp.com\/toukiela.com\/wp-content\/uploads\/2022\/06\/Ou-elle-habite-Billie-Eilish-1-1.jpeg?resize=739%2C1024&amp;ssl=1 739w, https:\/\/i0.wp.com\/toukiela.com\/wp-content\/uploads\/2022\/06\/Ou-elle-habite-Billie-Eilish-1-1.jpeg?resize=768%2C1064&amp;ssl=1 768w, https:\/\/i0.wp.com\/toukiela.com\/wp-content\/uploads\/2022\/06\/Ou-elle-habite-Billie-Eilish-1-1.jpeg?resize=9%2C12&amp;ssl=1 9w, https:\/\/i0.wp.com\/toukiela.com\/wp-content\/uploads\/2022\/06\/Ou-elle-habite-Billie-Eilish-1-1.jpeg?resize=36%2C50&amp;ssl=1 36w, https:\/\/i0.wp.com\/toukiela.com\/wp-content\/uploads\/2022\/06\/Ou-elle-habite-Billie-Eilish-1-1.jpeg?resize=480%2C665&amp;ssl=1 480w\" alt=\"O\u00f9 elle habite Billie Eilish ?\" width=\"800\" height=\"1108\"><\/figure>\r\n\r\n\r\n\r\n<p>Billie Eilish est-elle am\u00e9ricaine ? Billie Eilish, n\u00e9e le 18 d\u00e9cembre 2001, de son vrai nom Billie Eilish Pirate Baird O\u2019Connell, est une chanteuse am\u00e9ricaine.<\/p>\r\n\r\n\r\n\r\n<h3 class=\"wp-block-heading\"><span class=\"ez-toc-section\" id=\"Comment_contacter_Billie_Eilish\"><\/span>Comment contacter Billie Eilish ?<span class=\"ez-toc-section-end\"><\/span><\/h3>\r\n\r\n\r\n\r\n<p>Vous pouvez \u00e9galement suivre toute son actualit\u00e9 en la rejoignant sur les r\u00e9seaux sociaux. Le num\u00e9ro de t\u00e9l\u00e9phone de Universal Music Group est (310) 865-4000.<\/p>\r\n\r\n\r\n\r\n<h4 class=\"wp-block-heading\"><span class=\"ez-toc-section\" id=\"Est-ce_que_Billie_Eilish_est_en_couple\"><\/span>Est-ce que Billie Eilish est en couple ?<span class=\"ez-toc-section-end\"><\/span><\/h4>\r\n\r\n\r\n\r\n<p>Los Angeles, CA \u2013 Billie Eilish\u2026 Exclusif \u2013 la chanteuse de 19 ans Billie Eilish et son petit ami Matthew Tyler Vorce arrivent \u00e0 l\u2019a\u00e9roport JFK de New York le 26 septembre 2021. Exclusif\u2026<\/p>\r\n\r\n\r\n\r\n<h4 class=\"wp-block-heading\"><span class=\"ez-toc-section\" id=\"Quelle_est_la_couleur_preferee_de_Billie_Eilish\"><\/span>Quelle est la couleur pr\u00e9f\u00e9r\u00e9e de Billie Eilish ?<span class=\"ez-toc-section-end\"><\/span><\/h4>\r\n\r\n\r\n\r\n<p>Depuis son ascension vers la c\u00e9l\u00e9brit\u00e9 et la sortie de son album en 2019, Billie Eilish a d\u00e9couvert que sortir en public n\u2019est plus ce qu\u2019il \u00e9tait. En cons\u00e9quence, l\u2019une de ses couleurs pr\u00e9f\u00e9r\u00e9es \u00e0 porter \u00e0 l\u2019a\u00e9roport, et juste au moment o\u00f9 elle veut \u00eatre incognito, est le noir.<\/p>\r\n\r\n\r\n\r\n<h3 class=\"wp-block-heading\"><span class=\"ez-toc-section\" id=\"Quelles_sont_les_passions_de_Billie_Eilish\"><\/span>Quelles sont les passions de Billie Eilish ?<span class=\"ez-toc-section-end\"><\/span><\/h3>\r\n\r\n\r\n\r\n<p>A 8 ans, Billie Eilish chante dans une chorale. Sa passion pour la musique l\u2019emporte sur d\u2019autres, comme l\u2019\u00e9quitation ou la danse.<\/p>\r\n\r\n\r\n\r\n<h2 class=\"wp-block-heading\"><span class=\"ez-toc-section\" id=\"Comment_sappelle_les_fan_de_IU\"><\/span>Comment s\u2019appelle les fan de IU ?<span class=\"ez-toc-section-end\"><\/span><\/h2>\r\n\r\n\r\n\r\n<figure><img decoding=\"async\" class=\"attachment-full size-full\" src=\"https:\/\/toukiela.com\/wp-content\/uploads\/2022\/06\/Comment-sappelle-les-fan-de-IU-.jpeg\" sizes=\"(max-width: 651px) 100vw, 651px\" srcset=\"https:\/\/i0.wp.com\/toukiela.com\/wp-content\/uploads\/2022\/06\/Comment-sappelle-les-fan-de-IU-.jpeg?w=651&amp;ssl=1 651w, https:\/\/i0.wp.com\/toukiela.com\/wp-content\/uploads\/2022\/06\/Comment-sappelle-les-fan-de-IU-.jpeg?resize=195%2C300&amp;ssl=1 195w, https:\/\/i0.wp.com\/toukiela.com\/wp-content\/uploads\/2022\/06\/Comment-sappelle-les-fan-de-IU-.jpeg?resize=8%2C12&amp;ssl=1 8w, https:\/\/i0.wp.com\/toukiela.com\/wp-content\/uploads\/2022\/06\/Comment-sappelle-les-fan-de-IU-.jpeg?resize=33%2C50&amp;ssl=1 33w, https:\/\/i0.wp.com\/toukiela.com\/wp-content\/uploads\/2022\/06\/Comment-sappelle-les-fan-de-IU-.jpeg?resize=480%2C737&amp;ssl=1 480w\" alt=\"Comment s'appelle les fan de IU ?\" width=\"651\" height=\"1000\"><\/figure>\r\n\r\n\r\n\r\n<p>Les fans d\u2019IU s\u2019appellent Uaena ! Le nom fandom d\u2019IU est Uaena\u00a0!<\/p>\r\n\r\n\r\n\r\n<p>Comment s\u2019appellent les fans d\u2019IU ? Les fans d\u2019IU s\u2019appellent Uaena ! Une petite le\u00e7on de phon\u00e9tique ! \u00ab\u00a0You-Ana\u00a0\u00bb se prononce avec \u00ab\u00a0U\/You\u00a0\u00bb en anglais, \u00ab\u00a0ae\u00a0\u00bb et \u00ab\u00a0na\u00a0\u00bb en cor\u00e9en.<\/p>\r\n\r\n<p><script type=\"application\/ld+json\">{\"@context\":\"https:\/\/schema.org\",\"@type\":\"FAQPage\",\"mainEntity\":[{\"@type\":\"Question\",\"name\":\"Ou regarde Top Boy ?\",\"acceptedAnswer\":{\"@type\":\"Answer\",\"text\":\"Vous pouvez actuellement regarder &quot;Top Boy&quot; en streaming sur Netflix.O&ugrave; regarder Top Boy saison 2 ? Par cons&eacute;quent, Top Boy Saison 2 sera disponible en streaming sur Netflix &agrave; partir du vendredi 18 mars 2022.\"}},{\"@type\":\"Question\",\"name\":\"Pourquoi Jamie a tu&eacute; le roi fou ?\",\"acceptedAnswer\":{\"@type\":\"Answer\",\"text\":\"En se baignant pendant sa captivit&eacute;, Jaime Lannister dit &agrave; Brienne de Tarth pourquoi il s'appelle Kingslayer. Il lui r&eacute;v&egrave;le qu'il a tu&eacute; l'un des incendiaires du roi pour l'emp&ecirc;cher d'incendier la ville, avant de tuer le roi lui-m&ecirc;me.Qui a coup&eacute; la main de Jaime ? Dans la saison 3[modifier] Jaime prot&egrave;ge Brienne du viol, mais son arrogance exasp&egrave;re Locke, qui a la main droite coup&eacute;e. Lorsque Roose Bolton d&eacute;couvre le traitement de Jaime, il en bl&acirc;me Locke.\"}},{\"@type\":\"Question\",\"name\":\"Qu'est-ce qui mesure 1m60 ?\",\"acceptedAnswer\":{\"@type\":\"Answer\",\"text\":\"Victoria Abril est n&eacute;e le samedi 4 juillet 1959.Anastacia est n&eacute;e le mardi 17 septembre 1968.Kim Kardashian est n&eacute;e le mardi 21 octobre 1980.Regina King est n&eacute;e le vendredi 15 janvier 1971.Mila Kunis est n&eacute;e le dimanche 14 ao&ucirc;t 1983.Cyndi Lauper est n&eacute;e le lundi 22 juin 1953.Qui mesure 1m53 ? Ariana Grande mesure 1m53 ! Salma Hayek mesure 1m57 ! Kylie Minogue mesure 1m52 !\"}},{\"@type\":\"Question\",\"name\":\"O&ugrave; elle habite Billie Eilish ?\",\"acceptedAnswer\":{\"@type\":\"Answer\",\"text\":\"Billie Eilish est-elle am&eacute;ricaine ? Billie Eilish, n&eacute;e le 18 d&eacute;cembre 2001, de son vrai nom Billie Eilish Pirate Baird O'Connell, est une chanteuse am&eacute;ricaine.\"}},{\"@type\":\"Question\",\"name\":\"Comment s'appelle les fan de IU ?\",\"acceptedAnswer\":{\"@type\":\"Answer\",\"text\":\"Les fans d'IU s'appellent Uaena ! Le nom fandom d'IU est Uaena&nbsp;!Comment s'appellent les fans d'IU ? Les fans d'IU s'appellent Uaena ! Une petite le&ccedil;on de phon&eacute;tique ! \\\"You-Ana\\\" se prononce avec \\\"U\/You\\\" en anglais, \\\"ae\\\" et \\\"na\\\" en cor&eacute;en.\"}}]}<\/script><\/p>\n\n","protected":false},"excerpt":{"rendered":"","protected":false},"author":1,"featured_media":1793,"comment_status":"open","ping_status":"open","sticky":false,"template":"","format":"standard","meta":{"_seopress_robots_primary_cat":"none","_seopress_titles_title":"","_seopress_titles_desc":"","_seopress_robots_index":"","footnotes":""},"categories":[31],"tags":[184,185,189,187,186],"class_list":["post-1786","post","type-post","status-publish","format-standard","has-post-thumbnail","hentry","category-life-style","tag-billie","tag-eilish","tag-jaime","tag-netflix","tag-saison","generate-columns","tablet-grid-50","mobile-grid-100","grid-parent","grid-50"],"_links":{"self":[{"href":"https:\/\/toukiela.com\/fr_ca\/wp-json\/wp\/v2\/posts\/1786","targetHints":{"allow":["GET"]}}],"collection":[{"href":"https:\/\/toukiela.com\/fr_ca\/wp-json\/wp\/v2\/posts"}],"about":[{"href":"https:\/\/toukiela.com\/fr_ca\/wp-json\/wp\/v2\/types\/post"}],"author":[{"embeddable":true,"href":"https:\/\/toukiela.com\/fr_ca\/wp-json\/wp\/v2\/users\/1"}],"replies":[{"embeddable":true,"href":"https:\/\/toukiela.com\/fr_ca\/wp-json\/wp\/v2\/comments?post=1786"}],"version-history":[{"count":0,"href":"https:\/\/toukiela.com\/fr_ca\/wp-json\/wp\/v2\/posts\/1786\/revisions"}],"wp:featuredmedia":[{"embeddable":true,"href":"https:\/\/toukiela.com\/fr_ca\/wp-json\/wp\/v2\/media\/1793"}],"wp:attachment":[{"href":"https:\/\/toukiela.com\/fr_ca\/wp-json\/wp\/v2\/media?parent=1786"}],"wp:term":[{"taxonomy":"category","embeddable":true,"href":"https:\/\/toukiela.com\/fr_ca\/wp-json\/wp\/v2\/categories?post=1786"},{"taxonomy":"post_tag","embeddable":true,"href":"https:\/\/toukiela.com\/fr_ca\/wp-json\/wp\/v2\/tags?post=1786"}],"curies":[{"name":"wp","href":"https:\/\/api.w.org\/{rel}","templated":true}]}}