{"id":11503,"date":"2024-03-14T13:30:27","date_gmt":"2024-03-14T11:30:27","guid":{"rendered":"https:\/\/toukiela.com\/bandidos-saison-1-explication-de-la-fin-et-revelations-sur-les-personnages-decedes\/"},"modified":"2024-03-14T13:30:29","modified_gmt":"2024-03-14T11:30:29","slug":"bandidos-saison-1-explication-de-la-fin-et-revelations-sur-les-personnages-decedes","status":"publish","type":"post","link":"https:\/\/toukiela.com\/fr_ca\/bandidos-saison-1-explication-de-la-fin-et-revelations-sur-les-personnages-decedes\/","title":{"rendered":"Bandidos Saison 1 : Explication de la fin et r\u00e9v\u00e9lations sur les personnages d\u00e9c\u00e9d\u00e9s"},"content":{"rendered":"<p><em><\/em><\/p>\n<div id=\"ez-toc-container\" class=\"ez-toc-v2_0_82_2 counter-hierarchy ez-toc-counter ez-toc-grey ez-toc-container-direction\">\n<p class=\"ez-toc-title\" style=\"cursor:inherit\">Sommaire<\/p>\n<label for=\"ez-toc-cssicon-toggle-item-69f1b04e94cb8\" class=\"ez-toc-cssicon-toggle-label\"><span class=\"\"><span class=\"eztoc-hide\" style=\"display:none;\">Toggle<\/span><span class=\"ez-toc-icon-toggle-span\"><svg style=\"fill: #999;color:#999\" xmlns=\"http:\/\/www.w3.org\/2000\/svg\" class=\"list-377408\" width=\"20px\" height=\"20px\" viewbox=\"0 0 24 24\" fill=\"none\"><path d=\"M6 6H4v2h2V6zm14 0H8v2h12V6zM4 11h2v2H4v-2zm16 0H8v2h12v-2zM4 16h2v2H4v-2zm16 0H8v2h12v-2z\" fill=\"currentColor\"><\/path><\/svg><svg style=\"fill: #999;color:#999\" class=\"arrow-unsorted-368013\" xmlns=\"http:\/\/www.w3.org\/2000\/svg\" width=\"10px\" height=\"10px\" viewbox=\"0 0 24 24\" version=\"1.2\" baseprofile=\"tiny\"><path d=\"M18.2 9.3l-6.2-6.3-6.2 6.3c-.2.2-.3.4-.3.7s.1.5.3.7c.2.2.4.3.7.3h11c.3 0 .5-.1.7-.3.2-.2.3-.5.3-.7s-.1-.5-.3-.7zM5.8 14.7l6.2 6.3 6.2-6.3c.2-.2.3-.5.3-.7s-.1-.5-.3-.7c-.2-.2-.4-.3-.7-.3h-11c-.3 0-.5.1-.7.3-.2.2-.3.5-.3.7s.1.5.3.7z\"\/><\/svg><\/span><\/span><\/label><input type=\"checkbox\"  id=\"ez-toc-cssicon-toggle-item-69f1b04e94cb8\"  aria-label=\"Toggle\" \/><nav><ul class='ez-toc-list ez-toc-list-level-1' ><li class='ez-toc-page-1 ez-toc-heading-level-2'><a class=\"ez-toc-link ez-toc-heading-1\" href=\"https:\/\/toukiela.com\/fr_ca\/bandidos-saison-1-explication-de-la-fin-et-revelations-sur-les-personnages-decedes\/#ARTICLES_EN_RELATION\" >ARTICLES EN RELATION<\/a><\/li><li class='ez-toc-page-1 ez-toc-heading-level-2'><a class=\"ez-toc-link ez-toc-heading-2\" href=\"https:\/\/toukiela.com\/fr_ca\/bandidos-saison-1-explication-de-la-fin-et-revelations-sur-les-personnages-decedes\/#Invincible_Saison_2_Episode_5_Explication_de_la_fin_Qui_est_mort\" >Invincible Saison 2 \u00c9pisode 5 : Explication de la fin ! Qui est mort ?<\/a><\/li><li class='ez-toc-page-1 ez-toc-heading-level-2'><a class=\"ez-toc-link ez-toc-heading-3\" href=\"https:\/\/toukiela.com\/fr_ca\/bandidos-saison-1-explication-de-la-fin-et-revelations-sur-les-personnages-decedes\/#Invincible_Saison_2_Episode_6_Quelle_date_et_heure_de_sortie_Amazon_Prime_Video\" >Invincible Saison 2 \u00c9pisode 6 : Quelle date et heure de sortie Amazon Prime Video ?<\/a><\/li><li class='ez-toc-page-1 ez-toc-heading-level-2'><a class=\"ez-toc-link ez-toc-heading-4\" href=\"https:\/\/toukiela.com\/fr_ca\/bandidos-saison-1-explication-de-la-fin-et-revelations-sur-les-personnages-decedes\/#Bandidos_Saison_1_Ou_a_til_ete_filme_Lieux_de_tournage\" >Bandidos Saison 1 : O\u00f9 a t\u2019il \u00e9t\u00e9 film\u00e9 ? Lieux de tournage !<\/a><\/li><\/ul><\/nav><\/div>\n<h2><span class=\"ez-toc-section\" id=\"ARTICLES_EN_RELATION\"><\/span>ARTICLES EN RELATION<span class=\"ez-toc-section-end\"><\/span><\/h2>\n<p><\/p>\n<p>Invincible Saison 2 \u00c9pisode 5 : Explication de la fin ! Qui est mort ?<\/p>\n<p><\/p>\n<p>Invincible Saison 2 \u00c9pisode 6 : Quelle date et heure de sortie Amazon Prime Video ?<\/p>\n<p><\/p>\n<p>Bandidos Saison 1 : O\u00f9 a t\u2019il \u00e9t\u00e9 film\u00e9 ? Lieux de tournage !<\/p>\n<h2><span class=\"ez-toc-section\" id=\"Invincible_Saison_2_Episode_5_Explication_de_la_fin_Qui_est_mort\"><\/span>Invincible Saison 2 \u00c9pisode 5 : Explication de la fin ! Qui est mort ?<span class=\"ez-toc-section-end\"><\/span><\/h2>\n<p><\/p>\n<p>L\u2019\u00e9pisode 5 de la saison 2 d\u2019Invincible a laiss\u00e9 les fans sans voix. La fin de l\u2019\u00e9pisode a \u00e9t\u00e9 particuli\u00e8rement choquante, avec la mort de plusieurs personnages importants. Les t\u00e9l\u00e9spectateurs se demandent qui a surv\u00e9cu et ce que cela signifie pour la suite de la s\u00e9rie.<\/p>\n<p><\/p>\n<p>Cet \u00e9pisode a \u00e9t\u00e9 marqu\u00e9 par une bataille \u00e9pique entre les super-h\u00e9ros et les extraterrestres. Plusieurs membres de l\u2019\u00e9quipe des Gardiens du Globe ont perdu la vie, dont certains des personnages les plus appr\u00e9ci\u00e9s de la s\u00e9rie. Cette tournure inattendue a cr\u00e9\u00e9 une grande tension et de nombreuses questions chez les fans.<\/p>\n<p><\/p>\n<p>La mort de ces personnages cl\u00e9s aura certainement un impact sur l\u2019intrigue de la s\u00e9rie. Les survivants devront faire face aux cons\u00e9quences de cette bataille tragique et trouver un moyen de continuer \u00e0 prot\u00e9ger la Terre contre les menaces qui p\u00e8sent sur elle.<\/p>\n<p><\/p>\n<p>Les cr\u00e9ateurs de la s\u00e9rie ont promis que la suite de la saison 2 serait encore plus intense et remplie de rebondissements. Les fans attendent avec impatience de d\u00e9couvrir ce qui se passera dans les prochains \u00e9pisodes.<\/p>\n<h2><span class=\"ez-toc-section\" id=\"Invincible_Saison_2_Episode_6_Quelle_date_et_heure_de_sortie_Amazon_Prime_Video\"><\/span>Invincible Saison 2 \u00c9pisode 6 : Quelle date et heure de sortie Amazon Prime Video ?<span class=\"ez-toc-section-end\"><\/span><\/h2>\n<p><\/p>\n<p>Les fans d\u2019Invincible attendent avec impatience la sortie de l\u2019\u00e9pisode 6 de la saison 2. Beaucoup se demandent quand ils pourront enfin voir la suite de leurs aventures pr\u00e9f\u00e9r\u00e9es.<\/p>\n<p><\/p>\n<p>Malheureusement, la date et l\u2019heure de sortie de cet \u00e9pisode n\u2019ont pas encore \u00e9t\u00e9 annonc\u00e9es. Les cr\u00e9ateurs de la s\u00e9rie gardent le suspense intact et ne donnent aucune indication sur la date de diffusion.<\/p>\n<p><\/p>\n<p>Les fans devront donc patienter encore un peu avant de pouvoir d\u00e9couvrir la suite des aventures d\u2019Invincible. En attendant, ils peuvent revoir les \u00e9pisodes pr\u00e9c\u00e9dents et se pr\u00e9parer \u00e0 \u00eatre surpris par les rebondissements \u00e0 venir.<\/p>\n<h2><span class=\"ez-toc-section\" id=\"Bandidos_Saison_1_Ou_a_til_ete_filme_Lieux_de_tournage\"><\/span>Bandidos Saison 1 : O\u00f9 a t\u2019il \u00e9t\u00e9 film\u00e9 ? Lieux de tournage !<span class=\"ez-toc-section-end\"><\/span><\/h2>\n<p><\/p>\n<p>La premi\u00e8re saison de Bandidos a \u00e9t\u00e9 un grand succ\u00e8s aupr\u00e8s des t\u00e9l\u00e9spectateurs. Cette s\u00e9rie polici\u00e8re a su captiver le public avec son intrigue palpitante et ses personnages attachants.<\/p>\n<p><\/p>\n<p>Beaucoup de fans se demandent o\u00f9 la s\u00e9rie a \u00e9t\u00e9 film\u00e9e et quels sont les lieux de tournage. Malheureusement, aucune information officielle n\u2019a \u00e9t\u00e9 donn\u00e9e \u00e0 ce sujet. Les cr\u00e9ateurs de la s\u00e9rie pr\u00e9f\u00e8rent garder le myst\u00e8re et ne divulguent pas les d\u00e9tails de la production.<\/p>\n<p><\/p>\n<p>Cependant, il est possible de faire quelques suppositions sur les lieux de tournage de Bandidos. Les d\u00e9cors et les paysages de la s\u00e9rie ressemblent \u00e0 ceux du sud de la France, avec ses villages pittoresques et ses paysages m\u00e9diterran\u00e9ens.<\/p>\n<p><\/p>\n<p>En attendant d\u2019en savoir plus, les fans peuvent profiter de la premi\u00e8re saison de Bandidos et se laisser emporter par cette histoire captivante.<\/p>","protected":false},"excerpt":{"rendered":"","protected":false},"author":1,"featured_media":11505,"comment_status":"open","ping_status":"open","sticky":false,"template":"","format":"standard","meta":{"_seopress_robots_primary_cat":"","_seopress_titles_title":"","_seopress_titles_desc":"","_seopress_robots_index":"","footnotes":""},"categories":[645],"tags":[],"class_list":["post-11503","post","type-post","status-publish","format-standard","has-post-thumbnail","hentry","category-netflix","generate-columns","tablet-grid-50","mobile-grid-100","grid-parent","grid-50"],"_links":{"self":[{"href":"https:\/\/toukiela.com\/fr_ca\/wp-json\/wp\/v2\/posts\/11503","targetHints":{"allow":["GET"]}}],"collection":[{"href":"https:\/\/toukiela.com\/fr_ca\/wp-json\/wp\/v2\/posts"}],"about":[{"href":"https:\/\/toukiela.com\/fr_ca\/wp-json\/wp\/v2\/types\/post"}],"author":[{"embeddable":true,"href":"https:\/\/toukiela.com\/fr_ca\/wp-json\/wp\/v2\/users\/1"}],"replies":[{"embeddable":true,"href":"https:\/\/toukiela.com\/fr_ca\/wp-json\/wp\/v2\/comments?post=11503"}],"version-history":[{"count":1,"href":"https:\/\/toukiela.com\/fr_ca\/wp-json\/wp\/v2\/posts\/11503\/revisions"}],"predecessor-version":[{"id":11504,"href":"https:\/\/toukiela.com\/fr_ca\/wp-json\/wp\/v2\/posts\/11503\/revisions\/11504"}],"wp:featuredmedia":[{"embeddable":true,"href":"https:\/\/toukiela.com\/fr_ca\/wp-json\/wp\/v2\/media\/11505"}],"wp:attachment":[{"href":"https:\/\/toukiela.com\/fr_ca\/wp-json\/wp\/v2\/media?parent=11503"}],"wp:term":[{"taxonomy":"category","embeddable":true,"href":"https:\/\/toukiela.com\/fr_ca\/wp-json\/wp\/v2\/categories?post=11503"},{"taxonomy":"post_tag","embeddable":true,"href":"https:\/\/toukiela.com\/fr_ca\/wp-json\/wp\/v2\/tags?post=11503"}],"curies":[{"name":"wp","href":"https:\/\/api.w.org\/{rel}","templated":true}]}}