{"id":10664,"date":"2024-02-16T13:08:40","date_gmt":"2024-02-16T11:08:40","guid":{"rendered":"https:\/\/toukiela.com\/bom-dia-veronica-saison-3-explication-finale-dans-la-troisieme-saison-de-bom-dia-veronica-lhistoire-prend-une-tournure-captivante-et-complexe-a-la-fin-plusieurs-intrigues-sont-resolues-et-de\/"},"modified":"2024-02-16T13:08:40","modified_gmt":"2024-02-16T11:08:40","slug":"bom-dia-veronica-saison-3-explication-finale-dans-la-troisieme-saison-de-bom-dia-veronica-lhistoire-prend-une-tournure-captivante-et-complexe-a-la-fin-plusieurs-intrigues-sont-resolues-et-de","status":"publish","type":"post","link":"https:\/\/toukiela.com\/fr_ca\/bom-dia-veronica-saison-3-explication-finale-dans-la-troisieme-saison-de-bom-dia-veronica-lhistoire-prend-une-tournure-captivante-et-complexe-a-la-fin-plusieurs-intrigues-sont-resolues-et-de\/","title":{"rendered":"Bom Dia Veronica Saison 3 : Explication finale !<br \/>\n<br \/>\nDans la troisi\u00e8me saison de Bom Dia Veronica, l&rsquo;histoire prend une tournure captivante et complexe. \u00c0 la fin, plusieurs intrigues sont r\u00e9solues et de nouvelles r\u00e9v\u00e9lations sont faites, laissant les t\u00e9l\u00e9spectateurs avec une fin palpitante.<br \/>\n<br \/>\nLa saison 3 se concentre sur Veronica, une secr\u00e9taire de police br\u00e9silienne, qui se retrouve impliqu\u00e9e dans une s\u00e9rie de crimes violents. Elle est d\u00e9termin\u00e9e \u00e0 r\u00e9soudre ces affaires et \u00e0 faire face \u00e0 ses propres d\u00e9mons. Au fur et \u00e0 mesure que l&rsquo;histoire progresse, Veronica d\u00e9couvre des indices qui la m\u00e8nent \u00e0 une organisation criminelle puissante et corrompue.<br \/>\n<br \/>\n\u00c0 la fin de la saison 3, Veronica parvient \u00e0 d\u00e9masquer les membres cl\u00e9s de l&rsquo;organisation criminelle. Elle met en lumi\u00e8re leurs activit\u00e9s ill\u00e9gales et les fait arr\u00eater. Cependant, cela ne se fait pas sans cons\u00e9quences, car Veronica est confront\u00e9e \u00e0 de nombreux dangers tout au long de son enqu\u00eate.<br \/>\n<br \/>\nEn outre, la fin de la saison r\u00e9v\u00e8le un retournement de situation surprenant. On d\u00e9couvre que l&rsquo;un des personnages principaux, Nelson, est en r\u00e9alit\u00e9 un agent infiltr\u00e9 travaillant pour l&rsquo;organisation criminelle. Cette r\u00e9v\u00e9lation choquante met Veronica en danger et cr\u00e9e une tension intense dans les derniers \u00e9pisodes.<br \/>\n<br \/>\nLa saison 3 de Bom Dia Veronica se termine sur un cliffhanger, avec Veronica en grave danger et l&rsquo;avenir incertain. Les t\u00e9l\u00e9spectateurs sont laiss\u00e9s en suspens, se demandant ce qui va arriver \u00e0 leur protagoniste pr\u00e9f\u00e9r\u00e9e.<br \/>\n<br \/>\nEn conclusion, la fin de la saison 3 de Bom Dia Veronica offre une r\u00e9solution satisfaisante \u00e0 certaines intrigues tout en cr\u00e9ant de nouveaux rebondissements captivants. Les r\u00e9v\u00e9lations sur l&rsquo;organisation criminelle et le retournement de situation concernant Nelson laissent pr\u00e9sager une quatri\u00e8me saison pleine de suspense et d&rsquo;action."},"content":{"rendered":"<p><em><\/em><\/p>\n<div id=\"ez-toc-container\" class=\"ez-toc-v2_0_82_2 counter-hierarchy ez-toc-counter ez-toc-grey ez-toc-container-direction\">\n<p class=\"ez-toc-title\" style=\"cursor:inherit\">Sommaire<\/p>\n<label for=\"ez-toc-cssicon-toggle-item-69f1ce5f8ac29\" class=\"ez-toc-cssicon-toggle-label\"><span class=\"\"><span class=\"eztoc-hide\" style=\"display:none;\">Toggle<\/span><span class=\"ez-toc-icon-toggle-span\"><svg style=\"fill: #999;color:#999\" xmlns=\"http:\/\/www.w3.org\/2000\/svg\" class=\"list-377408\" width=\"20px\" height=\"20px\" viewbox=\"0 0 24 24\" fill=\"none\"><path d=\"M6 6H4v2h2V6zm14 0H8v2h12V6zM4 11h2v2H4v-2zm16 0H8v2h12v-2zM4 16h2v2H4v-2zm16 0H8v2h12v-2z\" fill=\"currentColor\"><\/path><\/svg><svg style=\"fill: #999;color:#999\" class=\"arrow-unsorted-368013\" xmlns=\"http:\/\/www.w3.org\/2000\/svg\" width=\"10px\" height=\"10px\" viewbox=\"0 0 24 24\" version=\"1.2\" baseprofile=\"tiny\"><path d=\"M18.2 9.3l-6.2-6.3-6.2 6.3c-.2.2-.3.4-.3.7s.1.5.3.7c.2.2.4.3.7.3h11c.3 0 .5-.1.7-.3.2-.2.3-.5.3-.7s-.1-.5-.3-.7zM5.8 14.7l6.2 6.3 6.2-6.3c.2-.2.3-.5.3-.7s-.1-.5-.3-.7c-.2-.2-.4-.3-.7-.3h-11c-.3 0-.5.1-.7.3-.2.2-.3.5-.3.7s.1.5.3.7z\"\/><\/svg><\/span><\/span><\/label><input type=\"checkbox\"  id=\"ez-toc-cssicon-toggle-item-69f1ce5f8ac29\"  aria-label=\"Toggle\" \/><nav><ul class='ez-toc-list ez-toc-list-level-1' ><li class='ez-toc-page-1 ez-toc-heading-level-2'><a class=\"ez-toc-link ez-toc-heading-1\" href=\"https:\/\/toukiela.com\/fr_ca\/bom-dia-veronica-saison-3-explication-finale-dans-la-troisieme-saison-de-bom-dia-veronica-lhistoire-prend-une-tournure-captivante-et-complexe-a-la-fin-plusieurs-intrigues-sont-resolues-et-de\/#Articles_en_relation\" >Articles en relation<\/a><\/li><li class='ez-toc-page-1 ez-toc-heading-level-2'><a class=\"ez-toc-link ez-toc-heading-2\" href=\"https:\/\/toukiela.com\/fr_ca\/bom-dia-veronica-saison-3-explication-finale-dans-la-troisieme-saison-de-bom-dia-veronica-lhistoire-prend-une-tournure-captivante-et-complexe-a-la-fin-plusieurs-intrigues-sont-resolues-et-de\/#A_Soweto_Love_Story_Explication_de_la_fin\" >A Soweto Love Story : Explication de la fin !<\/a><\/li><li class='ez-toc-page-1 ez-toc-heading-level-2'><a class=\"ez-toc-link ez-toc-heading-3\" href=\"https:\/\/toukiela.com\/fr_ca\/bom-dia-veronica-saison-3-explication-finale-dans-la-troisieme-saison-de-bom-dia-veronica-lhistoire-prend-une-tournure-captivante-et-complexe-a-la-fin-plusieurs-intrigues-sont-resolues-et-de\/#Coeurs_en_Therapie_Explication_de_la_fin_Karl_Maria\" >C\u0153urs en Th\u00e9rapie : Explication de la fin ! Karl &amp; Maria ?<\/a><\/li><li class='ez-toc-page-1 ez-toc-heading-level-2'><a class=\"ez-toc-link ez-toc-heading-4\" href=\"https:\/\/toukiela.com\/fr_ca\/bom-dia-veronica-saison-3-explication-finale-dans-la-troisieme-saison-de-bom-dia-veronica-lhistoire-prend-une-tournure-captivante-et-complexe-a-la-fin-plusieurs-intrigues-sont-resolues-et-de\/#Halo_Saison_2_Episode_4_Quelle_date_et_heure_de_sortie_Paramount\" >Halo Saison 2 \u00c9pisode 4 : Quelle date et heure de sortie Paramount+ ?<\/a><\/li><\/ul><\/nav><\/div>\n<h2><span class=\"ez-toc-section\" id=\"Articles_en_relation\"><\/span>Articles en relation<span class=\"ez-toc-section-end\"><\/span><\/h2>\n<p>Voici quelques articles en relation avec celui-ci :<\/p>\n<h2><span class=\"ez-toc-section\" id=\"A_Soweto_Love_Story_Explication_de_la_fin\"><\/span>A Soweto Love Story : Explication de la fin !<span class=\"ez-toc-section-end\"><\/span><\/h2>\n<p><\/p>\n<p>Dans cet article, nous vous proposons une explication de la fin du film \u00ab\u00a0A Soweto Love Story\u00a0\u00bb. Nous analysons les diff\u00e9rentes sc\u00e8nes et les \u00e9l\u00e9ments cl\u00e9s qui permettent de comprendre la conclusion de l\u2019histoire. Si vous avez des questions sur la fin du film, cet article est fait pour vous.<\/p>\n<h2><span class=\"ez-toc-section\" id=\"Coeurs_en_Therapie_Explication_de_la_fin_Karl_Maria\"><\/span>C\u0153urs en Th\u00e9rapie : Explication de la fin ! Karl &amp; Maria ?<span class=\"ez-toc-section-end\"><\/span><\/h2>\n<p><\/p>\n<p>Dans cet article, nous vous donnons notre interpr\u00e9tation de la fin de la s\u00e9rie \u00ab\u00a0C\u0153urs en Th\u00e9rapie\u00a0\u00bb. Nous d\u00e9cortiquons les \u00e9v\u00e9nements qui se d\u00e9roulent dans les derniers \u00e9pisodes et nous vous donnons notre avis sur le sort r\u00e9serv\u00e9 aux personnages principaux, Karl et Maria. Si vous \u00eates curieux de savoir ce qui arrive \u00e0 ces deux personnages, cet article est fait pour vous.<\/p>\n<h2><span class=\"ez-toc-section\" id=\"Halo_Saison_2_Episode_4_Quelle_date_et_heure_de_sortie_Paramount\"><\/span>Halo Saison 2 \u00c9pisode 4 : Quelle date et heure de sortie Paramount+ ?<span class=\"ez-toc-section-end\"><\/span><\/h2>\n<p><\/p>\n<p>Dans cet article, nous vous informons de la date et de l\u2019heure de sortie de l\u2019\u00e9pisode 4 de la saison 2 de la s\u00e9rie \u00ab\u00a0Halo\u00a0\u00bb. Nous vous donnons \u00e9galement des informations sur les plateformes de streaming sur lesquelles vous pourrez regarder cet \u00e9pisode. Si vous \u00eates fan de la s\u00e9rie et que vous attendez avec impatience la sortie de cet \u00e9pisode, cet article est fait pour vous.<\/p>","protected":false},"excerpt":{"rendered":"","protected":false},"author":1,"featured_media":10666,"comment_status":"open","ping_status":"open","sticky":false,"template":"","format":"standard","meta":{"_seopress_robots_primary_cat":"","_seopress_titles_title":"","_seopress_titles_desc":"","_seopress_robots_index":"","footnotes":""},"categories":[645],"tags":[],"class_list":["post-10664","post","type-post","status-publish","format-standard","has-post-thumbnail","hentry","category-netflix","generate-columns","tablet-grid-50","mobile-grid-100","grid-parent","grid-50"],"_links":{"self":[{"href":"https:\/\/toukiela.com\/fr_ca\/wp-json\/wp\/v2\/posts\/10664","targetHints":{"allow":["GET"]}}],"collection":[{"href":"https:\/\/toukiela.com\/fr_ca\/wp-json\/wp\/v2\/posts"}],"about":[{"href":"https:\/\/toukiela.com\/fr_ca\/wp-json\/wp\/v2\/types\/post"}],"author":[{"embeddable":true,"href":"https:\/\/toukiela.com\/fr_ca\/wp-json\/wp\/v2\/users\/1"}],"replies":[{"embeddable":true,"href":"https:\/\/toukiela.com\/fr_ca\/wp-json\/wp\/v2\/comments?post=10664"}],"version-history":[{"count":1,"href":"https:\/\/toukiela.com\/fr_ca\/wp-json\/wp\/v2\/posts\/10664\/revisions"}],"predecessor-version":[{"id":10665,"href":"https:\/\/toukiela.com\/fr_ca\/wp-json\/wp\/v2\/posts\/10664\/revisions\/10665"}],"wp:featuredmedia":[{"embeddable":true,"href":"https:\/\/toukiela.com\/fr_ca\/wp-json\/wp\/v2\/media\/10666"}],"wp:attachment":[{"href":"https:\/\/toukiela.com\/fr_ca\/wp-json\/wp\/v2\/media?parent=10664"}],"wp:term":[{"taxonomy":"category","embeddable":true,"href":"https:\/\/toukiela.com\/fr_ca\/wp-json\/wp\/v2\/categories?post=10664"},{"taxonomy":"post_tag","embeddable":true,"href":"https:\/\/toukiela.com\/fr_ca\/wp-json\/wp\/v2\/tags?post=10664"}],"curies":[{"name":"wp","href":"https:\/\/api.w.org\/{rel}","templated":true}]}}