{"id":10430,"date":"2024-02-09T07:16:47","date_gmt":"2024-02-09T05:16:47","guid":{"rendered":"https:\/\/toukiela.com\/un-jour-saison-1-qui-est-mort-dexter-ou-emma\/"},"modified":"2024-02-09T07:16:48","modified_gmt":"2024-02-09T05:16:48","slug":"un-jour-saison-1-qui-est-mort-dexter-ou-emma","status":"publish","type":"post","link":"https:\/\/toukiela.com\/fr_ca\/un-jour-saison-1-qui-est-mort-dexter-ou-emma\/","title":{"rendered":"Un Jour Saison 1 : Qui est mort ? Dexter ou Emma ?"},"content":{"rendered":"<p><em><\/em><\/p>\n<div id=\"ez-toc-container\" class=\"ez-toc-v2_0_82_2 counter-hierarchy ez-toc-counter ez-toc-grey ez-toc-container-direction\">\n<p class=\"ez-toc-title\" style=\"cursor:inherit\">Sommaire<\/p>\n<label for=\"ez-toc-cssicon-toggle-item-69f1fbc905fd8\" class=\"ez-toc-cssicon-toggle-label\"><span class=\"\"><span class=\"eztoc-hide\" style=\"display:none;\">Toggle<\/span><span class=\"ez-toc-icon-toggle-span\"><svg style=\"fill: #999;color:#999\" xmlns=\"http:\/\/www.w3.org\/2000\/svg\" class=\"list-377408\" width=\"20px\" height=\"20px\" viewbox=\"0 0 24 24\" fill=\"none\"><path d=\"M6 6H4v2h2V6zm14 0H8v2h12V6zM4 11h2v2H4v-2zm16 0H8v2h12v-2zM4 16h2v2H4v-2zm16 0H8v2h12v-2z\" fill=\"currentColor\"><\/path><\/svg><svg style=\"fill: #999;color:#999\" class=\"arrow-unsorted-368013\" xmlns=\"http:\/\/www.w3.org\/2000\/svg\" width=\"10px\" height=\"10px\" viewbox=\"0 0 24 24\" version=\"1.2\" baseprofile=\"tiny\"><path d=\"M18.2 9.3l-6.2-6.3-6.2 6.3c-.2.2-.3.4-.3.7s.1.5.3.7c.2.2.4.3.7.3h11c.3 0 .5-.1.7-.3.2-.2.3-.5.3-.7s-.1-.5-.3-.7zM5.8 14.7l6.2 6.3 6.2-6.3c.2-.2.3-.5.3-.7s-.1-.5-.3-.7c-.2-.2-.4-.3-.7-.3h-11c-.3 0-.5.1-.7.3-.2.2-.3.5-.3.7s.1.5.3.7z\"\/><\/svg><\/span><\/span><\/label><input type=\"checkbox\"  id=\"ez-toc-cssicon-toggle-item-69f1fbc905fd8\"  aria-label=\"Toggle\" \/><nav><ul class='ez-toc-list ez-toc-list-level-1' ><li class='ez-toc-page-1 ez-toc-heading-level-2'><a class=\"ez-toc-link ez-toc-heading-1\" href=\"https:\/\/toukiela.com\/fr_ca\/un-jour-saison-1-qui-est-mort-dexter-ou-emma\/#ARTICLES_EN_RELATION\" >ARTICLES EN RELATION<\/a><ul class='ez-toc-list-level-3' ><li class='ez-toc-heading-level-3'><a class=\"ez-toc-link ez-toc-heading-2\" href=\"https:\/\/toukiela.com\/fr_ca\/un-jour-saison-1-qui-est-mort-dexter-ou-emma\/#Un_Jour_Saison_1_Ou_a_til_ete_filme_Lieux_de_tournage\" >Un Jour Saison 1 : O\u00f9 a t\u2019il \u00e9t\u00e9 film\u00e9 ? Lieux de tournage !<\/a><\/li><li class='ez-toc-page-1 ez-toc-heading-level-3'><a class=\"ez-toc-link ez-toc-heading-3\" href=\"https:\/\/toukiela.com\/fr_ca\/un-jour-saison-1-qui-est-mort-dexter-ou-emma\/#Un_Jour_Saison_2_Quelle_date_de_sortie_Netflix\" >Un Jour Saison 2 : Quelle date de sortie Netflix ?<\/a><\/li><li class='ez-toc-page-1 ez-toc-heading-level-3'><a class=\"ez-toc-link ez-toc-heading-4\" href=\"https:\/\/toukiela.com\/fr_ca\/un-jour-saison-1-qui-est-mort-dexter-ou-emma\/#Un_Jour_Saison_1_Explication_de_la_fin_Dexter_Emma\" >Un Jour Saison 1 : Explication de la fin ! Dexter &amp; Emma ?<\/a><\/li><\/ul><\/li><li class='ez-toc-page-1 ez-toc-heading-level-2'><a class=\"ez-toc-link ez-toc-heading-5\" href=\"https:\/\/toukiela.com\/fr_ca\/un-jour-saison-1-qui-est-mort-dexter-ou-emma\/#PLUS_DE_LAUTEUR\" >PLUS DE L\u2019AUTEUR<\/a><ul class='ez-toc-list-level-3' ><li class='ez-toc-heading-level-3'><a class=\"ez-toc-link ez-toc-heading-6\" href=\"https:\/\/toukiela.com\/fr_ca\/un-jour-saison-1-qui-est-mort-dexter-ou-emma\/#Un_Jour_Saison_1_Ou_a_til_ete_filme_Lieux_de_tournage-2\" >Un Jour Saison 1 : O\u00f9 a t\u2019il \u00e9t\u00e9 film\u00e9 ? Lieux de tournage !<\/a><\/li><li class='ez-toc-page-1 ez-toc-heading-level-3'><a class=\"ez-toc-link ez-toc-heading-7\" href=\"https:\/\/toukiela.com\/fr_ca\/un-jour-saison-1-qui-est-mort-dexter-ou-emma\/#Un_Jour_Saison_2_Quelle_date_de_sortie_Netflix-2\" >Un Jour Saison 2 : Quelle date de sortie Netflix ?<\/a><\/li><li class='ez-toc-page-1 ez-toc-heading-level-3'><a class=\"ez-toc-link ez-toc-heading-8\" href=\"https:\/\/toukiela.com\/fr_ca\/un-jour-saison-1-qui-est-mort-dexter-ou-emma\/#Un_Jour_Saison_1_Explication_de_la_fin_Dexter_Emma-2\" >Un Jour Saison 1 : Explication de la fin ! Dexter &amp; Emma ?<\/a><\/li><\/ul><\/li><\/ul><\/nav><\/div>\n<h2><span class=\"ez-toc-section\" id=\"ARTICLES_EN_RELATION\"><\/span>ARTICLES EN RELATION<span class=\"ez-toc-section-end\"><\/span><\/h2>\n<p><\/p>\n<h3><span class=\"ez-toc-section\" id=\"Un_Jour_Saison_1_Ou_a_til_ete_filme_Lieux_de_tournage\"><\/span>Un Jour Saison 1 : O\u00f9 a t\u2019il \u00e9t\u00e9 film\u00e9 ? Lieux de tournage !<span class=\"ez-toc-section-end\"><\/span><\/h3>\n<p>\nLa premi\u00e8re saison de la s\u00e9rie \u00ab\u00a0Un Jour\u00a0\u00bb a \u00e9t\u00e9 tourn\u00e9e dans plusieurs lieux. D\u00e9couvrez o\u00f9 se sont d\u00e9roul\u00e9es les sc\u00e8nes de cette s\u00e9rie \u00e0 succ\u00e8s.<\/p>\n<h3><span class=\"ez-toc-section\" id=\"Un_Jour_Saison_2_Quelle_date_de_sortie_Netflix\"><\/span>Un Jour Saison 2 : Quelle date de sortie Netflix ?<span class=\"ez-toc-section-end\"><\/span><\/h3>\n<p>\nLes fans de la s\u00e9rie \u00ab\u00a0Un Jour\u00a0\u00bb attendent avec impatience la sortie de la deuxi\u00e8me saison sur Netflix. Quelle est la date pr\u00e9vue pour sa diffusion ? D\u00e9couvrez toutes les informations \u00e0 ce sujet.<\/p>\n<h3><span class=\"ez-toc-section\" id=\"Un_Jour_Saison_1_Explication_de_la_fin_Dexter_Emma\"><\/span>Un Jour Saison 1 : Explication de la fin ! Dexter &amp; Emma ?<span class=\"ez-toc-section-end\"><\/span><\/h3>\n<p>\nLa fin de la premi\u00e8re saison de la s\u00e9rie \u00ab\u00a0Un Jour\u00a0\u00bb a laiss\u00e9 de nombreux spectateurs perplexes. Que signifie la conclusion de l\u2019histoire pour les personnages de Dexter et Emma ? Retrouvez toutes les explications dans cet article.<\/p>\n<h2><span class=\"ez-toc-section\" id=\"PLUS_DE_LAUTEUR\"><\/span>PLUS DE L\u2019AUTEUR<span class=\"ez-toc-section-end\"><\/span><\/h2>\n<p><\/p>\n<h3><span class=\"ez-toc-section\" id=\"Un_Jour_Saison_1_Ou_a_til_ete_filme_Lieux_de_tournage-2\"><\/span>Un Jour Saison 1 : O\u00f9 a t\u2019il \u00e9t\u00e9 film\u00e9 ? Lieux de tournage !<span class=\"ez-toc-section-end\"><\/span><\/h3>\n<p>\nLa premi\u00e8re saison de la s\u00e9rie \u00ab\u00a0Un Jour\u00a0\u00bb a \u00e9t\u00e9 tourn\u00e9e dans plusieurs lieux. D\u00e9couvrez o\u00f9 se sont d\u00e9roul\u00e9es les sc\u00e8nes de cette s\u00e9rie \u00e0 succ\u00e8s.<\/p>\n<h3><span class=\"ez-toc-section\" id=\"Un_Jour_Saison_2_Quelle_date_de_sortie_Netflix-2\"><\/span>Un Jour Saison 2 : Quelle date de sortie Netflix ?<span class=\"ez-toc-section-end\"><\/span><\/h3>\n<p>\nLes fans de la s\u00e9rie \u00ab\u00a0Un Jour\u00a0\u00bb attendent avec impatience la sortie de la deuxi\u00e8me saison sur Netflix. Quelle est la date pr\u00e9vue pour sa diffusion ? D\u00e9couvrez toutes les informations \u00e0 ce sujet.<\/p>\n<h3><span class=\"ez-toc-section\" id=\"Un_Jour_Saison_1_Explication_de_la_fin_Dexter_Emma-2\"><\/span>Un Jour Saison 1 : Explication de la fin ! Dexter &amp; Emma ?<span class=\"ez-toc-section-end\"><\/span><\/h3>\n<p>\nLa fin de la premi\u00e8re saison de la s\u00e9rie \u00ab\u00a0Un Jour\u00a0\u00bb a laiss\u00e9 de nombreux spectateurs perplexes. Que signifie la conclusion de l\u2019histoire pour les personnages de Dexter et Emma ? Retrouvez toutes les explications dans cet article.<\/p>","protected":false},"excerpt":{"rendered":"","protected":false},"author":1,"featured_media":10432,"comment_status":"open","ping_status":"open","sticky":false,"template":"","format":"standard","meta":{"_seopress_robots_primary_cat":"","_seopress_titles_title":"","_seopress_titles_desc":"","_seopress_robots_index":"","footnotes":""},"categories":[645],"tags":[],"class_list":["post-10430","post","type-post","status-publish","format-standard","has-post-thumbnail","hentry","category-netflix","generate-columns","tablet-grid-50","mobile-grid-100","grid-parent","grid-50"],"_links":{"self":[{"href":"https:\/\/toukiela.com\/fr_ca\/wp-json\/wp\/v2\/posts\/10430","targetHints":{"allow":["GET"]}}],"collection":[{"href":"https:\/\/toukiela.com\/fr_ca\/wp-json\/wp\/v2\/posts"}],"about":[{"href":"https:\/\/toukiela.com\/fr_ca\/wp-json\/wp\/v2\/types\/post"}],"author":[{"embeddable":true,"href":"https:\/\/toukiela.com\/fr_ca\/wp-json\/wp\/v2\/users\/1"}],"replies":[{"embeddable":true,"href":"https:\/\/toukiela.com\/fr_ca\/wp-json\/wp\/v2\/comments?post=10430"}],"version-history":[{"count":1,"href":"https:\/\/toukiela.com\/fr_ca\/wp-json\/wp\/v2\/posts\/10430\/revisions"}],"predecessor-version":[{"id":10431,"href":"https:\/\/toukiela.com\/fr_ca\/wp-json\/wp\/v2\/posts\/10430\/revisions\/10431"}],"wp:featuredmedia":[{"embeddable":true,"href":"https:\/\/toukiela.com\/fr_ca\/wp-json\/wp\/v2\/media\/10432"}],"wp:attachment":[{"href":"https:\/\/toukiela.com\/fr_ca\/wp-json\/wp\/v2\/media?parent=10430"}],"wp:term":[{"taxonomy":"category","embeddable":true,"href":"https:\/\/toukiela.com\/fr_ca\/wp-json\/wp\/v2\/categories?post=10430"},{"taxonomy":"post_tag","embeddable":true,"href":"https:\/\/toukiela.com\/fr_ca\/wp-json\/wp\/v2\/tags?post=10430"}],"curies":[{"name":"wp","href":"https:\/\/api.w.org\/{rel}","templated":true}]}}