{"id":10326,"date":"2024-02-06T13:02:41","date_gmt":"2024-02-06T11:02:41","guid":{"rendered":"https:\/\/toukiela.com\/chu-saison-1-explication-du-denouement-la-premiere-saison-de-la-serie-chu-est-un-thriller-psychologique-qui-suit-lhistoire-dune-equipe-medicale-travaillant-dans-un-hopital-au-fil-des-episodes\/"},"modified":"2024-02-06T13:02:42","modified_gmt":"2024-02-06T11:02:42","slug":"chu-saison-1-explication-du-denouement-la-premiere-saison-de-la-serie-chu-est-un-thriller-psychologique-qui-suit-lhistoire-dune-equipe-medicale-travaillant-dans-un-hopital-au-fil-des-episodes","status":"publish","type":"post","link":"https:\/\/toukiela.com\/fr_ca\/chu-saison-1-explication-du-denouement-la-premiere-saison-de-la-serie-chu-est-un-thriller-psychologique-qui-suit-lhistoire-dune-equipe-medicale-travaillant-dans-un-hopital-au-fil-des-episodes\/","title":{"rendered":"CHU Saison 1 : Explication du d\u00e9nouement !<br \/>\n<br \/>\nLa premi\u00e8re saison de la s\u00e9rie CHU est un thriller psychologique qui suit l&rsquo;histoire d&rsquo;une \u00e9quipe m\u00e9dicale travaillant dans un h\u00f4pital. Au fil des \u00e9pisodes, plusieurs intrigues se d\u00e9veloppent, mais la fin de la saison apporte des r\u00e9ponses aux questions principales.<br \/>\n<br \/>\nAttention, spoilers \u00e0 suivre !<br \/>\n<br \/>\nL&rsquo;intrigue principale de la saison tourne autour de la disparition myst\u00e9rieuse d&rsquo;un patient, Marc, qui \u00e9tait intern\u00e9 dans l&rsquo;aile psychiatrique de l&rsquo;h\u00f4pital. L&rsquo;\u00e9quipe m\u00e9dicale, dirig\u00e9e par le Dr Thomas, tente de d\u00e9couvrir ce qui lui est arriv\u00e9 et les circonstances entourant sa disparition.<br \/>\n<br \/>\nDans les derniers \u00e9pisodes, il est r\u00e9v\u00e9l\u00e9 que Marc souffrait d&rsquo;une maladie mentale grave et qu&rsquo;il \u00e9tait convaincu d&rsquo;\u00eatre poursuivi par un tueur en s\u00e9rie. Cependant, il s&rsquo;av\u00e8re que cette histoire n&rsquo;\u00e9tait qu&rsquo;une illusion cr\u00e9\u00e9e par son esprit malade. Marc s&rsquo;est en r\u00e9alit\u00e9 \u00e9chapp\u00e9 de l&rsquo;h\u00f4pital et a v\u00e9cu dans la clandestinit\u00e9 pendant des mois.<br \/>\n<br \/>\nL&rsquo;\u00e9quipe m\u00e9dicale finit par le retrouver, mais il est trop tard. Marc meurt dans un accident tragique avant de pouvoir expliquer ce qui lui est r\u00e9ellement arriv\u00e9. Cette fin laisse les personnages et les spectateurs avec beaucoup de questions sans r\u00e9ponse.<br \/>\n<br \/>\nCependant, des indices subtils tout au long de la saison laissent entendre que l&rsquo;h\u00f4pital lui-m\u00eame est peut-\u00eatre responsable de la maladie de Marc. Des exp\u00e9riences m\u00e9dicales secr\u00e8tes auraient \u00e9t\u00e9 men\u00e9es sur lui, ce qui aurait d\u00e9clench\u00e9 sa maladie mentale. Cette th\u00e9orie est soutenue par des flashbacks montrant des moments \u00e9tranges o\u00f9 Marc \u00e9tait soumis \u00e0 des proc\u00e9dures m\u00e9dicales suspectes.<br \/>\n<br \/>\nLa fin de la saison sugg\u00e8re donc que l&rsquo;histoire de Marc n&rsquo;est qu&rsquo;un \u00e9l\u00e9ment d&rsquo;un complot plus vaste au sein de l&rsquo;h\u00f4pital. Les personnages sont d\u00e9termin\u00e9s \u00e0 d\u00e9couvrir la v\u00e9rit\u00e9 et \u00e0 exposer ceux qui sont responsables.<br \/>\n<br \/>\nAinsi, la premi\u00e8re saison de CHU se termine sur un cliffhanger, laissant les t\u00e9l\u00e9spectateurs avec de nombreuses questions et une envie d&rsquo;en savoir plus. La saison suivante promet de r\u00e9v\u00e9ler les secrets de l&rsquo;h\u00f4pital et de r\u00e9soudre le myst\u00e8re entourant Marc et sa maladie mentale.<br \/>\n<br \/>\nEn conclusion, la fin de la saison 1 de CHU laisse entendre que l&rsquo;h\u00f4pital est impliqu\u00e9 dans la maladie mentale de Marc et que cela fait partie d&rsquo;un complot plus vaste. La saison suivante devrait apporter des r\u00e9ponses \u00e0 ces questions et approfondir l&rsquo;intrigue principale."},"content":{"rendered":"<p><em><\/em><\/p>\n<div id=\"ez-toc-container\" class=\"ez-toc-v2_0_82_2 counter-hierarchy ez-toc-counter ez-toc-grey ez-toc-container-direction\">\n<p class=\"ez-toc-title\" style=\"cursor:inherit\">Sommaire<\/p>\n<label for=\"ez-toc-cssicon-toggle-item-69f1fb368bf2b\" class=\"ez-toc-cssicon-toggle-label\"><span class=\"\"><span class=\"eztoc-hide\" style=\"display:none;\">Toggle<\/span><span class=\"ez-toc-icon-toggle-span\"><svg style=\"fill: #999;color:#999\" xmlns=\"http:\/\/www.w3.org\/2000\/svg\" class=\"list-377408\" width=\"20px\" height=\"20px\" viewbox=\"0 0 24 24\" fill=\"none\"><path d=\"M6 6H4v2h2V6zm14 0H8v2h12V6zM4 11h2v2H4v-2zm16 0H8v2h12v-2zM4 16h2v2H4v-2zm16 0H8v2h12v-2z\" fill=\"currentColor\"><\/path><\/svg><svg style=\"fill: #999;color:#999\" class=\"arrow-unsorted-368013\" xmlns=\"http:\/\/www.w3.org\/2000\/svg\" width=\"10px\" height=\"10px\" viewbox=\"0 0 24 24\" version=\"1.2\" baseprofile=\"tiny\"><path d=\"M18.2 9.3l-6.2-6.3-6.2 6.3c-.2.2-.3.4-.3.7s.1.5.3.7c.2.2.4.3.7.3h11c.3 0 .5-.1.7-.3.2-.2.3-.5.3-.7s-.1-.5-.3-.7zM5.8 14.7l6.2 6.3 6.2-6.3c.2-.2.3-.5.3-.7s-.1-.5-.3-.7c-.2-.2-.4-.3-.7-.3h-11c-.3 0-.5.1-.7.3-.2.2-.3.5-.3.7s.1.5.3.7z\"\/><\/svg><\/span><\/span><\/label><input type=\"checkbox\"  id=\"ez-toc-cssicon-toggle-item-69f1fb368bf2b\"  aria-label=\"Toggle\" \/><nav><ul class='ez-toc-list ez-toc-list-level-1' ><li class='ez-toc-page-1 ez-toc-heading-level-2'><a class=\"ez-toc-link ez-toc-heading-1\" href=\"https:\/\/toukiela.com\/fr_ca\/chu-saison-1-explication-du-denouement-la-premiere-saison-de-la-serie-chu-est-un-thriller-psychologique-qui-suit-lhistoire-dune-equipe-medicale-travaillant-dans-un-hopital-au-fil-des-episodes\/#ARTICLES_EN_RELATION\" >ARTICLES EN RELATION<\/a><ul class='ez-toc-list-level-3' ><li class='ez-toc-heading-level-3'><a class=\"ez-toc-link ez-toc-heading-2\" href=\"https:\/\/toukiela.com\/fr_ca\/chu-saison-1-explication-du-denouement-la-premiere-saison-de-la-serie-chu-est-un-thriller-psychologique-qui-suit-lhistoire-dune-equipe-medicale-travaillant-dans-un-hopital-au-fil-des-episodes\/#DArgent_et_de_Sang_Episode_11_Quelle_date_et_heure_de_sortie_Canal\" >D\u2019Argent et de Sang \u00c9pisode 11 : Quelle date et heure de sortie Canal+ ?<\/a><\/li><li class='ez-toc-page-1 ez-toc-heading-level-3'><a class=\"ez-toc-link ez-toc-heading-3\" href=\"https:\/\/toukiela.com\/fr_ca\/chu-saison-1-explication-du-denouement-la-premiere-saison-de-la-serie-chu-est-un-thriller-psychologique-qui-suit-lhistoire-dune-equipe-medicale-travaillant-dans-un-hopital-au-fil-des-episodes\/#Blanca_Saison_3_Quelle_date_de_sortie_M6_Une_suite_prevue\" >Blanca Saison 3 : Quelle date de sortie M6 ? Une suite pr\u00e9vue ?<\/a><\/li><li class='ez-toc-page-1 ez-toc-heading-level-3'><a class=\"ez-toc-link ez-toc-heading-4\" href=\"https:\/\/toukiela.com\/fr_ca\/chu-saison-1-explication-du-denouement-la-premiere-saison-de-la-serie-chu-est-un-thriller-psychologique-qui-suit-lhistoire-dune-equipe-medicale-travaillant-dans-un-hopital-au-fil-des-episodes\/#Tout_cela_je_te_le_donnerai_Saison_2_Quelle_date_de_sortie_France_2\" >Tout cela je te le donnerai Saison 2 : Quelle date de sortie France 2 ?<\/a><\/li><\/ul><\/li><li class='ez-toc-page-1 ez-toc-heading-level-2'><a class=\"ez-toc-link ez-toc-heading-5\" href=\"https:\/\/toukiela.com\/fr_ca\/chu-saison-1-explication-du-denouement-la-premiere-saison-de-la-serie-chu-est-un-thriller-psychologique-qui-suit-lhistoire-dune-equipe-medicale-travaillant-dans-un-hopital-au-fil-des-episodes\/#ARTICLES_EN_RELATION-2\" >ARTICLES EN RELATION<\/a><\/li><li class='ez-toc-page-1 ez-toc-heading-level-2'><a class=\"ez-toc-link ez-toc-heading-6\" href=\"https:\/\/toukiela.com\/fr_ca\/chu-saison-1-explication-du-denouement-la-premiere-saison-de-la-serie-chu-est-un-thriller-psychologique-qui-suit-lhistoire-dune-equipe-medicale-travaillant-dans-un-hopital-au-fil-des-episodes\/#PLUS_DE_LAUTEUR\" >PLUS DE L\u2019AUTEUR<\/a><\/li><\/ul><\/nav><\/div>\n<h2><span class=\"ez-toc-section\" id=\"ARTICLES_EN_RELATION\"><\/span>ARTICLES EN RELATION<span class=\"ez-toc-section-end\"><\/span><\/h2>\n<p><\/p>\n<div class=\"td_block_inner\">\n<div class=\"td-related-row\">\n<div class=\"td-related-span4\">\n<div class=\"td_module_related_posts td-animation-stack td_mod_related_posts\">\n<div class=\"td-module-image\">\n<div class=\"td-module-thumb\">\n                        <a href=\"https:\/\/\/dargent-et-de-sang-episode-11\/\" rel=\"bookmark\" class=\"td-image-wrap\" title=\"D\u2019Argent et de Sang \u00c9pisode 11 : Quelle date et heure de sortie Canal+ ?\"><br>\n                            <img decoding=\"async\" width=\"218\" height=\"150\" class=\"entry-thumb\" src=\"https:\/\/\/wp-content\/uploads\/2024\/02\/dargent-et-de-sang-episode-11-218x150.jpg\" alt=\"dargent et de sang episode 11\" title=\"D\u2019Argent et de Sang \u00c9pisode 11 : Quelle date et heure de sortie Canal+ ?\"><br>\n                        <\/a>\n                    <\/div>\n<p>\n                <\/p><\/div>\n<p><\/p>\n<div class=\"item-details\">\n<h3 class=\"entry-title td-module-title\"><span class=\"ez-toc-section\" id=\"DArgent_et_de_Sang_Episode_11_Quelle_date_et_heure_de_sortie_Canal\"><\/span>\n                        <a href=\"https:\/\/\/dargent-et-de-sang-episode-11\/\" rel=\"bookmark\" title=\"D\u2019Argent et de Sang \u00c9pisode 11 : Quelle date et heure de sortie Canal+ ?\">D\u2019Argent et de Sang \u00c9pisode 11 : Quelle date et heure de sortie Canal+ ?<\/a><br>\n                    <span class=\"ez-toc-section-end\"><\/span><\/h3>\n<p>\n                <\/p><\/div>\n<p>\n            <\/p><\/div>\n<p>\n        <\/p><\/div>\n<p><\/p>\n<div class=\"td-related-span4\">\n<div class=\"td_module_related_posts td-animation-stack td_mod_related_posts\">\n<div class=\"td-module-image\">\n<div class=\"td-module-thumb\">\n                        <a href=\"https:\/\/\/blanca-saison-3-m6\/\" rel=\"bookmark\" class=\"td-image-wrap\" title=\"Blanca Saison 3 : Quelle date de sortie M6 ? Une suite pr\u00e9vue ?\"><br>\n                            <img decoding=\"async\" width=\"218\" height=\"150\" class=\"entry-thumb\" src=\"https:\/\/\/wp-content\/uploads\/2024\/02\/blanca-saison-3-m6-218x150.jpg\" alt=\"blanca saison 3 m6\" title=\"Blanca Saison 3 : Quelle date de sortie M6 ? Une suite pr\u00e9vue ?\"><br>\n                        <\/a>\n                    <\/div>\n<p>\n                <\/p><\/div>\n<p><\/p>\n<div class=\"item-details\">\n<h3 class=\"entry-title td-module-title\"><span class=\"ez-toc-section\" id=\"Blanca_Saison_3_Quelle_date_de_sortie_M6_Une_suite_prevue\"><\/span>\n                        <a href=\"https:\/\/\/blanca-saison-3-m6\/\" rel=\"bookmark\" title=\"Blanca Saison 3 : Quelle date de sortie M6 ? Une suite pr\u00e9vue ?\">Blanca Saison 3 : Quelle date de sortie M6 ? Une suite pr\u00e9vue ?<\/a><br>\n                    <span class=\"ez-toc-section-end\"><\/span><\/h3>\n<p>\n                <\/p><\/div>\n<p>\n            <\/p><\/div>\n<p>\n        <\/p><\/div>\n<p><\/p>\n<div class=\"td-related-span4\">\n<div class=\"td_module_related_posts td-animation-stack td_mod_related_posts\">\n<div class=\"td-module-image\">\n<div class=\"td-module-thumb\">\n                        <a href=\"https:\/\/\/tout-cela-je-te-le-donnerai-saison-2-france-2\/\" rel=\"bookmark\" class=\"td-image-wrap\" title=\"Tout cela je te le donnerai Saison 2 : Quelle date de sortie France 2 ?\"><br>\n                            <img decoding=\"async\" width=\"218\" height=\"150\" class=\"entry-thumb\" src=\"https:\/\/\/wp-content\/uploads\/2024\/02\/tout-cela-je-te-le-donnerai-saison-2-france-2-218x150.jpg\" alt=\"tout cela je te le donnerai saison 2 france 2\" title=\"Tout cela je te le donnerai Saison 2 : Quelle date de sortie France 2 ?\"><br>\n                        <\/a>\n                    <\/div>\n<p>\n                <\/p><\/div>\n<p><\/p>\n<div class=\"item-details\">\n<h3 class=\"entry-title td-module-title\"><span class=\"ez-toc-section\" id=\"Tout_cela_je_te_le_donnerai_Saison_2_Quelle_date_de_sortie_France_2\"><\/span>\n                        <a href=\"https:\/\/\/tout-cela-je-te-le-donnerai-saison-2-france-2\/\" rel=\"bookmark\" title=\"Tout cela je te le donnerai Saison 2 : Quelle date de sortie France 2 ?\">Tout cela je te le donnerai Saison 2 : Quelle date de sortie France 2 ?<\/a><br>\n                    <span class=\"ez-toc-section-end\"><\/span><\/h3>\n<p>\n                <\/p><\/div>\n<p>\n            <\/p><\/div>\n<p>\n        <\/p><\/div>\n<p>\n    <\/p><\/div>\n<p>\n<\/p><\/div>\n<h2><span class=\"ez-toc-section\" id=\"ARTICLES_EN_RELATION-2\"><\/span>ARTICLES EN RELATION<span class=\"ez-toc-section-end\"><\/span><\/h2>\n<p><\/p>\n<p>Dans cet article, nous vous pr\u00e9sentons trois s\u00e9ries TV et nous vous donnons des informations sur leur date de sortie. La premi\u00e8re s\u00e9rie est intitul\u00e9e \u00ab\u00a0D\u2019Argent et de Sang \u00c9pisode 11\u00a0\u00bb. Nous vous informons sur la date et l\u2019heure de sa sortie sur Canal+. La deuxi\u00e8me s\u00e9rie est \u00ab\u00a0Blanca Saison 3\u00a0\u00bb. Nous vous indiquons la date de sortie sur la cha\u00eene M6 et nous vous informons \u00e9galement s\u2019il y aura une suite. Enfin, la troisi\u00e8me s\u00e9rie est \u00ab\u00a0Tout cela je te le donnerai Saison 2\u00a0\u00bb. Nous vous donnons la date de sortie sur France 2.<\/p>\n<h2><span class=\"ez-toc-section\" id=\"PLUS_DE_LAUTEUR\"><\/span>PLUS DE L\u2019AUTEUR<span class=\"ez-toc-section-end\"><\/span><\/h2>\n<p><\/p>\n<p>Nous vous proposons \u00e9galement de d\u00e9couvrir d\u2019autres articles de l\u2019auteur. Vous trouverez des informations suppl\u00e9mentaires sur diff\u00e9rents sujets.<\/p>","protected":false},"excerpt":{"rendered":"","protected":false},"author":1,"featured_media":10328,"comment_status":"open","ping_status":"open","sticky":false,"template":"","format":"standard","meta":{"_seopress_robots_primary_cat":"","_seopress_titles_title":"","_seopress_titles_desc":"","_seopress_robots_index":"","footnotes":""},"categories":[645],"tags":[],"class_list":["post-10326","post","type-post","status-publish","format-standard","has-post-thumbnail","hentry","category-netflix","generate-columns","tablet-grid-50","mobile-grid-100","grid-parent","grid-50"],"_links":{"self":[{"href":"https:\/\/toukiela.com\/fr_ca\/wp-json\/wp\/v2\/posts\/10326","targetHints":{"allow":["GET"]}}],"collection":[{"href":"https:\/\/toukiela.com\/fr_ca\/wp-json\/wp\/v2\/posts"}],"about":[{"href":"https:\/\/toukiela.com\/fr_ca\/wp-json\/wp\/v2\/types\/post"}],"author":[{"embeddable":true,"href":"https:\/\/toukiela.com\/fr_ca\/wp-json\/wp\/v2\/users\/1"}],"replies":[{"embeddable":true,"href":"https:\/\/toukiela.com\/fr_ca\/wp-json\/wp\/v2\/comments?post=10326"}],"version-history":[{"count":1,"href":"https:\/\/toukiela.com\/fr_ca\/wp-json\/wp\/v2\/posts\/10326\/revisions"}],"predecessor-version":[{"id":10327,"href":"https:\/\/toukiela.com\/fr_ca\/wp-json\/wp\/v2\/posts\/10326\/revisions\/10327"}],"wp:featuredmedia":[{"embeddable":true,"href":"https:\/\/toukiela.com\/fr_ca\/wp-json\/wp\/v2\/media\/10328"}],"wp:attachment":[{"href":"https:\/\/toukiela.com\/fr_ca\/wp-json\/wp\/v2\/media?parent=10326"}],"wp:term":[{"taxonomy":"category","embeddable":true,"href":"https:\/\/toukiela.com\/fr_ca\/wp-json\/wp\/v2\/categories?post=10326"},{"taxonomy":"post_tag","embeddable":true,"href":"https:\/\/toukiela.com\/fr_ca\/wp-json\/wp\/v2\/tags?post=10326"}],"curies":[{"name":"wp","href":"https:\/\/api.w.org\/{rel}","templated":true}]}}