{"id":9278,"date":"2024-01-03T23:00:00","date_gmt":"2024-01-03T21:00:00","guid":{"rendered":"https:\/\/toukiela.com\/revolte-de-lintelligence-artificielle-dans-le-monde-de-la-culture-contre-le-gouvernement-scandale-imminent\/"},"modified":"2024-01-03T23:00:29","modified_gmt":"2024-01-03T21:00:29","slug":"revolte-de-lintelligence-artificielle-dans-le-monde-de-la-culture-contre-le-gouvernement-scandale-imminent","status":"publish","type":"post","link":"https:\/\/toukiela.com\/fr_be\/revolte-de-lintelligence-artificielle-dans-le-monde-de-la-culture-contre-le-gouvernement-scandale-imminent\/","title":{"rendered":"R\u00e9volte de l&rsquo;intelligence artificielle dans le monde de la culture contre le gouvernement : Scandale imminent !"},"content":{"rendered":"<p><em><\/em><\/p>\n<div id=\"ez-toc-container\" class=\"ez-toc-v2_0_82_2 counter-hierarchy ez-toc-counter ez-toc-grey ez-toc-container-direction\">\n<p class=\"ez-toc-title\" style=\"cursor:inherit\">Sommaire<\/p>\n<label for=\"ez-toc-cssicon-toggle-item-69f1fa4f43530\" class=\"ez-toc-cssicon-toggle-label\"><span class=\"\"><span class=\"eztoc-hide\" style=\"display:none;\">Toggle<\/span><span class=\"ez-toc-icon-toggle-span\"><svg style=\"fill: #999;color:#999\" xmlns=\"http:\/\/www.w3.org\/2000\/svg\" class=\"list-377408\" width=\"20px\" height=\"20px\" viewbox=\"0 0 24 24\" fill=\"none\"><path d=\"M6 6H4v2h2V6zm14 0H8v2h12V6zM4 11h2v2H4v-2zm16 0H8v2h12v-2zM4 16h2v2H4v-2zm16 0H8v2h12v-2z\" fill=\"currentColor\"><\/path><\/svg><svg style=\"fill: #999;color:#999\" class=\"arrow-unsorted-368013\" xmlns=\"http:\/\/www.w3.org\/2000\/svg\" width=\"10px\" height=\"10px\" viewbox=\"0 0 24 24\" version=\"1.2\" baseprofile=\"tiny\"><path d=\"M18.2 9.3l-6.2-6.3-6.2 6.3c-.2.2-.3.4-.3.7s.1.5.3.7c.2.2.4.3.7.3h11c.3 0 .5-.1.7-.3.2-.2.3-.5.3-.7s-.1-.5-.3-.7zM5.8 14.7l6.2 6.3 6.2-6.3c.2-.2.3-.5.3-.7s-.1-.5-.3-.7c-.2-.2-.4-.3-.7-.3h-11c-.3 0-.5.1-.7.3-.2.2-.3.5-.3.7s.1.5.3.7z\"\/><\/svg><\/span><\/span><\/label><input type=\"checkbox\"  id=\"ez-toc-cssicon-toggle-item-69f1fa4f43530\"  aria-label=\"Toggle\" \/><nav><ul class='ez-toc-list ez-toc-list-level-1' ><li class='ez-toc-page-1 ez-toc-heading-level-2'><a class=\"ez-toc-link ez-toc-heading-1\" href=\"https:\/\/toukiela.com\/fr_be\/revolte-de-lintelligence-artificielle-dans-le-monde-de-la-culture-contre-le-gouvernement-scandale-imminent\/#Le_Secteur_Culturel_se_Mobilise_pour_le_Respect_du_Droit_dAuteur_face_a_lIntelligence_Artificielle\" >Le Secteur Culturel se Mobilise pour le Respect du Droit d\u2019Auteur face \u00e0 l\u2019Intelligence Artificielle<\/a><\/li><li class='ez-toc-page-1 ez-toc-heading-level-2'><a class=\"ez-toc-link ez-toc-heading-2\" href=\"https:\/\/toukiela.com\/fr_be\/revolte-de-lintelligence-artificielle-dans-le-monde-de-la-culture-contre-le-gouvernement-scandale-imminent\/#Une_Vague_de_Contestation_Soulevee_par_des_Acteurs_Culturels\" >Une Vague de Contestation Soulev\u00e9e par des Acteurs Culturels<\/a><\/li><li class='ez-toc-page-1 ez-toc-heading-level-2'><a class=\"ez-toc-link ez-toc-heading-3\" href=\"https:\/\/toukiela.com\/fr_be\/revolte-de-lintelligence-artificielle-dans-le-monde-de-la-culture-contre-le-gouvernement-scandale-imminent\/#Les_Craintes_du_Monde_Culturel_vis-a-vis_de_lIntelligence_Artificielle\" >Les Craintes du Monde Culturel vis-\u00e0-vis de l\u2019Intelligence Artificielle<\/a><\/li><li class='ez-toc-page-1 ez-toc-heading-level-2'><a class=\"ez-toc-link ez-toc-heading-4\" href=\"https:\/\/toukiela.com\/fr_be\/revolte-de-lintelligence-artificielle-dans-le-monde-de-la-culture-contre-le-gouvernement-scandale-imminent\/#Vers_une_Prise_de_Conscience_Gouvernementale\" >Vers une Prise de Conscience Gouvernementale ?<\/a><\/li><\/ul><\/nav><\/div>\n<h2><span class=\"ez-toc-section\" id=\"Le_Secteur_Culturel_se_Mobilise_pour_le_Respect_du_Droit_dAuteur_face_a_lIntelligence_Artificielle\"><\/span>Le Secteur Culturel se Mobilise pour le Respect du Droit d\u2019Auteur face \u00e0 l\u2019Intelligence Artificielle<span class=\"ez-toc-section-end\"><\/span><\/h2>\n<p>Le secteur culturel est actuellement mobilis\u00e9 pour d\u00e9fendre le respect du droit d\u2019auteur dans le contexte de l\u2019intelligence artificielle. De nombreuses institutions culturelles ont exprim\u00e9 leurs inqui\u00e9tudes quant \u00e0 l\u2019\u00e9volution du droit d\u2019auteur face aux d\u00e9fis pos\u00e9s par l\u2019IA.<\/p>\n<h2><span class=\"ez-toc-section\" id=\"Une_Vague_de_Contestation_Soulevee_par_des_Acteurs_Culturels\"><\/span>Une Vague de Contestation Soulev\u00e9e par des Acteurs Culturels<span class=\"ez-toc-section-end\"><\/span><\/h2>\n<p>La haute chambre du parlement a r\u00e9cemment accueilli un d\u00e9bat crucial sur le cadre r\u00e9glementaire europ\u00e9en d\u00e9di\u00e9 \u00e0 l\u2019intelligence artificielle. C\u2019est lors de ce rendez-vous que de multiples institutions culturelles ont exprim\u00e9 leurs appr\u00e9hensions. Des organismes tels que la SACD, la Sacem, le SNE, l\u2019ADAGP et le SEPM ont vivement exprim\u00e9 leurs pr\u00e9occupations quant \u00e0 l\u2019impact de l\u2019IA sur le droit d\u2019auteur.<\/p>\n<h2><span class=\"ez-toc-section\" id=\"Les_Craintes_du_Monde_Culturel_vis-a-vis_de_lIntelligence_Artificielle\"><\/span>Les Craintes du Monde Culturel vis-\u00e0-vis de l\u2019Intelligence Artificielle<span class=\"ez-toc-section-end\"><\/span><\/h2>\n<p>Les acteurs culturels soul\u00e8vent diff\u00e9rents arguments, tous convergents vers une inqui\u00e9tude commune : la protection des \u0153uvres face \u00e0 l\u2019essor de l\u2019intelligence artificielle. Ils \u00e9voquent notamment le risque de facilitation du piratage, la menace pour l\u2019int\u00e9grit\u00e9 de la presse et la possible remise en question des r\u00e9glementations existantes en mati\u00e8re de droits d\u2019auteur.<\/p>\n<figure class=\"wp-block-table\">\n<table>\n<tbody>\n<tr>\n<td>Organisation<\/td>\n<p><\/p>\n<td>Pr\u00e9occupations Majeures<\/td>\n<p>\n<\/p><\/tr>\n<p><\/p>\n<tr>\n<td>SACD<\/td>\n<p><\/p>\n<td>Protection des droits d\u2019auteurs dramatiques<\/td>\n<p>\n<\/p><\/tr>\n<p><\/p>\n<tr>\n<td>Sacem<\/td>\n<p><\/p>\n<td>Int\u00e9grit\u00e9 des \u0153uvres musicales<\/td>\n<p>\n<\/p><\/tr>\n<p><\/p>\n<tr>\n<td>SNE<\/td>\n<p><\/p>\n<td>Pr\u00e9servation des droits \u00e9ditoriaux<\/td>\n<p>\n<\/p><\/tr>\n<p><\/p>\n<tr>\n<td>ADAGP<\/td>\n<p><\/p>\n<td>Droits visuels des auteurs d\u2019arts graphiques et plastiques<\/td>\n<p>\n<\/p><\/tr>\n<p><\/p>\n<tr>\n<td>SEPM<\/td>\n<p><\/p>\n<td>Viabilit\u00e9 de la presse magazine<\/td>\n<p>\n<\/p><\/tr>\n<p>\n<\/p><\/tbody>\n<p>\n<\/p><\/table>\n<p>\n<\/p><\/figure>\n<p>Ces institutions appellent \u00e0 un engagement plus fort de la part de l\u2019\u00c9tat fran\u00e7ais pour renforcer les dispositions de droit d\u2019auteur dans la l\u00e9gislation europ\u00e9enne sur l\u2019intelligence artificielle, afin de pr\u00e9server l\u2019\u00e9quilibre entre innovation technologique et respect de la cr\u00e9ativit\u00e9 individuelle.<\/p>\n<h2><span class=\"ez-toc-section\" id=\"Vers_une_Prise_de_Conscience_Gouvernementale\"><\/span>Vers une Prise de Conscience Gouvernementale ?<span class=\"ez-toc-section-end\"><\/span><\/h2>\n<p>Il reste \u00e0 voir comment le gouvernement r\u00e9agira face aux pr\u00e9occupations croissantes autour de l\u2019intelligence artificielle et de son impact sur le droit d\u2019auteur. Les d\u00e9bats en cours marqueront sans aucun doute une \u00e9tape d\u00e9terminante pour l\u2019avenir de la culture \u00e0 l\u2019\u00e8re du num\u00e9rique.<\/p>","protected":false},"excerpt":{"rendered":"","protected":false},"author":1,"featured_media":9280,"comment_status":"open","ping_status":"open","sticky":false,"template":"","format":"standard","meta":{"_seopress_robots_primary_cat":"","_seopress_titles_title":"","_seopress_titles_desc":"","_seopress_robots_index":"","footnotes":""},"categories":[672],"tags":[],"class_list":["post-9278","post","type-post","status-publish","format-standard","has-post-thumbnail","hentry","category-actualite-ia","generate-columns","tablet-grid-50","mobile-grid-100","grid-parent","grid-50"],"_links":{"self":[{"href":"https:\/\/toukiela.com\/fr_be\/wp-json\/wp\/v2\/posts\/9278","targetHints":{"allow":["GET"]}}],"collection":[{"href":"https:\/\/toukiela.com\/fr_be\/wp-json\/wp\/v2\/posts"}],"about":[{"href":"https:\/\/toukiela.com\/fr_be\/wp-json\/wp\/v2\/types\/post"}],"author":[{"embeddable":true,"href":"https:\/\/toukiela.com\/fr_be\/wp-json\/wp\/v2\/users\/1"}],"replies":[{"embeddable":true,"href":"https:\/\/toukiela.com\/fr_be\/wp-json\/wp\/v2\/comments?post=9278"}],"version-history":[{"count":1,"href":"https:\/\/toukiela.com\/fr_be\/wp-json\/wp\/v2\/posts\/9278\/revisions"}],"predecessor-version":[{"id":9279,"href":"https:\/\/toukiela.com\/fr_be\/wp-json\/wp\/v2\/posts\/9278\/revisions\/9279"}],"wp:featuredmedia":[{"embeddable":true,"href":"https:\/\/toukiela.com\/fr_be\/wp-json\/wp\/v2\/media\/9280"}],"wp:attachment":[{"href":"https:\/\/toukiela.com\/fr_be\/wp-json\/wp\/v2\/media?parent=9278"}],"wp:term":[{"taxonomy":"category","embeddable":true,"href":"https:\/\/toukiela.com\/fr_be\/wp-json\/wp\/v2\/categories?post=9278"},{"taxonomy":"post_tag","embeddable":true,"href":"https:\/\/toukiela.com\/fr_be\/wp-json\/wp\/v2\/tags?post=9278"}],"curies":[{"name":"wp","href":"https:\/\/api.w.org\/{rel}","templated":true}]}}