{"id":9263,"date":"2024-01-03T13:03:30","date_gmt":"2024-01-03T11:03:30","guid":{"rendered":"https:\/\/toukiela.com\/double-piege-saison-1-qui-est-andrew-burkett-est-il-mort\/"},"modified":"2024-01-03T13:03:30","modified_gmt":"2024-01-03T11:03:30","slug":"double-piege-saison-1-qui-est-andrew-burkett-est-il-mort","status":"publish","type":"post","link":"https:\/\/toukiela.com\/fr_be\/double-piege-saison-1-qui-est-andrew-burkett-est-il-mort\/","title":{"rendered":"Double Pi\u00e8ge Saison 1 : Qui est Andrew Burkett ? Est-il mort ?"},"content":{"rendered":"<p><em><\/em><\/p>\n<div id=\"ez-toc-container\" class=\"ez-toc-v2_0_82_2 counter-hierarchy ez-toc-counter ez-toc-grey ez-toc-container-direction\">\n<p class=\"ez-toc-title\" style=\"cursor:inherit\">Sommaire<\/p>\n<label for=\"ez-toc-cssicon-toggle-item-69f1fa0967941\" class=\"ez-toc-cssicon-toggle-label\"><span class=\"\"><span class=\"eztoc-hide\" style=\"display:none;\">Toggle<\/span><span class=\"ez-toc-icon-toggle-span\"><svg style=\"fill: #999;color:#999\" xmlns=\"http:\/\/www.w3.org\/2000\/svg\" class=\"list-377408\" width=\"20px\" height=\"20px\" viewbox=\"0 0 24 24\" fill=\"none\"><path d=\"M6 6H4v2h2V6zm14 0H8v2h12V6zM4 11h2v2H4v-2zm16 0H8v2h12v-2zM4 16h2v2H4v-2zm16 0H8v2h12v-2z\" fill=\"currentColor\"><\/path><\/svg><svg style=\"fill: #999;color:#999\" class=\"arrow-unsorted-368013\" xmlns=\"http:\/\/www.w3.org\/2000\/svg\" width=\"10px\" height=\"10px\" viewbox=\"0 0 24 24\" version=\"1.2\" baseprofile=\"tiny\"><path d=\"M18.2 9.3l-6.2-6.3-6.2 6.3c-.2.2-.3.4-.3.7s.1.5.3.7c.2.2.4.3.7.3h11c.3 0 .5-.1.7-.3.2-.2.3-.5.3-.7s-.1-.5-.3-.7zM5.8 14.7l6.2 6.3 6.2-6.3c.2-.2.3-.5.3-.7s-.1-.5-.3-.7c-.2-.2-.4-.3-.7-.3h-11c-.3 0-.5.1-.7.3-.2.2-.3.5-.3.7s.1.5.3.7z\"\/><\/svg><\/span><\/span><\/label><input type=\"checkbox\"  id=\"ez-toc-cssicon-toggle-item-69f1fa0967941\"  aria-label=\"Toggle\" \/><nav><ul class='ez-toc-list ez-toc-list-level-1' ><li class='ez-toc-page-1 ez-toc-heading-level-2'><a class=\"ez-toc-link ez-toc-heading-1\" href=\"https:\/\/toukiela.com\/fr_be\/double-piege-saison-1-qui-est-andrew-burkett-est-il-mort\/#ARTICLES_EN_RELATION\" >ARTICLES EN RELATION<\/a><\/li><li class='ez-toc-page-1 ez-toc-heading-level-2'><a class=\"ez-toc-link ez-toc-heading-2\" href=\"https:\/\/toukiela.com\/fr_be\/double-piege-saison-1-qui-est-andrew-burkett-est-il-mort\/#The_Rookie_Saison_4_Explication_de_la_fin_Couple_mort_etc\" >The Rookie Saison 4 : Explication de la fin ! Couple, mort etc.<\/a><\/li><li class='ez-toc-page-1 ez-toc-heading-level-2'><a class=\"ez-toc-link ez-toc-heading-3\" href=\"https:\/\/toukiela.com\/fr_be\/double-piege-saison-1-qui-est-andrew-burkett-est-il-mort\/#Le_Voyageur_Saison_4_Quelle_date_de_sortie_France_3\" >Le Voyageur Saison 4 : Quelle date de sortie France 3 ?<\/a><\/li><li class='ez-toc-page-1 ez-toc-heading-level-2'><a class=\"ez-toc-link ez-toc-heading-4\" href=\"https:\/\/toukiela.com\/fr_be\/double-piege-saison-1-qui-est-andrew-burkett-est-il-mort\/#Cesar_Wagner_Saison_2_Quelle_date_de_sortie_France_2\" >C\u00e9sar Wagner Saison 2 : Quelle date de sortie France 2 ?<\/a><\/li><\/ul><\/nav><\/div>\n<h2><span class=\"ez-toc-section\" id=\"ARTICLES_EN_RELATION\"><\/span>ARTICLES EN RELATION<span class=\"ez-toc-section-end\"><\/span><\/h2>\n<p><\/p>\n<p>Dans cet article, je vais vous parler de trois s\u00e9ries t\u00e9l\u00e9vis\u00e9es qui suscitent beaucoup d\u2019int\u00e9r\u00eat en ce moment. Il s\u2019agit de \u00ab\u00a0The Rookie\u00a0\u00bb, \u00ab\u00a0Le Voyageur\u00a0\u00bb et \u00ab\u00a0C\u00e9sar Wagner\u00a0\u00bb.<\/p>\n<h2><span class=\"ez-toc-section\" id=\"The_Rookie_Saison_4_Explication_de_la_fin_Couple_mort_etc\"><\/span>The Rookie Saison 4 : Explication de la fin ! Couple, mort etc.<span class=\"ez-toc-section-end\"><\/span><\/h2>\n<p><\/p>\n<p>La saison 4 de \u00ab\u00a0The Rookie\u00a0\u00bb a suscit\u00e9 de nombreuses discussions parmi les fans de la s\u00e9rie. Dans cet article, je vais vous donner des explications sur la fin de la saison, notamment en ce qui concerne les relations amoureuses des personnages et les \u00e9v\u00e9nements tragiques qui se sont produits.<\/p>\n<p>La s\u00e9rie \u00ab\u00a0The Rookie\u00a0\u00bb suit les aventures de John Nolan, un homme de 45 ans qui d\u00e9cide de devenir policier apr\u00e8s un divorce difficile. Au cours de la saison 4, John entame une relation amoureuse avec une coll\u00e8gue, ce qui cr\u00e9e des tensions au sein de l\u2019\u00e9quipe. La fin de la saison r\u00e9serve \u00e9galement des surprises, avec la mort tragique d\u2019un personnage important.<\/p>\n<p>Je ne vais pas vous d\u00e9voiler tous les d\u00e9tails de la fin de la saison, mais sachez que les sc\u00e9naristes ont r\u00e9ussi \u00e0 cr\u00e9er un cliffhanger captivant qui laisse de nombreuses questions en suspens pour la suite de la s\u00e9rie. Les fans attendent maintenant avec impatience la saison 5 pour conna\u00eetre la suite des aventures de John Nolan et de ses coll\u00e8gues.<\/p>\n<h2><span class=\"ez-toc-section\" id=\"Le_Voyageur_Saison_4_Quelle_date_de_sortie_France_3\"><\/span>Le Voyageur Saison 4 : Quelle date de sortie France 3 ?<span class=\"ez-toc-section-end\"><\/span><\/h2>\n<p><\/p>\n<p>Passons maintenant \u00e0 la s\u00e9rie \u00ab\u00a0Le Voyageur\u00a0\u00bb. Dans cette quatri\u00e8me saison, les t\u00e9l\u00e9spectateurs ont h\u00e2te de d\u00e9couvrir la date de sortie sur France 3.<\/p>\n<p>\u00ab\u00a0Le Voyageur\u00a0\u00bb est une s\u00e9rie polici\u00e8re fran\u00e7aise qui suit les enqu\u00eates d\u2019un jeune d\u00e9tective priv\u00e9. La s\u00e9rie a connu un grand succ\u00e8s depuis sa premi\u00e8re saison, et les fans sont impatients de retrouver leur personnage pr\u00e9f\u00e9r\u00e9 dans de nouvelles aventures.<\/p>\n<p>Malheureusement, la date de sortie de la saison 4 n\u2019a pas encore \u00e9t\u00e9 annonc\u00e9e par France 3. Les fans devront donc patienter encore un peu avant de retrouver leur s\u00e9rie pr\u00e9f\u00e9r\u00e9e. En attendant, ils peuvent se consoler en regardant les saisons pr\u00e9c\u00e9dentes en replay ou en discutant de la s\u00e9rie sur les forums d\u00e9di\u00e9s.<\/p>\n<h2><span class=\"ez-toc-section\" id=\"Cesar_Wagner_Saison_2_Quelle_date_de_sortie_France_2\"><\/span>C\u00e9sar Wagner Saison 2 : Quelle date de sortie France 2 ?<span class=\"ez-toc-section-end\"><\/span><\/h2>\n<p><\/p>\n<p>Enfin, int\u00e9ressons-nous \u00e0 la deuxi\u00e8me saison de \u00ab\u00a0C\u00e9sar Wagner\u00a0\u00bb. Cette s\u00e9rie polici\u00e8re fran\u00e7aise a conquis de nombreux t\u00e9l\u00e9spectateurs lors de sa premi\u00e8re saison, et beaucoup attendent avec impatience la suite des aventures de ce d\u00e9tective atypique.<\/p>\n<p>La saison 2 de \u00ab\u00a0C\u00e9sar Wagner\u00a0\u00bb devrait \u00eatre diffus\u00e9e sur France 2, mais la date de sortie n\u2019a pas encore \u00e9t\u00e9 annonc\u00e9e. Les fans de la s\u00e9rie devront donc se montrer patients avant de pouvoir retrouver C\u00e9sar Wagner et ses enqu\u00eates insolites.<\/p>\n<p>En conclusion, ces trois s\u00e9ries t\u00e9l\u00e9vis\u00e9es suscitent beaucoup d\u2019int\u00e9r\u00eat et de discussions parmi les fans. Que ce soit pour d\u00e9couvrir la fin de la saison 4 de \u00ab\u00a0The Rookie\u00a0\u00bb, la date de sortie de la saison 4 de \u00ab\u00a0Le Voyageur\u00a0\u00bb sur France 3, ou encore la deuxi\u00e8me saison de \u00ab\u00a0C\u00e9sar Wagner\u00a0\u00bb sur France 2, les t\u00e9l\u00e9spectateurs ont h\u00e2te de retrouver leurs s\u00e9ries pr\u00e9f\u00e9r\u00e9es.<\/p>","protected":false},"excerpt":{"rendered":"","protected":false},"author":1,"featured_media":9265,"comment_status":"open","ping_status":"open","sticky":false,"template":"","format":"standard","meta":{"_seopress_robots_primary_cat":"","_seopress_titles_title":"","_seopress_titles_desc":"","_seopress_robots_index":"","footnotes":""},"categories":[645],"tags":[],"class_list":["post-9263","post","type-post","status-publish","format-standard","has-post-thumbnail","hentry","category-netflix","generate-columns","tablet-grid-50","mobile-grid-100","grid-parent","grid-50"],"_links":{"self":[{"href":"https:\/\/toukiela.com\/fr_be\/wp-json\/wp\/v2\/posts\/9263","targetHints":{"allow":["GET"]}}],"collection":[{"href":"https:\/\/toukiela.com\/fr_be\/wp-json\/wp\/v2\/posts"}],"about":[{"href":"https:\/\/toukiela.com\/fr_be\/wp-json\/wp\/v2\/types\/post"}],"author":[{"embeddable":true,"href":"https:\/\/toukiela.com\/fr_be\/wp-json\/wp\/v2\/users\/1"}],"replies":[{"embeddable":true,"href":"https:\/\/toukiela.com\/fr_be\/wp-json\/wp\/v2\/comments?post=9263"}],"version-history":[{"count":1,"href":"https:\/\/toukiela.com\/fr_be\/wp-json\/wp\/v2\/posts\/9263\/revisions"}],"predecessor-version":[{"id":9264,"href":"https:\/\/toukiela.com\/fr_be\/wp-json\/wp\/v2\/posts\/9263\/revisions\/9264"}],"wp:featuredmedia":[{"embeddable":true,"href":"https:\/\/toukiela.com\/fr_be\/wp-json\/wp\/v2\/media\/9265"}],"wp:attachment":[{"href":"https:\/\/toukiela.com\/fr_be\/wp-json\/wp\/v2\/media?parent=9263"}],"wp:term":[{"taxonomy":"category","embeddable":true,"href":"https:\/\/toukiela.com\/fr_be\/wp-json\/wp\/v2\/categories?post=9263"},{"taxonomy":"post_tag","embeddable":true,"href":"https:\/\/toukiela.com\/fr_be\/wp-json\/wp\/v2\/tags?post=9263"}],"curies":[{"name":"wp","href":"https:\/\/api.w.org\/{rel}","templated":true}]}}