{"id":9230,"date":"2024-01-02T13:03:09","date_gmt":"2024-01-02T11:03:09","guid":{"rendered":"https:\/\/toukiela.com\/bien-dans-son-assiette-saison-2-quelle-est-la-date-de-sortie-sur-netflix\/"},"modified":"2024-01-02T13:03:10","modified_gmt":"2024-01-02T11:03:10","slug":"bien-dans-son-assiette-saison-2-quelle-est-la-date-de-sortie-sur-netflix","status":"publish","type":"post","link":"https:\/\/toukiela.com\/fr_be\/bien-dans-son-assiette-saison-2-quelle-est-la-date-de-sortie-sur-netflix\/","title":{"rendered":"Bien dans son Assiette Saison 2 : Quelle est la date de sortie sur Netflix ?"},"content":{"rendered":"<p><em><\/em><\/p>\n<div id=\"ez-toc-container\" class=\"ez-toc-v2_0_82_2 counter-hierarchy ez-toc-counter ez-toc-grey ez-toc-container-direction\">\n<p class=\"ez-toc-title\" style=\"cursor:inherit\">Sommaire<\/p>\n<label for=\"ez-toc-cssicon-toggle-item-69f1d87cf1d57\" class=\"ez-toc-cssicon-toggle-label\"><span class=\"\"><span class=\"eztoc-hide\" style=\"display:none;\">Toggle<\/span><span class=\"ez-toc-icon-toggle-span\"><svg style=\"fill: #999;color:#999\" xmlns=\"http:\/\/www.w3.org\/2000\/svg\" class=\"list-377408\" width=\"20px\" height=\"20px\" viewbox=\"0 0 24 24\" fill=\"none\"><path d=\"M6 6H4v2h2V6zm14 0H8v2h12V6zM4 11h2v2H4v-2zm16 0H8v2h12v-2zM4 16h2v2H4v-2zm16 0H8v2h12v-2z\" fill=\"currentColor\"><\/path><\/svg><svg style=\"fill: #999;color:#999\" class=\"arrow-unsorted-368013\" xmlns=\"http:\/\/www.w3.org\/2000\/svg\" width=\"10px\" height=\"10px\" viewbox=\"0 0 24 24\" version=\"1.2\" baseprofile=\"tiny\"><path d=\"M18.2 9.3l-6.2-6.3-6.2 6.3c-.2.2-.3.4-.3.7s.1.5.3.7c.2.2.4.3.7.3h11c.3 0 .5-.1.7-.3.2-.2.3-.5.3-.7s-.1-.5-.3-.7zM5.8 14.7l6.2 6.3 6.2-6.3c.2-.2.3-.5.3-.7s-.1-.5-.3-.7c-.2-.2-.4-.3-.7-.3h-11c-.3 0-.5.1-.7.3-.2.2-.3.5-.3.7s.1.5.3.7z\"\/><\/svg><\/span><\/span><\/label><input type=\"checkbox\"  id=\"ez-toc-cssicon-toggle-item-69f1d87cf1d57\"  aria-label=\"Toggle\" \/><nav><ul class='ez-toc-list ez-toc-list-level-1' ><li class='ez-toc-page-1 ez-toc-heading-level-2'><a class=\"ez-toc-link ez-toc-heading-1\" href=\"https:\/\/toukiela.com\/fr_be\/bien-dans-son-assiette-saison-2-quelle-est-la-date-de-sortie-sur-netflix\/#ARTICLES_EN_RELATION\" >ARTICLES EN RELATION<\/a><\/li><li class='ez-toc-page-1 ez-toc-heading-level-2'><a class=\"ez-toc-link ez-toc-heading-2\" href=\"https:\/\/toukiela.com\/fr_be\/bien-dans-son-assiette-saison-2-quelle-est-la-date-de-sortie-sur-netflix\/#PLUS_DE_LAUTEUR\" >PLUS DE L\u2019AUTEUR<\/a><\/li><li class='ez-toc-page-1 ez-toc-heading-level-2'><a class=\"ez-toc-link ez-toc-heading-3\" href=\"https:\/\/toukiela.com\/fr_be\/bien-dans-son-assiette-saison-2-quelle-est-la-date-de-sortie-sur-netflix\/#Bien_dans_son_Assiette_Que_deviennent_les_participants_aujourdhui\" >Bien dans son Assiette : Que deviennent les participants aujourd\u2019hui ?<\/a><\/li><li class='ez-toc-page-1 ez-toc-heading-level-2'><a class=\"ez-toc-link ez-toc-heading-4\" href=\"https:\/\/toukiela.com\/fr_be\/bien-dans-son-assiette-saison-2-quelle-est-la-date-de-sortie-sur-netflix\/#The_Abandonned_Est-ce_inspire_dune_histoire_vraie\" >The Abandonned : Est-ce inspir\u00e9 d\u2019une histoire vraie ?<\/a><\/li><li class='ez-toc-page-1 ez-toc-heading-level-2'><a class=\"ez-toc-link ez-toc-heading-5\" href=\"https:\/\/toukiela.com\/fr_be\/bien-dans-son-assiette-saison-2-quelle-est-la-date-de-sortie-sur-netflix\/#The_Abandonned_Explication_de_la_fin_Qui_est_le_tueur\" >The Abandonned : Explication de la fin ! Qui est le tueur ?<\/a><\/li><\/ul><\/nav><\/div>\n<h2><span class=\"ez-toc-section\" id=\"ARTICLES_EN_RELATION\"><\/span>ARTICLES EN RELATION<span class=\"ez-toc-section-end\"><\/span><\/h2>\n<p><\/p>\n<p>Toukiela vous pr\u00e9sente aujourd\u2019hui des articles en relation avec le th\u00e8me abord\u00e9.<\/p>\n<p><\/p>\n<p>Dans le cadre de notre rubrique \u00ab\u00a0Bien dans son Assiette\u00a0\u00bb, nous nous int\u00e9ressons aujourd\u2019hui \u00e0 ce que sont devenus les participants.<\/p>\n<p><\/p>\n<p>Vous vous souvenez peut-\u00eatre de l\u2019\u00e9mission \u00ab\u00a0Bien dans son Assiette\u00a0\u00bb qui a connu un grand succ\u00e8s. Mais que sont devenus les participants depuis la fin de l\u2019\u00e9mission ? Certains ont continu\u00e9 \u00e0 suivre un mode de vie sain et \u00e9quilibr\u00e9, tandis que d\u2019autres ont repris leurs anciennes habitudes. Certains ont m\u00eame cr\u00e9\u00e9 leur propre entreprise dans le domaine de la nutrition. Nous vous proposons de d\u00e9couvrir leurs parcours et leurs histoires inspirantes.<\/p>\n<p><\/p>\n<h2><span class=\"ez-toc-section\" id=\"PLUS_DE_LAUTEUR\"><\/span>PLUS DE L\u2019AUTEUR<span class=\"ez-toc-section-end\"><\/span><\/h2>\n<p><\/p>\n<p>Retrouvez \u00e9galement d\u2019autres articles \u00e9crits par l\u2019auteur de cet article.<\/p>\n<p><\/p>\n<p>L\u2019auteur de cet article, connu pour ses comp\u00e9tences en nutrition, a r\u00e9dig\u00e9 de nombreux autres articles sur diff\u00e9rents sujets li\u00e9s \u00e0 la sant\u00e9 et au bien-\u00eatre. Vous pourrez d\u00e9couvrir ses conseils et ses astuces pour adopter une alimentation \u00e9quilibr\u00e9e et am\u00e9liorer votre sant\u00e9. N\u2019h\u00e9sitez pas \u00e0 consulter ses autres articles pour en savoir plus.<\/p>\n<p><\/p>\n<h2><span class=\"ez-toc-section\" id=\"Bien_dans_son_Assiette_Que_deviennent_les_participants_aujourdhui\"><\/span>Bien dans son Assiette : Que deviennent les participants aujourd\u2019hui ?<span class=\"ez-toc-section-end\"><\/span><\/h2>\n<p><\/p>\n<p>Dans cet article, nous vous proposons de d\u00e9couvrir ce que sont devenus les participants de l\u2019\u00e9mission \u00ab\u00a0Bien dans son Assiette\u00a0\u00bb. Certains ont r\u00e9ussi \u00e0 maintenir une alimentation saine et \u00e9quilibr\u00e9e, tandis que d\u2019autres ont repris leurs anciennes habitudes. Certains participants ont m\u00eame cr\u00e9\u00e9 leur propre entreprise dans le domaine de la nutrition. Leurs parcours sont inspirants et montrent qu\u2019il est possible de changer ses habitudes alimentaires et de prendre soin de sa sant\u00e9.<\/p>\n<p><\/p>\n<h2><span class=\"ez-toc-section\" id=\"The_Abandonned_Est-ce_inspire_dune_histoire_vraie\"><\/span>The Abandonned : Est-ce inspir\u00e9 d\u2019une histoire vraie ?<span class=\"ez-toc-section-end\"><\/span><\/h2>\n<p><\/p>\n<p>Dans cet article, nous nous int\u00e9ressons \u00e0 la s\u00e9rie \u00ab\u00a0The Abandonned\u00a0\u00bb et \u00e0 la question de savoir si elle est inspir\u00e9e d\u2019une histoire vraie. La s\u00e9rie, qui a captiv\u00e9 de nombreux spectateurs, raconte l\u2019histoire d\u2019un crime myst\u00e9rieux. Nous vous proposons de d\u00e9couvrir si les \u00e9v\u00e9nements de la s\u00e9rie sont bas\u00e9s sur des faits r\u00e9els ou s\u2019ils sont purement fictifs. Vous serez surpris de d\u00e9couvrir la v\u00e9rit\u00e9 sur cette s\u00e9rie intrigante.<\/p>\n<p><\/p>\n<h2><span class=\"ez-toc-section\" id=\"The_Abandonned_Explication_de_la_fin_Qui_est_le_tueur\"><\/span>The Abandonned : Explication de la fin ! Qui est le tueur ?<span class=\"ez-toc-section-end\"><\/span><\/h2>\n<p><\/p>\n<p>Dans cet article, nous vous proposons une explication de la fin de la s\u00e9rie \u00ab\u00a0The Abandonned\u00a0\u00bb et une r\u00e9v\u00e9lation sur l\u2019identit\u00e9 du tueur. Si vous avez suivi la s\u00e9rie et que vous voulez conna\u00eetre tous les d\u00e9tails sur la r\u00e9solution de l\u2019intrigue, cet article est fait pour vous. Nous vous d\u00e9voilons tous les secrets de la s\u00e9rie et vous expliquons en d\u00e9tail comment l\u2019affaire se termine. Pr\u00e9parez-vous \u00e0 \u00eatre surpris par les r\u00e9v\u00e9lations finales.<\/p>","protected":false},"excerpt":{"rendered":"","protected":false},"author":1,"featured_media":9232,"comment_status":"open","ping_status":"open","sticky":false,"template":"","format":"standard","meta":{"_seopress_robots_primary_cat":"","_seopress_titles_title":"","_seopress_titles_desc":"","_seopress_robots_index":"","footnotes":""},"categories":[645],"tags":[],"class_list":["post-9230","post","type-post","status-publish","format-standard","has-post-thumbnail","hentry","category-netflix","generate-columns","tablet-grid-50","mobile-grid-100","grid-parent","grid-50"],"_links":{"self":[{"href":"https:\/\/toukiela.com\/fr_be\/wp-json\/wp\/v2\/posts\/9230","targetHints":{"allow":["GET"]}}],"collection":[{"href":"https:\/\/toukiela.com\/fr_be\/wp-json\/wp\/v2\/posts"}],"about":[{"href":"https:\/\/toukiela.com\/fr_be\/wp-json\/wp\/v2\/types\/post"}],"author":[{"embeddable":true,"href":"https:\/\/toukiela.com\/fr_be\/wp-json\/wp\/v2\/users\/1"}],"replies":[{"embeddable":true,"href":"https:\/\/toukiela.com\/fr_be\/wp-json\/wp\/v2\/comments?post=9230"}],"version-history":[{"count":1,"href":"https:\/\/toukiela.com\/fr_be\/wp-json\/wp\/v2\/posts\/9230\/revisions"}],"predecessor-version":[{"id":9231,"href":"https:\/\/toukiela.com\/fr_be\/wp-json\/wp\/v2\/posts\/9230\/revisions\/9231"}],"wp:featuredmedia":[{"embeddable":true,"href":"https:\/\/toukiela.com\/fr_be\/wp-json\/wp\/v2\/media\/9232"}],"wp:attachment":[{"href":"https:\/\/toukiela.com\/fr_be\/wp-json\/wp\/v2\/media?parent=9230"}],"wp:term":[{"taxonomy":"category","embeddable":true,"href":"https:\/\/toukiela.com\/fr_be\/wp-json\/wp\/v2\/categories?post=9230"},{"taxonomy":"post_tag","embeddable":true,"href":"https:\/\/toukiela.com\/fr_be\/wp-json\/wp\/v2\/tags?post=9230"}],"curies":[{"name":"wp","href":"https:\/\/api.w.org\/{rel}","templated":true}]}}