{"id":8902,"date":"2023-12-21T19:32:49","date_gmt":"2023-12-21T17:32:49","guid":{"rendered":"https:\/\/toukiela.com\/rebel-moon-partie-2-quelle-est-la-date-de-sortie-sur-netflix\/"},"modified":"2023-12-21T19:32:50","modified_gmt":"2023-12-21T17:32:50","slug":"rebel-moon-partie-2-quelle-est-la-date-de-sortie-sur-netflix","status":"publish","type":"post","link":"https:\/\/toukiela.com\/fr_be\/rebel-moon-partie-2-quelle-est-la-date-de-sortie-sur-netflix\/","title":{"rendered":"Rebel Moon Partie 2 : Quelle est la date de sortie sur Netflix ?"},"content":{"rendered":"<p><em><\/em><\/p>\n<div id=\"ez-toc-container\" class=\"ez-toc-v2_0_82_2 counter-hierarchy ez-toc-counter ez-toc-grey ez-toc-container-direction\">\n<p class=\"ez-toc-title\" style=\"cursor:inherit\">Sommaire<\/p>\n<label for=\"ez-toc-cssicon-toggle-item-69f21053cc59f\" class=\"ez-toc-cssicon-toggle-label\"><span class=\"\"><span class=\"eztoc-hide\" style=\"display:none;\">Toggle<\/span><span class=\"ez-toc-icon-toggle-span\"><svg style=\"fill: #999;color:#999\" xmlns=\"http:\/\/www.w3.org\/2000\/svg\" class=\"list-377408\" width=\"20px\" height=\"20px\" viewbox=\"0 0 24 24\" fill=\"none\"><path d=\"M6 6H4v2h2V6zm14 0H8v2h12V6zM4 11h2v2H4v-2zm16 0H8v2h12v-2zM4 16h2v2H4v-2zm16 0H8v2h12v-2z\" fill=\"currentColor\"><\/path><\/svg><svg style=\"fill: #999;color:#999\" class=\"arrow-unsorted-368013\" xmlns=\"http:\/\/www.w3.org\/2000\/svg\" width=\"10px\" height=\"10px\" viewbox=\"0 0 24 24\" version=\"1.2\" baseprofile=\"tiny\"><path d=\"M18.2 9.3l-6.2-6.3-6.2 6.3c-.2.2-.3.4-.3.7s.1.5.3.7c.2.2.4.3.7.3h11c.3 0 .5-.1.7-.3.2-.2.3-.5.3-.7s-.1-.5-.3-.7zM5.8 14.7l6.2 6.3 6.2-6.3c.2-.2.3-.5.3-.7s-.1-.5-.3-.7c-.2-.2-.4-.3-.7-.3h-11c-.3 0-.5.1-.7.3-.2.2-.3.5-.3.7s.1.5.3.7z\"\/><\/svg><\/span><\/span><\/label><input type=\"checkbox\"  id=\"ez-toc-cssicon-toggle-item-69f21053cc59f\"  aria-label=\"Toggle\" \/><nav><ul class='ez-toc-list ez-toc-list-level-1' ><li class='ez-toc-page-1 ez-toc-heading-level-2'><a class=\"ez-toc-link ez-toc-heading-1\" href=\"https:\/\/toukiela.com\/fr_be\/rebel-moon-partie-2-quelle-est-la-date-de-sortie-sur-netflix\/#Le_Garcon_au_Pyjama_Raye_Est-ce_inspire_dune_histoire_vraie\" >Le Gar\u00e7on au Pyjama Ray\u00e9 : Est-ce inspir\u00e9 d\u2019une histoire vraie ?<\/a><\/li><li class='ez-toc-page-1 ez-toc-heading-level-2'><a class=\"ez-toc-link ez-toc-heading-2\" href=\"https:\/\/toukiela.com\/fr_be\/rebel-moon-partie-2-quelle-est-la-date-de-sortie-sur-netflix\/#Explication_de_la_fin_Qui_est_mort\" >Explication de la fin ! Qui est mort ?<\/a><\/li><li class='ez-toc-page-1 ez-toc-heading-level-2'><a class=\"ez-toc-link ez-toc-heading-3\" href=\"https:\/\/toukiela.com\/fr_be\/rebel-moon-partie-2-quelle-est-la-date-de-sortie-sur-netflix\/#Maestro_Explication_de_la_fin_Futur_de_Leonard_Mort\" >Maestro : Explication de la fin ! Futur de Leonard ? Mort ?<\/a><\/li><li class='ez-toc-page-1 ez-toc-heading-level-2'><a class=\"ez-toc-link ez-toc-heading-4\" href=\"https:\/\/toukiela.com\/fr_be\/rebel-moon-partie-2-quelle-est-la-date-de-sortie-sur-netflix\/#Conclusion\" >Conclusion<\/a><\/li><\/ul><\/nav><\/div>\n<h2><span class=\"ez-toc-section\" id=\"Le_Garcon_au_Pyjama_Raye_Est-ce_inspire_dune_histoire_vraie\"><\/span>Le Gar\u00e7on au Pyjama Ray\u00e9 : Est-ce inspir\u00e9 d\u2019une histoire vraie ?<span class=\"ez-toc-section-end\"><\/span><\/h2>\n<p>Le film \u00ab\u00a0Le Gar\u00e7on au Pyjama Ray\u00e9\u00a0\u00bb est un drame historique sorti en 2008, r\u00e9alis\u00e9 par Mark Herman et bas\u00e9 sur le roman \u00e9ponyme de John Boyne. L\u2019histoire se d\u00e9roule pendant la Seconde Guerre mondiale et suit la vie de Bruno, un jeune gar\u00e7on allemand dont le p\u00e8re est un officier nazi.<\/p>\n<h2><span class=\"ez-toc-section\" id=\"Explication_de_la_fin_Qui_est_mort\"><\/span>Explication de la fin ! Qui est mort ?<span class=\"ez-toc-section-end\"><\/span><\/h2>\n<p>La fin du film \u00ab\u00a0Le Gar\u00e7on au Pyjama Ray\u00e9\u00a0\u00bb est tragique et bouleversante. Sans d\u00e9voiler de spoilers, on peut dire que la fin met en lumi\u00e8re les cons\u00e9quences terribles de la guerre et les pr\u00e9jug\u00e9s qui ont conduit \u00e0 la trag\u00e9die. Certains personnages principaux ne survivent pas \u00e0 l\u2019histoire, ce qui renforce encore plus l\u2019\u00e9motion du film.<\/p>\n<h2><span class=\"ez-toc-section\" id=\"Maestro_Explication_de_la_fin_Futur_de_Leonard_Mort\"><\/span>Maestro : Explication de la fin ! Futur de Leonard ? Mort ?<span class=\"ez-toc-section-end\"><\/span><\/h2>\n<p>\u00ab\u00a0Maestro\u00a0\u00bb est un roman de Peter Goldsworthy adapt\u00e9 au cin\u00e9ma en 2014. L\u2019histoire est centr\u00e9e sur Paul, un jeune gar\u00e7on qui souhaite devenir pianiste et qui trouve un mentor en la personne de Keller, un homme myst\u00e9rieux et talentueux. La fin du film est ouverte \u00e0 l\u2019interpr\u00e9tation et laisse les spectateurs se questionner sur le destin de Leonard. Certains pensent qu\u2019il est mort, tandis que d\u2019autres croient en un avenir prometteur pour lui.<\/p>\n<h2><span class=\"ez-toc-section\" id=\"Conclusion\"><\/span>Conclusion<span class=\"ez-toc-section-end\"><\/span><\/h2>\n<p>En r\u00e9sum\u00e9, \u00ab\u00a0Le Gar\u00e7on au Pyjama Ray\u00e9\u00a0\u00bb et \u00ab\u00a0Maestro\u00a0\u00bb sont deux films qui abordent des sujets sensibles et qui laissent une forte impression sur les spectateurs. Ces histoires nous rappellent les horreurs de la guerre et les cons\u00e9quences tragiques qu\u2019elle peut avoir sur la vie des individus. Que ce soit \u00e0 travers l\u2019histoire d\u2019un jeune gar\u00e7on allemand pris dans l\u2019id\u00e9ologie nazie ou celle d\u2019un pianiste en devenir, ces films nous invitent \u00e0 r\u00e9fl\u00e9chir sur les pr\u00e9jug\u00e9s, la tol\u00e9rance et la valeur de la vie humaine.<\/p>","protected":false},"excerpt":{"rendered":"","protected":false},"author":1,"featured_media":8904,"comment_status":"open","ping_status":"open","sticky":false,"template":"","format":"standard","meta":{"_seopress_robots_primary_cat":"","_seopress_titles_title":"","_seopress_titles_desc":"","_seopress_robots_index":"","footnotes":""},"categories":[645],"tags":[],"class_list":["post-8902","post","type-post","status-publish","format-standard","has-post-thumbnail","hentry","category-netflix","generate-columns","tablet-grid-50","mobile-grid-100","grid-parent","grid-50"],"_links":{"self":[{"href":"https:\/\/toukiela.com\/fr_be\/wp-json\/wp\/v2\/posts\/8902","targetHints":{"allow":["GET"]}}],"collection":[{"href":"https:\/\/toukiela.com\/fr_be\/wp-json\/wp\/v2\/posts"}],"about":[{"href":"https:\/\/toukiela.com\/fr_be\/wp-json\/wp\/v2\/types\/post"}],"author":[{"embeddable":true,"href":"https:\/\/toukiela.com\/fr_be\/wp-json\/wp\/v2\/users\/1"}],"replies":[{"embeddable":true,"href":"https:\/\/toukiela.com\/fr_be\/wp-json\/wp\/v2\/comments?post=8902"}],"version-history":[{"count":1,"href":"https:\/\/toukiela.com\/fr_be\/wp-json\/wp\/v2\/posts\/8902\/revisions"}],"predecessor-version":[{"id":8903,"href":"https:\/\/toukiela.com\/fr_be\/wp-json\/wp\/v2\/posts\/8902\/revisions\/8903"}],"wp:featuredmedia":[{"embeddable":true,"href":"https:\/\/toukiela.com\/fr_be\/wp-json\/wp\/v2\/media\/8904"}],"wp:attachment":[{"href":"https:\/\/toukiela.com\/fr_be\/wp-json\/wp\/v2\/media?parent=8902"}],"wp:term":[{"taxonomy":"category","embeddable":true,"href":"https:\/\/toukiela.com\/fr_be\/wp-json\/wp\/v2\/categories?post=8902"},{"taxonomy":"post_tag","embeddable":true,"href":"https:\/\/toukiela.com\/fr_be\/wp-json\/wp\/v2\/tags?post=8902"}],"curies":[{"name":"wp","href":"https:\/\/api.w.org\/{rel}","templated":true}]}}