{"id":8726,"date":"2023-12-15T19:09:34","date_gmt":"2023-12-15T17:09:34","guid":{"rendered":"https:\/\/toukiela.com\/les-ailes-de-lambition-saison-3-quelle-est-la-date-de-sortie-sur-netflix\/"},"modified":"2023-12-15T19:09:36","modified_gmt":"2023-12-15T17:09:36","slug":"les-ailes-de-lambition-saison-3-quelle-est-la-date-de-sortie-sur-netflix","status":"publish","type":"post","link":"https:\/\/toukiela.com\/fr_be\/les-ailes-de-lambition-saison-3-quelle-est-la-date-de-sortie-sur-netflix\/","title":{"rendered":"Les Ailes de l&rsquo;Ambition Saison 3 : Quelle est la date de sortie sur Netflix ?"},"content":{"rendered":"<p><em><\/em><\/p>\n<div id=\"ez-toc-container\" class=\"ez-toc-v2_0_82_2 counter-hierarchy ez-toc-counter ez-toc-grey ez-toc-container-direction\">\n<p class=\"ez-toc-title\" style=\"cursor:inherit\">Sommaire<\/p>\n<label for=\"ez-toc-cssicon-toggle-item-69f211027f422\" class=\"ez-toc-cssicon-toggle-label\"><span class=\"\"><span class=\"eztoc-hide\" style=\"display:none;\">Toggle<\/span><span class=\"ez-toc-icon-toggle-span\"><svg style=\"fill: #999;color:#999\" xmlns=\"http:\/\/www.w3.org\/2000\/svg\" class=\"list-377408\" width=\"20px\" height=\"20px\" viewbox=\"0 0 24 24\" fill=\"none\"><path d=\"M6 6H4v2h2V6zm14 0H8v2h12V6zM4 11h2v2H4v-2zm16 0H8v2h12v-2zM4 16h2v2H4v-2zm16 0H8v2h12v-2z\" fill=\"currentColor\"><\/path><\/svg><svg style=\"fill: #999;color:#999\" class=\"arrow-unsorted-368013\" xmlns=\"http:\/\/www.w3.org\/2000\/svg\" width=\"10px\" height=\"10px\" viewbox=\"0 0 24 24\" version=\"1.2\" baseprofile=\"tiny\"><path d=\"M18.2 9.3l-6.2-6.3-6.2 6.3c-.2.2-.3.4-.3.7s.1.5.3.7c.2.2.4.3.7.3h11c.3 0 .5-.1.7-.3.2-.2.3-.5.3-.7s-.1-.5-.3-.7zM5.8 14.7l6.2 6.3 6.2-6.3c.2-.2.3-.5.3-.7s-.1-.5-.3-.7c-.2-.2-.4-.3-.7-.3h-11c-.3 0-.5.1-.7.3-.2.2-.3.5-.3.7s.1.5.3.7z\"\/><\/svg><\/span><\/span><\/label><input type=\"checkbox\"  id=\"ez-toc-cssicon-toggle-item-69f211027f422\"  aria-label=\"Toggle\" \/><nav><ul class='ez-toc-list ez-toc-list-level-1' ><li class='ez-toc-page-1 ez-toc-heading-level-2'><a class=\"ez-toc-link ez-toc-heading-1\" href=\"https:\/\/toukiela.com\/fr_be\/les-ailes-de-lambition-saison-3-quelle-est-la-date-de-sortie-sur-netflix\/#Les_Ailes_de_lAmbition_Saison_2_Explication_de_la_fin\" >Les Ailes de l\u2019Ambition Saison 2 : Explication de la fin !<\/a><\/li><li class='ez-toc-page-1 ez-toc-heading-level-2'><a class=\"ez-toc-link ez-toc-heading-2\" href=\"https:\/\/toukiela.com\/fr_be\/les-ailes-de-lambition-saison-3-quelle-est-la-date-de-sortie-sur-netflix\/#Reacher_Saison_2_Roscoe_Finlay_ont-ils_quitte_la_serie\" >Reacher Saison 2 : Roscoe &amp; Finlay ont-ils quitt\u00e9 la s\u00e9rie ?<\/a><\/li><li class='ez-toc-page-1 ez-toc-heading-level-2'><a class=\"ez-toc-link ez-toc-heading-3\" href=\"https:\/\/toukiela.com\/fr_be\/les-ailes-de-lambition-saison-3-quelle-est-la-date-de-sortie-sur-netflix\/#Reacher_Saison_2_Combien_y_aura-t-il_depisodes_sur_Amazon\" >Reacher Saison 2 : Combien y aura-t-il d\u2019\u00e9pisodes sur Amazon ?<\/a><\/li><li class='ez-toc-page-1 ez-toc-heading-level-2'><a class=\"ez-toc-link ez-toc-heading-4\" href=\"https:\/\/toukiela.com\/fr_be\/les-ailes-de-lambition-saison-3-quelle-est-la-date-de-sortie-sur-netflix\/#Conclusion\" >Conclusion<\/a><\/li><\/ul><\/nav><\/div>\n<h2><span class=\"ez-toc-section\" id=\"Les_Ailes_de_lAmbition_Saison_2_Explication_de_la_fin\"><\/span>Les Ailes de l\u2019Ambition Saison 2 : Explication de la fin !<span class=\"ez-toc-section-end\"><\/span><\/h2>\n<p>Les Ailes de l\u2019Ambition est une s\u00e9rie populaire qui en est \u00e0 sa deuxi\u00e8me saison. Beaucoup de fans se demandent comment se termine cette saison tant attendue. Dans cet article, nous vous donnerons quelques explications sur la fin de la saison 2.<\/p>\n<h2><span class=\"ez-toc-section\" id=\"Reacher_Saison_2_Roscoe_Finlay_ont-ils_quitte_la_serie\"><\/span>Reacher Saison 2 : Roscoe &amp; Finlay ont-ils quitt\u00e9 la s\u00e9rie ?<span class=\"ez-toc-section-end\"><\/span><\/h2>\n<p>Une autre s\u00e9rie qui suscite l\u2019int\u00e9r\u00eat des t\u00e9l\u00e9spectateurs est Reacher. Dans la saison 2, certains se demandent si les personnages de Roscoe et Finlay continueront d\u2019appara\u00eetre. Nous vous donnerons plus d\u2019informations \u00e0 ce sujet.<\/p>\n<h2><span class=\"ez-toc-section\" id=\"Reacher_Saison_2_Combien_y_aura-t-il_depisodes_sur_Amazon\"><\/span>Reacher Saison 2 : Combien y aura-t-il d\u2019\u00e9pisodes sur Amazon ?<span class=\"ez-toc-section-end\"><\/span><\/h2>\n<p>Une question qui revient souvent concernant Reacher Saison 2 est le nombre d\u2019\u00e9pisodes pr\u00e9vus. Dans cet article, nous vous donnerons toutes les informations disponibles sur le nombre d\u2019\u00e9pisodes de cette nouvelle saison.<\/p>\n<h2><span class=\"ez-toc-section\" id=\"Conclusion\"><\/span>Conclusion<span class=\"ez-toc-section-end\"><\/span><\/h2>\n<p>En r\u00e9sum\u00e9, Les Ailes de l\u2019Ambition et Reacher sont deux s\u00e9ries tr\u00e8s appr\u00e9ci\u00e9es par les fans. Dans cet article, nous avons abord\u00e9 la fin de la saison 2 des Ailes de l\u2019Ambition, ainsi que la pr\u00e9sence des personnages de Roscoe et Finlay dans la saison 2 de Reacher. Nous avons \u00e9galement discut\u00e9 du nombre d\u2019\u00e9pisodes pr\u00e9vus pour Reacher Saison 2.<\/p>","protected":false},"excerpt":{"rendered":"","protected":false},"author":1,"featured_media":8728,"comment_status":"open","ping_status":"open","sticky":false,"template":"","format":"standard","meta":{"_seopress_robots_primary_cat":"","_seopress_titles_title":"","_seopress_titles_desc":"","_seopress_robots_index":"","footnotes":""},"categories":[645],"tags":[],"class_list":["post-8726","post","type-post","status-publish","format-standard","has-post-thumbnail","hentry","category-netflix","generate-columns","tablet-grid-50","mobile-grid-100","grid-parent","grid-50"],"_links":{"self":[{"href":"https:\/\/toukiela.com\/fr_be\/wp-json\/wp\/v2\/posts\/8726","targetHints":{"allow":["GET"]}}],"collection":[{"href":"https:\/\/toukiela.com\/fr_be\/wp-json\/wp\/v2\/posts"}],"about":[{"href":"https:\/\/toukiela.com\/fr_be\/wp-json\/wp\/v2\/types\/post"}],"author":[{"embeddable":true,"href":"https:\/\/toukiela.com\/fr_be\/wp-json\/wp\/v2\/users\/1"}],"replies":[{"embeddable":true,"href":"https:\/\/toukiela.com\/fr_be\/wp-json\/wp\/v2\/comments?post=8726"}],"version-history":[{"count":1,"href":"https:\/\/toukiela.com\/fr_be\/wp-json\/wp\/v2\/posts\/8726\/revisions"}],"predecessor-version":[{"id":8727,"href":"https:\/\/toukiela.com\/fr_be\/wp-json\/wp\/v2\/posts\/8726\/revisions\/8727"}],"wp:featuredmedia":[{"embeddable":true,"href":"https:\/\/toukiela.com\/fr_be\/wp-json\/wp\/v2\/media\/8728"}],"wp:attachment":[{"href":"https:\/\/toukiela.com\/fr_be\/wp-json\/wp\/v2\/media?parent=8726"}],"wp:term":[{"taxonomy":"category","embeddable":true,"href":"https:\/\/toukiela.com\/fr_be\/wp-json\/wp\/v2\/categories?post=8726"},{"taxonomy":"post_tag","embeddable":true,"href":"https:\/\/toukiela.com\/fr_be\/wp-json\/wp\/v2\/tags?post=8726"}],"curies":[{"name":"wp","href":"https:\/\/api.w.org\/{rel}","templated":true}]}}