{"id":7895,"date":"2023-11-18T13:07:12","date_gmt":"2023-11-18T11:07:12","guid":{"rendered":"https:\/\/toukiela.com\/bayard-rustin-ou-en-est-walter-naegle-aujourdhui\/"},"modified":"2023-11-18T13:07:13","modified_gmt":"2023-11-18T11:07:13","slug":"bayard-rustin-ou-en-est-walter-naegle-aujourdhui","status":"publish","type":"post","link":"https:\/\/toukiela.com\/fr_be\/bayard-rustin-ou-en-est-walter-naegle-aujourdhui\/","title":{"rendered":"Bayard Rustin : O\u00f9 en est Walter Naegle aujourd&rsquo;hui ?"},"content":{"rendered":"<p><em><\/em><\/p>\n<h2>D\u00e9couvrez ce que devient Walter Naegle aujourd\u2019hui apr\u00e8s Bayard Rustin sur Netflix !<\/h2>\n<p>Si vous souhaitez savoir ce que devient Walter Naegle aujourd\u2019hui, lisez la suite ! Bayard Rustin a \u00e9t\u00e9 un architecte essentiel, bien que m\u00e9connu, du mouvement am\u00e9ricain des droits civiques, dont l\u2019engagement en faveur de la justice et de l\u2019\u00e9galit\u00e9 s\u2019est manifest\u00e9 par son activisme et ses conseils en mati\u00e8re d\u2019\u00e9galit\u00e9 raciale, de socialisme, de non-violence et de droits des homosexuels.<\/p>\n<p>N\u00e9 le 17 mars 1912 \u00e0 West Chester, en Pennsylvanie, Rustin a \u00e9t\u00e9 marqu\u00e9 par son \u00e9ducation quaker et l\u2019influence de ses grands-parents maternels, qui lui ont inculqu\u00e9 les principes de la r\u00e9sistance non violente.<\/p>\n<p>Le parcours de Rustin en tant qu\u2019activiste a commenc\u00e9 dans les ann\u00e9es 1930, mais a pris son essor dans les ann\u00e9es 1940 et 1950, lorsque ses talents d\u2019organisateur ont brill\u00e9 dans le domaine de la protestation non violente, ce qui l\u2019a amen\u00e9 \u00e0 jouer un r\u00f4le cl\u00e9 en tant que conseiller du Dr Martin Luther King Jr.<\/p>\n<p>Il a transmis sa connaissance des tactiques gandhiennes \u00e0 King, influen\u00e7ant de mani\u00e8re significative l\u2019orientation du mouvement vers la manifestation pacifique. Nous d\u00e9couvrons aussi Walter Naegle qui lui est toujours en vie aujourd\u2019hui. Alors que devient Walter Naegle aujourd\u2019hui ?<\/p>\n<h2>Qui est Walter Naegle ?<\/h2>\n<p>C\u2019est en 1949 que Walter Naegle est n\u00e9 \u00e0 Morristown, dans le New Jersey, dans une fratrie de sept enfants, avant d\u2019\u00eatre \u00e9lev\u00e9 dans un foyer catholique plut\u00f4t typique \u00e0 Succasunna. Ce n\u2019est donc qu\u2019au lyc\u00e9e qu\u2019il a vraiment compris l\u2019importance de la lutte des Afro-Am\u00e9ricains.<\/p>\n<p>C\u2019est \u00e0 New York que Walter Naegle s\u2019est install\u00e9 \u2013 il a pris un appartement \u00e0 Spanish Harlem tout en travaillant comme technicien psychiatrique avant de suivre des cours du soir pour d\u00e9velopper sa passion pour la photographie. C\u2019est \u00e9galement l\u00e0 que cet artiste\/photographe a rencontr\u00e9 Bayard Rustin pour la premi\u00e8re fois en 1977, et qu\u2019ils ont imm\u00e9diatement \u00e9chang\u00e9 leurs points de vue sur la non-violence et d\u2019autres mouvements.<\/p>\n<p>Malheureusement, ce bonheur n\u2019a pas dur\u00e9 \u00e9ternellement, car Bayard est malheureusement d\u00e9c\u00e9d\u00e9 d\u2019une perforation de l\u2019appendice \u00e0 peine cinq ans plus tard, le 24 ao\u00fbt 1987, \u00e0 l\u2019\u00e2ge de 75 ans, ce qui signifie que le couple a v\u00e9cu une d\u00e9cennie ensemble.<\/p>\n<h2>Que devient Walter Naegle aujourd\u2019hui ?<\/h2>\n<p>Depuis le d\u00e9c\u00e8s de Bayard, Walter Naegle est devenu le directeur ex\u00e9cutif du Bayard Rustin Fund, une organisation \u00e0 but non lucratif qui comm\u00e9more les valeurs et l\u2019h\u00e9ritage de son homonyme. De plus, d\u2019apr\u00e8s ce que nous savons, il si\u00e8ge au conseil d\u2019administration du Bayard Rustin Center for Social Justice, un espace s\u00fbr pour les LGBTQ+ et les activistes, tout en continuant \u00e0 parler des r\u00e9alisations de son d\u00e9funt partenaire.<\/p>\n<p>Ayant accept\u00e9 la m\u00e9daille de la libert\u00e9 en son nom en 2013 et continuant \u00e0 faire des apparitions publiques pour lui, aujourd\u2019hui Walter Naegle montre clairement qu\u2019il est v\u00e9ritablement fier d\u2019\u00eatre connu comme l\u2019amour de Bayard jusqu\u2019\u00e0 aujourd\u2019hui. Il manque au New Yorker, mais il s\u2019en sort en gardant les souvenirs bien vivants.<\/p>\n<p>L\u2019article Bayard Rustin : Que devient Walter Naegle aujourd\u2019hui ? est apparu en premier sur.<\/p>","protected":false},"excerpt":{"rendered":"","protected":false},"author":1,"featured_media":7897,"comment_status":"open","ping_status":"open","sticky":false,"template":"","format":"standard","meta":{"_seopress_robots_primary_cat":"","_seopress_titles_title":"","_seopress_titles_desc":"","_seopress_robots_index":"","footnotes":""},"categories":[645],"tags":[],"class_list":["post-7895","post","type-post","status-publish","format-standard","has-post-thumbnail","hentry","category-netflix","generate-columns","tablet-grid-50","mobile-grid-100","grid-parent","grid-50"],"_links":{"self":[{"href":"https:\/\/toukiela.com\/fr_be\/wp-json\/wp\/v2\/posts\/7895","targetHints":{"allow":["GET"]}}],"collection":[{"href":"https:\/\/toukiela.com\/fr_be\/wp-json\/wp\/v2\/posts"}],"about":[{"href":"https:\/\/toukiela.com\/fr_be\/wp-json\/wp\/v2\/types\/post"}],"author":[{"embeddable":true,"href":"https:\/\/toukiela.com\/fr_be\/wp-json\/wp\/v2\/users\/1"}],"replies":[{"embeddable":true,"href":"https:\/\/toukiela.com\/fr_be\/wp-json\/wp\/v2\/comments?post=7895"}],"version-history":[{"count":1,"href":"https:\/\/toukiela.com\/fr_be\/wp-json\/wp\/v2\/posts\/7895\/revisions"}],"predecessor-version":[{"id":7896,"href":"https:\/\/toukiela.com\/fr_be\/wp-json\/wp\/v2\/posts\/7895\/revisions\/7896"}],"wp:featuredmedia":[{"embeddable":true,"href":"https:\/\/toukiela.com\/fr_be\/wp-json\/wp\/v2\/media\/7897"}],"wp:attachment":[{"href":"https:\/\/toukiela.com\/fr_be\/wp-json\/wp\/v2\/media?parent=7895"}],"wp:term":[{"taxonomy":"category","embeddable":true,"href":"https:\/\/toukiela.com\/fr_be\/wp-json\/wp\/v2\/categories?post=7895"},{"taxonomy":"post_tag","embeddable":true,"href":"https:\/\/toukiela.com\/fr_be\/wp-json\/wp\/v2\/tags?post=7895"}],"curies":[{"name":"wp","href":"https:\/\/api.w.org\/{rel}","templated":true}]}}