{"id":7864,"date":"2023-11-17T13:04:41","date_gmt":"2023-11-17T11:04:41","guid":{"rendered":"https:\/\/toukiela.com\/que-devient-jean-francois-musa-de-the-crown-aujourdhui\/"},"modified":"2023-11-17T13:04:42","modified_gmt":"2023-11-17T11:04:42","slug":"que-devient-jean-francois-musa-de-the-crown-aujourdhui","status":"publish","type":"post","link":"https:\/\/toukiela.com\/fr_be\/que-devient-jean-francois-musa-de-the-crown-aujourdhui\/","title":{"rendered":"Que devient Jean-Fran\u00e7ois Musa de The Crown aujourd&rsquo;hui ?"},"content":{"rendered":"<p><em><\/em><\/p>\n<h2>D\u00e9couvrez ce que devient Jean Francois Musa aujourd\u2019hui apr\u00e8s The Crown !<\/h2>\n<p>Si vous souhaitez savoir ce que devient <em>Jean Francois Musa aujourd\u2019hui<\/em>, lisez la suite ! Le propri\u00e9taire de la voiture dans laquelle la princesse Diana est d\u00e9c\u00e9d\u00e9e exige que les autorit\u00e9s fran\u00e7aises la lui rendent enfin, en insistant sur le fait qu\u2019elle est l\u00e9galement \u00e0 lui.<\/p>\n<p>Jean-Fran\u00e7ois Musa, qui dirigeait Etoile Limousines, affirme qu\u2019il n\u2019a m\u00eame pas \u00e9t\u00e9 inform\u00e9 de l\u2019endroit o\u00f9 la Mercedes-Benz S280 accident\u00e9e est conserv\u00e9e. Depuis son accident dans le tunnel du Pont de l\u2019Alma \u00e0 Paris le 31 ao\u00fbt 1997, la voiture est au centre de th\u00e9ories conspirationnistes selon lesquelles Diana aurait \u00e9t\u00e9 assassin\u00e9e.<\/p>\n<p>Les experts estiment que l\u2019\u00e9pave pourrait valoir jusqu\u2019\u00e0 10 millions de livres sterling. Mais alors depuis ces d\u00e9clarations choquantes et ces tragiques \u00e9v\u00e8nements, que devient Jean Francois Musa aujourd\u2019hui ?<\/p>\n<h2>Que devient Jean Francois Musa aujourd\u2019hui ?<\/h2>\n<p>Jean-Fran\u00e7ois Musa dirigeait Etoile Limousines au moment de la mort de Diana. L\u2019entreprise avait sign\u00e9 un contrat avec le Ritz de Paris pour assurer le transport de ses invit\u00e9s, et ses services ont \u00e9t\u00e9 sollicit\u00e9s pour escorter la princesse Diana et Dodi Fayed au cours de cette nuit fatidique.<\/p>\n<p>Au lendemain de la trag\u00e9die, Etoile Limousines et le Ritz ont \u00e9t\u00e9 critiqu\u00e9s pour ne pas avoir pris de mesures responsables ce soir-l\u00e0, d\u2019autant plus que certaines personnes savaient qu\u2019Henri Paul, le chauffeur, \u00e9tait ivre ce soir-l\u00e0 et n\u2019aurait pas d\u00fb \u00eatre autoris\u00e9 \u00e0 conduire.<\/p>\n<p>Jean-Fran\u00e7ois Musa a \u00e9t\u00e9 accus\u00e9 d\u2019avoir permis \u00e0 Paul de conduire alors que le conducteur ne remplissait pas les conditions requises. Il convient de noter qu\u2019aucune action en justice n\u2019a jamais \u00e9t\u00e9 intent\u00e9e contre Etoile Limousines, le Ritz et Jean-Fran\u00e7ois Musa.<\/p>\n<p>\u00c2g\u00e9 d\u2019une soixantaine d\u2019ann\u00e9es, aujourd\u2019hui Jean-Fran\u00e7ois Musa poss\u00e8de une maison \u00e0 Paris mais passe \u00e9galement beaucoup de temps dans sa maison de vacances en Normandie. Il m\u00e8ne une vie tranquille et priv\u00e9e et n\u2019est jamais apparu dans les m\u00e9dias ou n\u2019a jamais parl\u00e9 de sa vie personnelle en public.<\/p>\n<p>En 2022, Jean-Fran\u00e7ois Musa a r\u00e9v\u00e9l\u00e9 qu\u2019il souhaitait r\u00e9cup\u00e9rer sa voiture, car elle lui appartenait l\u00e9galement. La voiture a \u00e9t\u00e9 confisqu\u00e9e par les autorit\u00e9s apr\u00e8s l\u2019accident et a fait l\u2019objet de plusieurs enqu\u00eates pour s\u2019assurer qu\u2019il n\u2019y avait pas eu d\u2019acte criminel. Jean-Fran\u00e7ois Musa a d\u00e9clar\u00e9 que le v\u00e9hicule aurait d\u00fb lui \u00eatre rendu, mais qu\u2019il n\u2019avait aucune id\u00e9e de l\u2019endroit o\u00f9 il se trouvait aujourd\u2019hui.<\/p>\n<p>On estime que la voiture pourrait atteindre des millions de livres sterling, mais Jean-Fran\u00e7ois Musa a r\u00e9v\u00e9l\u00e9 qu\u2019il souhaitait qu\u2019elle soit expos\u00e9e dans un mus\u00e9e am\u00e9ricain en l\u2019honneur de Diana. Cependant, il ne semble pas qu\u2019il puisse faire ce qu\u2019il veut, car la famille royale a fait savoir \u00e0 plusieurs reprises qu\u2019elle souhaitait s\u2019en d\u00e9barrasser discr\u00e8tement et sans faire d\u2019histoires, compte tenu de la douleur qu\u2019elle repr\u00e9sente pour elle.<\/p>\n<p>L\u2019article The Crown : Que devient Jean Francois Musa aujourd\u2019hui ? est apparu en premier sur.<\/p>","protected":false},"excerpt":{"rendered":"","protected":false},"author":1,"featured_media":7866,"comment_status":"open","ping_status":"open","sticky":false,"template":"","format":"standard","meta":{"_seopress_robots_primary_cat":"","_seopress_titles_title":"","_seopress_titles_desc":"","_seopress_robots_index":"","footnotes":""},"categories":[645],"tags":[],"class_list":["post-7864","post","type-post","status-publish","format-standard","has-post-thumbnail","hentry","category-netflix","generate-columns","tablet-grid-50","mobile-grid-100","grid-parent","grid-50"],"_links":{"self":[{"href":"https:\/\/toukiela.com\/fr_be\/wp-json\/wp\/v2\/posts\/7864","targetHints":{"allow":["GET"]}}],"collection":[{"href":"https:\/\/toukiela.com\/fr_be\/wp-json\/wp\/v2\/posts"}],"about":[{"href":"https:\/\/toukiela.com\/fr_be\/wp-json\/wp\/v2\/types\/post"}],"author":[{"embeddable":true,"href":"https:\/\/toukiela.com\/fr_be\/wp-json\/wp\/v2\/users\/1"}],"replies":[{"embeddable":true,"href":"https:\/\/toukiela.com\/fr_be\/wp-json\/wp\/v2\/comments?post=7864"}],"version-history":[{"count":1,"href":"https:\/\/toukiela.com\/fr_be\/wp-json\/wp\/v2\/posts\/7864\/revisions"}],"predecessor-version":[{"id":7865,"href":"https:\/\/toukiela.com\/fr_be\/wp-json\/wp\/v2\/posts\/7864\/revisions\/7865"}],"wp:featuredmedia":[{"embeddable":true,"href":"https:\/\/toukiela.com\/fr_be\/wp-json\/wp\/v2\/media\/7866"}],"wp:attachment":[{"href":"https:\/\/toukiela.com\/fr_be\/wp-json\/wp\/v2\/media?parent=7864"}],"wp:term":[{"taxonomy":"category","embeddable":true,"href":"https:\/\/toukiela.com\/fr_be\/wp-json\/wp\/v2\/categories?post=7864"},{"taxonomy":"post_tag","embeddable":true,"href":"https:\/\/toukiela.com\/fr_be\/wp-json\/wp\/v2\/tags?post=7864"}],"curies":[{"name":"wp","href":"https:\/\/api.w.org\/{rel}","templated":true}]}}