{"id":7420,"date":"2023-11-02T08:28:42","date_gmt":"2023-11-02T06:28:42","guid":{"rendered":"https:\/\/toukiela.com\/le-decret-dintelligence-artificielle-de-biden-applaudi-pour-sa-portee-mais-sans-legislation-equivalente-il-manque-de-profondeur\/"},"modified":"2023-11-02T08:28:43","modified_gmt":"2023-11-02T06:28:43","slug":"le-decret-dintelligence-artificielle-de-biden-applaudi-pour-sa-portee-mais-sans-legislation-equivalente-il-manque-de-profondeur","status":"publish","type":"post","link":"https:\/\/toukiela.com\/fr_be\/le-decret-dintelligence-artificielle-de-biden-applaudi-pour-sa-portee-mais-sans-legislation-equivalente-il-manque-de-profondeur\/","title":{"rendered":"Le d\u00e9cret d&rsquo;intelligence artificielle de Biden applaudi pour sa port\u00e9e, mais sans l\u00e9gislation \u00e9quivalente, il manque de profondeur"},"content":{"rendered":"<p><em><\/em><\/p>\n<div id=\"ez-toc-container\" class=\"ez-toc-v2_0_82_2 counter-hierarchy ez-toc-counter ez-toc-grey ez-toc-container-direction\">\n<p class=\"ez-toc-title\" style=\"cursor:inherit\">Sommaire<\/p>\n<label for=\"ez-toc-cssicon-toggle-item-69f1fbdea3186\" class=\"ez-toc-cssicon-toggle-label\"><span class=\"\"><span class=\"eztoc-hide\" style=\"display:none;\">Toggle<\/span><span class=\"ez-toc-icon-toggle-span\"><svg style=\"fill: #999;color:#999\" xmlns=\"http:\/\/www.w3.org\/2000\/svg\" class=\"list-377408\" width=\"20px\" height=\"20px\" viewbox=\"0 0 24 24\" fill=\"none\"><path d=\"M6 6H4v2h2V6zm14 0H8v2h12V6zM4 11h2v2H4v-2zm16 0H8v2h12v-2zM4 16h2v2H4v-2zm16 0H8v2h12v-2z\" fill=\"currentColor\"><\/path><\/svg><svg style=\"fill: #999;color:#999\" class=\"arrow-unsorted-368013\" xmlns=\"http:\/\/www.w3.org\/2000\/svg\" width=\"10px\" height=\"10px\" viewbox=\"0 0 24 24\" version=\"1.2\" baseprofile=\"tiny\"><path d=\"M18.2 9.3l-6.2-6.3-6.2 6.3c-.2.2-.3.4-.3.7s.1.5.3.7c.2.2.4.3.7.3h11c.3 0 .5-.1.7-.3.2-.2.3-.5.3-.7s-.1-.5-.3-.7zM5.8 14.7l6.2 6.3 6.2-6.3c.2-.2.3-.5.3-.7s-.1-.5-.3-.7c-.2-.2-.4-.3-.7-.3h-11c-.3 0-.5.1-.7.3-.2.2-.3.5-.3.7s.1.5.3.7z\"\/><\/svg><\/span><\/span><\/label><input type=\"checkbox\"  id=\"ez-toc-cssicon-toggle-item-69f1fbdea3186\"  aria-label=\"Toggle\" \/><nav><ul class='ez-toc-list ez-toc-list-level-1' ><li class='ez-toc-page-1 ez-toc-heading-level-2'><a class=\"ez-toc-link ez-toc-heading-1\" href=\"https:\/\/toukiela.com\/fr_be\/le-decret-dintelligence-artificielle-de-biden-applaudi-pour-sa-portee-mais-sans-legislation-equivalente-il-manque-de-profondeur\/#Ladministration_Biden_devoile_les_details_dun_decret_executif_sur_lIA\" >L\u2019administration Biden d\u00e9voile les d\u00e9tails d\u2019un d\u00e9cret ex\u00e9cutif sur l\u2019IA<\/a><\/li><li class='ez-toc-page-1 ez-toc-heading-level-2'><a class=\"ez-toc-link ez-toc-heading-2\" href=\"https:\/\/toukiela.com\/fr_be\/le-decret-dintelligence-artificielle-de-biden-applaudi-pour-sa-portee-mais-sans-legislation-equivalente-il-manque-de-profondeur\/#Les_defis_de_la_regulation_de_lIA\" >Les d\u00e9fis de la r\u00e9gulation de l\u2019IA<\/a><\/li><li class='ez-toc-page-1 ez-toc-heading-level-2'><a class=\"ez-toc-link ez-toc-heading-3\" href=\"https:\/\/toukiela.com\/fr_be\/le-decret-dintelligence-artificielle-de-biden-applaudi-pour-sa-portee-mais-sans-legislation-equivalente-il-manque-de-profondeur\/#Un_decret_en_guise_de_solution_temporaire\" >Un d\u00e9cret en guise de solution temporaire<\/a><\/li><li class='ez-toc-page-1 ez-toc-heading-level-2'><a class=\"ez-toc-link ez-toc-heading-4\" href=\"https:\/\/toukiela.com\/fr_be\/le-decret-dintelligence-artificielle-de-biden-applaudi-pour-sa-portee-mais-sans-legislation-equivalente-il-manque-de-profondeur\/#Labsence_de_remede_legislatif\" >L\u2019absence de rem\u00e8de l\u00e9gislatif<\/a><\/li><li class='ez-toc-page-1 ez-toc-heading-level-2'><a class=\"ez-toc-link ez-toc-heading-5\" href=\"https:\/\/toukiela.com\/fr_be\/le-decret-dintelligence-artificielle-de-biden-applaudi-pour-sa-portee-mais-sans-legislation-equivalente-il-manque-de-profondeur\/#Le_defi_de_legiferer_sur_lIA\" >Le d\u00e9fi de l\u00e9gif\u00e9rer sur l\u2019IA<\/a><\/li><li class='ez-toc-page-1 ez-toc-heading-level-2'><a class=\"ez-toc-link ez-toc-heading-6\" href=\"https:\/\/toukiela.com\/fr_be\/le-decret-dintelligence-artificielle-de-biden-applaudi-pour-sa-portee-mais-sans-legislation-equivalente-il-manque-de-profondeur\/#Une_nouvelle_agence_federale_pour_reguler_lIA\" >Une nouvelle agence f\u00e9d\u00e9rale pour r\u00e9guler l\u2019IA<\/a><\/li><li class='ez-toc-page-1 ez-toc-heading-level-2'><a class=\"ez-toc-link ez-toc-heading-7\" href=\"https:\/\/toukiela.com\/fr_be\/le-decret-dintelligence-artificielle-de-biden-applaudi-pour-sa-portee-mais-sans-legislation-equivalente-il-manque-de-profondeur\/#Les_reactions_des_experts\" >Les r\u00e9actions des experts<\/a><\/li><li class='ez-toc-page-1 ez-toc-heading-level-2'><a class=\"ez-toc-link ez-toc-heading-8\" href=\"https:\/\/toukiela.com\/fr_be\/le-decret-dintelligence-artificielle-de-biden-applaudi-pour-sa-portee-mais-sans-legislation-equivalente-il-manque-de-profondeur\/#Des_lois_substantielles_difficiles_a_passer\" >Des lois substantielles difficiles \u00e0 passer<\/a><\/li><li class='ez-toc-page-1 ez-toc-heading-level-2'><a class=\"ez-toc-link ez-toc-heading-9\" href=\"https:\/\/toukiela.com\/fr_be\/le-decret-dintelligence-artificielle-de-biden-applaudi-pour-sa-portee-mais-sans-legislation-equivalente-il-manque-de-profondeur\/#Des_ressources_necessaires_pour_une_reglementation_efficace\" >Des ressources n\u00e9cessaires pour une r\u00e9glementation efficace<\/a><\/li><li class='ez-toc-page-1 ez-toc-heading-level-2'><a class=\"ez-toc-link ez-toc-heading-10\" href=\"https:\/\/toukiela.com\/fr_be\/le-decret-dintelligence-artificielle-de-biden-applaudi-pour-sa-portee-mais-sans-legislation-equivalente-il-manque-de-profondeur\/#La_volonte_de_promouvoir_linnovation_tout_en_protegeant_les_citoyens\" >La volont\u00e9 de promouvoir l\u2019innovation tout en prot\u00e9geant les citoyens<\/a><\/li><li class='ez-toc-page-1 ez-toc-heading-level-2'><a class=\"ez-toc-link ez-toc-heading-11\" href=\"https:\/\/toukiela.com\/fr_be\/le-decret-dintelligence-artificielle-de-biden-applaudi-pour-sa-portee-mais-sans-legislation-equivalente-il-manque-de-profondeur\/#Les_enjeux_pour_les_entreprises_technologiques\" >Les enjeux pour les entreprises technologiques<\/a><\/li><li class='ez-toc-page-1 ez-toc-heading-level-2'><a class=\"ez-toc-link ez-toc-heading-12\" href=\"https:\/\/toukiela.com\/fr_be\/le-decret-dintelligence-artificielle-de-biden-applaudi-pour-sa-portee-mais-sans-legislation-equivalente-il-manque-de-profondeur\/#Un_moment_mal_choisi\" >Un moment mal choisi<\/a><\/li><\/ul><\/nav><\/div>\n<h2><span class=\"ez-toc-section\" id=\"Ladministration_Biden_devoile_les_details_dun_decret_executif_sur_lIA\"><\/span>L\u2019administration Biden d\u00e9voile les d\u00e9tails d\u2019un d\u00e9cret ex\u00e9cutif sur l\u2019IA<span class=\"ez-toc-section-end\"><\/span><\/h2>\n<p>L\u2019administration Biden a annonc\u00e9 aujourd\u2019hui les d\u00e9tails d\u2019un d\u00e9cret ex\u00e9cutif tant attendu sur l\u2019IA, \u00e0 l\u2019approche d\u2019un sommet international sur la s\u00e9curit\u00e9 de l\u2019IA qui se tient au Royaume-Uni. Mais comme pour tous les d\u00e9crets de ce type, les pouvoirs du pr\u00e9sident sont limit\u00e9s sans le soutien l\u00e9gislatif, comme l\u2019ont soulign\u00e9 de nombreux experts et parties prenantes en r\u00e9ponse \u00e0 cette annonce.<\/p>\n<h2><span class=\"ez-toc-section\" id=\"Les_defis_de_la_regulation_de_lIA\"><\/span>Les d\u00e9fis de la r\u00e9gulation de l\u2019IA<span class=\"ez-toc-section-end\"><\/span><\/h2>\n<p>Ce d\u00e9cret intervient alors que les gouvernements du monde entier tentent de relever les d\u00e9fis et les opportunit\u00e9s de l\u2019IA, qui s\u2019est av\u00e9r\u00e9e jusqu\u2019\u00e0 pr\u00e9sent trop rapide pour les r\u00e9gulateurs. Face aux risques d\u2019une action pr\u00e9matur\u00e9e qui freinerait l\u2019innovation et d\u2019une action tardive qui permettrait les abus ou les exploitations, les \u00c9tats-Unis et l\u2019Union europ\u00e9enne ont \u00e9vit\u00e9 le premier risque, mais se dirigent rapidement vers le second en raison de processus de d\u00e9bat et de r\u00e9daction longs.<\/p>\n<h2><span class=\"ez-toc-section\" id=\"Un_decret_en_guise_de_solution_temporaire\"><\/span>Un d\u00e9cret en guise de solution temporaire<span class=\"ez-toc-section-end\"><\/span><\/h2>\n<p>Le d\u00e9cret de Biden est un palliatif qui soutient les pratiques \u00ab\u00a0volontaires\u00a0\u00bb que de nombreuses entreprises choisissent d\u00e9j\u00e0 de mettre en \u0153uvre. Les limites de ce qu\u2019un pr\u00e9sident peut faire d\u2019un geste de la main signifient que cela se traduit principalement par le partage des r\u00e9sultats, le d\u00e9veloppement de meilleures pratiques et la fourniture de lignes directrices claires.<\/p>\n<h2><span class=\"ez-toc-section\" id=\"Labsence_de_remede_legislatif\"><\/span>L\u2019absence de rem\u00e8de l\u00e9gislatif<span class=\"ez-toc-section-end\"><\/span><\/h2>\n<p>En ce moment, il n\u2019existe pas de rem\u00e8de l\u00e9gislatif aux risques potentiels et aux abus de l\u2019IA, en dehors de ceux qui peuvent \u00eatre appliqu\u00e9s aux entreprises technologiques en g\u00e9n\u00e9ral \u2013 ce que beaucoup ont critiqu\u00e9 au fil des ans comme \u00e9tant insuffisant. L\u2019action f\u00e9d\u00e9rale sur les m\u00e9dias sociaux et sur les monopoles de facto comme Amazon et Google a \u00e9t\u00e9 sporadique, bien qu\u2019une FTC nouvelle et plus agressive puisse changer cette tendance.<\/p>\n<h2><span class=\"ez-toc-section\" id=\"Le_defi_de_legiferer_sur_lIA\"><\/span>Le d\u00e9fi de l\u00e9gif\u00e9rer sur l\u2019IA<span class=\"ez-toc-section-end\"><\/span><\/h2>\n<p>Pendant ce temps, une loi compl\u00e8te d\u00e9finissant et limitant l\u2019utilisation de l\u2019IA semble aussi lointaine aujourd\u2019hui qu\u2019il y a quelques ann\u00e9es. L\u2019industrie et la technologie ont \u00e9volu\u00e9 si rapidement qu\u2019une quelconque r\u00e9glementation serait probablement obsol\u00e8te au moment de son adoption. Il n\u2019est m\u00eame pas clair de savoir ce qui devrait \u00eatre limit\u00e9 par voie l\u00e9gislative, par opposition \u00e0 ce qui devrait \u00eatre laiss\u00e9 \u00e0 la loi de l\u2019\u00c9tat ou aux agences d\u2019experts.<\/p>\n<h2><span class=\"ez-toc-section\" id=\"Une_nouvelle_agence_federale_pour_reguler_lIA\"><\/span>Une nouvelle agence f\u00e9d\u00e9rale pour r\u00e9guler l\u2019IA<span class=\"ez-toc-section-end\"><\/span><\/h2>\n<p>Peut-\u00eatre que la meilleure approche serait de cr\u00e9er une nouvelle agence f\u00e9d\u00e9rale charg\u00e9e de r\u00e9glementer l\u2019IA et la technologie, mais cela ne peut \u00eatre accompli par d\u00e9cret. En attendant, le d\u00e9cret instruit au moins plusieurs groupes ax\u00e9s sur l\u2019IA, tels que celui du D\u00e9partement de la Sant\u00e9 et des Services sociaux, charg\u00e9 de traiter et d\u2019\u00e9valuer les rapports des pr\u00e9judices li\u00e9s \u00e0 l\u2019IA dans le domaine de la sant\u00e9.<\/p>\n<h2><span class=\"ez-toc-section\" id=\"Les_reactions_des_experts\"><\/span>Les r\u00e9actions des experts<span class=\"ez-toc-section-end\"><\/span><\/h2>\n<p>Le s\u00e9nateur Mark Warner de Virginie s\u2019est dit \u00ab\u00a0impressionn\u00e9 par l\u2019\u00e9tendue\u00a0\u00bb du d\u00e9cret, bien qu\u2019il sous-entende que la profondeur laisse \u00e0 d\u00e9sirer. \u00ab\u00a0Je suis \u00e9galement ravi de voir plusieurs sections qui correspondent \u00e9troitement \u00e0 mes efforts en mati\u00e8re de s\u00e9curit\u00e9 et de s\u00fbret\u00e9 de l\u2019IA, ainsi qu\u2019\u00e0 l\u2019utilisation de l\u2019IA par le gouvernement f\u00e9d\u00e9ral\u00a0\u00bb, a-t-il d\u00e9clar\u00e9 dans un communiqu\u00e9. \u00ab\u00a0Cependant, bon nombre de ces mesures ne font qu\u2019effleurer le sujet, en particulier dans les domaines des soins de sant\u00e9 et de la politique de concurrence. Bien que cela constitue une avanc\u00e9e positive, nous avons besoin de mesures l\u00e9gislatives suppl\u00e9mentaires, et je continuerai \u00e0 travailler avec diligence\u2026\u00a0\u00bb etc.<\/p>\n<h2><span class=\"ez-toc-section\" id=\"Des_lois_substantielles_difficiles_a_passer\"><\/span>Des lois substantielles difficiles \u00e0 passer<span class=\"ez-toc-section-end\"><\/span><\/h2>\n<p>\u00c9tant donn\u00e9 l\u2019\u00e9tat de la l\u00e9gislation et le fait qu\u2019une p\u00e9riode \u00e9lectorale incroyablement controvers\u00e9e se profile, ce serait un miracle si une loi substantielle \u00e9tait adopt\u00e9e dans un proche avenir, encore moins un projet de loi potentiellement clivant et complexe sur les r\u00e8gles de l\u2019IA.<\/p>\n<h2><span class=\"ez-toc-section\" id=\"Des_ressources_necessaires_pour_une_reglementation_efficace\"><\/span>Des ressources n\u00e9cessaires pour une r\u00e9glementation efficace<span class=\"ez-toc-section-end\"><\/span><\/h2>\n<p>Paul Barrett, directeur adjoint du Centre Stern de l\u2019Universit\u00e9 de New York pour les affaires et les droits de l\u2019homme, a reconnu les deux aspects du probl\u00e8me. \u00ab\u00a0Le pr\u00e9sident Biden envoie un message pr\u00e9cieux selon lequel certains syst\u00e8mes d\u2019IA cr\u00e9ent des risques imm\u00e9diats qui n\u00e9cessitent une attention imm\u00e9diate. L\u2019administration va dans la bonne direction\u00a0\u00bb, a-t-il \u00e9crit. \u00ab\u00a0Mais aujourd\u2019hui n\u2019est que le d\u00e9but d\u2019un processus r\u00e9glementaire qui sera long et ardu, et qui exigera finalement que les entreprises qui profitent de l\u2019IA prouvent que leurs produits sont s\u00fbrs et efficaces, tout comme les fabricants de produits pharmaceutiques, de produits chimiques industriels ou d\u2019avions doivent d\u00e9montrer que leurs produits sont s\u00fbrs et efficaces. Sans les ressources fra\u00eeches fournies par le Congr\u00e8s, il n\u2019est pas clair que le gouvernement f\u00e9d\u00e9ral dispose des ressources n\u00e9cessaires pour \u00e9valuer les processus de formation extr\u00eamement complexes ou l\u2019ad\u00e9quation des tests de simulation et d\u2019autres tests n\u00e9cessaires.\u00a0\u00bb<\/p>\n<h2><span class=\"ez-toc-section\" id=\"La_volonte_de_promouvoir_linnovation_tout_en_protegeant_les_citoyens\"><\/span>La volont\u00e9 de promouvoir l\u2019innovation tout en prot\u00e9geant les citoyens<span class=\"ez-toc-section-end\"><\/span><\/h2>\n<p>Sheila Gulati, co-fondatrice de Tola Capital, a d\u00e9clar\u00e9 que le d\u00e9cret montrait une \u00ab\u00a0intention claire de promouvoir l\u2019innovation tout en prot\u00e9geant les citoyens\u00a0\u00bb. \u00ab\u00a0Il est essentiel que nous ne freinions pas l\u2019innovation agile des start-ups. Mettre en avant l\u2019explicabilit\u00e9 de l\u2019IA, adopter une approche ax\u00e9e sur les risques en mettant davantage l\u2019accent sur les domaines o\u00f9 les pr\u00e9judices ou les biais pourraient \u00eatre en jeu, et placer la s\u00e9curit\u00e9 et la confidentialit\u00e9 au centre des pr\u00e9occupations sont des mesures sens\u00e9es\u00a0\u00bb, a-t-elle d\u00e9clar\u00e9 \u00e0 Toukiela. \u00ab\u00a0Avec ce d\u00e9cret et les implications en mati\u00e8re de normes par le biais du NIST, nous nous attendons \u00e0 ce que les organismes de normalisation prennent les devants par rapport aux l\u00e9gislateurs \u00e0 court terme.\u00a0\u00bb<\/p>\n<h2><span class=\"ez-toc-section\" id=\"Les_enjeux_pour_les_entreprises_technologiques\"><\/span>Les enjeux pour les entreprises technologiques<span class=\"ez-toc-section-end\"><\/span><\/h2>\n<p>Il convient \u00e9galement de mentionner que le gouvernement f\u00e9d\u00e9ral est un client important des produits d\u2019IA et de technologie d\u2019aujourd\u2019hui, et toute entreprise qui souhaite les conserver comme client aura int\u00e9r\u00eat \u00e0 respecter les r\u00e8gles pour l\u2019avenir imm\u00e9diat.<\/p>\n<h2><span class=\"ez-toc-section\" id=\"Un_moment_mal_choisi\"><\/span>Un moment mal choisi<span class=\"ez-toc-section-end\"><\/span><\/h2>\n<p>Bob Cattanach, associ\u00e9 du cabinet d\u2019avocats Dorsey and Whitney, ajoute que le timing semble l\u00e9g\u00e8rement d\u00e9cal\u00e9. \u00ab\u00a0Le d\u00e9cret ex\u00e9cutif fait maladroitement fi de la voix de la vice-pr\u00e9sidente Harris lors d\u2019un sommet sur l\u2019IA organis\u00e9 au Royaume-Uni plus tard cette semaine, signalant que les pr\u00e9occupations de la Maison Blanche concernant cet espace largement non r\u00e9glement\u00e9 \u00e9taient si graves que Biden \u00e9tait pr\u00eat \u00e0 s\u2019ali\u00e9ner des alli\u00e9s cl\u00e9s en prenant une action unilat\u00e9rale plut\u00f4t que d\u2019accepter les retards inh\u00e9rents au processus plus collaboratif en cours dans l\u2019UE\u00a0\u00bb, a-t-il d\u00e9clar\u00e9.<\/p>\n<p>Le terme \u00ab\u00a0s\u2019ali\u00e9ner\u00a0\u00bb est peut-\u00eatre fort. Et bien s\u00fbr, le Royaume-Uni n\u2019est pas l\u2019UE. Et ce \u00ab\u00a0processus plus collaboratif\u00a0\u00bb prendra probablement encore quelques ann\u00e9es, et il est peu probable que l\u2019administration veuille attendre jusque-l\u00e0. Mais il aurait peut-\u00eatre \u00e9t\u00e9 plus coh\u00e9rent et amical d\u2019avoir Harris discuter du d\u00e9cret lors du sommet. Ses remarques (qui sugg\u00e9reront sans aucun doute la n\u00e9cessit\u00e9 d\u2019une harmonie internationale dans la r\u00e9glementation de l\u2019IA, avec les \u00c9tats-Unis prenant modestement la t\u00eate) seront diffus\u00e9es le 1er novembre, et vous devriez pouvoir les suivre ici.<\/p>","protected":false},"excerpt":{"rendered":"","protected":false},"author":1,"featured_media":7422,"comment_status":"open","ping_status":"open","sticky":false,"template":"","format":"standard","meta":{"_seopress_robots_primary_cat":"","_seopress_titles_title":"","_seopress_titles_desc":"","_seopress_robots_index":"","footnotes":""},"categories":[608],"tags":[],"class_list":["post-7420","post","type-post","status-publish","format-standard","has-post-thumbnail","hentry","category-actualite-intelligence-artificielle","generate-columns","tablet-grid-50","mobile-grid-100","grid-parent","grid-50"],"_links":{"self":[{"href":"https:\/\/toukiela.com\/fr_be\/wp-json\/wp\/v2\/posts\/7420","targetHints":{"allow":["GET"]}}],"collection":[{"href":"https:\/\/toukiela.com\/fr_be\/wp-json\/wp\/v2\/posts"}],"about":[{"href":"https:\/\/toukiela.com\/fr_be\/wp-json\/wp\/v2\/types\/post"}],"author":[{"embeddable":true,"href":"https:\/\/toukiela.com\/fr_be\/wp-json\/wp\/v2\/users\/1"}],"replies":[{"embeddable":true,"href":"https:\/\/toukiela.com\/fr_be\/wp-json\/wp\/v2\/comments?post=7420"}],"version-history":[{"count":1,"href":"https:\/\/toukiela.com\/fr_be\/wp-json\/wp\/v2\/posts\/7420\/revisions"}],"predecessor-version":[{"id":7421,"href":"https:\/\/toukiela.com\/fr_be\/wp-json\/wp\/v2\/posts\/7420\/revisions\/7421"}],"wp:featuredmedia":[{"embeddable":true,"href":"https:\/\/toukiela.com\/fr_be\/wp-json\/wp\/v2\/media\/7422"}],"wp:attachment":[{"href":"https:\/\/toukiela.com\/fr_be\/wp-json\/wp\/v2\/media?parent=7420"}],"wp:term":[{"taxonomy":"category","embeddable":true,"href":"https:\/\/toukiela.com\/fr_be\/wp-json\/wp\/v2\/categories?post=7420"},{"taxonomy":"post_tag","embeddable":true,"href":"https:\/\/toukiela.com\/fr_be\/wp-json\/wp\/v2\/tags?post=7420"}],"curies":[{"name":"wp","href":"https:\/\/api.w.org\/{rel}","templated":true}]}}