{"id":6885,"date":"2023-10-16T13:03:45","date_gmt":"2023-10-16T11:03:45","guid":{"rendered":"https:\/\/toukiela.com\/pacto-de-silencio-saison-2-quelle-est-la-date-de-sortie-sur-netflix\/"},"modified":"2023-10-16T13:03:47","modified_gmt":"2023-10-16T11:03:47","slug":"pacto-de-silencio-saison-2-quelle-est-la-date-de-sortie-sur-netflix","status":"publish","type":"post","link":"https:\/\/toukiela.com\/fr_be\/pacto-de-silencio-saison-2-quelle-est-la-date-de-sortie-sur-netflix\/","title":{"rendered":"Pacto de Silencio Saison 2 : Quelle est la date de sortie sur Netflix ?"},"content":{"rendered":"<p><em><\/em><\/p>\n<h2>Toutes les informations sur la sortie de la Saison 2 de Pacto de Silencio sur Netflix ! Date de sortie etc.<\/h2>\n<p>Pacto de Silencio est disponible sur Netflix ! Si vous voulez savoir quand sortira la saison 2, continuez \u00e0 lire ! Netflix a r\u00e9cemment ajout\u00e9 une nouvelle s\u00e9rie dramatique mexicaine intitul\u00e9e Pacto de Silencio \u00e0 sa biblioth\u00e8que internationale. Cette s\u00e9rie est actuellement l\u2019une des plus populaires sur Netflix, et de nombreuses personnes se demandent si une deuxi\u00e8me saison est pr\u00e9vue.<\/p>\n<p>Pacto de Silencio est une telenovela qui raconte l\u2019histoire d\u2019une jeune influenceuse sur les r\u00e9seaux sociaux, Brenda Rey. Abandonn\u00e9e par sa m\u00e8re et d\u2019autres femmes lorsqu\u2019elle \u00e9tait b\u00e9b\u00e9, Brenda a grandi dans un immeuble d\u00e9labr\u00e9. Malgr\u00e9 cette enfance difficile, elle a r\u00e9ussi \u00e0 sortir de la pauvret\u00e9 et \u00e0 se faire un nom.<\/p>\n<p>\u00c0 pr\u00e9sent, elle veut des r\u00e9ponses et cherche \u00e0 se venger. Elle s\u2019infiltre donc dans la vie de quatre femmes qu\u2019elle pense \u00eatre impliqu\u00e9es dans son abandon, afin de d\u00e9couvrir la v\u00e9rit\u00e9 sur sa naissance myst\u00e9rieuse. Pour conna\u00eetre l\u2019explication de la fin de la saison 1, cliquez ici.<\/p>\n<p>La star de la s\u00e9rie Unstoppable, Camila Valero, joue le r\u00f4le principal de Brenda, et le reste de la distribution est compos\u00e9 de Kika Edgar, Adriana Louvier, Marimar Vega, Litzy, et d\u2019autres. Voici toutes les informations sur la sortie de la Saison 2 de Pacto de Silencio sur Netflix !<\/p>\n<h2>Quelle date de sortie pour la Saison 2 de Pacto de Silencio sur Netflix ?<\/h2>\n<p>De nombreux spectateurs se demandent si la saison 2 de Pacto de Silencio sera bient\u00f4t diffus\u00e9e. Pour l\u2019instant, Netflix n\u2019a fait aucun commentaire \u00e0 ce sujet depuis la premi\u00e8re de la s\u00e9rie sur sa plateforme de streaming. Cependant, des rumeurs circulent selon lesquelles une deuxi\u00e8me saison serait en pr\u00e9paration.<\/p>\n<p>\u00c9tant donn\u00e9 que la premi\u00e8re saison est sortie le 11 octobre 2023, il faudra probablement attendre encore un peu avant de voir les nouveaux \u00e9pisodes. Selon Area Jugones, la date de sortie de la Saison 2 de Pacto de Silencio pourrait \u00eatre pr\u00e9vue pour les derniers mois de 2024 ou le d\u00e9but de 2025 sur Netflix.<\/p>\n<h2>Que peut-on attendre de la suite ?<\/h2>\n<p>La Saison 2 de Pacto de Silencio devrait poursuivre l\u2019intrigue autour d\u2019Irene et Brenda, avec l\u2019apparition de nouvelles menaces ! Les principaux acteurs seront de retour, ainsi que de nouveaux visages !<\/p>\n<p>L\u2019article Pacto de Silencio Saison 2 : Quelle date de sortie Netflix ? est apparu en premier sur.<\/p>","protected":false},"excerpt":{"rendered":"","protected":false},"author":1,"featured_media":6887,"comment_status":"open","ping_status":"open","sticky":false,"template":"","format":"standard","meta":{"_seopress_robots_primary_cat":"","_seopress_titles_title":"","_seopress_titles_desc":"","_seopress_robots_index":"","footnotes":""},"categories":[645],"tags":[],"class_list":["post-6885","post","type-post","status-publish","format-standard","has-post-thumbnail","hentry","category-netflix","generate-columns","tablet-grid-50","mobile-grid-100","grid-parent","grid-50"],"_links":{"self":[{"href":"https:\/\/toukiela.com\/fr_be\/wp-json\/wp\/v2\/posts\/6885","targetHints":{"allow":["GET"]}}],"collection":[{"href":"https:\/\/toukiela.com\/fr_be\/wp-json\/wp\/v2\/posts"}],"about":[{"href":"https:\/\/toukiela.com\/fr_be\/wp-json\/wp\/v2\/types\/post"}],"author":[{"embeddable":true,"href":"https:\/\/toukiela.com\/fr_be\/wp-json\/wp\/v2\/users\/1"}],"replies":[{"embeddable":true,"href":"https:\/\/toukiela.com\/fr_be\/wp-json\/wp\/v2\/comments?post=6885"}],"version-history":[{"count":1,"href":"https:\/\/toukiela.com\/fr_be\/wp-json\/wp\/v2\/posts\/6885\/revisions"}],"predecessor-version":[{"id":6886,"href":"https:\/\/toukiela.com\/fr_be\/wp-json\/wp\/v2\/posts\/6885\/revisions\/6886"}],"wp:featuredmedia":[{"embeddable":true,"href":"https:\/\/toukiela.com\/fr_be\/wp-json\/wp\/v2\/media\/6887"}],"wp:attachment":[{"href":"https:\/\/toukiela.com\/fr_be\/wp-json\/wp\/v2\/media?parent=6885"}],"wp:term":[{"taxonomy":"category","embeddable":true,"href":"https:\/\/toukiela.com\/fr_be\/wp-json\/wp\/v2\/categories?post=6885"},{"taxonomy":"post_tag","embeddable":true,"href":"https:\/\/toukiela.com\/fr_be\/wp-json\/wp\/v2\/tags?post=6885"}],"curies":[{"name":"wp","href":"https:\/\/api.w.org\/{rel}","templated":true}]}}