{"id":6685,"date":"2023-10-10T07:04:42","date_gmt":"2023-10-10T05:04:42","guid":{"rendered":"https:\/\/toukiela.com\/the-commuter-2-quelle-est-la-date-de-sortie-sur-netflix\/"},"modified":"2023-10-10T07:04:43","modified_gmt":"2023-10-10T05:04:43","slug":"the-commuter-2-quelle-est-la-date-de-sortie-sur-netflix","status":"publish","type":"post","link":"https:\/\/toukiela.com\/fr_be\/the-commuter-2-quelle-est-la-date-de-sortie-sur-netflix\/","title":{"rendered":"The Commuter 2: Quelle est la date de sortie sur Netflix?"},"content":{"rendered":"<p><em><\/em><\/p>\n<h2><strong>Toutes les informations sur la sortie de The Commuter 2 sur Netflix ! Date de sortie etc.<\/strong><\/h2>\n<p>The Commuter 2 est maintenant disponible sur Netflix ! Si vous voulez savoir quand sortira The Commuter 2, continuez \u00e0 lire ! The Commuter, sorti en 2018 avec Liam Neeson, Vera Farmiga, Patrick Wilson, Jonathan Banks et Sam Neill dans les r\u00f4les principaux, a \u00e9t\u00e9 un succ\u00e8s au box-office et Liam Neeson a \u00e9t\u00e9 acclam\u00e9 pour sa performance. Cependant, m\u00eame deux ans apr\u00e8s sa sortie, de nombreux fans ne comprennent pas la fin du film.<\/p>\n<p>Dans The Commuter, Neeson joue le r\u00f4le de Michael, un ancien policier devenu agent d\u2019assurance et p\u00e8re de famille qui vient de perdre son emploi. Alors qu\u2019il prend son train habituel sur la ligne Hudson, une myst\u00e9rieuse femme nomm\u00e9e Joanna s\u2019assoit \u00e0 c\u00f4t\u00e9 de lui et lui fait une proposition. Si Michael trouve \u00ab\u00a0Prynne\u00a0\u00bb, un voleur non identifi\u00e9 parmi les passagers du train, il recevra 100 000 dollars en liquide. Cependant, Michael soup\u00e7onne quelque chose de louche dans cette affaire et se retrouve rapidement plong\u00e9 dans une dangereuse conspiration.<\/p>\n<h2><strong>Quelle date de sortie pour The Commuter 2 sur Netflix ?<\/strong><\/h2>\n<p>Jusqu\u2019\u00e0 pr\u00e9sent, aucune annonce n\u2019a \u00e9t\u00e9 faite concernant la sortie d\u2019un deuxi\u00e8me volet de The Commuter avec Liam Neeson reprenant son r\u00f4le. Il y a plusieurs raisons pour lesquelles The Commuter, malgr\u00e9 son succ\u00e8s commercial, n\u2019a pas donn\u00e9 lieu \u00e0 une suite pr\u00e8s de cinq ans plus tard.<\/p>\n<p>Une de ces raisons est que les films d\u2019action de Liam Neeson, \u00e0 l\u2019exception de la s\u00e9rie \u00ab\u00a0Taken\u00a0\u00bb, ne sont g\u00e9n\u00e9ralement pas suivis par des suites. Les sc\u00e9narios ont tendance \u00e0 amener les personnages \u00e0 une conclusion naturelle qui ne n\u00e9cessite pas d\u2019autres aventures.<\/p>\n<p>De plus, Liam Neeson vieillit et a indiqu\u00e9 qu\u2019il \u00e9tait pr\u00eat \u00e0 abandonner les r\u00f4les d\u2019action apr\u00e8s 15 ans. Bien que The Commuter ait bien fonctionn\u00e9 \u00e0 l\u2019international, il n\u2019a rapport\u00e9 que 36 millions de dollars aux \u00c9tats-Unis. \u00c9tant donn\u00e9 que les recettes nationales sont plus importantes pour les studios, ce chiffre n\u2019est pas tr\u00e8s encourageant pour Lionsgate, m\u00eame si le film a \u00e9t\u00e9 rentable dans l\u2019ensemble.<\/p>\n<p>Il est donc probable que The Commuter reste un film ind\u00e9pendant et qu\u2019il n\u2019y ait pas de suite. Dans le cas d\u2019un renouvellement, la date de sortie de The Commuter 2 sur Netflix pourrait \u00eatre fix\u00e9e pour fin 2025 !<\/p>","protected":false},"excerpt":{"rendered":"","protected":false},"author":1,"featured_media":6687,"comment_status":"open","ping_status":"open","sticky":false,"template":"","format":"standard","meta":{"_seopress_robots_primary_cat":"","_seopress_titles_title":"","_seopress_titles_desc":"","_seopress_robots_index":"","footnotes":""},"categories":[645],"tags":[],"class_list":["post-6685","post","type-post","status-publish","format-standard","has-post-thumbnail","hentry","category-netflix","generate-columns","tablet-grid-50","mobile-grid-100","grid-parent","grid-50"],"_links":{"self":[{"href":"https:\/\/toukiela.com\/fr_be\/wp-json\/wp\/v2\/posts\/6685","targetHints":{"allow":["GET"]}}],"collection":[{"href":"https:\/\/toukiela.com\/fr_be\/wp-json\/wp\/v2\/posts"}],"about":[{"href":"https:\/\/toukiela.com\/fr_be\/wp-json\/wp\/v2\/types\/post"}],"author":[{"embeddable":true,"href":"https:\/\/toukiela.com\/fr_be\/wp-json\/wp\/v2\/users\/1"}],"replies":[{"embeddable":true,"href":"https:\/\/toukiela.com\/fr_be\/wp-json\/wp\/v2\/comments?post=6685"}],"version-history":[{"count":1,"href":"https:\/\/toukiela.com\/fr_be\/wp-json\/wp\/v2\/posts\/6685\/revisions"}],"predecessor-version":[{"id":6686,"href":"https:\/\/toukiela.com\/fr_be\/wp-json\/wp\/v2\/posts\/6685\/revisions\/6686"}],"wp:featuredmedia":[{"embeddable":true,"href":"https:\/\/toukiela.com\/fr_be\/wp-json\/wp\/v2\/media\/6687"}],"wp:attachment":[{"href":"https:\/\/toukiela.com\/fr_be\/wp-json\/wp\/v2\/media?parent=6685"}],"wp:term":[{"taxonomy":"category","embeddable":true,"href":"https:\/\/toukiela.com\/fr_be\/wp-json\/wp\/v2\/categories?post=6685"},{"taxonomy":"post_tag","embeddable":true,"href":"https:\/\/toukiela.com\/fr_be\/wp-json\/wp\/v2\/tags?post=6685"}],"curies":[{"name":"wp","href":"https:\/\/api.w.org\/{rel}","templated":true}]}}