{"id":6532,"date":"2023-10-05T07:01:17","date_gmt":"2023-10-05T05:01:17","guid":{"rendered":"https:\/\/toukiela.com\/quelle-est-la-date-et-lheure-de-sortie-de-lepisode-6-de-la-saison-3-de-the-morning-show\/"},"modified":"2023-10-05T07:01:19","modified_gmt":"2023-10-05T05:01:19","slug":"quelle-est-la-date-et-lheure-de-sortie-de-lepisode-6-de-la-saison-3-de-the-morning-show","status":"publish","type":"post","link":"https:\/\/toukiela.com\/fr_be\/quelle-est-la-date-et-lheure-de-sortie-de-lepisode-6-de-la-saison-3-de-the-morning-show\/","title":{"rendered":"Quelle est la date et l&rsquo;heure de sortie de l&rsquo;\u00e9pisode 6 de la saison 3 de The Morning Show ?"},"content":{"rendered":"<p><em><\/em><\/p>\n<p>Vous \u00eates un fan inconditionnel de la s\u00e9rie \u00ab\u00a0The Morning Show\u00a0\u00bb diffus\u00e9e sur Apple TV+ et vous cherchez des informations sur la diffusion du sixi\u00e8me \u00e9pisode de la troisi\u00e8me saison ? Vous \u00eates au bon endroit ! Nous avons rassembl\u00e9 toutes les informations concernant cette sortie tr\u00e8s attendue. Pr\u00e9parez-vous \u00e0 plonger dans les rebondissements de ce nouvel \u00e9pisode ! <\/p>\n<h2> Que s\u2019est-il pass\u00e9 dans l\u2019\u00e9pisode pr\u00e9c\u00e9dent ? <\/h2>\n<p> Souvenez-vous, dans l\u2019\u00e9pisode 5 de la troisi\u00e8me saison de <strong>The Morning Show<\/strong>, nous avions laiss\u00e9 Bradley, l\u2019un des personnages principaux, en plein tumulte. Alors qu\u2019elle couvrait les manifestations au Capitole, les \u00e9v\u00e9nements ont pris une tournure dramatique. Les manifestants ont envahi le Capitole, cr\u00e9ant une situation chaotique et violente, et Bradley s\u2019est retrouv\u00e9e s\u00e9par\u00e9e de son \u00e9quipe de tournage. <\/p>\n<p> Au milieu de ce chaos, Bradley a film\u00e9 avec son t\u00e9l\u00e9phone portable une altercation entre un homme et un policier. Et \u00e0 sa grande surprise, elle a r\u00e9alis\u00e9 que l\u2019homme en question n\u2019\u00e9tait autre que son fr\u00e8re, Hal. Ce dernier, qui a agress\u00e9 un policier, a ainsi commis un crime f\u00e9d\u00e9ral. Hal a tent\u00e9 de justifier son geste en expliquant qu\u2019il cherchait simplement \u00e0 retrouver des amis, mais Bradley est rest\u00e9e furieuse apr\u00e8s lui. <\/p>\n<p> Suite \u00e0 ces \u00e9v\u00e9nements, Bradley a d\u00e9cid\u00e9 de couper les ponts avec son fr\u00e8re, malgr\u00e9 le fait qu\u2019il lui ait r\u00e9v\u00e9l\u00e9 que sa petite amie \u00e9tait enceinte et qu\u2019il allait bient\u00f4t devenir p\u00e8re. Bradley a toutefois promis de g\u00e9rer la situation et a effac\u00e9 les images de son fr\u00e8re avant de les soumettre \u00e0 Stella. <\/p>\n<h2> Quelle est la date et l\u2019heure de diffusion de l\u2019\u00e9pisode 6 de la saison 3 de \u00ab\u00a0The Morning Show\u00a0\u00bb sur Apple TV+ ? <\/h2>\n<p> Vous n\u2019aurez plus \u00e0 attendre longtemps pour d\u00e9couvrir la suite des aventures de Bradley et des autres personnages de <strong>The Morning Show<\/strong>. En effet, l\u2019\u00e9pisode 6 de la troisi\u00e8me saison sera diffus\u00e9 le 11 octobre 2023. Et pour les plus impatients d\u2019entre vous, sachez que l\u2019heure de diffusion a \u00e9t\u00e9 fix\u00e9e \u00e0 9h01. <\/p>\n<h2> Que nous r\u00e9serve l\u2019\u00e9pisode 6 de la saison 3 de \u00ab\u00a0The Morning Show\u00a0\u00bb ? <\/h2>\n<p> Dans ce nouvel \u00e9pisode, nous assisterons aux n\u00e9gociations entre Paul et Cory. Paul, qui avait initialement d\u00e9cid\u00e9 d\u2019acheter UBA, changera d\u2019avis, mais posera des conditions pr\u00e9cises. Alex et Stella l\u2019aideront \u00e0 trouver un accord. Alex souhaite obtenir un si\u00e8ge au conseil d\u2019administration, tandis que Stella esp\u00e8re pouvoir apporter des changements significatifs au sein de l\u2019entreprise. <\/p>\n<p> Par ailleurs, Bradley et Laura reprendront leur relation amoureuse. De son c\u00f4t\u00e9, Mia d\u00e9couvrira qu\u2019Andr\u00e9 est en s\u00e9curit\u00e9, mais celui-ci sera bless\u00e9 qu\u2019elle l\u2019ait trahi. Nous en apprendrons \u00e9galement davantage sur le pass\u00e9 de Stella et Paul. <\/p>\n<p> En somme, ce sixi\u00e8me \u00e9pisode de la troisi\u00e8me saison de <strong>The Morning Show<\/strong> s\u2019annonce riche en rebondissements et en r\u00e9v\u00e9lations. Ne manquez pas sa diffusion sur Apple TV+ le 11 octobre 2023 \u00e0 9h01. <\/p>\n<p> Cet article a \u00e9t\u00e9 r\u00e9dig\u00e9 en premier lieu par Toukiela. <\/p>","protected":false},"excerpt":{"rendered":"","protected":false},"author":1,"featured_media":6534,"comment_status":"open","ping_status":"open","sticky":false,"template":"","format":"standard","meta":{"_seopress_robots_primary_cat":"","_seopress_titles_title":"","_seopress_titles_desc":"","_seopress_robots_index":"","footnotes":""},"categories":[644],"tags":[],"class_list":["post-6532","post","type-post","status-publish","format-standard","has-post-thumbnail","hentry","category-series","generate-columns","tablet-grid-50","mobile-grid-100","grid-parent","grid-50"],"_links":{"self":[{"href":"https:\/\/toukiela.com\/fr_be\/wp-json\/wp\/v2\/posts\/6532","targetHints":{"allow":["GET"]}}],"collection":[{"href":"https:\/\/toukiela.com\/fr_be\/wp-json\/wp\/v2\/posts"}],"about":[{"href":"https:\/\/toukiela.com\/fr_be\/wp-json\/wp\/v2\/types\/post"}],"author":[{"embeddable":true,"href":"https:\/\/toukiela.com\/fr_be\/wp-json\/wp\/v2\/users\/1"}],"replies":[{"embeddable":true,"href":"https:\/\/toukiela.com\/fr_be\/wp-json\/wp\/v2\/comments?post=6532"}],"version-history":[{"count":1,"href":"https:\/\/toukiela.com\/fr_be\/wp-json\/wp\/v2\/posts\/6532\/revisions"}],"predecessor-version":[{"id":6533,"href":"https:\/\/toukiela.com\/fr_be\/wp-json\/wp\/v2\/posts\/6532\/revisions\/6533"}],"wp:featuredmedia":[{"embeddable":true,"href":"https:\/\/toukiela.com\/fr_be\/wp-json\/wp\/v2\/media\/6534"}],"wp:attachment":[{"href":"https:\/\/toukiela.com\/fr_be\/wp-json\/wp\/v2\/media?parent=6532"}],"wp:term":[{"taxonomy":"category","embeddable":true,"href":"https:\/\/toukiela.com\/fr_be\/wp-json\/wp\/v2\/categories?post=6532"},{"taxonomy":"post_tag","embeddable":true,"href":"https:\/\/toukiela.com\/fr_be\/wp-json\/wp\/v2\/tags?post=6532"}],"curies":[{"name":"wp","href":"https:\/\/api.w.org\/{rel}","templated":true}]}}