{"id":6385,"date":"2023-09-29T07:04:07","date_gmt":"2023-09-29T05:04:07","guid":{"rendered":"https:\/\/toukiela.com\/annabelle-2-la-creation-du-mal-decryptage-de-la-fin\/"},"modified":"2023-09-29T07:04:13","modified_gmt":"2023-09-29T05:04:13","slug":"annabelle-2-la-creation-du-mal-decryptage-de-la-fin","status":"publish","type":"post","link":"https:\/\/toukiela.com\/fr_be\/annabelle-2-la-creation-du-mal-decryptage-de-la-fin\/","title":{"rendered":"Annabelle 2 La Cr\u00e9ation du Mal : D\u00e9cryptage de la fin !"},"content":{"rendered":"<p><em><\/em><\/p>\n<p>Si vous faites partie de ceux qui ont \u00e9t\u00e9 captiv\u00e9s par le film d\u2019horreur \u00ab\u00a0Annabelle 2 : La Cr\u00e9ation du Mal\u00a0\u00bb, sorti en ao\u00fbt 2017, vous serez sans doute ravis de d\u00e9couvrir une analyse compl\u00e8te et d\u00e9taill\u00e9e de son d\u00e9nouement. Ce film, qui est une pr\u00e9quelle de l\u2019opus \u00ab\u00a0Annabelle\u00a0\u00bb de 2014, a su cr\u00e9er une v\u00e9ritable atmosph\u00e8re d\u2019effroi et de suspense, laissant les spectateurs sur une multitude d\u2019interrogations. Pas de panique, nous allons \u00e9claircir ces zones d\u2019ombres et vous d\u00e9voiler les secrets de <strong>\u00ab\u00a0Annabelle 2 : La Cr\u00e9ation du Mal\u00a0\u00bb<\/strong>. <\/p>\n<div id=\"ez-toc-container\" class=\"ez-toc-v2_0_82_2 counter-hierarchy ez-toc-counter ez-toc-grey ez-toc-container-direction\">\n<p class=\"ez-toc-title\" style=\"cursor:inherit\">Sommaire<\/p>\n<label for=\"ez-toc-cssicon-toggle-item-69f1e3dfb533f\" class=\"ez-toc-cssicon-toggle-label\"><span class=\"\"><span class=\"eztoc-hide\" style=\"display:none;\">Toggle<\/span><span class=\"ez-toc-icon-toggle-span\"><svg style=\"fill: #999;color:#999\" xmlns=\"http:\/\/www.w3.org\/2000\/svg\" class=\"list-377408\" width=\"20px\" height=\"20px\" viewbox=\"0 0 24 24\" fill=\"none\"><path d=\"M6 6H4v2h2V6zm14 0H8v2h12V6zM4 11h2v2H4v-2zm16 0H8v2h12v-2zM4 16h2v2H4v-2zm16 0H8v2h12v-2z\" fill=\"currentColor\"><\/path><\/svg><svg style=\"fill: #999;color:#999\" class=\"arrow-unsorted-368013\" xmlns=\"http:\/\/www.w3.org\/2000\/svg\" width=\"10px\" height=\"10px\" viewbox=\"0 0 24 24\" version=\"1.2\" baseprofile=\"tiny\"><path d=\"M18.2 9.3l-6.2-6.3-6.2 6.3c-.2.2-.3.4-.3.7s.1.5.3.7c.2.2.4.3.7.3h11c.3 0 .5-.1.7-.3.2-.2.3-.5.3-.7s-.1-.5-.3-.7zM5.8 14.7l6.2 6.3 6.2-6.3c.2-.2.3-.5.3-.7s-.1-.5-.3-.7c-.2-.2-.4-.3-.7-.3h-11c-.3 0-.5.1-.7.3-.2.2-.3.5-.3.7s.1.5.3.7z\"\/><\/svg><\/span><\/span><\/label><input type=\"checkbox\"  id=\"ez-toc-cssicon-toggle-item-69f1e3dfb533f\"  aria-label=\"Toggle\" \/><nav><ul class='ez-toc-list ez-toc-list-level-1' ><li class='ez-toc-page-1 ez-toc-heading-level-2'><a class=\"ez-toc-link ez-toc-heading-1\" href=\"https:\/\/toukiela.com\/fr_be\/annabelle-2-la-creation-du-mal-decryptage-de-la-fin\/#Analyse_du_final_de_%C2%AB_Annabelle_2_La_Creation_du_Mal_%C2%BB\" >Analyse du final de \u00ab\u00a0Annabelle 2 : La Cr\u00e9ation du Mal\u00a0\u00bb<\/a><\/li><li class='ez-toc-page-1 ez-toc-heading-level-2'><a class=\"ez-toc-link ez-toc-heading-2\" href=\"https:\/\/toukiela.com\/fr_be\/annabelle-2-la-creation-du-mal-decryptage-de-la-fin\/#Des_liens_etroits_avec_la_franchise_%C2%AB_The_Conjuring_%C2%BB\" >Des liens \u00e9troits avec la franchise \u00ab\u00a0The Conjuring\u00a0\u00bb<\/a><\/li><li class='ez-toc-page-1 ez-toc-heading-level-2'><a class=\"ez-toc-link ez-toc-heading-3\" href=\"https:\/\/toukiela.com\/fr_be\/annabelle-2-la-creation-du-mal-decryptage-de-la-fin\/#Des_elements_de_contexte_reveles\" >Des \u00e9l\u00e9ments de contexte r\u00e9v\u00e9l\u00e9s<\/a><\/li><li class='ez-toc-page-1 ez-toc-heading-level-2'><a class=\"ez-toc-link ez-toc-heading-4\" href=\"https:\/\/toukiela.com\/fr_be\/annabelle-2-la-creation-du-mal-decryptage-de-la-fin\/#Un_clin_doeil_a_la_realite\" >Un clin d\u2019oeil \u00e0 la r\u00e9alit\u00e9<\/a><\/li><\/ul><\/nav><\/div>\n<h2><span class=\"ez-toc-section\" id=\"Analyse_du_final_de_%C2%AB_Annabelle_2_La_Creation_du_Mal_%C2%BB\"><\/span> Analyse du final de \u00ab\u00a0Annabelle 2 : La Cr\u00e9ation du Mal\u00a0\u00bb <span class=\"ez-toc-section-end\"><\/span><\/h2>\n<p> Le film se termine sur une note particuli\u00e8rement intense, avec Janice qui change son nom en Annabelle apr\u00e8s avoir \u00e9t\u00e9 adopt\u00e9e par la famille Higgins. \u00c0 ce stade, l\u2019esprit mal\u00e9fique semble avoir quitt\u00e9 la poup\u00e9e qui est ensuite r\u00e9cup\u00e9r\u00e9e par la police. <\/p>\n<p> La fin du film se situe en 1969, o\u00f9 Annabelle, d\u00e9sormais adulte, assassine ses parents adoptifs. Cet acte tragique marque le lien avec le d\u00e9but du premier film et le retour de la poup\u00e9e mal\u00e9fique. Ce qui ne manque pas de soulever de nombreuses questions\u2026 <\/p>\n<h2><span class=\"ez-toc-section\" id=\"Des_liens_etroits_avec_la_franchise_%C2%AB_The_Conjuring_%C2%BB\"><\/span> Des liens \u00e9troits avec la franchise \u00ab\u00a0The Conjuring\u00a0\u00bb <span class=\"ez-toc-section-end\"><\/span><\/h2>\n<p> \u00ab\u00a0Annabelle 2 : La Cr\u00e9ation du Mal\u00a0\u00bb fait brillamment le lien avec la saga cin\u00e9matographique \u00ab\u00a0The Conjuring\u00a0\u00bb. Les fans les plus aguerris auront sans doute remarqu\u00e9 le nom de famille Higgins et la transformation de Janice en Annabelle. <\/p>\n<p> La v\u00e9ritable surprise r\u00e9side dans la r\u00e9v\u00e9lation de Mia, qui confirme l\u2019interconnexion \u00e9troite entre ce film et le reste de la franchise. Ainsi, la fin du film nous apprend que Annabelle Higgins n\u2019est autre que Janice poss\u00e9d\u00e9e. <\/p>\n<h2><span class=\"ez-toc-section\" id=\"Des_elements_de_contexte_reveles\"><\/span> Des \u00e9l\u00e9ments de contexte r\u00e9v\u00e9l\u00e9s <span class=\"ez-toc-section-end\"><\/span><\/h2>\n<p> Cette r\u00e9v\u00e9lation r\u00e9ajuste notre perception du film de 2014. En effet, nous comprenons d\u00e9sormais qu\u2019Annabelle\/Janice et son complice ne tentent pas seulement de ressusciter le b\u00e9lier, mais probablement aussi de transf\u00e9rer l\u2019\u00e2me de Janice dans un autre r\u00e9ceptacle, en utilisant la poup\u00e9e comme interm\u00e9diaire. <\/p>\n<p> La raison pr\u00e9cise de ce transfert d\u2019\u00e2me n\u2019est pas explicit\u00e9e, mais il est probable qu\u2019elle soit li\u00e9e \u00e0 l\u2019\u00e2ge de la victime, les \u00e2mes des enfants \u00e9tant plus pures ou plus faciles \u00e0 conqu\u00e9rir. <\/p>\n<h2><span class=\"ez-toc-section\" id=\"Un_clin_doeil_a_la_realite\"><\/span> Un clin d\u2019oeil \u00e0 la r\u00e9alit\u00e9 <span class=\"ez-toc-section-end\"><\/span><\/h2>\n<p> Pour les passionn\u00e9s d\u2019histoires de hantises r\u00e9elles, le film a r\u00e9serv\u00e9 une petite surprise \u00e0 la fin. En effet, la poup\u00e9e offerte \u00e0 Janice\/Annabelle lorsqu\u2019elle rencontre les Higgins pour la premi\u00e8re fois est une r\u00e9plique de la v\u00e9ritable poup\u00e9e Annabelle, rendant ainsi hommage \u00e0 l\u2019histoire vraie qui a inspir\u00e9 toute la saga. <\/p>\n<p> En conclusion, <strong>\u00ab\u00a0Annabelle 2 : La Cr\u00e9ation du Mal\u00a0\u00bb<\/strong> est un film d\u2019horreur riche en suspense et en rebondissements, qui a su s\u2019inscrire habilement dans la continuit\u00e9 de la franchise \u00ab\u00a0The Conjuring\u00a0\u00bb. <\/p>","protected":false},"excerpt":{"rendered":"","protected":false},"author":1,"featured_media":6387,"comment_status":"open","ping_status":"open","sticky":false,"template":"","format":"standard","meta":{"_seopress_robots_primary_cat":"","_seopress_titles_title":"","_seopress_titles_desc":"","_seopress_robots_index":"","footnotes":""},"categories":[644],"tags":[],"class_list":["post-6385","post","type-post","status-publish","format-standard","has-post-thumbnail","hentry","category-series","generate-columns","tablet-grid-50","mobile-grid-100","grid-parent","grid-50"],"_links":{"self":[{"href":"https:\/\/toukiela.com\/fr_be\/wp-json\/wp\/v2\/posts\/6385","targetHints":{"allow":["GET"]}}],"collection":[{"href":"https:\/\/toukiela.com\/fr_be\/wp-json\/wp\/v2\/posts"}],"about":[{"href":"https:\/\/toukiela.com\/fr_be\/wp-json\/wp\/v2\/types\/post"}],"author":[{"embeddable":true,"href":"https:\/\/toukiela.com\/fr_be\/wp-json\/wp\/v2\/users\/1"}],"replies":[{"embeddable":true,"href":"https:\/\/toukiela.com\/fr_be\/wp-json\/wp\/v2\/comments?post=6385"}],"version-history":[{"count":1,"href":"https:\/\/toukiela.com\/fr_be\/wp-json\/wp\/v2\/posts\/6385\/revisions"}],"predecessor-version":[{"id":6386,"href":"https:\/\/toukiela.com\/fr_be\/wp-json\/wp\/v2\/posts\/6385\/revisions\/6386"}],"wp:featuredmedia":[{"embeddable":true,"href":"https:\/\/toukiela.com\/fr_be\/wp-json\/wp\/v2\/media\/6387"}],"wp:attachment":[{"href":"https:\/\/toukiela.com\/fr_be\/wp-json\/wp\/v2\/media?parent=6385"}],"wp:term":[{"taxonomy":"category","embeddable":true,"href":"https:\/\/toukiela.com\/fr_be\/wp-json\/wp\/v2\/categories?post=6385"},{"taxonomy":"post_tag","embeddable":true,"href":"https:\/\/toukiela.com\/fr_be\/wp-json\/wp\/v2\/tags?post=6385"}],"curies":[{"name":"wp","href":"https:\/\/api.w.org\/{rel}","templated":true}]}}