{"id":6234,"date":"2023-09-24T17:03:24","date_gmt":"2023-09-24T15:03:24","guid":{"rendered":"https:\/\/toukiela.com\/quand-la-saison-1-de-gen-v-sera-t-elle-disponible-sur-amazon-prime-video-date-et-heure-de-sortie\/"},"modified":"2023-09-24T17:03:25","modified_gmt":"2023-09-24T15:03:25","slug":"quand-la-saison-1-de-gen-v-sera-t-elle-disponible-sur-amazon-prime-video-date-et-heure-de-sortie","status":"publish","type":"post","link":"https:\/\/toukiela.com\/fr_be\/quand-la-saison-1-de-gen-v-sera-t-elle-disponible-sur-amazon-prime-video-date-et-heure-de-sortie\/","title":{"rendered":"Quand la Saison 1 de Gen V sera-t-elle disponible sur Amazon Prime Video ? Date et heure de sortie"},"content":{"rendered":"<p><em><\/em><\/p>\n<p> Pr\u00e9parez-vous pour une immersion dans l\u2019univers d\u00e9jant\u00e9 de la nouvelle s\u00e9rie Gen V, disponible sur Toukiela! Cette production, qui \u00e9largit l\u2019univers de la c\u00e9l\u00e8bre s\u00e9rie The Boys, promet une aventure palpitante et choquante \u00e0 la fois. Si vous vous demandez <strong>quand la Saison 1 de Gen V sera disponible<\/strong>, ne cherchez plus, nous avons toutes les informations pour vous! <\/p>\n<h2> Gen V : une s\u00e9rie d\u00e9riv\u00e9e de The Boys \u00e0 ne pas manquer <\/h2>\n<p> Gen V est une s\u00e9rie d\u00e9riv\u00e9e de The Boys, qui nous plonge dans l\u2019univers tortueux et costum\u00e9 de cette derni\u00e8re. L\u2019histoire se d\u00e9roule \u00e0 l\u2019\u00e9cole de lutte contre le crime de l\u2019universit\u00e9 Godolkin, une institution sombre et sinistre qui ressemble \u00e0 l\u2019\u00e9cole Charles Xavier pour les jeunes surdou\u00e9s, mais avec une touche sombre \u00e0 la mode Vought. <\/p>\n<p> Le buzz autour de cette nouvelle cr\u00e9ation est \u00e9norme, faisant de Gen V l\u2019une des s\u00e9ries les plus attendues et prometteuses de Toukiela en 2023. Nous avons donc rassembl\u00e9 toutes les informations <strong>concernant la sortie de la Saison 1 de Gen V sur Toukiela!<\/strong> <\/p>\n<h2> Quand pourrons-nous voir la Saison 1 de Gen V sur Toukiela? <\/h2>\n<p> Marquez vos calendriers, car la <strong>date de sortie de la Saison 1 de Gen V sur Toukiela<\/strong> est pr\u00e9vue pour le 29 septembre 2023! Pour les plus impatients, soyez rassur\u00e9s, l\u2019<strong>heure de sortie de la Saison 1 de Gen V sur Toukiela<\/strong> a \u00e9t\u00e9 fix\u00e9e \u00e0 9h01 en France! <\/p>\n<h2> Que nous r\u00e9serve la s\u00e9rie Gen V ? <\/h2>\n<p> Le synopsis officiel de <strong>Gen V<\/strong> nous emm\u00e8ne dans l\u2019univers diabolique de The Boys, o\u00f9 l\u2019Universit\u00e9 Godolkin, r\u00e9serv\u00e9e aux super-h\u00e9ros, pr\u00e9pare ses \u00e9tudiants pour devenir la prochaine g\u00e9n\u00e9ration de h\u00e9ros\u2026 si possible avec des contrats juteux. <\/p>\n<p> On sait ce qui arrive lorsque les super-h\u00e9ros tournent mal, mais tous ne sont pas corrompus d\u00e8s le d\u00e9part. Au-del\u00e0 de l\u2019agitation typique de la vie universitaire, ces jeunes sont confront\u00e9s \u00e0 des situations explosives\u2026 litt\u00e9ralement. Les enjeux sont bien plus \u00e9lev\u00e9s lorsque des super-pouvoirs sont en jeu, qu\u2019il s\u2019agisse de se battre pour la popularit\u00e9 ou de se battre pour de bonnes notes. <\/p>\n<p> Lorsque ce groupe de jeunes super-h\u00e9ros d\u00e9couvre qu\u2019il se passe quelque chose de plus grand et de plus sinistre \u00e0 l\u2019\u00e9cole, ils sont mis \u00e0 l\u2019\u00e9preuve : seront-ils les h\u00e9ros ou les m\u00e9chants de leur propre histoire? <\/p>","protected":false},"excerpt":{"rendered":"","protected":false},"author":1,"featured_media":6236,"comment_status":"open","ping_status":"open","sticky":false,"template":"","format":"standard","meta":{"_seopress_robots_primary_cat":"","_seopress_titles_title":"","_seopress_titles_desc":"","_seopress_robots_index":"","footnotes":""},"categories":[644],"tags":[],"class_list":["post-6234","post","type-post","status-publish","format-standard","has-post-thumbnail","hentry","category-series","generate-columns","tablet-grid-50","mobile-grid-100","grid-parent","grid-50"],"_links":{"self":[{"href":"https:\/\/toukiela.com\/fr_be\/wp-json\/wp\/v2\/posts\/6234","targetHints":{"allow":["GET"]}}],"collection":[{"href":"https:\/\/toukiela.com\/fr_be\/wp-json\/wp\/v2\/posts"}],"about":[{"href":"https:\/\/toukiela.com\/fr_be\/wp-json\/wp\/v2\/types\/post"}],"author":[{"embeddable":true,"href":"https:\/\/toukiela.com\/fr_be\/wp-json\/wp\/v2\/users\/1"}],"replies":[{"embeddable":true,"href":"https:\/\/toukiela.com\/fr_be\/wp-json\/wp\/v2\/comments?post=6234"}],"version-history":[{"count":1,"href":"https:\/\/toukiela.com\/fr_be\/wp-json\/wp\/v2\/posts\/6234\/revisions"}],"predecessor-version":[{"id":6235,"href":"https:\/\/toukiela.com\/fr_be\/wp-json\/wp\/v2\/posts\/6234\/revisions\/6235"}],"wp:featuredmedia":[{"embeddable":true,"href":"https:\/\/toukiela.com\/fr_be\/wp-json\/wp\/v2\/media\/6236"}],"wp:attachment":[{"href":"https:\/\/toukiela.com\/fr_be\/wp-json\/wp\/v2\/media?parent=6234"}],"wp:term":[{"taxonomy":"category","embeddable":true,"href":"https:\/\/toukiela.com\/fr_be\/wp-json\/wp\/v2\/categories?post=6234"},{"taxonomy":"post_tag","embeddable":true,"href":"https:\/\/toukiela.com\/fr_be\/wp-json\/wp\/v2\/tags?post=6234"}],"curies":[{"name":"wp","href":"https:\/\/api.w.org\/{rel}","templated":true}]}}