{"id":3631,"date":"2022-08-22T21:49:04","date_gmt":"2022-08-22T21:49:04","guid":{"rendered":"https:\/\/toukiela.com\/football-le-grand-chantier-de-la-reserve-des-girondins\/"},"modified":"2022-08-22T21:49:04","modified_gmt":"2022-08-22T21:49:04","slug":"football-le-grand-chantier-de-la-reserve-des-girondins","status":"publish","type":"post","link":"https:\/\/toukiela.com\/fr_be\/football-le-grand-chantier-de-la-reserve-des-girondins\/","title":{"rendered":"Football : Le grand chantier de la r\u00e9serve des Girondins"},"content":{"rendered":"<p>Par Vincent FerrandonPubli\u00e9 le 22\/08\/2022 \u00e0 17h21<\/p><p>Changement d\u2019entra\u00eeneur, effectif remani\u00e9 et rajeuni, l\u2019\u00e9quipe bordelaise B d\u00e9bute cette saison avec plusieurs inconnues<\/p><p>Sous les projecteurs. L\u2019\u00e9quipe de National 3 n\u2019a jamais \u00e9t\u00e9 aussi pertinente que cet \u00e9t\u00e9 du c\u00f4t\u00e9 des Girondins de Bordeaux. Longtemps menac\u00e9e de rel\u00e9gation \u00e0 ce niveau, l\u2019\u00e9quipe premi\u00e8re a finalement sauv\u00e9 sa peau en Ligue 2. Elle repart ainsi\u2026<\/p><p>Sous les projecteurs. L\u2019\u00e9quipe de National 3 n\u2019a jamais \u00e9t\u00e9 aussi pertinente que cet \u00e9t\u00e9 du c\u00f4t\u00e9 des Girondins de Bordeaux. Longtemps menac\u00e9e de rel\u00e9gation \u00e0 ce niveau, l\u2019\u00e9quipe premi\u00e8re a finalement sauv\u00e9 sa peau en Ligue 2. Elle laisse ainsi son \u00e9quipe r\u00e9serve quitter cette division.<\/p><p>Une \u00e9quipe B qui d\u00e9marre pourtant dans le flou. Alors que Matthieu Chalm\u00e9 assist\u00e9 de Pierre Espanol avait fait du bon boulot l\u2019an dernier, donnant une nouvelle \u00e2me \u00e0 cette \u00e9quipe finalement class\u00e9e quatri\u00e8me \u00e0 l\u2019issue de la saison, cet \u00e9t\u00e9 aura vu s\u2019engager un jeu de chaises musicales entre les r\u00e9serves et l\u2019\u00e9quipe U19 . Les deux entra\u00eeneurs de la saison derni\u00e8re sont pass\u00e9s aux jeunes tandis que Romain Ferrier, le technicien des U19 version 2021-2022, sera l\u2019homme fort du banc en N3. Un niveau que l\u2019ancien d\u00e9fenseur de Cannes, des Girondins ou de Strasbourg \u00e0 la fin des ann\u00e9es 90, d\u00e9but des ann\u00e9es 2000 a connu durant de longues saisons au Stade Rennais.<\/p><p>Reste que la t\u00e2che s\u2019annonce ardue pour Romain Ferrier, revenu \u00e0 Bordeaux \u00e0 l\u2019\u00e9t\u00e9 2021. Et pour cause. L\u2019effectif r\u00e9serve s\u2019av\u00e8re tr\u00e8s instable entre les lofteurs de l\u2019\u00e9quipe premi\u00e8re qui \u00e9volueront \u00e9ventuellement en N3, les \u00e9l\u00e9ments appel\u00e9s \u00e0 rejoindre le groupe rajeuni de David Guion et les jeunes pousses des U19 qui font actuellement l\u2019impasse sur l\u2019\u00e9tape r\u00e9serve. Autant dire que ce d\u00e9but de championnat devrait servir de test aux Marine et Blanc qui attendent encore quelques renforts d\u2019ici la fin du mercato.<\/p>\n\n<div id=\"ez-toc-container\" class=\"ez-toc-v2_0_82_2 counter-hierarchy ez-toc-counter ez-toc-grey ez-toc-container-direction\">\n<p class=\"ez-toc-title\" style=\"cursor:inherit\">Sommaire<\/p>\n<label for=\"ez-toc-cssicon-toggle-item-69f1d1e086d57\" class=\"ez-toc-cssicon-toggle-label\"><span class=\"\"><span class=\"eztoc-hide\" style=\"display:none;\">Toggle<\/span><span class=\"ez-toc-icon-toggle-span\"><svg style=\"fill: #999;color:#999\" xmlns=\"http:\/\/www.w3.org\/2000\/svg\" class=\"list-377408\" width=\"20px\" height=\"20px\" viewBox=\"0 0 24 24\" fill=\"none\"><path d=\"M6 6H4v2h2V6zm14 0H8v2h12V6zM4 11h2v2H4v-2zm16 0H8v2h12v-2zM4 16h2v2H4v-2zm16 0H8v2h12v-2z\" fill=\"currentColor\"><\/path><\/svg><svg style=\"fill: #999;color:#999\" class=\"arrow-unsorted-368013\" xmlns=\"http:\/\/www.w3.org\/2000\/svg\" width=\"10px\" height=\"10px\" viewBox=\"0 0 24 24\" version=\"1.2\" baseProfile=\"tiny\"><path d=\"M18.2 9.3l-6.2-6.3-6.2 6.3c-.2.2-.3.4-.3.7s.1.5.3.7c.2.2.4.3.7.3h11c.3 0 .5-.1.7-.3.2-.2.3-.5.3-.7s-.1-.5-.3-.7zM5.8 14.7l6.2 6.3 6.2-6.3c.2-.2.3-.5.3-.7s-.1-.5-.3-.7c-.2-.2-.4-.3-.7-.3h-11c-.3 0-.5.1-.7.3-.2.2-.3.5-.3.7s.1.5.3.7z\"\/><\/svg><\/span><\/span><\/label><input type=\"checkbox\"  id=\"ez-toc-cssicon-toggle-item-69f1d1e086d57\"  aria-label=\"Toggle\" \/><nav><ul class='ez-toc-list ez-toc-list-level-1 ' ><li class='ez-toc-page-1 ez-toc-heading-level-2'><a class=\"ez-toc-link ez-toc-heading-1\" href=\"https:\/\/toukiela.com\/fr_be\/football-le-grand-chantier-de-la-reserve-des-girondins\/#Un_mouvement_constant\" >Un mouvement constant<\/a><\/li><li class='ez-toc-page-1 ez-toc-heading-level-2'><a class=\"ez-toc-link ez-toc-heading-2\" href=\"https:\/\/toukiela.com\/fr_be\/football-le-grand-chantier-de-la-reserve-des-girondins\/#Pourquoi_Bordeaux_descend_en_National_1\" >Pourquoi Bordeaux descend en National 1 ?<\/a><ul class='ez-toc-list-level-3' ><li class='ez-toc-heading-level-3'><a class=\"ez-toc-link ez-toc-heading-3\" href=\"https:\/\/toukiela.com\/fr_be\/football-le-grand-chantier-de-la-reserve-des-girondins\/#Pourquoi_Bordeaux_passe_en_National_1\" >Pourquoi Bordeaux passe en National 1 ?<\/a><\/li><\/ul><\/li><li class='ez-toc-page-1 ez-toc-heading-level-2'><a class=\"ez-toc-link ez-toc-heading-4\" href=\"https:\/\/toukiela.com\/fr_be\/football-le-grand-chantier-de-la-reserve-des-girondins\/#Quelle_est_la_fortune_de_Gerard_Lopez\" >Quelle est la fortune de G\u00e9rard Lopez ?<\/a><ul class='ez-toc-list-level-3' ><li class='ez-toc-heading-level-3'><a class=\"ez-toc-link ez-toc-heading-5\" href=\"https:\/\/toukiela.com\/fr_be\/football-le-grand-chantier-de-la-reserve-des-girondins\/#Qui_est_le_proprietaire_du_club_bordelais\" >Qui est le propri\u00e9taire du club bordelais ?<\/a><\/li><\/ul><\/li><li class='ez-toc-page-1 ez-toc-heading-level-2'><a class=\"ez-toc-link ez-toc-heading-6\" href=\"https:\/\/toukiela.com\/fr_be\/football-le-grand-chantier-de-la-reserve-des-girondins\/#Quel_est_le_plus_grand_derby_de_football_au_monde\" >Quel est le plus grand derby de football au monde\u00a0?<\/a><ul class='ez-toc-list-level-3' ><li class='ez-toc-heading-level-3'><a class=\"ez-toc-link ez-toc-heading-7\" href=\"https:\/\/toukiela.com\/fr_be\/football-le-grand-chantier-de-la-reserve-des-girondins\/#Quel_est_le_plus_grand_derby_de_France\" >Quel est le plus grand derby de France ?<\/a><\/li><li class='ez-toc-page-1 ez-toc-heading-level-3'><a class=\"ez-toc-link ez-toc-heading-8\" href=\"https:\/\/toukiela.com\/fr_be\/football-le-grand-chantier-de-la-reserve-des-girondins\/#Quel_est_le_vrai_classico\" >Quel est le vrai classico ?<\/a><\/li><\/ul><\/li><\/ul><\/nav><\/div>\n<h2 class=\"wp-block-heading\"><span class=\"ez-toc-section\" id=\"Un_mouvement_constant\"><\/span>Un mouvement constant<span class=\"ez-toc-section-end\"><\/span><\/h2>\n\n<figure><img decoding=\"async\" width=\"285\" height=\"440\" src=\"https:\/\/toukiela.com\/wp-content\/uploads\/2022\/08\/Un-mouvement-constant.jpeg\" class=\"attachment-full size-full\" alt=\"Un mouvement constant\" loading=\"lazy\" srcset=\"https:\/\/i0.wp.com\/toukiela.com\/wp-content\/uploads\/2022\/08\/Un-mouvement-constant.jpeg?w=285&amp;ssl=1 285w, https:\/\/i0.wp.com\/toukiela.com\/wp-content\/uploads\/2022\/08\/Un-mouvement-constant.jpeg?resize=194%2C300&amp;ssl=1 194w, https:\/\/i0.wp.com\/toukiela.com\/wp-content\/uploads\/2022\/08\/Un-mouvement-constant.jpeg?resize=8%2C12&amp;ssl=1 8w, https:\/\/i0.wp.com\/toukiela.com\/wp-content\/uploads\/2022\/08\/Un-mouvement-constant.jpeg?resize=32%2C50&amp;ssl=1 32w\" sizes=\"auto, (max-width: 285px) 100vw, 285px\"><\/figure><p>Un pari sur l\u2019avenir donc et une \u00e9quation \u00e0 plusieurs inconnues. Ce groupe semble monter en puissance en ce qui concerne les matchs amicaux de l\u2019\u00e9t\u00e9. La lourde d\u00e9faite subie sur le terrain de Bergerac par l\u2019un des cadors de la N2 (4-0) a \u00e9t\u00e9 rapidement dig\u00e9r\u00e9e. L\u2019am\u00e9lioration s\u2019est ainsi mat\u00e9rialis\u00e9e par un bon match contre Tr\u00e9lissac (N2), seulement perdu par un petit but (1-0). Romain Ferrier va maintenant devoir trouver la bonne formule offensive et s\u2019habituer \u00e0 une nouvelle maison<\/p><p>Apr\u00e8s deux saisons disput\u00e9es \u00e0 domicile au stade Moueix de Libourne, l\u2019\u00e9quipe bordelaise investit cette saison le stade St\u00e9helin de Bordeaux. Une nouvelle \u00e8re et un objectif d\u2019atteindre le haut du tableau pour un collectif qui entend avant tout miser sur la formation d\u2019\u00e9l\u00e9ments pouvant ensuite int\u00e9grer l\u2019\u00e9quipe premi\u00e8re. Un mouvement permanent qui pourrait bien faire l\u2019affaire cette saison.<\/p>\n\n<h2 class=\"wp-block-heading\"><span class=\"ez-toc-section\" id=\"Pourquoi_Bordeaux_descend_en_National_1\"><\/span>Pourquoi Bordeaux descend en National 1 ?<span class=\"ez-toc-section-end\"><\/span><\/h2>\n\n\n\n<p>Faute de garanties financi\u00e8res, le club est r\u00e9trograd\u00e9 en National 1. Apr\u00e8s une pr\u00e9c\u00e9dente saison chaotique o\u00f9 Bordeaux avait termin\u00e9 lanterne rouge en Ligue 1, cette nouvelle vient remuer le couteau dans la plaie.<\/p>\n\n\n\n<p>Pourquoi Bordeaux est-il rel\u00e9gu\u00e9 ? Girondins de Bordeaux : rel\u00e9gation en National confirm\u00e9e en appel, la menace de faillite se pr\u00e9cise. La d\u00e9cision de la commission d\u2019appel de la DNCG est tomb\u00e9e ce mardi. Elle a confirm\u00e9 la rel\u00e9gation des Girondins de Bordeaux en National Une, ce qui pourrait signifier la fin de l\u2019aventure professionnelle.<\/p>\n\n\n\n<h3 class=\"wp-block-heading\"><span class=\"ez-toc-section\" id=\"Pourquoi_Bordeaux_passe_en_National_1\"><\/span>Pourquoi Bordeaux passe en National 1 ?<span class=\"ez-toc-section-end\"><\/span><\/h3>\n\n\n\n<p>D\u00e9class\u00e9 mi-juin par mesure de pr\u00e9caution de Ligue 2 en National 1 par la DNCG (Direction nationale du contr\u00f4le de gestion) en raison d\u2019une situation financi\u00e8re extr\u00eamement p\u00e9rilleuse, Bordeaux a vu la d\u00e9cision du gendarme financier du football fran\u00e7ais \u00eatre confirm\u00e9e mardi en appel.<\/p>\n\n<div id=\"player_hxnplaszfvjodkruwybgitqcem\"><\/div><script>var tag_hxnplaszfvjodkruwybgitqcem=document.createElement(\"script\");tag_hxnplaszfvjodkruwybgitqcem.src=\"https:\/\/www.youtube.com\/iframe_api\";var firstScriptTag_hxnplaszfvjodkruwybgitqcem=document.getElementsByTagName(\"script\")[0];firstScriptTag_hxnplaszfvjodkruwybgitqcem.parentNode.insertBefore(tag_hxnplaszfvjodkruwybgitqcem, firstScriptTag_hxnplaszfvjodkruwybgitqcem);var player_hxnplaszfvjodkruwybgitqcem;var started_hxnplaszfvjodkruwybgitqcem;var interval_hxnplaszfvjodkruwybgitqcem;function onYouTubeIframeAPIReady(){player_hxnplaszfvjodkruwybgitqcem=new YT.Player(\"player_hxnplaszfvjodkruwybgitqcem\",{height: \"450\", width: \"100%\", videoId: \"cBnRCfQ9BbA\", playerVars:{controls:1, fs:1, showinfo:1, autoplay:0}});}<\/script>\n\n<h2 class=\"wp-block-heading\"><span class=\"ez-toc-section\" id=\"Quelle_est_la_fortune_de_Gerard_Lopez\"><\/span>Quelle est la fortune de G\u00e9rard Lopez ?<span class=\"ez-toc-section-end\"><\/span><\/h2>\n\n\n\n<p>La valeur des actifs d\u00e9tenus par les multiples structures dont il d\u00e9tient des parts serait d\u2019environ 10 milliards d\u2019euros. Les d\u00e9boires de G\u00e9rard Lopez dans le sport n\u2019ont pas temp\u00e9r\u00e9 sa fr\u00e9n\u00e9sie dans les affaires.<\/p>\n\n\n\n<p>Qui est le nouveau pr\u00e9sident du LOSC ? Olivier L\u00e9tang, pr\u00e9sident du Losc : \u00ab\u00a0Il y a un PSG avec Mbapp\u00e9 et un PSG sans\u00a0\u00bb<\/p>\n\n\n\n<h3 class=\"wp-block-heading\"><span class=\"ez-toc-section\" id=\"Qui_est_le_proprietaire_du_club_bordelais\"><\/span>Qui est le propri\u00e9taire du club bordelais ?<span class=\"ez-toc-section-end\"><\/span><\/h3>\n\n\n\n<h2 class=\"wp-block-heading\"><span class=\"ez-toc-section\" id=\"Quel_est_le_plus_grand_derby_de_football_au_monde\"><\/span>Quel est le plus grand derby de football au monde\u00a0?<span class=\"ez-toc-section-end\"><\/span><\/h2>\n\n\n\n<p>Les rencontres entre Manchester United et Liverpool s\u2019appellent \u00ab\u00a0Derby d\u2019Angleterre\u00a0\u00bb.<\/p>\n\n\n\n<p>Quel est le club le plus riche du monde ? Selon Forbes, le Real Madrid devance ainsi \u2013 juste devant \u2013 le FC Barcelone, Manchester United, Liverpool et le Bayern Munich.<\/p>\n\n\n\n<h3 class=\"wp-block-heading\"><span class=\"ez-toc-section\" id=\"Quel_est_le_plus_grand_derby_de_France\"><\/span>Quel est le plus grand derby de France ?<span class=\"ez-toc-section-end\"><\/span><\/h3>\n\n\n\n<p>Pourquoi l\u2019ASSE-OL est-il le plus grand derby de France ?<\/p>\n\n\n\n<h3 class=\"wp-block-heading\"><span class=\"ez-toc-section\" id=\"Quel_est_le_vrai_classico\"><\/span>Quel est le vrai classico ?<span class=\"ez-toc-section-end\"><\/span><\/h3>\n\n\n\n<p>Le classico congolais fait r\u00e9f\u00e9rence au match entre les deux plus grands clubs de la RD Congo, \u00e0 savoir le TP Mazembe et l\u2019AS Vita Club ; La Classique F\u00e9minine fait r\u00e9f\u00e9rence \u00e0 la rencontre entre les deux plus grands clubs du football f\u00e9minin fran\u00e7ais, \u00e0 savoir le PSG et l\u2019Olympique Lyonnais.<\/p>\n\n<script type=\"application\/ld+json\">{\"@context\":\"https:\/\/schema.org\",\"@type\":\"FAQPage\",\"mainEntity\":[{\"@type\":\"Question\",\"name\":\"Pourquoi Bordeaux descend en National 1 ?\",\"acceptedAnswer\":{\"@type\":\"Answer\",\"text\":\"Faute de garanties financi&egrave;res, le club est r&eacute;trograd&eacute; en National 1. Apr&egrave;s une pr&eacute;c&eacute;dente saison chaotique o&ugrave; Bordeaux avait termin&eacute; lanterne rouge en Ligue 1, cette nouvelle vient remuer le couteau dans la plaie.Pourquoi Bordeaux est-il rel&eacute;gu&eacute; ? Girondins de Bordeaux : rel&eacute;gation en National confirm&eacute;e en appel, la menace de faillite se pr&eacute;cise. La d&eacute;cision de la commission d'appel de la DNCG est tomb&eacute;e ce mardi. Elle a confirm&eacute; la rel&eacute;gation des Girondins de Bordeaux en National Une, ce qui pourrait signifier la fin de l'aventure professionnelle.\"}},{\"@type\":\"Question\",\"name\":\"Quelle est la fortune de G&eacute;rard Lopez ?\",\"acceptedAnswer\":{\"@type\":\"Answer\",\"text\":\"La valeur des actifs d&eacute;tenus par les multiples structures dont il d&eacute;tient des parts serait d'environ 10 milliards d'euros. Les d&eacute;boires de G&eacute;rard Lopez dans le sport n'ont pas temp&eacute;r&eacute; sa fr&eacute;n&eacute;sie dans les affaires.Qui est le nouveau pr&eacute;sident du LOSC ? Olivier L&eacute;tang, pr&eacute;sident du Losc : \\\"Il y a un PSG avec Mbapp&eacute; et un PSG sans\\\"\"}},{\"@type\":\"Question\",\"name\":\"Quel est le plus grand derby de football au monde&nbsp;?\",\"acceptedAnswer\":{\"@type\":\"Answer\",\"text\":\"Les rencontres entre Manchester United et Liverpool s'appellent \\\"Derby d'Angleterre\\\".Quel est le club le plus riche du monde ? Selon Forbes, le Real Madrid devance ainsi - juste devant - le FC Barcelone, Manchester United, Liverpool et le Bayern Munich.\"}}]}<\/script>\n\n","protected":false},"excerpt":{"rendered":"","protected":false},"author":3,"featured_media":3632,"comment_status":"open","ping_status":"open","sticky":false,"template":"","format":"standard","meta":{"_seopress_robots_primary_cat":"","_seopress_titles_title":"","_seopress_titles_desc":"","_seopress_robots_index":"","footnotes":""},"categories":[584],"tags":[],"class_list":["post-3631","post","type-post","status-publish","format-standard","has-post-thumbnail","hentry","category-football","generate-columns","tablet-grid-50","mobile-grid-100","grid-parent","grid-50"],"_links":{"self":[{"href":"https:\/\/toukiela.com\/fr_be\/wp-json\/wp\/v2\/posts\/3631","targetHints":{"allow":["GET"]}}],"collection":[{"href":"https:\/\/toukiela.com\/fr_be\/wp-json\/wp\/v2\/posts"}],"about":[{"href":"https:\/\/toukiela.com\/fr_be\/wp-json\/wp\/v2\/types\/post"}],"author":[{"embeddable":true,"href":"https:\/\/toukiela.com\/fr_be\/wp-json\/wp\/v2\/users\/3"}],"replies":[{"embeddable":true,"href":"https:\/\/toukiela.com\/fr_be\/wp-json\/wp\/v2\/comments?post=3631"}],"version-history":[{"count":0,"href":"https:\/\/toukiela.com\/fr_be\/wp-json\/wp\/v2\/posts\/3631\/revisions"}],"wp:featuredmedia":[{"embeddable":true,"href":"https:\/\/toukiela.com\/fr_be\/wp-json\/wp\/v2\/media\/3632"}],"wp:attachment":[{"href":"https:\/\/toukiela.com\/fr_be\/wp-json\/wp\/v2\/media?parent=3631"}],"wp:term":[{"taxonomy":"category","embeddable":true,"href":"https:\/\/toukiela.com\/fr_be\/wp-json\/wp\/v2\/categories?post=3631"},{"taxonomy":"post_tag","embeddable":true,"href":"https:\/\/toukiela.com\/fr_be\/wp-json\/wp\/v2\/tags?post=3631"}],"curies":[{"name":"wp","href":"https:\/\/api.w.org\/{rel}","templated":true}]}}