{"id":3628,"date":"2022-08-22T21:48:23","date_gmt":"2022-08-22T21:48:23","guid":{"rendered":"https:\/\/toukiela.com\/football-exit-les-ecureuils-lequipe-du-benin-sera-desormais-surnommee-les-guepards\/"},"modified":"2022-08-22T21:48:23","modified_gmt":"2022-08-22T21:48:23","slug":"football-exit-les-ecureuils-lequipe-du-benin-sera-desormais-surnommee-les-guepards","status":"publish","type":"post","link":"https:\/\/toukiela.com\/fr_be\/football-exit-les-ecureuils-lequipe-du-benin-sera-desormais-surnommee-les-guepards\/","title":{"rendered":"Football : exit les Ecureuils, l&rsquo;\u00e9quipe du B\u00e9nin sera d\u00e9sormais surnomm\u00e9e \u00ab\u00a0les Gu\u00e9pards\u00a0\u00bb"},"content":{"rendered":"<p>Apr\u00e8s des ann\u00e9es de d\u00e9bat et de r\u00e9flexion, la F\u00e9d\u00e9ration b\u00e9ninoise de football a adopt\u00e9 samedi un nouveau surnom pour l\u2019\u00e9quipe nationale. Les B\u00e9ninois disent adieu aux \u00ab\u00a0Ecureuils\u00a0\u00bb, jug\u00e9s peu impressionnants, et devront soutenir les \u00ab\u00a0Gu\u00e9pards\u00a0\u00bb lors de la prochaine Coupe d\u2019Afrique, pr\u00e9vue \u00e0 l\u2019hiver 2024 en C\u00f4te d\u2019Ivoire.<\/p><p>Face aux \u00ab\u00a0Lions Indomptables\u00a0\u00bb, aux \u00ab\u00a0Aigles de Carthage\u00a0\u00bb ou aux \u00ab\u00a0El\u00e9phants\u00a0\u00bb, le surnom d'\u00a0\u00bbEcureuils\u00a0\u00bb port\u00e9 fi\u00e8rement par la s\u00e9lection du B\u00e9nin depuis les ann\u00e9es 1970 se pr\u00eatait souvent aux taquineries ou moqueries. Cette \u00e9poque est r\u00e9volue puisque le pr\u00e9sident de la F\u00e9d\u00e9ration b\u00e9ninoise de football (FBF) a ent\u00e9rin\u00e9 le changement de surnom de l\u2019\u00e9quipe nationale en celui de \u00ab Gu\u00e9pards \u00bb.<\/p><p>L\u2019annonce a \u00e9t\u00e9 faite samedi 20 ao\u00fbt dans la foul\u00e9e de la r\u00e9\u00e9lection de Mathurin de Chacus \u00e0 la t\u00eate de la f\u00e9d\u00e9ration.<\/p><p>&gt;&gt; Lire aussi : CAN-2022 : El\u00e9phants, Crocodiles, Antilopes\u2026 les surnoms des 24 \u00e9quipes<\/p><p>\u00ab\u00a0Nous avons d\u00e9j\u00e0 envoy\u00e9 une lettre \u00e0 notre tutelle pour demander l\u2019autorisation de changer le nom de l\u2019\u00e9quipe nationale. A partir de ce jour, il n\u2019y aura plus d\u2019\u00e9cureuils au B\u00e9nin en mati\u00e8re de football. A partir de ce jour, nos footballeurs s\u2019appelleront les gu\u00e9pards \u00bb, a-t-il d\u00e9clar\u00e9 dans un entretien avec Jocelyne Senanhoun, journaliste \u00e0 l\u2019Office b\u00e9ninois de l\u2019audiovisuel et de la t\u00e9l\u00e9vision (ORTB).<\/p><p>C\u2019est Norbert Imbs, le premier pr\u00e9sident de la f\u00e9d\u00e9ration (1970-1973), qui a donn\u00e9 aux joueurs le surnom de \u00ab\u00a0Squirrels\u00a0\u00bb. Il les trouva de petite taille, mais agiles, adroits et rapides. Bref, des b\u00eates peu imposantes, mais capables de grimper haut dans la hi\u00e9rarchie du football africain.<\/p><p>&gt;&gt; A voir : CAN-2019 : \u00ab\u00a0Les g\u00e9n\u00e9rations futures s\u2019en souviendront\u00a0\u00bb, assure le B\u00e9ninois Kiki<\/p><p>Si elle n\u2019a jamais disput\u00e9 la Coupe du monde avec ce surnom, la s\u00e9lection b\u00e9ninoise a tout de m\u00eame particip\u00e9 \u00e0 quatre reprises \u00e0 la Coupe d\u2019Afrique des nations (2004, 2008, 2010 et 2019). La derni\u00e8re participation en date \u00e9tait celle de l\u2019\u00e9pop\u00e9e en Egypte : si les \u00ab\u00a0Ecureuils\u00a0\u00bb n\u2019avaient jamais d\u00e9pass\u00e9 la phase de poules auparavant, ils se sont hiss\u00e9s cette ann\u00e9e en quarts de finale, tombant les armes \u00e0 la main contre le S\u00e9n\u00e9gal, futur finaliste.<\/p>\n\n<h2 class=\"wp-block-heading\">Une affaire en cours depuis des ann\u00e9es<\/h2>\n\n<figure><img decoding=\"async\" width=\"1200\" height=\"800\" src=\"https:\/\/toukiela.com\/wp-content\/uploads\/2022\/08\/Une-affaire-en-cours-depuis-des-annees.jpeg\" class=\"attachment-full size-full\" alt=\"Une affaire en cours depuis des ann\u00e9es\" loading=\"lazy\" srcset=\"https:\/\/i0.wp.com\/toukiela.com\/wp-content\/uploads\/2022\/08\/Une-affaire-en-cours-depuis-des-annees.jpeg?w=1200&amp;ssl=1 1200w, https:\/\/i0.wp.com\/toukiela.com\/wp-content\/uploads\/2022\/08\/Une-affaire-en-cours-depuis-des-annees.jpeg?resize=300%2C200&amp;ssl=1 300w, https:\/\/i0.wp.com\/toukiela.com\/wp-content\/uploads\/2022\/08\/Une-affaire-en-cours-depuis-des-annees.jpeg?resize=1024%2C683&amp;ssl=1 1024w, https:\/\/i0.wp.com\/toukiela.com\/wp-content\/uploads\/2022\/08\/Une-affaire-en-cours-depuis-des-annees.jpeg?resize=768%2C512&amp;ssl=1 768w, https:\/\/i0.wp.com\/toukiela.com\/wp-content\/uploads\/2022\/08\/Une-affaire-en-cours-depuis-des-annees.jpeg?resize=18%2C12&amp;ssl=1 18w, https:\/\/i0.wp.com\/toukiela.com\/wp-content\/uploads\/2022\/08\/Une-affaire-en-cours-depuis-des-annees.jpeg?resize=50%2C33&amp;ssl=1 50w, https:\/\/i0.wp.com\/toukiela.com\/wp-content\/uploads\/2022\/08\/Une-affaire-en-cours-depuis-des-annees.jpeg?resize=1080%2C720&amp;ssl=1 1080w, https:\/\/i0.wp.com\/toukiela.com\/wp-content\/uploads\/2022\/08\/Une-affaire-en-cours-depuis-des-annees.jpeg?resize=980%2C653&amp;ssl=1 980w, https:\/\/i0.wp.com\/toukiela.com\/wp-content\/uploads\/2022\/08\/Une-affaire-en-cours-depuis-des-annees.jpeg?resize=480%2C320&amp;ssl=1 480w\" sizes=\"auto, (max-width: 1200px) 100vw, 1200px\"><\/figure><p>Le B\u00e9nin souhaite changer de surnom depuis plusieurs ann\u00e9es. En 2008, la f\u00e9d\u00e9ration lance la d\u00e9marche une premi\u00e8re fois sans succ\u00e8s. Elle a finalement \u00e9t\u00e9 relanc\u00e9e en 2018. \u00ab Le surnom donn\u00e9 \u00e0 l\u2019\u00e9quipe nationale doit trouver un \u00e9cho aupr\u00e8s de la population et refl\u00e9ter nos ambitions fortes dans le monde du sport. \u00bb Le comit\u00e9 ex\u00e9cutif a d\u00e9cid\u00e9 de mettre en place une commission sur le changement de nom de l\u2019\u00e9quipe nationale du B\u00e9nin. \u00ab\u00a0, expliquait alors le communiqu\u00e9.<\/p><p>Steve Mouni\u00e9, attaquant de la s\u00e9lection et joueur de Brest, avait sugg\u00e9r\u00e9 d\u2019opter pour les \u00ab\u00a0Pythons\u00a0\u00bb en raison de la popularit\u00e9 de l\u2019animal dans le pays.<\/p><p>\u00ab\u00a0Le python, le serpent, c\u2019est comme un symbole au B\u00e9nin\u00a0\u00bb, a-t-il assur\u00e9 \u00e0 BBC Sport. \u00ab\u00a0Il y a un temple du python au B\u00e9nin, il y a une grande culture autour du python. Ils adorent le python au B\u00e9nin.\u00a0\u00bb<\/p><p>Fin f\u00e9vrier 2022, le projet de f\u00e9d\u00e9ration prend enfin forme. Une \u00ab\u00a0large consultation\u00a0\u00bb devait avoir lieu pour choisir un nouveau qualificatif pour les joueurs b\u00e9ninois. La FBF avait d\u00e9j\u00e0 indiqu\u00e9 qu\u2019elle la voulait \u00ab\u00a0\u00e9vocatrice et respectable\u00a0\u00bb, rappelle RFI. Plut\u00f4t que le puissant serpent, la f\u00e9d\u00e9ration a pr\u00e9f\u00e9r\u00e9 un f\u00e9lin rapide.<\/p><p>Avec ce nouveau surnom, les n\u00e9o-\u00ab\u00a0Cheetahs\u00a0\u00bb auront fort \u00e0 faire. Ils doivent renverser la tendance dans le groupe L des qualifications pour la CAN-2024 en C\u00f4te d\u2019Ivoire, dans lequel ils sont \u00e0 la derni\u00e8re place apr\u00e8s deux d\u00e9faites en autant de matches.<\/p>","protected":false},"excerpt":{"rendered":"","protected":false},"author":3,"featured_media":3629,"comment_status":"open","ping_status":"open","sticky":false,"template":"","format":"standard","meta":{"_seopress_robots_primary_cat":"","_seopress_titles_title":"","_seopress_titles_desc":"","_seopress_robots_index":"","footnotes":""},"categories":[584],"tags":[],"class_list":["post-3628","post","type-post","status-publish","format-standard","has-post-thumbnail","hentry","category-football","generate-columns","tablet-grid-50","mobile-grid-100","grid-parent","grid-50"],"_links":{"self":[{"href":"https:\/\/toukiela.com\/fr_be\/wp-json\/wp\/v2\/posts\/3628","targetHints":{"allow":["GET"]}}],"collection":[{"href":"https:\/\/toukiela.com\/fr_be\/wp-json\/wp\/v2\/posts"}],"about":[{"href":"https:\/\/toukiela.com\/fr_be\/wp-json\/wp\/v2\/types\/post"}],"author":[{"embeddable":true,"href":"https:\/\/toukiela.com\/fr_be\/wp-json\/wp\/v2\/users\/3"}],"replies":[{"embeddable":true,"href":"https:\/\/toukiela.com\/fr_be\/wp-json\/wp\/v2\/comments?post=3628"}],"version-history":[{"count":0,"href":"https:\/\/toukiela.com\/fr_be\/wp-json\/wp\/v2\/posts\/3628\/revisions"}],"wp:featuredmedia":[{"embeddable":true,"href":"https:\/\/toukiela.com\/fr_be\/wp-json\/wp\/v2\/media\/3629"}],"wp:attachment":[{"href":"https:\/\/toukiela.com\/fr_be\/wp-json\/wp\/v2\/media?parent=3628"}],"wp:term":[{"taxonomy":"category","embeddable":true,"href":"https:\/\/toukiela.com\/fr_be\/wp-json\/wp\/v2\/categories?post=3628"},{"taxonomy":"post_tag","embeddable":true,"href":"https:\/\/toukiela.com\/fr_be\/wp-json\/wp\/v2\/tags?post=3628"}],"curies":[{"name":"wp","href":"https:\/\/api.w.org\/{rel}","templated":true}]}}