{"id":3460,"date":"2022-08-06T21:20:46","date_gmt":"2022-08-06T21:20:46","guid":{"rendered":"https:\/\/toukiela.com\/football-angers-renonce-a-vendre-a-un-fonds-dinvestissement-americain\/"},"modified":"2022-08-06T21:20:46","modified_gmt":"2022-08-06T21:20:46","slug":"football-angers-renonce-a-vendre-a-un-fonds-dinvestissement-americain","status":"publish","type":"post","link":"https:\/\/toukiela.com\/fr_be\/football-angers-renonce-a-vendre-a-un-fonds-dinvestissement-americain\/","title":{"rendered":"Football : Angers renonce \u00e0 vendre \u00e0 un fonds d&rsquo;investissement am\u00e9ricain"},"content":{"rendered":"<p>Le pr\u00e9sident du club, Sa\u00efd Chabane, a estim\u00e9 que le fonds am\u00e9ricain GFC (Global Football Corporation) n\u2019avait \u00ab\u00a0pas les moyens de racheter le club\u00a0\u00bb, ni de lui donner \u00ab\u00a0un nouvel \u00e9lan\u00a0\u00bb.<\/p><p>Angers ne viendra pas s\u2019ajouter \u00e0 la liste \u2013 d\u00e9j\u00e0 longue \u2013 des clubs de football fran\u00e7ais sous pavillon \u00e9tranger, notamment des fonds d\u2019investissement am\u00e9ricains. Pas encore, en tout cas. Sa\u00efd Chabane, le pr\u00e9sident d\u2019Angers Sporting Club de l\u2019Ouest (SCO), qui \u00e9volue en Ligue 1, l\u2019\u00e9lite nationale du football, a annonc\u00e9 vendredi 5 ao\u00fbt avoir renonc\u00e9 \u00e0 son projet de vente \u00e0 l\u2019entreprise. GFC (Global Football Corporation), estimant que ce fonds n\u2019avait pas les moyens de lui donner \u00ab\u00a0un nouvel \u00e9lan\u00a0\u00bb.<\/p><p>\u00ab Un fonds qui \u00e9tait dans le consortium qui devait reprendre le club s\u2019est retir\u00e9 pour des questions de gouvernance. Ce qui \u00e9tait initialement pr\u00e9vu ne peut pas \u00eatre fait aujourd\u2019hui \u00bb, a d\u00e9clar\u00e9 Chabane.<\/p><p>\u00ab\u00a0Je ne fais pas partie de ceux qui disent \u2018apr\u00e8s moi, le d\u00e9luge.\u2019 Quand nous avons annonc\u00e9 l\u2019ouverture du capital, c\u2019\u00e9tait pour trouver quelqu\u2019un qui donnerait un nouvel \u00e9lan au club\u00a0\u00bb, a-t-il ajout\u00e9. \u00ab\u00a0[Si le fonds am\u00e9ricain] n\u2019a pas les moyens d\u2019acheter le club, comment peut-il monter d\u2019un cran ? ? \u00bb<\/p><p>A la recherche de nouveaux partenaires, minoritaires ou majoritaires, depuis plusieurs ann\u00e9es, M. Chabane avait annonc\u00e9, mi-mai, que des discussions \u00e9taient en cours avec un repreneur potentiel. Des repr\u00e9sentants du fonds GFC \u00e9taient venus en juin pour un audit, mais les discussions tra\u00eenaient en longueur.<\/p><p>Ce fonds, qui vise \u00e0 racheter plusieurs clubs europ\u00e9ens pour cr\u00e9er un nouveau r\u00e9seau de formation et de d\u00e9veloppement des jeunes joueurs, avait d\u00e9j\u00e0 \u00e9chou\u00e9, en 2021, \u00e0 racheter le club n\u00e9erlandais de deuxi\u00e8me division Breda.<\/p><p>D\u00e9sormais, les discussions ne se poursuivront qu\u2019avec l\u2019un des partenaires du consortium, la soci\u00e9t\u00e9 de communication Playfly, en vue d\u2019une participation minoritaire dans la partie commerciale, selon M. Chabane.<\/p><p>Le pr\u00e9sident angevin, PDG du groupe Cosnelle (charcuterie et charcuterie), entr\u00e9 au capital du club en 2011, a pr\u00e9cis\u00e9 qu\u2019il n\u2019avait plus l\u2019intention de passer la main avant l\u2019\u00e9t\u00e9 2023.<\/p><p>Vous pouvez lire Le Monde sur un appareil \u00e0 la fois<\/p><p>Ce message s\u2019affichera sur l\u2019autre appareil.<\/p><p>Parce qu\u2019une autre personne (ou vous) lit Le Monde avec ce compte sur un autre appareil.<\/p><p>Vous ne pouvez lire Le Monde que sur un seul appareil \u00e0 la fois (ordinateur, t\u00e9l\u00e9phone ou tablette).<\/p><p>Comment arr\u00eater de voir ce message\u00a0?<\/p><p>En cliquant sur \u00a0\u00bb \u00a0\u00bb et en vous assurant que vous \u00eates la seule personne \u00e0 consulter Le Monde avec ce compte.<\/p><p>Que se passera-t-il si vous continuez \u00e0 lire ici\u00a0?<\/p><p>Ce message s\u2019affichera sur l\u2019autre appareil. Ce dernier restera connect\u00e9 \u00e0 ce compte.<\/p><p>Non. Vous pouvez vous connecter avec votre compte sur autant d\u2019appareils que vous le souhaitez, mais en les utilisant \u00e0 des moments diff\u00e9rents.<\/p><p>Vous ne savez pas qui est l\u2019autre personne ?<\/p><p>Nous vous conseillons de changer votre mot de passe.<\/p>\n\n<div id=\"ez-toc-container\" class=\"ez-toc-v2_0_82_2 counter-hierarchy ez-toc-counter ez-toc-grey ez-toc-container-direction\">\n<p class=\"ez-toc-title\" style=\"cursor:inherit\">Sommaire<\/p>\n<label for=\"ez-toc-cssicon-toggle-item-69f2110e99c55\" class=\"ez-toc-cssicon-toggle-label\"><span class=\"\"><span class=\"eztoc-hide\" style=\"display:none;\">Toggle<\/span><span class=\"ez-toc-icon-toggle-span\"><svg style=\"fill: #999;color:#999\" xmlns=\"http:\/\/www.w3.org\/2000\/svg\" class=\"list-377408\" width=\"20px\" height=\"20px\" viewBox=\"0 0 24 24\" fill=\"none\"><path d=\"M6 6H4v2h2V6zm14 0H8v2h12V6zM4 11h2v2H4v-2zm16 0H8v2h12v-2zM4 16h2v2H4v-2zm16 0H8v2h12v-2z\" fill=\"currentColor\"><\/path><\/svg><svg style=\"fill: #999;color:#999\" class=\"arrow-unsorted-368013\" xmlns=\"http:\/\/www.w3.org\/2000\/svg\" width=\"10px\" height=\"10px\" viewBox=\"0 0 24 24\" version=\"1.2\" baseProfile=\"tiny\"><path d=\"M18.2 9.3l-6.2-6.3-6.2 6.3c-.2.2-.3.4-.3.7s.1.5.3.7c.2.2.4.3.7.3h11c.3 0 .5-.1.7-.3.2-.2.3-.5.3-.7s-.1-.5-.3-.7zM5.8 14.7l6.2 6.3 6.2-6.3c.2-.2.3-.5.3-.7s-.1-.5-.3-.7c-.2-.2-.4-.3-.7-.3h-11c-.3 0-.5.1-.7.3-.2.2-.3.5-.3.7s.1.5.3.7z\"\/><\/svg><\/span><\/span><\/label><input type=\"checkbox\"  id=\"ez-toc-cssicon-toggle-item-69f2110e99c55\"  aria-label=\"Toggle\" \/><nav><ul class='ez-toc-list ez-toc-list-level-1 ' ><li class='ez-toc-page-1 ez-toc-heading-level-2'><a class=\"ez-toc-link ez-toc-heading-1\" href=\"https:\/\/toukiela.com\/fr_be\/football-angers-renonce-a-vendre-a-un-fonds-dinvestissement-americain\/#Quel_est_le_numero_de_maillot_de_Thomas_Mangani\" >Quel est le num\u00e9ro de maillot de Thomas Mangani ?<\/a><\/li><li class='ez-toc-page-1 ez-toc-heading-level-2'><a class=\"ez-toc-link ez-toc-heading-2\" href=\"https:\/\/toukiela.com\/fr_be\/football-angers-renonce-a-vendre-a-un-fonds-dinvestissement-americain\/#Pourquoi_le_SCO_joue-t-il_en_noir_et_blanc\" >Pourquoi le SCO joue-t-il en noir et blanc ?<\/a><\/li><li class='ez-toc-page-1 ez-toc-heading-level-2'><a class=\"ez-toc-link ez-toc-heading-3\" href=\"https:\/\/toukiela.com\/fr_be\/football-angers-renonce-a-vendre-a-un-fonds-dinvestissement-americain\/#Pourquoi_le_SCO_joue-t-il_en_noir_et_blanc-2\" >Pourquoi le SCO joue-t-il en noir et blanc ?<\/a><\/li><li class='ez-toc-page-1 ez-toc-heading-level-2'><a class=\"ez-toc-link ez-toc-heading-4\" href=\"https:\/\/toukiela.com\/fr_be\/football-angers-renonce-a-vendre-a-un-fonds-dinvestissement-americain\/#Pourquoi_le_Stade_Rennais_joue-t-il_en_rouge_et_noir\" >Pourquoi le Stade Rennais joue-t-il en rouge et noir ?<\/a><ul class='ez-toc-list-level-3' ><li class='ez-toc-heading-level-3'><a class=\"ez-toc-link ez-toc-heading-5\" href=\"https:\/\/toukiela.com\/fr_be\/football-angers-renonce-a-vendre-a-un-fonds-dinvestissement-americain\/#Comment_sappelle_le_terrain_ou_evolue_le_Stade_Rennais\" >Comment s\u2019appelle le terrain o\u00f9 \u00e9volue le Stade Rennais ?<\/a><\/li><li class='ez-toc-page-1 ez-toc-heading-level-3'><a class=\"ez-toc-link ez-toc-heading-6\" href=\"https:\/\/toukiela.com\/fr_be\/football-angers-renonce-a-vendre-a-un-fonds-dinvestissement-americain\/#Qui_part_du_Stade_Rennais\" >Qui part du Stade Rennais ?<\/a><\/li><\/ul><\/li><\/ul><\/nav><\/div>\n<h2 class=\"wp-block-heading\"><span class=\"ez-toc-section\" id=\"Quel_est_le_numero_de_maillot_de_Thomas_Mangani\"><\/span>Quel est le num\u00e9ro de maillot de Thomas Mangani ?<span class=\"ez-toc-section-end\"><\/span><\/h2>\n\n<figure><img decoding=\"async\" width=\"1600\" height=\"900\" src=\"https:\/\/toukiela.com\/wp-content\/uploads\/2022\/08\/Quel-est-le-numero-de-maillot-de-Thomas-Mangani-.jpeg\" class=\"attachment-full size-full\" alt=\"Quel est le num\u00e9ro de maillot de Thomas Mangani ?\" loading=\"lazy\" srcset=\"https:\/\/i0.wp.com\/toukiela.com\/wp-content\/uploads\/2022\/08\/Quel-est-le-numero-de-maillot-de-Thomas-Mangani-.jpeg?w=1600&amp;ssl=1 1600w, https:\/\/i0.wp.com\/toukiela.com\/wp-content\/uploads\/2022\/08\/Quel-est-le-numero-de-maillot-de-Thomas-Mangani-.jpeg?resize=300%2C169&amp;ssl=1 300w, https:\/\/i0.wp.com\/toukiela.com\/wp-content\/uploads\/2022\/08\/Quel-est-le-numero-de-maillot-de-Thomas-Mangani-.jpeg?resize=1024%2C576&amp;ssl=1 1024w, https:\/\/i0.wp.com\/toukiela.com\/wp-content\/uploads\/2022\/08\/Quel-est-le-numero-de-maillot-de-Thomas-Mangani-.jpeg?resize=768%2C432&amp;ssl=1 768w, https:\/\/i0.wp.com\/toukiela.com\/wp-content\/uploads\/2022\/08\/Quel-est-le-numero-de-maillot-de-Thomas-Mangani-.jpeg?resize=1536%2C864&amp;ssl=1 1536w, https:\/\/i0.wp.com\/toukiela.com\/wp-content\/uploads\/2022\/08\/Quel-est-le-numero-de-maillot-de-Thomas-Mangani-.jpeg?resize=18%2C10&amp;ssl=1 18w, https:\/\/i0.wp.com\/toukiela.com\/wp-content\/uploads\/2022\/08\/Quel-est-le-numero-de-maillot-de-Thomas-Mangani-.jpeg?resize=50%2C28&amp;ssl=1 50w, https:\/\/i0.wp.com\/toukiela.com\/wp-content\/uploads\/2022\/08\/Quel-est-le-numero-de-maillot-de-Thomas-Mangani-.jpeg?resize=1080%2C608&amp;ssl=1 1080w, https:\/\/i0.wp.com\/toukiela.com\/wp-content\/uploads\/2022\/08\/Quel-est-le-numero-de-maillot-de-Thomas-Mangani-.jpeg?resize=1280%2C720&amp;ssl=1 1280w, https:\/\/i0.wp.com\/toukiela.com\/wp-content\/uploads\/2022\/08\/Quel-est-le-numero-de-maillot-de-Thomas-Mangani-.jpeg?resize=980%2C551&amp;ssl=1 980w, https:\/\/i0.wp.com\/toukiela.com\/wp-content\/uploads\/2022\/08\/Quel-est-le-numero-de-maillot-de-Thomas-Mangani-.jpeg?resize=480%2C270&amp;ssl=1 480w\" sizes=\"auto, (max-width: 1600px) 100vw, 1600px\"><\/figure>\n\n<h2 class=\"wp-block-heading\"><span class=\"ez-toc-section\" id=\"Pourquoi_le_SCO_joue-t-il_en_noir_et_blanc\"><\/span>Pourquoi le SCO joue-t-il en noir et blanc ?<span class=\"ez-toc-section-end\"><\/span><\/h2>\n\n\n\n<p>Les premi\u00e8res couleurs du SCO \u00e9taient le bleu (chemise et bas) et le blanc (flottant), puis le noir a remplac\u00e9 le bleu dans les ann\u00e9es 1930 car le pr\u00e9sident de l\u2019\u00e9poque trouvait cette couleur \u00ab\u00a0plus seyante\u00a0\u00bb.<\/p>\n\n\n\n<h2 class=\"wp-block-heading\"><span class=\"ez-toc-section\" id=\"Pourquoi_le_SCO_joue-t-il_en_noir_et_blanc-2\"><\/span>Pourquoi le SCO joue-t-il en noir et blanc ?<span class=\"ez-toc-section-end\"><\/span><\/h2>\n\n\n\n<p>Les premi\u00e8res couleurs du SCO \u00e9taient le bleu (chemise et bas) et le blanc (flottant), puis le noir a remplac\u00e9 le bleu dans les ann\u00e9es 1930 car le pr\u00e9sident de l\u2019\u00e9poque trouvait cette couleur \u00ab\u00a0plus seyante\u00a0\u00bb.<\/p>\n\n\n\n<h2 class=\"wp-block-heading\"><span class=\"ez-toc-section\" id=\"Pourquoi_le_Stade_Rennais_joue-t-il_en_rouge_et_noir\"><\/span>Pourquoi le Stade Rennais joue-t-il en rouge et noir ?<span class=\"ez-toc-section-end\"><\/span><\/h2>\n\n\n\n<p>Le rouge et le noir ont \u00e9t\u00e9 adopt\u00e9s car le FC Rennais, fond\u00e9 par des \u00e9tudiants du mouvement anarcho-syndicaliste, \u00e9tait plus \u00e2g\u00e9. Le maillot a une identit\u00e9 la\u00efque, avec la couleur rouge de la r\u00e9publique, et catholique, avec le noir de la soutane du pr\u00eatre \u00bb.<\/p>\n\n\n\n<p>Quel est le bilan du Stade Rennais ?<\/p>\n\n\n\n<h3 class=\"wp-block-heading\"><span class=\"ez-toc-section\" id=\"Comment_sappelle_le_terrain_ou_evolue_le_Stade_Rennais\"><\/span>Comment s\u2019appelle le terrain o\u00f9 \u00e9volue le Stade Rennais ?<span class=\"ez-toc-section-end\"><\/span><\/h3>\n\n\n\n<p>Construction et premi\u00e8res ann\u00e9es L\u2019histoire du Roazhon Park a toujours \u00e9t\u00e9 li\u00e9e \u00e0 celle du Stade rennais FC. De sa cr\u00e9ation en 1901 jusqu\u2019en 1912, il \u00e9volue sur un terrain appartenant aux fr\u00e8res Richier, situ\u00e9 dans le quartier Mabilais, sur la rive sud de la Vilaine.<\/p>\n\n\n\n<h3 class=\"wp-block-heading\"><span class=\"ez-toc-section\" id=\"Qui_part_du_Stade_Rennais\"><\/span>Qui part du Stade Rennais ?<span class=\"ez-toc-section-end\"><\/span><\/h3>\n\n\n\n<p>Mathys Tel, transf\u00e9r\u00e9 cet \u00e9t\u00e9 du Stade Rennais au Bayern Munich pour 20 millions d\u2019euros (bonus), a disput\u00e9 ses premi\u00e8res minutes avec sa nouvelle \u00e9quipe.<\/p>\n\n<script type=\"application\/ld+json\">{\"@context\":\"https:\/\/schema.org\",\"@type\":\"FAQPage\",\"mainEntity\":[{\"@type\":\"Question\",\"name\":\"Quel est le num&eacute;ro de maillot de Thomas Mangani ?\",\"acceptedAnswer\":{\"@type\":\"Answer\",\"text\":\"\"}},{\"@type\":\"Question\",\"name\":\"Pourquoi le SCO joue-t-il en noir et blanc ?\",\"acceptedAnswer\":{\"@type\":\"Answer\",\"text\":\"Les premi&egrave;res couleurs du SCO &eacute;taient le bleu (chemise et bas) et le blanc (flottant), puis le noir a remplac&eacute; le bleu dans les ann&eacute;es 1930 car le pr&eacute;sident de l'&eacute;poque trouvait cette couleur \\\"plus seyante\\\".\"}},{\"@type\":\"Question\",\"name\":\"Pourquoi le SCO joue-t-il en noir et blanc ?\",\"acceptedAnswer\":{\"@type\":\"Answer\",\"text\":\"Les premi&egrave;res couleurs du SCO &eacute;taient le bleu (chemise et bas) et le blanc (flottant), puis le noir a remplac&eacute; le bleu dans les ann&eacute;es 1930 car le pr&eacute;sident de l'&eacute;poque trouvait cette couleur \\\"plus seyante\\\".\"}},{\"@type\":\"Question\",\"name\":\"Pourquoi le Stade Rennais joue-t-il en rouge et noir ?\",\"acceptedAnswer\":{\"@type\":\"Answer\",\"text\":\"Le rouge et le noir ont &eacute;t&eacute; adopt&eacute;s car le FC Rennais, fond&eacute; par des &eacute;tudiants du mouvement anarcho-syndicaliste, &eacute;tait plus &acirc;g&eacute;. Le maillot a une identit&eacute; la&iuml;que, avec la couleur rouge de la r&eacute;publique, et catholique, avec le noir de la soutane du pr&ecirc;tre &raquo;.Quel est le bilan du Stade Rennais ?\"}}]}<\/script>\n\n","protected":false},"excerpt":{"rendered":"","protected":false},"author":3,"featured_media":3461,"comment_status":"open","ping_status":"open","sticky":false,"template":"","format":"standard","meta":{"_seopress_robots_primary_cat":"","_seopress_titles_title":"","_seopress_titles_desc":"","_seopress_robots_index":"","footnotes":""},"categories":[584],"tags":[],"class_list":["post-3460","post","type-post","status-publish","format-standard","has-post-thumbnail","hentry","category-football","generate-columns","tablet-grid-50","mobile-grid-100","grid-parent","grid-50"],"_links":{"self":[{"href":"https:\/\/toukiela.com\/fr_be\/wp-json\/wp\/v2\/posts\/3460","targetHints":{"allow":["GET"]}}],"collection":[{"href":"https:\/\/toukiela.com\/fr_be\/wp-json\/wp\/v2\/posts"}],"about":[{"href":"https:\/\/toukiela.com\/fr_be\/wp-json\/wp\/v2\/types\/post"}],"author":[{"embeddable":true,"href":"https:\/\/toukiela.com\/fr_be\/wp-json\/wp\/v2\/users\/3"}],"replies":[{"embeddable":true,"href":"https:\/\/toukiela.com\/fr_be\/wp-json\/wp\/v2\/comments?post=3460"}],"version-history":[{"count":0,"href":"https:\/\/toukiela.com\/fr_be\/wp-json\/wp\/v2\/posts\/3460\/revisions"}],"wp:featuredmedia":[{"embeddable":true,"href":"https:\/\/toukiela.com\/fr_be\/wp-json\/wp\/v2\/media\/3461"}],"wp:attachment":[{"href":"https:\/\/toukiela.com\/fr_be\/wp-json\/wp\/v2\/media?parent=3460"}],"wp:term":[{"taxonomy":"category","embeddable":true,"href":"https:\/\/toukiela.com\/fr_be\/wp-json\/wp\/v2\/categories?post=3460"},{"taxonomy":"post_tag","embeddable":true,"href":"https:\/\/toukiela.com\/fr_be\/wp-json\/wp\/v2\/tags?post=3460"}],"curies":[{"name":"wp","href":"https:\/\/api.w.org\/{rel}","templated":true}]}}