{"id":3437,"date":"2022-08-06T20:54:34","date_gmt":"2022-08-06T20:54:34","guid":{"rendered":"https:\/\/toukiela.com\/sofoot-meilleur-site-dactualites-foot\/"},"modified":"2022-08-06T20:54:34","modified_gmt":"2022-08-06T20:54:34","slug":"sofoot-meilleur-site-dactualites-foot","status":"publish","type":"post","link":"https:\/\/toukiela.com\/fr_be\/sofoot-meilleur-site-dactualites-foot\/","title":{"rendered":"Sofoot meilleur site d&rsquo;actualit\u00e9s foot ?"},"content":{"rendered":"<p><strong>Les Chinois ont sans doute \u00e9t\u00e9 les premiers \u00e0 frapper un ballon en \u00e9quipe au 3\u00e8me si\u00e8cle avant JC, et les contours du jeu connu sous le nom de football ont \u00e9t\u00e9 d\u00e9finis en Angleterre au 19\u00e8me si\u00e8cle. Mais l\u2019anc\u00eatre de la plupart des jeux de balle que nous connaissons a \u00e9t\u00e9 jou\u00e9 dans les Am\u00e9riques.<\/strong><\/p>\n\n\n\n<div id=\"ez-toc-container\" class=\"ez-toc-v2_0_82_2 counter-hierarchy ez-toc-counter ez-toc-grey ez-toc-container-direction\">\n<p class=\"ez-toc-title\" style=\"cursor:inherit\">Sommaire<\/p>\n<label for=\"ez-toc-cssicon-toggle-item-69f1fbf493efe\" class=\"ez-toc-cssicon-toggle-label\"><span class=\"\"><span class=\"eztoc-hide\" style=\"display:none;\">Toggle<\/span><span class=\"ez-toc-icon-toggle-span\"><svg style=\"fill: #999;color:#999\" xmlns=\"http:\/\/www.w3.org\/2000\/svg\" class=\"list-377408\" width=\"20px\" height=\"20px\" viewBox=\"0 0 24 24\" fill=\"none\"><path d=\"M6 6H4v2h2V6zm14 0H8v2h12V6zM4 11h2v2H4v-2zm16 0H8v2h12v-2zM4 16h2v2H4v-2zm16 0H8v2h12v-2z\" fill=\"currentColor\"><\/path><\/svg><svg style=\"fill: #999;color:#999\" class=\"arrow-unsorted-368013\" xmlns=\"http:\/\/www.w3.org\/2000\/svg\" width=\"10px\" height=\"10px\" viewBox=\"0 0 24 24\" version=\"1.2\" baseProfile=\"tiny\"><path d=\"M18.2 9.3l-6.2-6.3-6.2 6.3c-.2.2-.3.4-.3.7s.1.5.3.7c.2.2.4.3.7.3h11c.3 0 .5-.1.7-.3.2-.2.3-.5.3-.7s-.1-.5-.3-.7zM5.8 14.7l6.2 6.3 6.2-6.3c.2-.2.3-.5.3-.7s-.1-.5-.3-.7c-.2-.2-.4-.3-.7-.3h-11c-.3 0-.5.1-.7.3-.2.2-.3.5-.3.7s.1.5.3.7z\"\/><\/svg><\/span><\/span><\/label><input type=\"checkbox\"  id=\"ez-toc-cssicon-toggle-item-69f1fbf493efe\"  aria-label=\"Toggle\" \/><nav><ul class='ez-toc-list ez-toc-list-level-1 ' ><li class='ez-toc-page-1 ez-toc-heading-level-2'><a class=\"ez-toc-link ez-toc-heading-1\" href=\"https:\/\/toukiela.com\/fr_be\/sofoot-meilleur-site-dactualites-foot\/#Quels_sont_les_transferts_au_PSG\" >Quels sont les transferts au PSG ?<\/a><ul class='ez-toc-list-level-3' ><li class='ez-toc-heading-level-3'><a class=\"ez-toc-link ez-toc-heading-2\" href=\"https:\/\/toukiela.com\/fr_be\/sofoot-meilleur-site-dactualites-foot\/#Qui_vient_darriver_au_PSG\" >Qui vient d\u2019arriver au PSG ?<\/a><ul class='ez-toc-list-level-4' ><li class='ez-toc-heading-level-4'><a class=\"ez-toc-link ez-toc-heading-3\" href=\"https:\/\/toukiela.com\/fr_be\/sofoot-meilleur-site-dactualites-foot\/#Quel_attaquant_pour_le_PSG\" >Quel attaquant pour le PSG ?<\/a><\/li><li class='ez-toc-page-1 ez-toc-heading-level-4'><a class=\"ez-toc-link ez-toc-heading-4\" href=\"https:\/\/toukiela.com\/fr_be\/sofoot-meilleur-site-dactualites-foot\/#Qui_a_signe_au_PSG_en_2022\" >Qui a sign\u00e9 au PSG en 2022 ?<\/a><\/li><\/ul><\/li><li class='ez-toc-page-1 ez-toc-heading-level-3'><a class=\"ez-toc-link ez-toc-heading-5\" href=\"https:\/\/toukiela.com\/fr_be\/sofoot-meilleur-site-dactualites-foot\/#Qui_sont_les_nouvelles_recrues_du_PSG\" >Qui sont les nouvelles recrues du PSG ?<\/a><ul class='ez-toc-list-level-4' ><li class='ez-toc-heading-level-4'><a class=\"ez-toc-link ez-toc-heading-6\" href=\"https:\/\/toukiela.com\/fr_be\/sofoot-meilleur-site-dactualites-foot\/#Quels_sont_les_departs_du_PSG\" >Quels sont les d\u00e9parts du PSG ?<\/a><\/li><li class='ez-toc-page-1 ez-toc-heading-level-4'><a class=\"ez-toc-link ez-toc-heading-7\" href=\"https:\/\/toukiela.com\/fr_be\/sofoot-meilleur-site-dactualites-foot\/#Quel_attaquant_pour_le_PSG-2\" >Quel attaquant pour le PSG ?<\/a><\/li><\/ul><\/li><li class='ez-toc-page-1 ez-toc-heading-level-3'><a class=\"ez-toc-link ez-toc-heading-8\" href=\"https:\/\/toukiela.com\/fr_be\/sofoot-meilleur-site-dactualites-foot\/#Qui_a_signe_au_PSG_en_2022-2\" >Qui a sign\u00e9 au PSG en 2022 ?<\/a><ul class='ez-toc-list-level-4' ><li class='ez-toc-heading-level-4'><a class=\"ez-toc-link ez-toc-heading-9\" href=\"https:\/\/toukiela.com\/fr_be\/sofoot-meilleur-site-dactualites-foot\/#Quel_attaquant_pour_le_PSG-3\" >Quel attaquant pour le PSG ?<\/a><\/li><li class='ez-toc-page-1 ez-toc-heading-level-4'><a class=\"ez-toc-link ez-toc-heading-10\" href=\"https:\/\/toukiela.com\/fr_be\/sofoot-meilleur-site-dactualites-foot\/#Qui_a_signe_au_PSG_2022\" >Qui a sign\u00e9 au PSG 2022 ?<\/a><\/li><\/ul><\/li><\/ul><\/li><li class='ez-toc-page-1 ez-toc-heading-level-2'><a class=\"ez-toc-link ez-toc-heading-11\" href=\"https:\/\/toukiela.com\/fr_be\/sofoot-meilleur-site-dactualites-foot\/#Quand_commence_le_mercato_estival_2020\" >Quand commence le mercato estival 2020 ?<\/a><ul class='ez-toc-list-level-3' ><li class='ez-toc-heading-level-3'><a class=\"ez-toc-link ez-toc-heading-12\" href=\"https:\/\/toukiela.com\/fr_be\/sofoot-meilleur-site-dactualites-foot\/#A_quand_le_mercato_dete_2022\" >A quand le mercato d\u2019\u00e9t\u00e9 2022 ?<\/a><ul class='ez-toc-list-level-4' ><li class='ez-toc-heading-level-4'><a class=\"ez-toc-link ez-toc-heading-13\" href=\"https:\/\/toukiela.com\/fr_be\/sofoot-meilleur-site-dactualites-foot\/#Quelle_est_la_date_du_prochain_mercato\" >Quelle est la date du prochain mercato ?<\/a><\/li><li class='ez-toc-page-1 ez-toc-heading-level-4'><a class=\"ez-toc-link ez-toc-heading-14\" href=\"https:\/\/toukiela.com\/fr_be\/sofoot-meilleur-site-dactualites-foot\/#Quand_se_termine_le_mercato_2022\" >Quand se termine le mercato 2022 ?<\/a><\/li><\/ul><\/li><li class='ez-toc-page-1 ez-toc-heading-level-3'><a class=\"ez-toc-link ez-toc-heading-15\" href=\"https:\/\/toukiela.com\/fr_be\/sofoot-meilleur-site-dactualites-foot\/#Quand_commence_le_mercato_2021_2022\" >Quand commence le mercato 2021 2022 ?<\/a><ul class='ez-toc-list-level-4' ><li class='ez-toc-heading-level-4'><a class=\"ez-toc-link ez-toc-heading-16\" href=\"https:\/\/toukiela.com\/fr_be\/sofoot-meilleur-site-dactualites-foot\/#A_quand_le_prochain_mercato\" >A quand le prochain mercato ?<\/a><\/li><li class='ez-toc-page-1 ez-toc-heading-level-4'><a class=\"ez-toc-link ez-toc-heading-17\" href=\"https:\/\/toukiela.com\/fr_be\/sofoot-meilleur-site-dactualites-foot\/#Quand_commence_le_mercato\" >Quand commence le mercato ?<\/a><\/li><\/ul><\/li><\/ul><\/li><li class='ez-toc-page-1 ez-toc-heading-level-2'><a class=\"ez-toc-link ez-toc-heading-18\" href=\"https:\/\/toukiela.com\/fr_be\/sofoot-meilleur-site-dactualites-foot\/#Quel_est_le_plus_gros_transfert\" >Quel est le plus gros transfert ?<\/a><ul class='ez-toc-list-level-3' ><li class='ez-toc-heading-level-3'><a class=\"ez-toc-link ez-toc-heading-19\" href=\"https:\/\/toukiela.com\/fr_be\/sofoot-meilleur-site-dactualites-foot\/#Quel_est_le_meilleur_transfert_de_tous_les_temps\" >Quel est le meilleur transfert de tous les temps ?<\/a><ul class='ez-toc-list-level-4' ><li class='ez-toc-heading-level-4'><a class=\"ez-toc-link ez-toc-heading-20\" href=\"https:\/\/toukiela.com\/fr_be\/sofoot-meilleur-site-dactualites-foot\/#Comment_negocier_le_contrat_dun_footballeur\" >Comment n\u00e9gocier le contrat d\u2019un footballeur ?<\/a><\/li><li class='ez-toc-page-1 ez-toc-heading-level-4'><a class=\"ez-toc-link ez-toc-heading-21\" href=\"https:\/\/toukiela.com\/fr_be\/sofoot-meilleur-site-dactualites-foot\/#Ou_va_largent_du_transfert\" >O\u00f9 va l\u2019argent du transfert ?<\/a><\/li><\/ul><\/li><\/ul><\/li><li class='ez-toc-page-1 ez-toc-heading-level-2'><a class=\"ez-toc-link ez-toc-heading-22\" href=\"https:\/\/toukiela.com\/fr_be\/sofoot-meilleur-site-dactualites-foot\/#Quel_est_le_pays_du_football\" >Quel est le pays du football ?<\/a><ul class='ez-toc-list-level-3' ><li class='ez-toc-heading-level-3'><a class=\"ez-toc-link ez-toc-heading-23\" href=\"https:\/\/toukiela.com\/fr_be\/sofoot-meilleur-site-dactualites-foot\/#Quel_pays_est_le_plus_fort_en_football\" >Quel pays est le plus fort en football ?<\/a><ul class='ez-toc-list-level-4' ><li class='ez-toc-heading-level-4'><a class=\"ez-toc-link ez-toc-heading-24\" href=\"https:\/\/toukiela.com\/fr_be\/sofoot-meilleur-site-dactualites-foot\/#Quel_pays_est_le_pire_au_football\" >Quel pays est le pire au football ?<\/a><\/li><li class='ez-toc-page-1 ez-toc-heading-level-4'><a class=\"ez-toc-link ez-toc-heading-25\" href=\"https:\/\/toukiela.com\/fr_be\/sofoot-meilleur-site-dactualites-foot\/#Quel_est_le_meilleur_pays_footballistique\" >Quel est le meilleur pays footballistique ?<\/a><\/li><\/ul><\/li><li class='ez-toc-page-1 ez-toc-heading-level-3'><a class=\"ez-toc-link ez-toc-heading-26\" href=\"https:\/\/toukiela.com\/fr_be\/sofoot-meilleur-site-dactualites-foot\/#Qui_a_invente_le_foot\" >Qui a invent\u00e9 le foot ?<\/a><ul class='ez-toc-list-level-4' ><li class='ez-toc-heading-level-4'><a class=\"ez-toc-link ez-toc-heading-27\" href=\"https:\/\/toukiela.com\/fr_be\/sofoot-meilleur-site-dactualites-foot\/#Qui_a_marque_le_premier_but_de_lhistoire_du_football\" >Qui a marqu\u00e9 le premier but de l\u2019histoire du football ?<\/a><\/li><li class='ez-toc-page-1 ez-toc-heading-level-4'><a class=\"ez-toc-link ez-toc-heading-28\" href=\"https:\/\/toukiela.com\/fr_be\/sofoot-meilleur-site-dactualites-foot\/#Quelle_est_lorigine_du_foot\" >Quelle est l\u2019origine du foot ?<\/a><\/li><\/ul><\/li><\/ul><\/li><li class='ez-toc-page-1 ez-toc-heading-level-2'><a class=\"ez-toc-link ez-toc-heading-29\" href=\"https:\/\/toukiela.com\/fr_be\/sofoot-meilleur-site-dactualites-foot\/#Qui_a_signe_au_Barca_2022-2023\" >Qui a sign\u00e9 au Bar\u00e7a 2022-2023 ?<\/a><ul class='ez-toc-list-level-3' ><li class='ez-toc-heading-level-3'><a class=\"ez-toc-link ez-toc-heading-30\" href=\"https:\/\/toukiela.com\/fr_be\/sofoot-meilleur-site-dactualites-foot\/#Qui_est_la_nouvelle_recrue_du_Barca\" >Qui est la nouvelle recrue du Bar\u00e7a ?<\/a><ul class='ez-toc-list-level-4' ><li class='ez-toc-heading-level-4'><a class=\"ez-toc-link ez-toc-heading-31\" href=\"https:\/\/toukiela.com\/fr_be\/sofoot-meilleur-site-dactualites-foot\/#Qui_sont_les_nouvelles_recrues_du_Barca\" >Qui sont les nouvelles recrues du Bar\u00e7a ?<\/a><\/li><li class='ez-toc-page-1 ez-toc-heading-level-4'><a class=\"ez-toc-link ez-toc-heading-32\" href=\"https:\/\/toukiela.com\/fr_be\/sofoot-meilleur-site-dactualites-foot\/#Qui_a_signe_au_Barca\" >Qui a sign\u00e9 au Bar\u00e7a ?<\/a><\/li><\/ul><\/li><\/ul><\/li><\/ul><\/nav><\/div>\n<h2 class=\"wp-block-heading\"><span class=\"ez-toc-section\" id=\"Quels_sont_les_transferts_au_PSG\"><\/span>Quels sont les transferts au PSG ?<span class=\"ez-toc-section-end\"><\/span><\/h2>\n\n<figure><img decoding=\"async\" width=\"1200\" height=\"630\" src=\"https:\/\/toukiela.com\/wp-content\/uploads\/2022\/08\/Quels-sont-les-transferts-au-PSG-.png\" class=\"attachment-full size-full\" alt=\"Quels sont les transferts au PSG ?\" loading=\"lazy\" srcset=\"https:\/\/i0.wp.com\/toukiela.com\/wp-content\/uploads\/2022\/08\/Quels-sont-les-transferts-au-PSG-.png?w=1200&amp;ssl=1 1200w, https:\/\/i0.wp.com\/toukiela.com\/wp-content\/uploads\/2022\/08\/Quels-sont-les-transferts-au-PSG-.png?resize=300%2C158&amp;ssl=1 300w, https:\/\/i0.wp.com\/toukiela.com\/wp-content\/uploads\/2022\/08\/Quels-sont-les-transferts-au-PSG-.png?resize=1024%2C538&amp;ssl=1 1024w, https:\/\/i0.wp.com\/toukiela.com\/wp-content\/uploads\/2022\/08\/Quels-sont-les-transferts-au-PSG-.png?resize=768%2C403&amp;ssl=1 768w, https:\/\/i0.wp.com\/toukiela.com\/wp-content\/uploads\/2022\/08\/Quels-sont-les-transferts-au-PSG-.png?resize=18%2C9&amp;ssl=1 18w, https:\/\/i0.wp.com\/toukiela.com\/wp-content\/uploads\/2022\/08\/Quels-sont-les-transferts-au-PSG-.png?resize=50%2C26&amp;ssl=1 50w, https:\/\/i0.wp.com\/toukiela.com\/wp-content\/uploads\/2022\/08\/Quels-sont-les-transferts-au-PSG-.png?resize=1080%2C567&amp;ssl=1 1080w, https:\/\/i0.wp.com\/toukiela.com\/wp-content\/uploads\/2022\/08\/Quels-sont-les-transferts-au-PSG-.png?resize=980%2C515&amp;ssl=1 980w, https:\/\/i0.wp.com\/toukiela.com\/wp-content\/uploads\/2022\/08\/Quels-sont-les-transferts-au-PSG-.png?resize=480%2C252&amp;ssl=1 480w\" sizes=\"auto, (max-width: 1200px) 100vw, 1200px\"><\/figure>\n\n<ul class=\"wp-block-list\"><li>Nordi Mukiele Leipzig 12 M\u00e2\u00ac Transfert.<\/li><li>Hugo Ekitike Reims Pr\u00eat.<\/li><li>Timoth\u00e9e Pemb\u00e9l\u00e9 Bordeaux De retour de pr\u00eat.<\/li><li>Kenny Nagera Bastia De retour de pr\u00eat.<\/li><li>Arnaud Kalimuendo Lens De retour de pr\u00eat.<\/li><li>Vitor Ferreira Porto 41,5 M\u00e2\u00ac Transfert.<\/li><li>Teddy Alloh Eupen De retour de pr\u00eat.<\/li><li>Nuno Mendes Sporting 38 M\u00e2\u00ac Transfert.<\/li><\/ul>\n\n\n\n<p>Qui va recruter le PSG ? Apr\u00e8s avoir trouv\u00e9 un accord pour recruter Renato Sanches (Lille), le PSG jette d\u00e9sormais son d\u00e9volu sur Bernardo Silva, le milieu de terrain de Manchester City.<\/p>\n\n\n\n<h3 class=\"wp-block-heading\"><span class=\"ez-toc-section\" id=\"Qui_vient_darriver_au_PSG\"><\/span>Qui vient d\u2019arriver au PSG ?<span class=\"ez-toc-section-end\"><\/span><\/h3>\n\n\n\n<p>Jusqu\u2019ici, et avec l\u2019officialisation du transfert de Renato Sanches en provenance de Lille, le PSG a recrut\u00e9 trois joueurs : le milieu de terrain portugais Vitinha (ex-Porto), le jeune attaquant fran\u00e7ais (20 ans) Hugo Ekitike (ex-Reims) et le d\u00e9fenseur fran\u00e7ais Nordi Mukiele ( ex-RB Leipzig).<\/p>\n\n\n\n<h4 class=\"wp-block-heading\"><span class=\"ez-toc-section\" id=\"Quel_attaquant_pour_le_PSG\"><\/span>Quel attaquant pour le PSG ?<span class=\"ez-toc-section-end\"><\/span><\/h4>\n\n\n\n<h4 class=\"wp-block-heading\"><span class=\"ez-toc-section\" id=\"Qui_a_signe_au_PSG_en_2022\"><\/span>Qui a sign\u00e9 au PSG en 2022 ?<span class=\"ez-toc-section-end\"><\/span><\/h4>\n\n\n\n<p>C\u2019est officiel. Renato Sanches rejoint le Paris Saint-Germain. Le club a annonc\u00e9 l\u2019arriv\u00e9e de l\u2019international portugais en provenance du Losc, ce jeudi 4 ao\u00fbt 2022.<\/p>\n\n\n\n<h3 class=\"wp-block-heading\"><span class=\"ez-toc-section\" id=\"Qui_sont_les_nouvelles_recrues_du_PSG\"><\/span>Qui sont les nouvelles recrues du PSG ?<span class=\"ez-toc-section-end\"><\/span><\/h3>\n\n\n\n<p>Polyvalent, Nordi Mukiele dispose d\u2019une s\u00e9lection avec les Bleus, en septembre 2021. Dans les prochains jours, quatre ou cinq autres joueurs devraient \u00eatre recrut\u00e9s, dont Milan Skriniar et Renato Sanches, approch\u00e9s au Paris-Saint-Germain.<\/p>\n\n\n\n<h4 class=\"wp-block-heading\"><span class=\"ez-toc-section\" id=\"Quels_sont_les_departs_du_PSG\"><\/span>Quels sont les d\u00e9parts du PSG ?<span class=\"ez-toc-section-end\"><\/span><\/h4>\n\n\n\n<figure class=\"wp-block-table is-style-regular\"><table><tr><th>Arriv\u00e9es<\/th><th>d\u00e9parts<\/th><th>Transf\u00e9rer<\/th><\/tr><tr><td><\/td><td>C. Dagba Strasbourg<\/td><td>06\/07 p.<\/td><\/tr><tr><td>Nice C. Galtier<\/td><td><\/td><td>05\/07 je.<\/td><\/tr><tr><td>Real Sociedad Rafinha<\/td><td><\/td><td>01\/07 je.<\/td><\/tr><tr><td><\/td><td>Nuno Mendes Sporting Lisbonne<\/td><td>01\/07 je.<\/td><\/tr><\/table><\/figure>\n\n\n\n<h4 class=\"wp-block-heading\"><span class=\"ez-toc-section\" id=\"Quel_attaquant_pour_le_PSG-2\"><\/span>Quel attaquant pour le PSG ?<span class=\"ez-toc-section-end\"><\/span><\/h4>\n\n\n\n<h3 class=\"wp-block-heading\"><span class=\"ez-toc-section\" id=\"Qui_a_signe_au_PSG_en_2022-2\"><\/span>Qui a sign\u00e9 au PSG en 2022 ?<span class=\"ez-toc-section-end\"><\/span><\/h3>\n\n\n\n<p>C\u2019est officiel. Renato Sanches rejoint le Paris Saint-Germain. Le club a annonc\u00e9 l\u2019arriv\u00e9e de l\u2019international portugais en provenance du Losc, ce jeudi 4 ao\u00fbt 2022.<\/p>\n\n\n\n<h4 class=\"wp-block-heading\"><span class=\"ez-toc-section\" id=\"Quel_attaquant_pour_le_PSG-3\"><\/span>Quel attaquant pour le PSG ?<span class=\"ez-toc-section-end\"><\/span><\/h4>\n\n\n\n<h4 class=\"wp-block-heading\"><span class=\"ez-toc-section\" id=\"Qui_a_signe_au_PSG_2022\"><\/span>Qui a sign\u00e9 au PSG 2022 ?<span class=\"ez-toc-section-end\"><\/span><\/h4>\n\n\n\n<figure class=\"wp-block-table is-style-regular\"><table><tr><th>#<\/th><th>TRANSPORTEURS<\/th><th>Coups<\/th><\/tr><tr><td>9<\/td><td>Mauro Icardi 29 ans<\/td><td>3<\/td><\/tr><tr><td>23<\/td><td>Julian Draxler 28 ans<\/td><td>0<\/td><\/tr><tr><td>29<\/td><td>Arnaud Kalimuendo 20 ans<\/td><td>4<\/td><\/tr><tr><td>30<\/td><td>Lionel Messi 35 ans<\/td><td>dix<\/td><\/tr><\/table><\/figure>\n\n\n\n<h2 class=\"wp-block-heading\"><span class=\"ez-toc-section\" id=\"Quand_commence_le_mercato_estival_2020\"><\/span>Quand commence le mercato estival 2020 ?<span class=\"ez-toc-section-end\"><\/span><\/h2>\n\n\n\n<p>Le mercato estival s\u2019ouvrira le vendredi 10 juin \u00e0 minuit pour les clubs de Ligue 1, qui auront jusqu\u2019au jeudi 1er septembre \u00e0 23h00. recruter ou vendre des joueurs, a annonc\u00e9 mercredi la Ligue de football professionnel (LFP).<\/p>\n\n\n\n<p>Quand se termine le mercato 2022 ? Ouvert depuis le 10 juin, le mercato estival s\u2019\u00e9tend jusqu\u2019au 1er septembre en France.<\/p>\n\n\n\n<h3 class=\"wp-block-heading\"><span class=\"ez-toc-section\" id=\"A_quand_le_mercato_dete_2022\"><\/span>A quand le mercato d\u2019\u00e9t\u00e9 2022 ?<span class=\"ez-toc-section-end\"><\/span><\/h3>\n\n\n\n<p>L\u2019\u00e9dition 2022 du mercato estival de football ouvre ses portes le 10 juin. Ses chiffres vertigineux devraient se rapprocher de ceux de l\u2019\u00e8re pr\u00e9-Covid.<\/p>\n\n\n\n<h4 class=\"wp-block-heading\"><span class=\"ez-toc-section\" id=\"Quelle_est_la_date_du_prochain_mercato\"><\/span>Quelle est la date du prochain mercato ?<span class=\"ez-toc-section-end\"><\/span><\/h4>\n\n\n\n<p>Le mercato estival d\u00e9butera en France le vendredi 10 juin 2022 \u00e0 minuit et concernera tous les clubs des divisions professionnelle ou amateur. Celui-ci a \u00e9t\u00e9 adopt\u00e9 le 4 mai apr\u00e8s la r\u00e9union du conseil d\u2019administration de la LFP.<\/p>\n\n\n\n<h4 class=\"wp-block-heading\"><span class=\"ez-toc-section\" id=\"Quand_se_termine_le_mercato_2022\"><\/span>Quand se termine le mercato 2022 ?<span class=\"ez-toc-section-end\"><\/span><\/h4>\n\n\n\n<p>Le mercato estival d\u00e9butera le vendredi 10 juin 2022 \u00e0 minuit et se terminera le jeudi 1er septembre \u00e0 23 heures. A noter le passage de minuit \u00e0 23h. pour la fermeture du mercato permettant aux clubs de finaliser plus sereinement leurs transferts internationaux.<\/p>\n\n\n\n<h3 class=\"wp-block-heading\"><span class=\"ez-toc-section\" id=\"Quand_commence_le_mercato_2021_2022\"><\/span>Quand commence le mercato 2021 2022 ?<span class=\"ez-toc-section-end\"><\/span><\/h3>\n\n\n\n<p>Quand s\u2019ouvre le mercato d\u2019\u00e9t\u00e9 2022 ? Le mercato estival d\u00e9butera en France le vendredi 10 juin 2022 \u00e0 minuit et concernera tous les clubs des divisions professionnelle ou amateur. Celui-ci a \u00e9t\u00e9 adopt\u00e9 le 4 mai apr\u00e8s la r\u00e9union du conseil d\u2019administration de la LFP.<\/p>\n\n\n\n<h4 class=\"wp-block-heading\"><span class=\"ez-toc-section\" id=\"A_quand_le_prochain_mercato\"><\/span>A quand le prochain mercato ?<span class=\"ez-toc-section-end\"><\/span><\/h4>\n\n\n\n<p>Le mercato estival d\u00e9butera le vendredi 10 juin 2022 \u00e0 0h00 et se terminera le jeudi 1er septembre 2022 \u00e0 23h00. pour l\u2019envoi des contrats \u00e0 la LFP.<\/p>\n\n\n\n<h4 class=\"wp-block-heading\"><span class=\"ez-toc-section\" id=\"Quand_commence_le_mercato\"><\/span>Quand commence le mercato ?<span class=\"ez-toc-section-end\"><\/span><\/h4>\n\n\n\n<p>Le mercato estival d\u00e9butera le vendredi 10 juin 2022 \u00e0 00h00 et se terminera le jeudi 1er septembre 2022 \u00e0 23h00. pour l\u2019envoi des contrats \u00e0 la LFP.<\/p>\n\n\n\n<h2 class=\"wp-block-heading\"><span class=\"ez-toc-section\" id=\"Quel_est_le_plus_gros_transfert\"><\/span>Quel est le plus gros transfert ?<span class=\"ez-toc-section-end\"><\/span><\/h2>\n\n\n\n<p>Jack Grealish (d\u2019Aston Villa \u00e0 Manchester City, 2021) Son transfert d\u2019Aston Villa est le plus gros de l\u2019histoire de la Premier League : 100 millions de livres, soit environ 117 millions d\u2019euros.<\/p>\n\n\n\n<p>Quel est le transfert de football le plus cher ? Le championnat de France est bien repr\u00e9sent\u00e9 dans le Top 10 des joueurs les plus chers de ce mercato estival 2022. Au sens des d\u00e9parts, il a profit\u00e9 du transfert d\u2019Aur\u00e9lien Tchouameni au Real Madrid, pour 80 millions d\u2019euros, pour occuper le top. du classement.<\/p>\n\n\n\n<h3 class=\"wp-block-heading\"><span class=\"ez-toc-section\" id=\"Quel_est_le_meilleur_transfert_de_tous_les_temps\"><\/span>Quel est le meilleur transfert de tous les temps ?<span class=\"ez-toc-section-end\"><\/span><\/h3>\n\n\n\n<p>1. Neymar : 222 M\u20ac<\/p>\n\n\n\n<h4 class=\"wp-block-heading\"><span class=\"ez-toc-section\" id=\"Comment_negocier_le_contrat_dun_footballeur\"><\/span>Comment n\u00e9gocier le contrat d\u2019un footballeur ?<span class=\"ez-toc-section-end\"><\/span><\/h4>\n\n\n\n<p>La prime de signature fait partie du montant total du transfert, y compris les salaires, les commissions et les frais administratifs. Le pourcentage qui revient \u00e0 l\u2019agent des footballeurs est donc n\u00e9goci\u00e9 en amont avec le joueur. En France, il est plafonn\u00e9 \u00e0 10 % du salaire annuel du joueur, prime \u00e0 la signature incluse.<\/p>\n\n\n\n<h4 class=\"wp-block-heading\"><span class=\"ez-toc-section\" id=\"Ou_va_largent_du_transfert\"><\/span>O\u00f9 va l\u2019argent du transfert ?<span class=\"ez-toc-section-end\"><\/span><\/h4>\n\n\n\n<p>En aucun cas le joueur ne per\u00e7oit une partie du prix de son transfert, l\u2019argent de la transaction va en grande partie au club vendeur et \u00e0 l\u2019agent du joueur. mais Qui paie le salaire d\u2019un joueur pr\u00eat\u00e9 ? Un joueur pr\u00eat\u00e9 verra son salaire pay\u00e9 \u00e0 50% par son club propri\u00e9taire et \u00e0 50% par le club qui l\u2019embauche.<\/p>\n\n\n\n<h2 class=\"wp-block-heading\"><span class=\"ez-toc-section\" id=\"Quel_est_le_pays_du_football\"><\/span>Quel est le pays du football ?<span class=\"ez-toc-section-end\"><\/span><\/h2>\n\n\n\n<p>Dans la culture populaire, le Br\u00e9sil est \u00ab o pais do futebol \u00bb, c\u2019est-\u00e0-dire en anglais : le pays du football.<\/p>\n\n\n\n<p>Comment s\u2019appelle le foot ? Le football \/futbol\/ (ou dans le langage courant simplement foot, par apocope), ou soccer (\/s\u00c9k\u00c5\u00ca\/, en anglais : [\u00cbs\u00c9k\u00c9] ; en Am\u00e9rique du Nord), est un sport collectif jou\u00e9 avec un ballon sph\u00e9rique entre deux \u00e9quipes de onze joueurs .<\/p>\n\n\n\n<h3 class=\"wp-block-heading\"><span class=\"ez-toc-section\" id=\"Quel_pays_est_le_plus_fort_en_football\"><\/span>Quel pays est le plus fort en football ?<span class=\"ez-toc-section-end\"><\/span><\/h3>\n\n\n\n<figure class=\"wp-block-table is-style-regular\"><table><tr><th>Rang<\/th><th>Pays<\/th><th>Points<\/th><\/tr><tr><td>1<\/td><td> Br\u00e9sil<\/td><td>1837.56<\/td><\/tr><tr><td>2<\/td><td> Belgique<\/td><td>1821.92<\/td><\/tr><tr><td>3<\/td><td> Argentine<\/td><td>1770.65<\/td><\/tr><tr><td>4<\/td><td> France<\/td><td>1764.85<\/td><\/tr><\/table><\/figure>\n\n\n\n<h4 class=\"wp-block-heading\"><span class=\"ez-toc-section\" id=\"Quel_pays_est_le_pire_au_football\"><\/span>Quel pays est le pire au football ?<span class=\"ez-toc-section-end\"><\/span><\/h4>\n\n\n\n<p>L\u2019\u00e9quipe nationale de Saint-Marin est parfois consid\u00e9r\u00e9e par les journalistes sportifs comme la pire \u00e9quipe nationale de l\u2019histoire du football de tous les temps, en raison de son classement FIFA et de r\u00e9sultats statistiquement faibles (un seul match gagn\u00e9 depuis ses d\u00e9buts, avec une moyenne de 4,2 buts\u2026<\/p>\n\n\n\n<h4 class=\"wp-block-heading\"><span class=\"ez-toc-section\" id=\"Quel_est_le_meilleur_pays_footballistique\"><\/span>Quel est le meilleur pays footballistique ?<span class=\"ez-toc-section-end\"><\/span><\/h4>\n\n\n\n<p>Italie 1 713,86 points. Pays-Bas 1 679,41 points. Portugal 1 678,65 points. Danemark 1665,47 points.<\/p>\n\n\n\n<h3 class=\"wp-block-heading\"><span class=\"ez-toc-section\" id=\"Qui_a_invente_le_foot\"><\/span>Qui a invent\u00e9 le foot ?<span class=\"ez-toc-section-end\"><\/span><\/h3>\n\n\n\n<p>Le football a \u00e9t\u00e9 invent\u00e9 par les Anglais au 19\u00e8me si\u00e8cle. Ils ont fix\u00e9 les r\u00e8gles, les dimensions du terrain et les buts, le nombre de joueurs. La premi\u00e8re Coupe du monde de football a \u00e9t\u00e9 organis\u00e9e en 1930 et remport\u00e9e par l\u2019Uruguay.<\/p>\n\n\n\n<h4 class=\"wp-block-heading\"><span class=\"ez-toc-section\" id=\"Qui_a_marque_le_premier_but_de_lhistoire_du_football\"><\/span>Qui a marqu\u00e9 le premier but de l\u2019histoire du football ?<span class=\"ez-toc-section-end\"><\/span><\/h4>\n\n\n\n<p>C\u2019est donc dans un autre match que le premier but marqu\u00e9 de l\u2019histoire du football a \u00e9t\u00e9 marqu\u00e9. C\u2019est le match entre Derby Country et Bolton. D\u00e8s la 2e minute apr\u00e8s le coup d\u2019envoi, l\u2019ailier de Bolton Kenny Davenport a ouvert le score.<\/p>\n\n\n\n<h4 class=\"wp-block-heading\"><span class=\"ez-toc-section\" id=\"Quelle_est_lorigine_du_foot\"><\/span>Quelle est l\u2019origine du foot ?<span class=\"ez-toc-section-end\"><\/span><\/h4>\n\n\n\n<p>Emprunt\u00e9 au football anglais, compos\u00e9 des mots foot (\u00ab\u00a0foot\u00a0\u00bb) et ball (\u00ab\u00a0ball\u00a0\u00bb).<\/p>\n\n\n\n<h2 class=\"wp-block-heading\"><span class=\"ez-toc-section\" id=\"Qui_a_signe_au_Barca_2022-2023\"><\/span>Qui a sign\u00e9 au Bar\u00e7a 2022-2023 ?<span class=\"ez-toc-section-end\"><\/span><\/h2>\n\n\n\n<figure class=\"wp-block-table is-style-regular\"><table><tr><th>Arriv\u00e9es<\/th><\/tr><tr><th>22\/07<\/th><th>Jules Kound\u00e9<\/th><th>FC S\u00e9ville<\/th><\/tr><tr><td>22\/07<\/td><td>Robert Lewandowski<\/td><td>Bayern Munich<\/td><\/tr><tr><td>22\/07<\/td><td>Raphinha<\/td><td>Leeds United<\/td><\/tr><tr><td>22\/07<\/td><td>Andreas Christensen<\/td><td>Chelsea FC.<\/td><\/tr><\/table><\/figure>\n\n\n\n<p>Qui a sign\u00e9 au FC Barcelone ? Robert Lewandowski signe officiellement avec le FC Barcelone, avec une clause lib\u00e9ratoire XXL. Robert Lewandowski s\u2019est officiellement engag\u00e9 avec le FC Barcelone mardi 19 juillet, signant un contrat jusqu\u2019en 2026. La clause lib\u00e9ratoire de l\u2019ancien avant-centre du Bayern Munich s\u2019\u00e9l\u00e8ve \u00e0 500 millions d\u2019euros.<\/p>\n\n\n\n<h3 class=\"wp-block-heading\"><span class=\"ez-toc-section\" id=\"Qui_est_la_nouvelle_recrue_du_Barca\"><\/span>Qui est la nouvelle recrue du Bar\u00e7a ?<span class=\"ez-toc-section-end\"><\/span><\/h3>\n\n\n\n<p>Le joker m\u00e9dical Youssef Ben Ali, d\u00e9sormais joueur aixois, ne sera pas remplac\u00e9 par une nouvelle recrue : selon toute vraisemblance, le jeune Artur Parera, form\u00e9 au club, int\u00e9grera pleinement la premi\u00e8re \u00e9quipe \u00e0 faire office de troisi\u00e8me pivot, derri\u00e8re Fabregas et le portugais Luis Frade.<\/p>\n\n\n\n<h4 class=\"wp-block-heading\"><span class=\"ez-toc-section\" id=\"Qui_sont_les_nouvelles_recrues_du_Barca\"><\/span>Qui sont les nouvelles recrues du Bar\u00e7a ?<span class=\"ez-toc-section-end\"><\/span><\/h4>\n\n\n\n<p>Annonc\u00e9s proches du Camp Nou depuis des semaines, Franck Kessi\u00e9 (ex-Milan) et Andreas Christensen (ex-Chelsea) \u00e9volueront au FC Barcelone dans le futur. \u00ab\u00a0Nous pr\u00e9senterons Kessi\u00e9 mercredi et Christensen jeudi\u00a0\u00bb, a d\u00e9clar\u00e9 M. Laporta ce samedi. Fin du vrai-faux suspense pour ces deux joueurs libres.<\/p>\n\n\n\n<h4 class=\"wp-block-heading\"><span class=\"ez-toc-section\" id=\"Qui_a_signe_au_Barca\"><\/span>Qui a sign\u00e9 au Bar\u00e7a ?<span class=\"ez-toc-section-end\"><\/span><\/h4>\n\n\n\n<p>07h00 lundi 04 juil. Le FC Barcelone et le d\u00e9fenseur danois Andreas Christensen sont parvenus \u00e0 un accord. Le contrat les unit jusqu\u2019au 30 juin 2026 et la clause lib\u00e9ratoire du joueur, qui arrive en tant qu\u2019agent libre apr\u00e8s son s\u00e9jour \u00e0 Chelsea, s\u2019\u00e9l\u00e8ve \u00e0 500 millions d\u2019euros.<\/p>\n\n<script type=\"application\/ld+json\">{\"@context\":\"https:\/\/schema.org\",\"@type\":\"FAQPage\",\"mainEntity\":[{\"@type\":\"Question\",\"name\":\"Quels sont les transferts au PSG ?\",\"acceptedAnswer\":{\"@type\":\"Answer\",\"text\":\"Nordi Mukiele Leipzig 12 M&acirc;&not; Transfert.Hugo Ekitike Reims Pr&ecirc;t.Timoth&eacute;e Pemb&eacute;l&eacute; Bordeaux De retour de pr&ecirc;t.Kenny Nagera Bastia De retour de pr&ecirc;t.Arnaud Kalimuendo Lens De retour de pr&ecirc;t.Vitor Ferreira Porto 41,5 M&acirc;&not; Transfert.Teddy Alloh Eupen De retour de pr&ecirc;t.Nuno Mendes Sporting 38 M&acirc;&not; Transfert.Qui va recruter le PSG ? Apr&egrave;s avoir trouv&eacute; un accord pour recruter Renato Sanches (Lille), le PSG jette d&eacute;sormais son d&eacute;volu sur Bernardo Silva, le milieu de terrain de Manchester City.\"}},{\"@type\":\"Question\",\"name\":\"Quand commence le mercato estival 2020 ?\",\"acceptedAnswer\":{\"@type\":\"Answer\",\"text\":\"Le mercato estival s'ouvrira le vendredi 10 juin &agrave; minuit pour les clubs de Ligue 1, qui auront jusqu'au jeudi 1er septembre &agrave; 23h00. recruter ou vendre des joueurs, a annonc&eacute; mercredi la Ligue de football professionnel (LFP).Quand se termine le mercato 2022 ? Ouvert depuis le 10 juin, le mercato estival s'&eacute;tend jusqu'au 1er septembre en France.\"}},{\"@type\":\"Question\",\"name\":\"Quel est le plus gros transfert ?\",\"acceptedAnswer\":{\"@type\":\"Answer\",\"text\":\"Jack Grealish (d'Aston Villa &agrave; Manchester City, 2021) Son transfert d'Aston Villa est le plus gros de l'histoire de la Premier League : 100 millions de livres, soit environ 117 millions d'euros.Quel est le transfert de football le plus cher ? Le championnat de France est bien repr&eacute;sent&eacute; dans le Top 10 des joueurs les plus chers de ce mercato estival 2022. Au sens des d&eacute;parts, il a profit&eacute; du transfert d'Aur&eacute;lien Tchouameni au Real Madrid, pour 80 millions d'euros, pour occuper le top. du classement.\"}},{\"@type\":\"Question\",\"name\":\"Quel est le pays du football ?\",\"acceptedAnswer\":{\"@type\":\"Answer\",\"text\":\"Dans la culture populaire, le Br&eacute;sil est &laquo; o pais do futebol &raquo;, c'est-&agrave;-dire en anglais : le pays du football.Comment s'appelle le foot ? Le football \/futbol\/ (ou dans le langage courant simplement foot, par apocope), ou soccer (\/s&Eacute;k&Aring;&Ecirc;\/, en anglais : [&Euml;s&Eacute;k&Eacute;] ; en Am&eacute;rique du Nord), est un sport collectif jou&eacute; avec un ballon sph&eacute;rique entre deux &eacute;quipes de onze joueurs .\"}},{\"@type\":\"Question\",\"name\":\"\",\"acceptedAnswer\":{\"@type\":\"Answer\",\"text\":\"\"}},{\"@type\":\"Question\",\"name\":\"Qui a sign&eacute; au Bar&ccedil;a 2022-2023 ?\",\"acceptedAnswer\":{\"@type\":\"Answer\",\"text\":\"Arriv&eacute;es22\/07Jules Kound&eacute;FC S&eacute;ville22\/07Robert LewandowskiBayern Munich22\/07RaphinhaLeeds United22\/07Andreas ChristensenChelsea FC.Qui a sign&eacute; au FC Barcelone ? Robert Lewandowski signe officiellement avec le FC Barcelone, avec une clause lib&eacute;ratoire XXL. Robert Lewandowski s'est officiellement engag&eacute; avec le FC Barcelone mardi 19 juillet, signant un contrat jusqu'en 2026. La clause lib&eacute;ratoire de l'ancien avant-centre du Bayern Munich s'&eacute;l&egrave;ve &agrave; 500 millions d'euros.\"}}]}<\/script>\n\n","protected":false},"excerpt":{"rendered":"","protected":false},"author":3,"featured_media":3438,"comment_status":"open","ping_status":"open","sticky":false,"template":"","format":"standard","meta":{"_seopress_robots_primary_cat":"","_seopress_titles_title":"","_seopress_titles_desc":"","_seopress_robots_index":"","footnotes":""},"categories":[584],"tags":[],"class_list":["post-3437","post","type-post","status-publish","format-standard","has-post-thumbnail","hentry","category-football","generate-columns","tablet-grid-50","mobile-grid-100","grid-parent","grid-50"],"_links":{"self":[{"href":"https:\/\/toukiela.com\/fr_be\/wp-json\/wp\/v2\/posts\/3437","targetHints":{"allow":["GET"]}}],"collection":[{"href":"https:\/\/toukiela.com\/fr_be\/wp-json\/wp\/v2\/posts"}],"about":[{"href":"https:\/\/toukiela.com\/fr_be\/wp-json\/wp\/v2\/types\/post"}],"author":[{"embeddable":true,"href":"https:\/\/toukiela.com\/fr_be\/wp-json\/wp\/v2\/users\/3"}],"replies":[{"embeddable":true,"href":"https:\/\/toukiela.com\/fr_be\/wp-json\/wp\/v2\/comments?post=3437"}],"version-history":[{"count":0,"href":"https:\/\/toukiela.com\/fr_be\/wp-json\/wp\/v2\/posts\/3437\/revisions"}],"wp:featuredmedia":[{"embeddable":true,"href":"https:\/\/toukiela.com\/fr_be\/wp-json\/wp\/v2\/media\/3438"}],"wp:attachment":[{"href":"https:\/\/toukiela.com\/fr_be\/wp-json\/wp\/v2\/media?parent=3437"}],"wp:term":[{"taxonomy":"category","embeddable":true,"href":"https:\/\/toukiela.com\/fr_be\/wp-json\/wp\/v2\/categories?post=3437"},{"taxonomy":"post_tag","embeddable":true,"href":"https:\/\/toukiela.com\/fr_be\/wp-json\/wp\/v2\/tags?post=3437"}],"curies":[{"name":"wp","href":"https:\/\/api.w.org\/{rel}","templated":true}]}}