{"id":3417,"date":"2022-08-06T20:24:43","date_gmt":"2022-08-06T20:24:43","guid":{"rendered":"https:\/\/toukiela.com\/qui-se-cache-derriere-grand-frais-2\/"},"modified":"2022-08-30T12:11:18","modified_gmt":"2022-08-30T12:11:18","slug":"qui-se-cache-derriere-grand-frais-2","status":"publish","type":"post","link":"https:\/\/toukiela.com\/fr_be\/qui-se-cache-derriere-grand-frais-2\/","title":{"rendered":"Qui se cache derri\u00e8re Grand Frais ?"},"content":{"rendered":"<p><iframe title=\"\u274c\ud83d\udce6 QUE SE CACHE T-IL DERRI\u00c8RE LES P\u00c9NURIES MASSIVES?\" width=\"1200\" height=\"675\" src=\"https:\/\/www.youtube-nocookie.com\/embed\/PUEZV0hmQAI?feature=oembed\" frameborder=\"0\" allow=\"accelerometer; autoplay; clipboard-write; encrypted-media; gyroscope; picture-in-picture; web-share\" allowfullscreen><\/iframe><\/p>\r\n<p><strong>Marie Blach\u00e8re mettra normalement les pieds dans les C\u00f4tes-d\u2019Armor pour la premi\u00e8re fois cet \u00e9t\u00e9 \u00e0 la place de l\u2019ancien Quick (rond-point de Coppens). Cela fait sensation parmi les artisans boulangers de Lannion, dont deux sont d\u00e9j\u00e0 install\u00e9s dans le quartier Saint-Marc.<\/strong><\/p>\r\n\r\n\r\n\r\n<div id=\"ez-toc-container\" class=\"ez-toc-v2_0_82_2 counter-hierarchy ez-toc-counter ez-toc-grey ez-toc-container-direction\">\n<p class=\"ez-toc-title\" style=\"cursor:inherit\">Sommaire<\/p>\n<label for=\"ez-toc-cssicon-toggle-item-69f1e64e88bce\" class=\"ez-toc-cssicon-toggle-label\"><span class=\"\"><span class=\"eztoc-hide\" style=\"display:none;\">Toggle<\/span><span class=\"ez-toc-icon-toggle-span\"><svg style=\"fill: #999;color:#999\" xmlns=\"http:\/\/www.w3.org\/2000\/svg\" class=\"list-377408\" width=\"20px\" height=\"20px\" viewBox=\"0 0 24 24\" fill=\"none\"><path d=\"M6 6H4v2h2V6zm14 0H8v2h12V6zM4 11h2v2H4v-2zm16 0H8v2h12v-2zM4 16h2v2H4v-2zm16 0H8v2h12v-2z\" fill=\"currentColor\"><\/path><\/svg><svg style=\"fill: #999;color:#999\" class=\"arrow-unsorted-368013\" xmlns=\"http:\/\/www.w3.org\/2000\/svg\" width=\"10px\" height=\"10px\" viewBox=\"0 0 24 24\" version=\"1.2\" baseProfile=\"tiny\"><path d=\"M18.2 9.3l-6.2-6.3-6.2 6.3c-.2.2-.3.4-.3.7s.1.5.3.7c.2.2.4.3.7.3h11c.3 0 .5-.1.7-.3.2-.2.3-.5.3-.7s-.1-.5-.3-.7zM5.8 14.7l6.2 6.3 6.2-6.3c.2-.2.3-.5.3-.7s-.1-.5-.3-.7c-.2-.2-.4-.3-.7-.3h-11c-.3 0-.5.1-.7.3-.2.2-.3.5-.3.7s.1.5.3.7z\"\/><\/svg><\/span><\/span><\/label><input type=\"checkbox\"  id=\"ez-toc-cssicon-toggle-item-69f1e64e88bce\"  aria-label=\"Toggle\" \/><nav><ul class='ez-toc-list ez-toc-list-level-1 ' ><li class='ez-toc-page-1 ez-toc-heading-level-2'><a class=\"ez-toc-link ez-toc-heading-1\" href=\"https:\/\/toukiela.com\/fr_be\/qui-se-cache-derriere-grand-frais-2\/#Qui_dirige_Marie_Blachere\" >Qui dirige Marie Blach\u00e8re ?<\/a><ul class='ez-toc-list-level-3' ><li class='ez-toc-heading-level-3'><a class=\"ez-toc-link ez-toc-heading-2\" href=\"https:\/\/toukiela.com\/fr_be\/qui-se-cache-derriere-grand-frais-2\/#Comment_fonctionne_Marie_Blachere\" >Comment fonctionne Marie Blach\u00e8re ?<\/a><\/li><li class='ez-toc-page-1 ez-toc-heading-level-3'><a class=\"ez-toc-link ez-toc-heading-3\" href=\"https:\/\/toukiela.com\/fr_be\/qui-se-cache-derriere-grand-frais-2\/#Qui_est_le_patron_de_Marie_Blachere\" >Qui est le patron de Marie Blach\u00e8re ?<\/a><\/li><\/ul><\/li><li class='ez-toc-page-1 ez-toc-heading-level-2'><a class=\"ez-toc-link ez-toc-heading-4\" href=\"https:\/\/toukiela.com\/fr_be\/qui-se-cache-derriere-grand-frais-2\/#Quel_est_le_marche_le_plus_beau_de_France\" >Quel est le march\u00e9 le plus beau de France ?<\/a><ul class='ez-toc-list-level-3' ><li class='ez-toc-heading-level-3'><a class=\"ez-toc-link ez-toc-heading-5\" href=\"https:\/\/toukiela.com\/fr_be\/qui-se-cache-derriere-grand-frais-2\/#Quel_est_le_meilleur_marche_de_France\" >Quel est le meilleur march\u00e9 de France ?<\/a><\/li><li class='ez-toc-page-1 ez-toc-heading-level-3'><a class=\"ez-toc-link ez-toc-heading-6\" href=\"https:\/\/toukiela.com\/fr_be\/qui-se-cache-derriere-grand-frais-2\/#Qui_presente_le_plus_beau_marche_de_France\" >Qui pr\u00e9sente le plus beau march\u00e9 de France ?<\/a><\/li><\/ul><\/li><li class='ez-toc-page-1 ez-toc-heading-level-2'><a class=\"ez-toc-link ez-toc-heading-7\" href=\"https:\/\/toukiela.com\/fr_be\/qui-se-cache-derriere-grand-frais-2\/#Comment_ouvrir_un_Grand_Frais\" >Comment ouvrir un Grand Frais ?<\/a><ul class='ez-toc-list-level-3' ><li class='ez-toc-heading-level-3'><a class=\"ez-toc-link ez-toc-heading-8\" href=\"https:\/\/toukiela.com\/fr_be\/qui-se-cache-derriere-grand-frais-2\/#Qui_se_cache_derriere_Grand_Frais\" >Qui se cache derri\u00e8re Grand Frais ?<\/a><\/li><li class='ez-toc-page-1 ez-toc-heading-level-3'><a class=\"ez-toc-link ez-toc-heading-9\" href=\"https:\/\/toukiela.com\/fr_be\/qui-se-cache-derriere-grand-frais-2\/#Comment_sapprovisionne_Grand_Frais\" >Comment s\u2019approvisionne Grand Frais ?<\/a><\/li><\/ul><\/li><\/ul><\/nav><\/div>\n<h2 class=\"wp-block-heading\"><span class=\"ez-toc-section\" id=\"Qui_dirige_Marie_Blachere\"><\/span>Qui dirige Marie Blach\u00e8re ?<span class=\"ez-toc-section-end\"><\/span><\/h2>\r\n\r\n\r\n\r\n<figure><img decoding=\"async\" class=\"attachment-full size-full\" src=\"https:\/\/toukiela.com\/wp-content\/uploads\/2022\/08\/Qui-dirige-Marie-Blachere-.jpeg\" sizes=\"(max-width: 1198px) 100vw, 1198px\" srcset=\"https:\/\/i0.wp.com\/toukiela.com\/wp-content\/uploads\/2022\/08\/Qui-dirige-Marie-Blachere-.jpeg?w=1198&amp;ssl=1 1198w, https:\/\/i0.wp.com\/toukiela.com\/wp-content\/uploads\/2022\/08\/Qui-dirige-Marie-Blachere-.jpeg?resize=300%2C144&amp;ssl=1 300w, https:\/\/i0.wp.com\/toukiela.com\/wp-content\/uploads\/2022\/08\/Qui-dirige-Marie-Blachere-.jpeg?resize=1024%2C491&amp;ssl=1 1024w, https:\/\/i0.wp.com\/toukiela.com\/wp-content\/uploads\/2022\/08\/Qui-dirige-Marie-Blachere-.jpeg?resize=768%2C369&amp;ssl=1 768w, https:\/\/i0.wp.com\/toukiela.com\/wp-content\/uploads\/2022\/08\/Qui-dirige-Marie-Blachere-.jpeg?resize=18%2C9&amp;ssl=1 18w, https:\/\/i0.wp.com\/toukiela.com\/wp-content\/uploads\/2022\/08\/Qui-dirige-Marie-Blachere-.jpeg?resize=50%2C24&amp;ssl=1 50w, https:\/\/i0.wp.com\/toukiela.com\/wp-content\/uploads\/2022\/08\/Qui-dirige-Marie-Blachere-.jpeg?resize=1080%2C518&amp;ssl=1 1080w, https:\/\/i0.wp.com\/toukiela.com\/wp-content\/uploads\/2022\/08\/Qui-dirige-Marie-Blachere-.jpeg?resize=980%2C470&amp;ssl=1 980w, https:\/\/i0.wp.com\/toukiela.com\/wp-content\/uploads\/2022\/08\/Qui-dirige-Marie-Blachere-.jpeg?resize=480%2C230&amp;ssl=1 480w\" alt=\"Qui dirige Marie Blach\u00e8re ?\" width=\"1198\" height=\"575\"><\/figure>\r\n\r\n\r\n\r\n<figure class=\"wp-block-table is-style-regular\">\r\n<table>\r\n<tbody>\r\n<tr>\r\n<th>Boulangeries Marie Blach\u00e8re BG<\/th>\r\n<\/tr>\r\n<tr>\r\n<th>logo d\u2019entreprise.<\/th>\r\n<\/tr>\r\n<tr>\r\n<td>Direction<\/td>\r\n<td>Holding Bernard Blach\u00e8re repr\u00e9sent\u00e9e par Bernard Blach\u00e8re<\/td>\r\n<\/tr>\r\n<tr>\r\n<td>activit\u00e9<\/td>\r\n<td>boulangerie, restauration rapide<\/td>\r\n<\/tr>\r\n<tr>\r\n<td>maison m\u00e8re<\/td>\r\n<td>Holding Bernard Blach\u00e8re 378 159 818<\/td>\r\n<\/tr>\r\n<\/tbody>\r\n<\/table>\r\n<\/figure>\r\n\r\n\r\n\r\n<p>Quel est le chiffre d\u2019affaires de Marie Blach\u00e8re ? D\u2019ici fin 2021, Marie Blach\u00e8re devrait compter 650 unit\u00e9s avec un chiffre d\u2019affaires d\u2019environ 780 millions d\u2019euros et pr\u00e8s de 10 000 salari\u00e9s.<\/p>\r\n\r\n\r\n\r\n<h3 class=\"wp-block-heading\"><span class=\"ez-toc-section\" id=\"Comment_fonctionne_Marie_Blachere\"><\/span>Comment fonctionne Marie Blach\u00e8re ?<span class=\"ez-toc-section-end\"><\/span><\/h3>\r\n\r\n\r\n\r\n<p>Le processus de fabrication de Marie Blach\u00e8re associe p\u00e9trissage, fa\u00e7onnage et cuisson des produits sur place. Le mode de cuisson se d\u00e9roule dans la journ\u00e9e avec une bonne gestion des produits finis le soir pour garantir la fra\u00eecheur que le consommateur attend d\u2019un produit de qualit\u00e9.<\/p>\r\n\r\n\r\n\r\n<h3 class=\"wp-block-heading\"><span class=\"ez-toc-section\" id=\"Qui_est_le_patron_de_Marie_Blachere\"><\/span>Qui est le patron de Marie Blach\u00e8re ?<span class=\"ez-toc-section-end\"><\/span><\/h3>\r\n\r\n\r\n\r\n<p>En 2004, Bernard Blach\u00e8re et sa fille Marie d\u00e9cident d\u2019ouvrir une boulangerie \u00e0 Salon de Provence avec un concept diff\u00e9rent de tous les autres : une pr\u00e9sentation des produits tels qu\u2019ils sont sur le march\u00e9. J\u2019adore le concept\u2026 Depuis, les boulangeries de Marie Blach\u00e8re ont travers\u00e9 l\u2019Atlantique, ravissant de nouveaux gourmands.<\/p>\r\n\r\n\r\n\r\n<h2 class=\"wp-block-heading\"><span class=\"ez-toc-section\" id=\"Quel_est_le_marche_le_plus_beau_de_France\"><\/span>Quel est le march\u00e9 le plus beau de France ?<span class=\"ez-toc-section-end\"><\/span><\/h2>\r\n\r\n\r\n\r\n<p>Votre plus beau march\u00e9 : les Halles de Narbonne remportent l\u2019\u00e9dition 2022 du concours TF1. Le gagnant du concours journal de 13h \u00ab\u00a0TF1\u00a0\u00bb a \u00e9t\u00e9 annonc\u00e9 ce jeudi 30 juin. Les Halles de Narbonne sont \u00e9lues plus beau march\u00e9 de France apr\u00e8s neuf semaines de comp\u00e9tition face \u00e0 23 autres concurrents.<\/p>\r\n\r\n\r\n\r\n<p>Quel march\u00e9 a \u00e9t\u00e9 \u00e9lu plus beau march\u00e9 de France ? Marie-Sophie Lacarrau l\u2019a annonc\u00e9 en direct de 13h sur TF1 : le march\u00e9 des Halles Narbonne, repr\u00e9sentant la r\u00e9gion Languedoc-Roussillon, sera \u00e9lu plus beau march\u00e9 de France. Narbonne suit Etaples-sur-Mer, Dieppe, Montbrison et Sanary-sur-Mer.<\/p>\r\n\r\n\r\n\r\n<h3 class=\"wp-block-heading\"><span class=\"ez-toc-section\" id=\"Quel_est_le_meilleur_marche_de_France\"><\/span>Quel est le meilleur march\u00e9 de France ?<span class=\"ez-toc-section-end\"><\/span><\/h3>\r\n\r\n\r\n\r\n<p>Apr\u00e8s 9 semaines de comp\u00e9tition, le march\u00e9 des Halles de Narbonne, deuxi\u00e8me de la saison 4 l\u2019an dernier, l\u2019emporte devant les march\u00e9s de Vannes (Bretagne), Arras (Nord-Pas-de-Calais) et Sotteville-l\u00e8s-Rouen (Haute-Normandie ). et Revel (Midi-Pyr\u00e9n\u00e9es).<\/p>\r\n\r\n\r\n\r\n<h3 class=\"wp-block-heading\"><span class=\"ez-toc-section\" id=\"Qui_presente_le_plus_beau_marche_de_France\"><\/span>Qui pr\u00e9sente le plus beau march\u00e9 de France ?<span class=\"ez-toc-section-end\"><\/span><\/h3>\r\n\r\n\r\n\r\n<p>Trois animateurs qu\u2019on ne pr\u00e9sente plus, Evelyne Dh\u00e9liat, Denis Brogniart et Laurent Mariotte, accompagn\u00e9s de trois spectateurs : voici le \u00ab\u00a0super jury\u00a0\u00bb pour le vote du plus beau march\u00e9 de France 2022, l\u2019exploitation du 13H de TF1 par Marie- Sophie Lacarrau.<\/p>\r\n\r\n\r\n\r\n<h2 class=\"wp-block-heading\"><span class=\"ez-toc-section\" id=\"Comment_ouvrir_un_Grand_Frais\"><\/span>Comment ouvrir un Grand Frais ?<span class=\"ez-toc-section-end\"><\/span><\/h2>\r\n\r\n\r\n\r\n<p>L\u2019enseigne s\u2019est ouverte \u00e0 la franchise depuis 2009, en recrutant des candidats \u00e0 la franchise avec un apport personnel de 70 000 \u20ac qui ont des comp\u00e9tences manag\u00e9riales et manag\u00e9riales, un profil commer\u00e7ant, ainsi qu\u2019une grande sensibilit\u00e9 \u00e0 la nature.<\/p>\r\n\r\n\r\n\r\n<p>Qui est le patron de Grand Frais ?<\/p>\r\n\r\n\r\n\r\n<h3 class=\"wp-block-heading\"><span class=\"ez-toc-section\" id=\"Qui_se_cache_derriere_Grand_Frais\"><\/span>Qui se cache derri\u00e8re Grand Frais ?<span class=\"ez-toc-section-end\"><\/span><\/h3>\r\n\r\n\r\n\r\n<p>En un peu moins de trente ans, le fondateur de Grand Frais Denis Dumont et les fr\u00e8res L\u00e9o et Patrick Bahadourian, \u00e0 la t\u00eate des rayons alimentaires, ont amass\u00e9 une fortune colossale. Et comme beaucoup de multimillionnaires fran\u00e7ais, ils se sont install\u00e9s en Suisse.<\/p>\r\n\r\n\r\n\r\n<h3 class=\"wp-block-heading\"><span class=\"ez-toc-section\" id=\"Comment_sapprovisionne_Grand_Frais\"><\/span>Comment s\u2019approvisionne Grand Frais ?<span class=\"ez-toc-section-end\"><\/span><\/h3>\r\n\r\n\r\n\r\n<p>A partir du 1er janvier 2019, ces magasins seront approvisionn\u00e9s par le groupe Casino et sept d\u2019entre eux seront \u00e0 l\u2019enseigne \u00ab G\u00e9ant Fresh Market \u00bb et les cinq autres \u00e0 l\u2019enseigne \u00ab Leader Price Fresh Market \u00bb.<\/p>\r\n\r\n<p><script type=\"application\/ld+json\">{\"@context\":\"https:\/\/schema.org\",\"@type\":\"FAQPage\",\"mainEntity\":[{\"@type\":\"Question\",\"name\":\"Qui dirige Marie Blach&egrave;re ?\",\"acceptedAnswer\":{\"@type\":\"Answer\",\"text\":\"Boulangeries Marie Blach&egrave;re BGlogo d'entreprise.DirectionHolding Bernard Blach&egrave;re repr&eacute;sent&eacute;e par Bernard Blach&egrave;reactivit&eacute;boulangerie, restauration rapidemaison m&egrave;reHolding Bernard Blach&egrave;re 378 159 818Quel est le chiffre d'affaires de Marie Blach&egrave;re ? D'ici fin 2021, Marie Blach&egrave;re devrait compter 650 unit&eacute;s avec un chiffre d'affaires d'environ 780 millions d'euros et pr&egrave;s de 10 000 salari&eacute;s.\"}},{\"@type\":\"Question\",\"name\":\"Quel est le march&eacute; le plus beau de France ?\",\"acceptedAnswer\":{\"@type\":\"Answer\",\"text\":\"Votre plus beau march&eacute; : les Halles de Narbonne remportent l'&eacute;dition 2022 du concours TF1. Le gagnant du concours journal de 13h \\\"TF1\\\" a &eacute;t&eacute; annonc&eacute; ce jeudi 30 juin. Les Halles de Narbonne sont &eacute;lues plus beau march&eacute; de France apr&egrave;s neuf semaines de comp&eacute;tition face &agrave; 23 autres concurrents.Quel march&eacute; a &eacute;t&eacute; &eacute;lu plus beau march&eacute; de France ? Marie-Sophie Lacarrau l'a annonc&eacute; en direct de 13h sur TF1 : le march&eacute; des Halles Narbonne, repr&eacute;sentant la r&eacute;gion Languedoc-Roussillon, sera &eacute;lu plus beau march&eacute; de France. Narbonne suit Etaples-sur-Mer, Dieppe, Montbrison et Sanary-sur-Mer.\"}},{\"@type\":\"Question\",\"name\":\"Comment ouvrir un Grand Frais ?\",\"acceptedAnswer\":{\"@type\":\"Answer\",\"text\":\"L'enseigne s'est ouverte &agrave; la franchise depuis 2009, en recrutant des candidats &agrave; la franchise avec un apport personnel de 70 000 &euro; qui ont des comp&eacute;tences manag&eacute;riales et manag&eacute;riales, un profil commer&ccedil;ant, ainsi qu'une grande sensibilit&eacute; &agrave; la nature.Qui est le patron de Grand Frais ?\"}}]}<\/script><\/p>\n\n","protected":false},"excerpt":{"rendered":"","protected":false},"author":3,"featured_media":4720,"comment_status":"open","ping_status":"open","sticky":false,"template":"","format":"standard","meta":{"_seopress_robots_primary_cat":"none","_seopress_titles_title":"","_seopress_titles_desc":"","_seopress_robots_index":"","footnotes":""},"categories":[31],"tags":[],"class_list":["post-3417","post","type-post","status-publish","format-standard","has-post-thumbnail","hentry","category-life-style","generate-columns","tablet-grid-50","mobile-grid-100","grid-parent","grid-50"],"_links":{"self":[{"href":"https:\/\/toukiela.com\/fr_be\/wp-json\/wp\/v2\/posts\/3417","targetHints":{"allow":["GET"]}}],"collection":[{"href":"https:\/\/toukiela.com\/fr_be\/wp-json\/wp\/v2\/posts"}],"about":[{"href":"https:\/\/toukiela.com\/fr_be\/wp-json\/wp\/v2\/types\/post"}],"author":[{"embeddable":true,"href":"https:\/\/toukiela.com\/fr_be\/wp-json\/wp\/v2\/users\/3"}],"replies":[{"embeddable":true,"href":"https:\/\/toukiela.com\/fr_be\/wp-json\/wp\/v2\/comments?post=3417"}],"version-history":[{"count":0,"href":"https:\/\/toukiela.com\/fr_be\/wp-json\/wp\/v2\/posts\/3417\/revisions"}],"wp:featuredmedia":[{"embeddable":true,"href":"https:\/\/toukiela.com\/fr_be\/wp-json\/wp\/v2\/media\/4720"}],"wp:attachment":[{"href":"https:\/\/toukiela.com\/fr_be\/wp-json\/wp\/v2\/media?parent=3417"}],"wp:term":[{"taxonomy":"category","embeddable":true,"href":"https:\/\/toukiela.com\/fr_be\/wp-json\/wp\/v2\/categories?post=3417"},{"taxonomy":"post_tag","embeddable":true,"href":"https:\/\/toukiela.com\/fr_be\/wp-json\/wp\/v2\/tags?post=3417"}],"curies":[{"name":"wp","href":"https:\/\/api.w.org\/{rel}","templated":true}]}}