{"id":2919,"date":"2022-06-29T09:28:45","date_gmt":"2022-06-29T09:28:45","guid":{"rendered":"https:\/\/toukiela.com\/notre-avis-quand-faut-il-prendre-une-assurance-professionnelle\/"},"modified":"2022-07-26T16:00:51","modified_gmt":"2022-07-26T16:00:51","slug":"notre-avis-quand-faut-il-prendre-une-assurance-professionnelle","status":"publish","type":"post","link":"https:\/\/toukiela.com\/fr_be\/notre-avis-quand-faut-il-prendre-une-assurance-professionnelle\/","title":{"rendered":"Notre Avis Quand Faut-il prendre une assurance professionnelle ?"},"content":{"rendered":"<p>Il n\u2019y a pas de r\u00e9ponse d\u00e9finitive \u00e0 cette question, car le meilleur moment pour prendre une assurance professionnelle varie selon les individus et leurs besoins sp\u00e9cifiques. Toutefois, il est g\u00e9n\u00e9ralement conseill\u00e9 de souscrire une assurance professionnelle le plus t\u00f4t possible, afin de s\u2019assurer que l\u2019on est prot\u00e9g\u00e9 en cas d\u2019accident ou d\u2019autre incident.<\/p>\r\n<p>Il y a quelques \u00e9l\u00e9ments \u00e0 garder \u00e0 l\u2019esprit lorsque vous essayez de d\u00e9terminer le meilleur moment pour souscrire une assurance commerciale. Tout d\u2019abord, vous devez tenir compte de la nature de votre entreprise et du type de risques auxquels elle est confront\u00e9e. Si votre entreprise est particuli\u00e8rement risqu\u00e9e, il est pr\u00e9f\u00e9rable de souscrire une assurance le plus t\u00f4t possible. Deuxi\u00e8mement, vous devez penser \u00e0 la stabilit\u00e9 financi\u00e8re de votre entreprise. Si votre entreprise n\u2019est pas en bonne sant\u00e9 financi\u00e8re, vous voudrez peut-\u00eatre attendre qu\u2019elle soit en meilleure sant\u00e9 avant de souscrire une assurance. Enfin, vous devez parler \u00e0 un agent d\u2019assurance pour obtenir son avis professionnel sur le meilleur moment pour souscrire une assurance commerciale dans votre situation particuli\u00e8re.<\/p>\r\n<div id=\"ez-toc-container\" class=\"ez-toc-v2_0_82_2 counter-hierarchy ez-toc-counter ez-toc-grey ez-toc-container-direction\">\n<p class=\"ez-toc-title\" style=\"cursor:inherit\">Sommaire<\/p>\n<label for=\"ez-toc-cssicon-toggle-item-69f1c5c183a82\" class=\"ez-toc-cssicon-toggle-label\"><span class=\"\"><span class=\"eztoc-hide\" style=\"display:none;\">Toggle<\/span><span class=\"ez-toc-icon-toggle-span\"><svg style=\"fill: #999;color:#999\" xmlns=\"http:\/\/www.w3.org\/2000\/svg\" class=\"list-377408\" width=\"20px\" height=\"20px\" viewBox=\"0 0 24 24\" fill=\"none\"><path d=\"M6 6H4v2h2V6zm14 0H8v2h12V6zM4 11h2v2H4v-2zm16 0H8v2h12v-2zM4 16h2v2H4v-2zm16 0H8v2h12v-2z\" fill=\"currentColor\"><\/path><\/svg><svg style=\"fill: #999;color:#999\" class=\"arrow-unsorted-368013\" xmlns=\"http:\/\/www.w3.org\/2000\/svg\" width=\"10px\" height=\"10px\" viewBox=\"0 0 24 24\" version=\"1.2\" baseProfile=\"tiny\"><path d=\"M18.2 9.3l-6.2-6.3-6.2 6.3c-.2.2-.3.4-.3.7s.1.5.3.7c.2.2.4.3.7.3h11c.3 0 .5-.1.7-.3.2-.2.3-.5.3-.7s-.1-.5-.3-.7zM5.8 14.7l6.2 6.3 6.2-6.3c.2-.2.3-.5.3-.7s-.1-.5-.3-.7c-.2-.2-.4-.3-.7-.3h-11c-.3 0-.5.1-.7.3-.2.2-.3.5-.3.7s.1.5.3.7z\"\/><\/svg><\/span><\/span><\/label><input type=\"checkbox\"  id=\"ez-toc-cssicon-toggle-item-69f1c5c183a82\"  aria-label=\"Toggle\" \/><nav><ul class='ez-toc-list ez-toc-list-level-1 ' ><li class='ez-toc-page-1 ez-toc-heading-level-2'><a class=\"ez-toc-link ez-toc-heading-1\" href=\"https:\/\/toukiela.com\/fr_be\/notre-avis-quand-faut-il-prendre-une-assurance-professionnelle\/#Quand_Faut-il_prendre_une_assurance_professionnelle\" >Quand Faut-il prendre une assurance professionnelle ?<\/a><ul class='ez-toc-list-level-3' ><li class='ez-toc-heading-level-3'><a class=\"ez-toc-link ez-toc-heading-2\" href=\"https:\/\/toukiela.com\/fr_be\/notre-avis-quand-faut-il-prendre-une-assurance-professionnelle\/#Quels_sont_les_3_types_de_sinistres_professionnels\" >Quels sont les 3 types de sinistres professionnels ?<\/a><\/li><li class='ez-toc-page-1 ez-toc-heading-level-3'><a class=\"ez-toc-link ez-toc-heading-3\" href=\"https:\/\/toukiela.com\/fr_be\/notre-avis-quand-faut-il-prendre-une-assurance-professionnelle\/#Pourquoi_une_assurance_professionnelle\" >Pourquoi une assurance professionnelle ?<\/a><\/li><\/ul><\/li><li class='ez-toc-page-1 ez-toc-heading-level-2'><a class=\"ez-toc-link ez-toc-heading-4\" href=\"https:\/\/toukiela.com\/fr_be\/notre-avis-quand-faut-il-prendre-une-assurance-professionnelle\/#Qui_a_besoin_dune_assurance_decennale\" >Qui a besoin d\u2019une assurance d\u00e9cennale ?<\/a><ul class='ez-toc-list-level-3' ><li class='ez-toc-heading-level-3'><a class=\"ez-toc-link ez-toc-heading-5\" href=\"https:\/\/toukiela.com\/fr_be\/notre-avis-quand-faut-il-prendre-une-assurance-professionnelle\/#Qui_est_concerne_par_lassurance_decennale\" >Qui est concern\u00e9 par l\u2019assurance d\u00e9cennale ?<\/a><\/li><li class='ez-toc-page-1 ez-toc-heading-level-3'><a class=\"ez-toc-link ez-toc-heading-6\" href=\"https:\/\/toukiela.com\/fr_be\/notre-avis-quand-faut-il-prendre-une-assurance-professionnelle\/#Pourquoi_prendre_une_assurance_decennale\" >Pourquoi prendre une assurance d\u00e9cennale ?<\/a><\/li><li class='ez-toc-page-1 ez-toc-heading-level-3'><a class=\"ez-toc-link ez-toc-heading-7\" href=\"https:\/\/toukiela.com\/fr_be\/notre-avis-quand-faut-il-prendre-une-assurance-professionnelle\/#Quels_professionnels_sont_soumis_a_une_obligation_de_RC_decennale\" >Quels professionnels sont soumis \u00e0 une obligation de RC d\u00e9cennale ?<\/a><\/li><\/ul><\/li><li class='ez-toc-page-1 ez-toc-heading-level-2'><a class=\"ez-toc-link ez-toc-heading-8\" href=\"https:\/\/toukiela.com\/fr_be\/notre-avis-quand-faut-il-prendre-une-assurance-professionnelle\/#Cest_quoi_la_responsabilite_civile_professionnelle\" >C\u2019est quoi la responsabilit\u00e9 civile professionnelle ?<\/a><ul class='ez-toc-list-level-3' ><li class='ez-toc-heading-level-3'><a class=\"ez-toc-link ez-toc-heading-9\" href=\"https:\/\/toukiela.com\/fr_be\/notre-avis-quand-faut-il-prendre-une-assurance-professionnelle\/#Ou_trouver_sa_responsabilite_civile_professionnelle\" >O\u00f9 trouver sa responsabilit\u00e9 civile professionnelle ?<\/a><\/li><li class='ez-toc-page-1 ez-toc-heading-level-3'><a class=\"ez-toc-link ez-toc-heading-10\" href=\"https:\/\/toukiela.com\/fr_be\/notre-avis-quand-faut-il-prendre-une-assurance-professionnelle\/#Pourquoi_prendre_une_assurance_responsabilite_civile_professionnelle\" >Pourquoi prendre une assurance responsabilit\u00e9 civile professionnelle ?<\/a><\/li><\/ul><\/li><li class='ez-toc-page-1 ez-toc-heading-level-2'><a class=\"ez-toc-link ez-toc-heading-11\" href=\"https:\/\/toukiela.com\/fr_be\/notre-avis-quand-faut-il-prendre-une-assurance-professionnelle\/#Quelles_sont_les_sources_des_assurances_obligatoires\" >Quelles sont les sources des assurances obligatoires ?<\/a><ul class='ez-toc-list-level-3' ><li class='ez-toc-heading-level-3'><a class=\"ez-toc-link ez-toc-heading-12\" href=\"https:\/\/toukiela.com\/fr_be\/notre-avis-quand-faut-il-prendre-une-assurance-professionnelle\/#Quelles_sont_les_assurances_obligatoires\" >Quelles sont les assurances obligatoires ?<\/a><\/li><\/ul><\/li><\/ul><\/nav><\/div>\n<h2 class=\"wp-block-heading\"><span class=\"ez-toc-section\" id=\"Quand_Faut-il_prendre_une_assurance_professionnelle\"><\/span>Quand Faut-il prendre une assurance professionnelle ?<span class=\"ez-toc-section-end\"><\/span><\/h2>\r\n\r\n\r\n\r\n<figure><img decoding=\"async\" class=\"attachment-full size-full\" src=\"https:\/\/toukiela.com\/wp-content\/uploads\/2022\/06\/Quand-Faut-il-prendre-une-assurance-professionnelle-.jpeg\" sizes=\"(max-width: 638px) 100vw, 638px\" srcset=\"https:\/\/i0.wp.com\/toukiela.com\/wp-content\/uploads\/2022\/06\/Quand-Faut-il-prendre-une-assurance-professionnelle-.jpeg?w=638&amp;ssl=1 638w, https:\/\/i0.wp.com\/toukiela.com\/wp-content\/uploads\/2022\/06\/Quand-Faut-il-prendre-une-assurance-professionnelle-.jpeg?resize=212%2C300&amp;ssl=1 212w, https:\/\/i0.wp.com\/toukiela.com\/wp-content\/uploads\/2022\/06\/Quand-Faut-il-prendre-une-assurance-professionnelle-.jpeg?resize=8%2C12&amp;ssl=1 8w, https:\/\/i0.wp.com\/toukiela.com\/wp-content\/uploads\/2022\/06\/Quand-Faut-il-prendre-une-assurance-professionnelle-.jpeg?resize=35%2C50&amp;ssl=1 35w, https:\/\/i0.wp.com\/toukiela.com\/wp-content\/uploads\/2022\/06\/Quand-Faut-il-prendre-une-assurance-professionnelle-.jpeg?resize=480%2C679&amp;ssl=1 480w\" alt=\"Quand Faut-il prendre une assurance professionnelle ?\" width=\"638\" height=\"903\"><\/figure>\r\n\r\n\r\n\r\n<p>Les entrepreneurs doivent fournir l\u2019espace dans lequel ils exercent leurs activit\u00e9s (incendie, d\u00e9g\u00e2ts des eaux, etc.). Ils doivent \u00e9galement s\u2019assurer lorsqu\u2019ils utilisent le v\u00e9hicule dans le cadre de leur activit\u00e9.<\/p>\r\n\r\n\r\n\r\n<p>L\u2019assurance micro-entreprise est-elle obligatoire ? Si vous exercez une activit\u00e9 r\u00e9glement\u00e9e, vous devez souscrire un contrat d\u2019assurance responsabilit\u00e9 professionnelle.<\/p>\r\n\r\n\r\n\r\n<h3 class=\"wp-block-heading\"><span class=\"ez-toc-section\" id=\"Quels_sont_les_3_types_de_sinistres_professionnels\"><\/span>Quels sont les 3 types de sinistres professionnels ?<span class=\"ez-toc-section-end\"><\/span><\/h3>\r\n\r\n\r\n\r\n<p>Les trois types de cr\u00e9ances que l\u2019on retrouve dans les entreprises sont : Les cr\u00e9ances li\u00e9es \u00e0 la nature de l\u2019activit\u00e9 professionnelle. R\u00e9clamations immobili\u00e8res. Cr\u00e9ances personnelles (employeur et salari\u00e9s).<\/p>\r\n\r\n\r\n\r\n<h3 class=\"wp-block-heading\"><span class=\"ez-toc-section\" id=\"Pourquoi_une_assurance_professionnelle\"><\/span>Pourquoi une assurance professionnelle ?<span class=\"ez-toc-section-end\"><\/span><\/h3>\r\n\r\n\r\n\r\n<p>L\u2019assurance responsabilit\u00e9 civile professionnelle couvre tous les dommages caus\u00e9s aux tiers, clients ou fournisseurs (faute professionnelle, n\u00e9gligence, etc.). Autant dire que c\u2019est plus que n\u00e9cessaire.<\/p>\r\n\r\n\r\n\r\n<h2 class=\"wp-block-heading\"><span class=\"ez-toc-section\" id=\"Qui_a_besoin_dune_assurance_decennale\"><\/span>Qui a besoin d\u2019une assurance d\u00e9cennale ?<span class=\"ez-toc-section-end\"><\/span><\/h2>\r\n\r\n\r\n\r\n<p>Une garantie d\u00e9cennale est obligatoire d\u00e8s la r\u00e9alisation des travaux de construction, d\u2019extension et de r\u00e9novation de la construction de l\u2019\u00e9tablissement. L\u2019assurance couvre une erreur de fabrication qui n\u2019\u00e9tait pas perceptible \u00e0 la r\u00e9ception du travail. La souscription se fait avant le d\u00e9but des travaux.<\/p>\r\n\r\n\r\n\r\n<p>Quels joueurs doivent avoir une assurance d\u00e9cennale ? Lors de la construction ou de l\u2019ex\u00e9cution de travaux de construction, l\u2019entrepreneur doit \u00e0 son client une garantie d\u00e9cennale qui, comme son nom l\u2019indique, est valable 10 ans\u2026. Les acteurs de la construction auxquels s\u2019applique cette disposition sont, entre autres :<\/p>\r\n\r\n\r\n\r\n<ul class=\"wp-block-list\">\r\n<li>Ma\u00eetres b\u00e2tisseurs.<\/li>\r\n<li>Promoteurs.<\/li>\r\n<li>Bureaux d\u2019\u00e9tudes.<\/li>\r\n<li>Architectes.<\/li>\r\n<\/ul>\r\n\r\n\r\n\r\n<h3 class=\"wp-block-heading\"><span class=\"ez-toc-section\" id=\"Qui_est_concerne_par_lassurance_decennale\"><\/span>Qui est concern\u00e9 par l\u2019assurance d\u00e9cennale ?<span class=\"ez-toc-section-end\"><\/span><\/h3>\r\n\r\n\r\n\r\n<p>La loi impose \u00e0 tous les professionnels du BTP de prendre une garantie d\u00e9cennale, lorsque leur activit\u00e9 consiste \u00e0 construire ou \u00e0 concevoir des ouvrages. Int\u00e9r\u00eats : Apprentissage, conseil et encadrement des m\u00e9tiers : architecte, g\u00e9om\u00e8tre\u2026<\/p>\r\n\r\n\r\n\r\n<h3 class=\"wp-block-heading\"><span class=\"ez-toc-section\" id=\"Pourquoi_prendre_une_assurance_decennale\"><\/span>Pourquoi prendre une assurance d\u00e9cennale ?<span class=\"ez-toc-section-end\"><\/span><\/h3>\r\n\r\n\r\n\r\n<p>L\u2019assurance d\u00e9cennale couvre les dommages ou vices de construction qui affectent la solidit\u00e9 du b\u00e2timent ou le rendent impropre \u00e0 l\u2019usage auquel il est destin\u00e9. Par exemple, apr\u00e8s un effondrement, un individu ne peut plus vivre dans sa maison. La perte peut \u00eatre due \u00e0 un d\u00e9faut de plancher ou \u00e0 une inad\u00e9quation.<\/p>\r\n\r\n\r\n\r\n<h3 class=\"wp-block-heading\"><span class=\"ez-toc-section\" id=\"Quels_professionnels_sont_soumis_a_une_obligation_de_RC_decennale\"><\/span>Quels professionnels sont soumis \u00e0 une obligation de RC d\u00e9cennale ?<span class=\"ez-toc-section-end\"><\/span><\/h3>\r\n\r\n\r\n\r\n<p>Des experts en construction et une garantie d\u00e9cennale Ce sont majoritairement des menuisiers, des couvreurs et des ma\u00e7ons, sans oublier les menuisiers en portes et fen\u00eatres. Ces constructeurs ont l\u2019obligation l\u00e9gale de souscrire une garantie d\u00e9cennale.<\/p>\r\n\r\n\r\n\r\n<h2 class=\"wp-block-heading\"><span class=\"ez-toc-section\" id=\"Cest_quoi_la_responsabilite_civile_professionnelle\"><\/span>C\u2019est quoi la responsabilit\u00e9 civile professionnelle ?<span class=\"ez-toc-section-end\"><\/span><\/h2>\r\n\r\n\r\n\r\n<p>Qu\u2019est-ce que la responsabilit\u00e9 civile professionnelle ? Les activit\u00e9s de l\u2019entreprise peuvent \u00eatre \u00e0 l\u2019origine de dommages caus\u00e9s \u00e0 des tiers qui ont alors droit \u00e0 r\u00e9paration. C\u2019est ce risque qui peut \u00eatre couvert par une assurance responsabilit\u00e9 civile.<\/p>\r\n\r\n\r\n\r\n<p>A quoi sert la responsabilit\u00e9 civile ? \u2013 civile ; \u2013 ou un criminel. La responsabilit\u00e9 civile a pour objet principal la r\u00e9paration du dommage.<\/p>\r\n\r\n\r\n\r\n<h3 class=\"wp-block-heading\"><span class=\"ez-toc-section\" id=\"Ou_trouver_sa_responsabilite_civile_professionnelle\"><\/span>O\u00f9 trouver sa responsabilit\u00e9 civile professionnelle ?<span class=\"ez-toc-section-end\"><\/span><\/h3>\r\n\r\n\r\n\r\n<p>Pour obtenir un certificat RC professionnel, vous devez vous assurer ou faire appel \u00e0 un courtier qui \u00e9valuera vos besoins en fonction de la taille de votre entreprise et de son secteur d\u2019activit\u00e9. Dans certains cas, vous devrez fournir des pi\u00e8ces justificatives en fonction de votre activit\u00e9.<\/p>\r\n\r\n\r\n\r\n<h3 class=\"wp-block-heading\"><span class=\"ez-toc-section\" id=\"Pourquoi_prendre_une_assurance_responsabilite_civile_professionnelle\"><\/span>Pourquoi prendre une assurance responsabilit\u00e9 civile professionnelle ?<span class=\"ez-toc-section-end\"><\/span><\/h3>\r\n\r\n\r\n\r\n<p>Pourquoi souscrire une assurance responsabilit\u00e9 civile professionnelle ? Toute entreprise a l\u2019obligation de r\u00e9parer tout dommage caus\u00e9 \u00e0 autrui par des personnes ou des biens dont elle est responsable. Ces dommages peuvent donner lieu \u00e0 des indemnisations importantes pour l\u2019entreprise.<\/p>\r\n\r\n\r\n\r\n<h2 class=\"wp-block-heading\"><span class=\"ez-toc-section\" id=\"Quelles_sont_les_sources_des_assurances_obligatoires\"><\/span>Quelles sont les sources des assurances obligatoires ?<span class=\"ez-toc-section-end\"><\/span><\/h2>\r\n\r\n\r\n\r\n<p>L\u2019assurance est principalement r\u00e9glement\u00e9e par la loi du 13 juillet 1930 sur le r\u00e9gime des rapports entre assureurs et assur\u00e9s, le d\u00e9cret du 14 juin 1938 relatif \u00e0 la protection des assur\u00e9s et des tiers, ainsi que de nombreux autres textes.<\/p>\r\n\r\n\r\n\r\n<p>Pourquoi y a-t-il une assurance obligatoire? Cette obligation d\u2019assurance s\u2019impose \u00e0 tous les conducteurs afin de prot\u00e9ger le l\u00e9s\u00e9 du risque d\u2019insolvabilit\u00e9 de l\u2019auteur. Quelle que soit la situation \u00e9conomique de l\u2019auteur, la victime sera indemnis\u00e9e des dommages mat\u00e9riels et corporels caus\u00e9s par l\u2019accident.<\/p>\r\n\r\n\r\n\r\n<h3 class=\"wp-block-heading\"><span class=\"ez-toc-section\" id=\"Quelles_sont_les_assurances_obligatoires\"><\/span>Quelles sont les assurances obligatoires ?<span class=\"ez-toc-section-end\"><\/span><\/h3>\r\n\r\n\r\n\r\n<p>Seule assurance automobile obligatoire, la garantie responsabilit\u00e9 civile permet l\u2019indemnisation des dommages caus\u00e9s aux tiers par le gardien ou le conducteur du v\u00e9hicule : blessures aux pi\u00e9tons, passagers, passagers d\u2019un autre v\u00e9hicule, dommages aux autres voitures, deux-roues, immeubles\u2026<\/p>\r\n\r\n<p><script type=\"application\/ld+json\">{\"@context\":\"https:\/\/schema.org\",\"@type\":\"FAQPage\",\"mainEntity\":[{\"@type\":\"Question\",\"name\":\"Quand Faut-il prendre une assurance professionnelle ?\",\"acceptedAnswer\":{\"@type\":\"Answer\",\"text\":\"Les entrepreneurs doivent fournir l'espace dans lequel ils exercent leurs activit&eacute;s (incendie, d&eacute;g&acirc;ts des eaux, etc.). Ils doivent &eacute;galement s'assurer lorsqu'ils utilisent le v&eacute;hicule dans le cadre de leur activit&eacute;.L'assurance micro-entreprise est-elle obligatoire ? Si vous exercez une activit&eacute; r&eacute;glement&eacute;e, vous devez souscrire un contrat d'assurance responsabilit&eacute; professionnelle.\"}},{\"@type\":\"Question\",\"name\":\"Qui a besoin d'une assurance d&eacute;cennale ?\",\"acceptedAnswer\":{\"@type\":\"Answer\",\"text\":\"Une garantie d&eacute;cennale est obligatoire d&egrave;s la r&eacute;alisation des travaux de construction, d'extension et de r&eacute;novation de la construction de l'&eacute;tablissement. L'assurance couvre une erreur de fabrication qui n'&eacute;tait pas perceptible &agrave; la r&eacute;ception du travail. La souscription se fait avant le d&eacute;but des travaux.Quels joueurs doivent avoir une assurance d&eacute;cennale ? Lors de la construction ou de l'ex&eacute;cution de travaux de construction, l'entrepreneur doit &agrave; son client une garantie d&eacute;cennale qui, comme son nom l'indique, est valable 10 ans.... Les acteurs de la construction auxquels s'applique cette disposition sont, entre autres :Ma&icirc;tres b&acirc;tisseurs.Promoteurs.Bureaux d'&eacute;tudes.Architectes.\"}},{\"@type\":\"Question\",\"name\":\"C'est quoi la responsabilit&eacute; civile professionnelle ?\",\"acceptedAnswer\":{\"@type\":\"Answer\",\"text\":\"Qu'est-ce que la responsabilit&eacute; civile professionnelle ? Les activit&eacute;s de l'entreprise peuvent &ecirc;tre &agrave; l'origine de dommages caus&eacute;s &agrave; des tiers qui ont alors droit &agrave; r&eacute;paration. C'est ce risque qui peut &ecirc;tre couvert par une assurance responsabilit&eacute; civile.A quoi sert la responsabilit&eacute; civile ? - civile ; - ou un criminel. La responsabilit&eacute; civile a pour objet principal la r&eacute;paration du dommage.\"}},{\"@type\":\"Question\",\"name\":\"Quelles sont les sources des assurances obligatoires ?\",\"acceptedAnswer\":{\"@type\":\"Answer\",\"text\":\"L'assurance est principalement r&eacute;glement&eacute;e par la loi du 13 juillet 1930 sur le r&eacute;gime des rapports entre assureurs et assur&eacute;s, le d&eacute;cret du 14 juin 1938 relatif &agrave; la protection des assur&eacute;s et des tiers, ainsi que de nombreux autres textes.Pourquoi y a-t-il une assurance obligatoire? Cette obligation d'assurance s'impose &agrave; tous les conducteurs afin de prot&eacute;ger le l&eacute;s&eacute; du risque d'insolvabilit&eacute; de l'auteur. Quelle que soit la situation &eacute;conomique de l'auteur, la victime sera indemnis&eacute;e des dommages mat&eacute;riels et corporels caus&eacute;s par l'accident.\"}}]}<\/script><\/p>\n\n","protected":false},"excerpt":{"rendered":"","protected":false},"author":3,"featured_media":2920,"comment_status":"open","ping_status":"open","sticky":false,"template":"","format":"standard","meta":{"_seopress_robots_primary_cat":"none","_seopress_titles_title":"","_seopress_titles_desc":"","_seopress_robots_index":"","footnotes":""},"categories":[30],"tags":[],"class_list":["post-2919","post","type-post","status-publish","format-standard","has-post-thumbnail","hentry","category-assurances","generate-columns","tablet-grid-50","mobile-grid-100","grid-parent","grid-50"],"_links":{"self":[{"href":"https:\/\/toukiela.com\/fr_be\/wp-json\/wp\/v2\/posts\/2919","targetHints":{"allow":["GET"]}}],"collection":[{"href":"https:\/\/toukiela.com\/fr_be\/wp-json\/wp\/v2\/posts"}],"about":[{"href":"https:\/\/toukiela.com\/fr_be\/wp-json\/wp\/v2\/types\/post"}],"author":[{"embeddable":true,"href":"https:\/\/toukiela.com\/fr_be\/wp-json\/wp\/v2\/users\/3"}],"replies":[{"embeddable":true,"href":"https:\/\/toukiela.com\/fr_be\/wp-json\/wp\/v2\/comments?post=2919"}],"version-history":[{"count":0,"href":"https:\/\/toukiela.com\/fr_be\/wp-json\/wp\/v2\/posts\/2919\/revisions"}],"wp:featuredmedia":[{"embeddable":true,"href":"https:\/\/toukiela.com\/fr_be\/wp-json\/wp\/v2\/media\/2920"}],"wp:attachment":[{"href":"https:\/\/toukiela.com\/fr_be\/wp-json\/wp\/v2\/media?parent=2919"}],"wp:term":[{"taxonomy":"category","embeddable":true,"href":"https:\/\/toukiela.com\/fr_be\/wp-json\/wp\/v2\/categories?post=2919"},{"taxonomy":"post_tag","embeddable":true,"href":"https:\/\/toukiela.com\/fr_be\/wp-json\/wp\/v2\/tags?post=2919"}],"curies":[{"name":"wp","href":"https:\/\/api.w.org\/{rel}","templated":true}]}}