{"id":2633,"date":"2022-06-22T01:21:17","date_gmt":"2022-06-22T01:21:17","guid":{"rendered":"https:\/\/toukiela.com\/qui-porte-bleu-de-chanel-month-year\/"},"modified":"2022-08-30T10:38:49","modified_gmt":"2022-08-30T10:38:49","slug":"qui-porte-bleu-de-chanel-month-year","status":"publish","type":"post","link":"https:\/\/toukiela.com\/fr_be\/qui-porte-bleu-de-chanel-month-year\/","title":{"rendered":"Qui porte Bleu de Chanel ? avril 2026"},"content":{"rendered":"<p><iframe title=\"10 HUMAINS RARES QUI EXISTENT VRAIMENT !\" width=\"1200\" height=\"675\" src=\"https:\/\/www.youtube-nocookie.com\/embed\/-k9WSL0296Y?feature=oembed\" frameborder=\"0\" allow=\"accelerometer; autoplay; clipboard-write; encrypted-media; gyroscope; picture-in-picture; web-share\" allowfullscreen><\/iframe><\/p>\r\n<p>Au mois de d\u00e9cembre 2010, Bleu de Chanel a \u00e9t\u00e9 port\u00e9 par Brad Pitt.<\/p>\r\n<p>Bleu de Chanel par Chanel est un parfum aromatique bois\u00e9 pour homme qui a \u00e9t\u00e9 introduit en 2010. Le nez derri\u00e8re ce parfum est Jacques Polge. Les notes de t\u00eate sont les agrumes et le poivre rose ; les notes de c\u0153ur sont la noix de muscade, le gingembre, le v\u00e9tiver et le jasmin ; les notes de fond sont le patchouli, le labdanum, le musc et l\u2019ambre.<\/p>\r\n<p>Ce parfum luxueux et sophistiqu\u00e9 est parfait pour tout homme qui veut se sentir confiant et \u00e9l\u00e9gant. Bleu de Chanel est le parfum parfait pour une soir\u00e9e en ville ou une occasion sp\u00e9ciale. Brad Pitt a \u00e9t\u00e9 aper\u00e7u portant ce parfum \u00e0 plusieurs reprises, ce qui en fait le choix id\u00e9al pour quiconque souhaite sentir comme une star hollywoodienne.<\/p>\r\n<div id=\"ez-toc-container\" class=\"ez-toc-v2_0_82_2 counter-hierarchy ez-toc-counter ez-toc-grey ez-toc-container-direction\">\n<p class=\"ez-toc-title\" style=\"cursor:inherit\">Sommaire<\/p>\n<label for=\"ez-toc-cssicon-toggle-item-69f1c5c680f01\" class=\"ez-toc-cssicon-toggle-label\"><span class=\"\"><span class=\"eztoc-hide\" style=\"display:none;\">Toggle<\/span><span class=\"ez-toc-icon-toggle-span\"><svg style=\"fill: #999;color:#999\" xmlns=\"http:\/\/www.w3.org\/2000\/svg\" class=\"list-377408\" width=\"20px\" height=\"20px\" viewBox=\"0 0 24 24\" fill=\"none\"><path d=\"M6 6H4v2h2V6zm14 0H8v2h12V6zM4 11h2v2H4v-2zm16 0H8v2h12v-2zM4 16h2v2H4v-2zm16 0H8v2h12v-2z\" fill=\"currentColor\"><\/path><\/svg><svg style=\"fill: #999;color:#999\" class=\"arrow-unsorted-368013\" xmlns=\"http:\/\/www.w3.org\/2000\/svg\" width=\"10px\" height=\"10px\" viewBox=\"0 0 24 24\" version=\"1.2\" baseProfile=\"tiny\"><path d=\"M18.2 9.3l-6.2-6.3-6.2 6.3c-.2.2-.3.4-.3.7s.1.5.3.7c.2.2.4.3.7.3h11c.3 0 .5-.1.7-.3.2-.2.3-.5.3-.7s-.1-.5-.3-.7zM5.8 14.7l6.2 6.3 6.2-6.3c.2-.2.3-.5.3-.7s-.1-.5-.3-.7c-.2-.2-.4-.3-.7-.3h-11c-.3 0-.5.1-.7.3-.2.2-.3.5-.3.7s.1.5.3.7z\"\/><\/svg><\/span><\/span><\/label><input type=\"checkbox\"  id=\"ez-toc-cssicon-toggle-item-69f1c5c680f01\"  aria-label=\"Toggle\" \/><nav><ul class='ez-toc-list ez-toc-list-level-1 ' ><li class='ez-toc-page-1 ez-toc-heading-level-2'><a class=\"ez-toc-link ez-toc-heading-1\" href=\"https:\/\/toukiela.com\/fr_be\/qui-porte-bleu-de-chanel-month-year\/#Qui_etait_la_derniere_compagne_de_Gaspard\" >Qui etait la derni\u00e8re compagne de Gaspard ?<\/a><ul class='ez-toc-list-level-3' ><li class='ez-toc-heading-level-3'><a class=\"ez-toc-link ez-toc-heading-2\" href=\"https:\/\/toukiela.com\/fr_be\/qui-porte-bleu-de-chanel-month-year\/#Ou_habite_Vicky_Krieps\" >O\u00f9 habite Vicky Krieps ?<\/a><ul class='ez-toc-list-level-4' ><li class='ez-toc-heading-level-4'><a class=\"ez-toc-link ez-toc-heading-3\" href=\"https:\/\/toukiela.com\/fr_be\/qui-porte-bleu-de-chanel-month-year\/#Quelle_est_la_derniere_compagne_de_Gaspard_Ulliel\" >Quelle est la derni\u00e8re compagne de Gaspard Ulliel ?<\/a><\/li><li class='ez-toc-page-1 ez-toc-heading-level-4'><a class=\"ez-toc-link ez-toc-heading-4\" href=\"https:\/\/toukiela.com\/fr_be\/qui-porte-bleu-de-chanel-month-year\/#Qui_est_en_couple_avec_Gaspard_Ulliel\" >Qui est en couple avec Gaspard Ulliel ?<\/a><\/li><\/ul><\/li><li class='ez-toc-page-1 ez-toc-heading-level-3'><a class=\"ez-toc-link ez-toc-heading-5\" href=\"https:\/\/toukiela.com\/fr_be\/qui-porte-bleu-de-chanel-month-year\/#Qui_est_en_couple_avec_Gaspard_Ulliel-2\" >Qui est en couple avec Gaspard Ulliel ?<\/a><ul class='ez-toc-list-level-4' ><li class='ez-toc-heading-level-4'><a class=\"ez-toc-link ez-toc-heading-6\" href=\"https:\/\/toukiela.com\/fr_be\/qui-porte-bleu-de-chanel-month-year\/#Qui_est_la_nouvelle_compagne_de_Gaspard\" >Qui est la nouvelle compagne de Gaspard ?<\/a><\/li><li class='ez-toc-page-1 ez-toc-heading-level-4'><a class=\"ez-toc-link ez-toc-heading-7\" href=\"https:\/\/toukiela.com\/fr_be\/qui-porte-bleu-de-chanel-month-year\/#Qui_est_la_mere_dOrso_Ulliel\" >Qui est la m\u00e8re d\u2019Orso Ulliel ?<\/a><\/li><\/ul><\/li><li class='ez-toc-page-1 ez-toc-heading-level-3'><a class=\"ez-toc-link ez-toc-heading-8\" href=\"https:\/\/toukiela.com\/fr_be\/qui-porte-bleu-de-chanel-month-year\/#Qui_est_Gaelle_Pietri\" >Qui est Ga\u00eblle Pietri ?<\/a><ul class='ez-toc-list-level-4' ><li class='ez-toc-heading-level-4'><a class=\"ez-toc-link ez-toc-heading-9\" href=\"https:\/\/toukiela.com\/fr_be\/qui-porte-bleu-de-chanel-month-year\/#Qui_est_la_mere_dOrso_Ulliel-2\" >Qui est la m\u00e8re d\u2019Orso Ulliel ?<\/a><\/li><li class='ez-toc-page-1 ez-toc-heading-level-4'><a class=\"ez-toc-link ez-toc-heading-10\" href=\"https:\/\/toukiela.com\/fr_be\/qui-porte-bleu-de-chanel-month-year\/#Qui_est_Gaelle_Pietri_pour_Julie_Pietri\" >Qui est Ga\u00eblle Pietri pour Julie Pietri ?<\/a><\/li><\/ul><\/li><\/ul><\/li><li class='ez-toc-page-1 ez-toc-heading-level-2'><a class=\"ez-toc-link ez-toc-heading-11\" href=\"https:\/\/toukiela.com\/fr_be\/qui-porte-bleu-de-chanel-month-year\/#Qui_represente_Chanel\" >Qui repr\u00e9sente Chanel ?<\/a><ul class='ez-toc-list-level-3' ><li class='ez-toc-heading-level-3'><a class=\"ez-toc-link ez-toc-heading-12\" href=\"https:\/\/toukiela.com\/fr_be\/qui-porte-bleu-de-chanel-month-year\/#Qui_gere_la_marque_Chanel\" >Qui g\u00e8re la marque Chanel ?<\/a><ul class='ez-toc-list-level-4' ><li class='ez-toc-heading-level-4'><a class=\"ez-toc-link ez-toc-heading-13\" href=\"https:\/\/toukiela.com\/fr_be\/qui-porte-bleu-de-chanel-month-year\/#Quel_est_le_type_dorganisation_de_Chanel\" >Quel est le type d\u2019organisation de Chanel ?<\/a><\/li><li class='ez-toc-page-1 ez-toc-heading-level-4'><a class=\"ez-toc-link ez-toc-heading-14\" href=\"https:\/\/toukiela.com\/fr_be\/qui-porte-bleu-de-chanel-month-year\/#Quelle_est_lidentite_de_la_marque_Chanel\" >Quelle est l\u2019identit\u00e9 de la marque Chanel ?<\/a><\/li><\/ul><\/li><li class='ez-toc-page-1 ez-toc-heading-level-3'><a class=\"ez-toc-link ez-toc-heading-15\" href=\"https:\/\/toukiela.com\/fr_be\/qui-porte-bleu-de-chanel-month-year\/#Qui_est_legerie_du_parfum_Chanel\" >Qui est l\u2019\u00e9g\u00e9rie du parfum Chanel ?<\/a><\/li><li class='ez-toc-page-1 ez-toc-heading-level-3'><a class=\"ez-toc-link ez-toc-heading-16\" href=\"https:\/\/toukiela.com\/fr_be\/qui-porte-bleu-de-chanel-month-year\/#Qui_sont_les_dirigeants_de_Chanel\" >Qui sont les dirigeants de Chanel ?<\/a><ul class='ez-toc-list-level-4' ><li class='ez-toc-heading-level-4'><a class=\"ez-toc-link ez-toc-heading-17\" href=\"https:\/\/toukiela.com\/fr_be\/qui-porte-bleu-de-chanel-month-year\/#Est-ce_que_Chanel_fait_partie_du_groupe_LVMH\" >Est-ce que Chanel fait partie du groupe LVMH ?<\/a><\/li><li class='ez-toc-page-1 ez-toc-heading-level-4'><a class=\"ez-toc-link ez-toc-heading-18\" href=\"https:\/\/toukiela.com\/fr_be\/qui-porte-bleu-de-chanel-month-year\/#Quel_groupe_possede_Chanel\" >Quel groupe poss\u00e8de Chanel ?<\/a><\/li><\/ul><\/li><\/ul><\/li><li class='ez-toc-page-1 ez-toc-heading-level-2'><a class=\"ez-toc-link ez-toc-heading-19\" href=\"https:\/\/toukiela.com\/fr_be\/qui-porte-bleu-de-chanel-month-year\/#Qui_est_legerie_de_Coco_Mademoiselle\" >Qui est l\u2019\u00e9g\u00e9rie de Coco Mademoiselle ?<\/a><ul class='ez-toc-list-level-3' ><li class='ez-toc-heading-level-3'><a class=\"ez-toc-link ez-toc-heading-20\" href=\"https:\/\/toukiela.com\/fr_be\/qui-porte-bleu-de-chanel-month-year\/#Quel_est_le_seul_homme_a_avoir_incarne_Chanel_N_5\" >Quel est le seul homme \u00e0 avoir incarn\u00e9 Chanel N 5 ?<\/a><ul class='ez-toc-list-level-4' ><li class='ez-toc-heading-level-4'><a class=\"ez-toc-link ez-toc-heading-21\" href=\"https:\/\/toukiela.com\/fr_be\/qui-porte-bleu-de-chanel-month-year\/#Quel_parfum_portait_Gabrielle_Chanel\" >Quel parfum portait Gabrielle Chanel ?<\/a><\/li><li class='ez-toc-page-1 ez-toc-heading-level-4'><a class=\"ez-toc-link ez-toc-heading-22\" href=\"https:\/\/toukiela.com\/fr_be\/qui-porte-bleu-de-chanel-month-year\/#Pourquoi_le_parfum_sappelle_numero_5\" >Pourquoi le parfum s\u2019appelle num\u00e9ro 5 ?<\/a><\/li><\/ul><\/li><li class='ez-toc-page-1 ez-toc-heading-level-3'><a class=\"ez-toc-link ez-toc-heading-23\" href=\"https:\/\/toukiela.com\/fr_be\/qui-porte-bleu-de-chanel-month-year\/#Qui_est_legerie_de_Lancome\" >Qui est l\u2019\u00e9g\u00e9rie de Lanc\u00f4me ?<\/a><ul class='ez-toc-list-level-4' ><li class='ez-toc-heading-level-4'><a class=\"ez-toc-link ez-toc-heading-24\" href=\"https:\/\/toukiela.com\/fr_be\/qui-porte-bleu-de-chanel-month-year\/#Quelle_actrice_celebre_est_le_visage_du_parfum_Idole_de_Lancome\" >Quelle actrice c\u00e9l\u00e8bre est le visage du parfum Id\u00f4le de Lanc\u00f4me ?<\/a><\/li><li class='ez-toc-page-1 ez-toc-heading-level-4'><a class=\"ez-toc-link ez-toc-heading-25\" href=\"https:\/\/toukiela.com\/fr_be\/qui-porte-bleu-de-chanel-month-year\/#Qui_est_la_nouvelle_egerie_de_Lancome\" >Qui est la nouvelle \u00e9g\u00e9rie de Lanc\u00f4me ?<\/a><\/li><\/ul><\/li><li class='ez-toc-page-1 ez-toc-heading-level-3'><a class=\"ez-toc-link ez-toc-heading-26\" href=\"https:\/\/toukiela.com\/fr_be\/qui-porte-bleu-de-chanel-month-year\/#Qui_est_legerie_de_Coco_Chanel\" >Qui est l\u2019\u00e9g\u00e9rie de Coco Chanel ?<\/a><ul class='ez-toc-list-level-4' ><li class='ez-toc-heading-level-4'><a class=\"ez-toc-link ez-toc-heading-27\" href=\"https:\/\/toukiela.com\/fr_be\/qui-porte-bleu-de-chanel-month-year\/#Qui_a_ete_legerie_de_leau_de_Chanel\" >Qui a \u00e9t\u00e9 l\u2019\u00e9g\u00e9rie de l\u2019eau de Chanel ?<\/a><\/li><li class='ez-toc-page-1 ez-toc-heading-level-4'><a class=\"ez-toc-link ez-toc-heading-28\" href=\"https:\/\/toukiela.com\/fr_be\/qui-porte-bleu-de-chanel-month-year\/#Qui_porte_Gabrielle_Chanel\" >Qui porte Gabrielle Chanel ?<\/a><\/li><\/ul><\/li><\/ul><\/li><li class='ez-toc-page-1 ez-toc-heading-level-2'><a class=\"ez-toc-link ez-toc-heading-29\" href=\"https:\/\/toukiela.com\/fr_be\/qui-porte-bleu-de-chanel-month-year\/#Comment_est_decede_Gaspard_Ulliel\" >Comment est d\u00e9c\u00e9d\u00e9 Gaspard Ulliel ?<\/a><\/li><li class='ez-toc-page-1 ez-toc-heading-level-2'><a class=\"ez-toc-link ez-toc-heading-30\" href=\"https:\/\/toukiela.com\/fr_be\/qui-porte-bleu-de-chanel-month-year\/#Qui_pose_pour_Chanel\" >Qui pose pour Chanel ?<\/a><\/li><li class='ez-toc-page-1 ez-toc-heading-level-2'><a class=\"ez-toc-link ez-toc-heading-31\" href=\"https:\/\/toukiela.com\/fr_be\/qui-porte-bleu-de-chanel-month-year\/#Quel_parfum_pour_homme_preferent_les_femmes\" >Quel parfum pour homme pr\u00e9f\u00e8rent les femmes ?<\/a><\/li><\/ul><\/nav><\/div>\n<h2 class=\"wp-block-heading\"><span class=\"ez-toc-section\" id=\"Qui_etait_la_derniere_compagne_de_Gaspard\"><\/span>Qui etait la derni\u00e8re compagne de Gaspard ?<span class=\"ez-toc-section-end\"><\/span><\/h2>\r\n\r\n\r\n\r\n<figure><img decoding=\"async\" class=\"attachment-full size-full\" src=\"https:\/\/toukiela.com\/wp-content\/uploads\/2022\/06\/Qui-etait-la-derniere-compagne-de-Gaspard-1-1.jpeg\" sizes=\"(max-width: 600px) 100vw, 600px\" srcset=\"https:\/\/i0.wp.com\/toukiela.com\/wp-content\/uploads\/2022\/06\/Qui-etait-la-derniere-compagne-de-Gaspard-1-1.jpeg?w=600&amp;ssl=1 600w, https:\/\/i0.wp.com\/toukiela.com\/wp-content\/uploads\/2022\/06\/Qui-etait-la-derniere-compagne-de-Gaspard-1-1.jpeg?resize=300%2C300&amp;ssl=1 300w, https:\/\/i0.wp.com\/toukiela.com\/wp-content\/uploads\/2022\/06\/Qui-etait-la-derniere-compagne-de-Gaspard-1-1.jpeg?resize=150%2C150&amp;ssl=1 150w, https:\/\/i0.wp.com\/toukiela.com\/wp-content\/uploads\/2022\/06\/Qui-etait-la-derniere-compagne-de-Gaspard-1-1.jpeg?resize=12%2C12&amp;ssl=1 12w, https:\/\/i0.wp.com\/toukiela.com\/wp-content\/uploads\/2022\/06\/Qui-etait-la-derniere-compagne-de-Gaspard-1-1.jpeg?resize=50%2C50&amp;ssl=1 50w, https:\/\/i0.wp.com\/toukiela.com\/wp-content\/uploads\/2022\/06\/Qui-etait-la-derniere-compagne-de-Gaspard-1-1.jpeg?resize=480%2C480&amp;ssl=1 480w\" alt=\"Qui etait la derni\u00e8re compagne de Gaspard ?\" width=\"600\" height=\"600\"><\/figure>\r\n\r\n\r\n\r\n<p>Gaspard Ulliel : Sa derni\u00e8re compagne Vicky Krieps sort du silence apr\u00e8s la mise au point de Ga\u00eblle Pietri. Gaspard Ulliel est d\u00e9c\u00e9d\u00e9 \u00e0 l\u2019\u00e2ge de 37 ans, apr\u00e8s avoir perdu la vie apr\u00e8s un accident sur une piste de ski.<\/p>\r\n\r\n\r\n\r\n<p>Qui est la petite amie de Vicky Krieps ?<\/p>\r\n\r\n\r\n\r\n<h3 class=\"wp-block-heading\"><span class=\"ez-toc-section\" id=\"Ou_habite_Vicky_Krieps\"><\/span>O\u00f9 habite Vicky Krieps ?<span class=\"ez-toc-section-end\"><\/span><\/h3>\r\n\r\n\r\n\r\n<p>Elle vit \u00e0 Berlin. L\u2019un des r\u00f4les qui a renforc\u00e9 sa notori\u00e9t\u00e9 est son interpr\u00e9tation d\u2019Alma Elson, l\u2019un des personnages principaux de Phantom Thread, un film dramatique anglo-am\u00e9ricain \u00e9crit et r\u00e9alis\u00e9 par Paul Thomas Anderson sorti en 2017.<\/p>\r\n\r\n\r\n\r\n<h4 class=\"wp-block-heading\"><span class=\"ez-toc-section\" id=\"Quelle_est_la_derniere_compagne_de_Gaspard_Ulliel\"><\/span>Quelle est la derni\u00e8re compagne de Gaspard Ulliel ?<span class=\"ez-toc-section-end\"><\/span><\/h4>\r\n\r\n\r\n\r\n<p>Pr\u00e9sent\u00e9e comme la derni\u00e8re compagne de Gaspard Ulliel, Vicky Krieps a fait une arriv\u00e9e remarqu\u00e9e sur le tapis rouge du Festival de Cannes vendredi 20. Mai 2022.<\/p>\r\n\r\n\r\n\r\n<h4 class=\"wp-block-heading\"><span class=\"ez-toc-section\" id=\"Qui_est_en_couple_avec_Gaspard_Ulliel\"><\/span>Qui est en couple avec Gaspard Ulliel ?<span class=\"ez-toc-section-end\"><\/span><\/h4>\r\n\r\n\r\n\r\n<p>Gaspard Ulliel est d\u00e9c\u00e9d\u00e9 des suites d\u2019un accident de ski, laissant derri\u00e8re lui un enfant de 6 ans, fruit de son association avec Ga\u00eblle Pietri. Si des rumeurs indiquaient que l\u2019acteur \u00e9tait en couple avant sa mort, la m\u00e8re du fils a r\u00e9tabli la v\u00e9rit\u00e9 ce mardi 10 mai 2022 sur Instagram.<\/p>\r\n\r\n\r\n\r\n<h3 class=\"wp-block-heading\"><span class=\"ez-toc-section\" id=\"Qui_est_en_couple_avec_Gaspard_Ulliel-2\"><\/span>Qui est en couple avec Gaspard Ulliel ?<span class=\"ez-toc-section-end\"><\/span><\/h3>\r\n\r\n\r\n\r\n<p>Gaspard Ulliel est d\u00e9c\u00e9d\u00e9 des suites d\u2019un accident de ski, laissant derri\u00e8re lui un enfant de 6 ans, fruit de son association avec Ga\u00eblle Pietri. Si des rumeurs indiquaient que l\u2019acteur \u00e9tait en couple avant sa mort, la m\u00e8re du fils a r\u00e9tabli la v\u00e9rit\u00e9 ce mardi 10 mai 2022 sur Instagram.<\/p>\r\n\r\n\r\n\r\n<h4 class=\"wp-block-heading\"><span class=\"ez-toc-section\" id=\"Qui_est_la_nouvelle_compagne_de_Gaspard\"><\/span>Qui est la nouvelle compagne de Gaspard ?<span class=\"ez-toc-section-end\"><\/span><\/h4>\r\n\r\n\r\n\r\n<p>D\u2019apr\u00e8s les informations du magazine Public, en vente dans les kiosques depuis le vendredi 4. En f\u00e9vrier 2022, Gaspard Ulliel avait retrouv\u00e9 l\u2019amour dans les bras de l\u2019actrice Vicky Krieps.<\/p>\r\n\r\n\r\n\r\n<h4 class=\"wp-block-heading\"><span class=\"ez-toc-section\" id=\"Qui_est_la_mere_dOrso_Ulliel\"><\/span>Qui est la m\u00e8re d\u2019Orso Ulliel ?<span class=\"ez-toc-section-end\"><\/span><\/h4>\r\n\r\n\r\n\r\n<p>Gaspard Ulliel : la m\u00e8re de son fils Orso, Ga\u00eblle Pietri, se confie, comme toujours, sur sa mort tragique. Le 19 janvier, Gaspard Ulliel, victime d\u2019un tragique accident de ski, est d\u00e9c\u00e9d\u00e9 alors qu\u2019il passait quelques jours de vacances avec son ancienne compagne Ga\u00eblle Pietri, et leur fils Orso.<\/p>\r\n\r\n\r\n\r\n<h3 class=\"wp-block-heading\"><span class=\"ez-toc-section\" id=\"Qui_est_Gaelle_Pietri\"><\/span>Qui est Ga\u00eblle Pietri ?<span class=\"ez-toc-section-end\"><\/span><\/h3>\r\n\r\n\r\n\r\n<p>Ga\u00eblle Pietri, mannequin fran\u00e7aise, est l\u2019ex-petite amie de l\u2019acteur Gaspard Ulliel. Ga\u00eblle Pietri est d\u00e9couverte lors d\u2019un concours en Corse, puis s\u2019installe \u00e0 Paris. Elle signe ensuite un contrat avec Elite International et d\u00e9bute sa carri\u00e8re en posant pour des marques telles que Garnier en 2004.<\/p>\r\n\r\n\r\n\r\n<h4 class=\"wp-block-heading\"><span class=\"ez-toc-section\" id=\"Qui_est_la_mere_dOrso_Ulliel-2\"><\/span>Qui est la m\u00e8re d\u2019Orso Ulliel ?<span class=\"ez-toc-section-end\"><\/span><\/h4>\r\n\r\n\r\n\r\n<p>Gaspard Ulliel : la m\u00e8re de son fils Orso, Ga\u00eblle Pietri, se confie, comme toujours, sur sa mort tragique. Le 19 janvier, Gaspard Ulliel, victime d\u2019un tragique accident de ski, est d\u00e9c\u00e9d\u00e9 alors qu\u2019il passait quelques jours de vacances avec son ancienne compagne Ga\u00eblle Pietri, et leur fils Orso.<\/p>\r\n\r\n\r\n\r\n<h4 class=\"wp-block-heading\"><span class=\"ez-toc-section\" id=\"Qui_est_Gaelle_Pietri_pour_Julie_Pietri\"><\/span>Qui est Ga\u00eblle Pietri pour Julie Pietri ?<span class=\"ez-toc-section-end\"><\/span><\/h4>\r\n\r\n\r\n\r\n<p>Julie et Ga\u00eblle Pietri ont une passion commune, la musique. En effet, la m\u00e8re du jeune mannequin, Julie Pietri, a eu une belle carri\u00e8re de chanteuse. Dans l\u2019interview accord\u00e9e \u00e0 Corse matin, Ga\u00eblle Pietri se dit int\u00e9ress\u00e9e par la r\u00e9alisation d\u2019un album de musique solo.<\/p>\r\n\r\n\r\n\r\n<h2 class=\"wp-block-heading\"><span class=\"ez-toc-section\" id=\"Qui_represente_Chanel\"><\/span>Qui repr\u00e9sente Chanel ?<span class=\"ez-toc-section-end\"><\/span><\/h2>\r\n\r\n\r\n\r\n<figure><img decoding=\"async\" class=\"attachment-full size-full\" src=\"https:\/\/toukiela.com\/wp-content\/uploads\/2022\/06\/Qui-represente-Chanel-1-1.jpeg\" sizes=\"(max-width: 808px) 100vw, 808px\" srcset=\"https:\/\/i0.wp.com\/toukiela.com\/wp-content\/uploads\/2022\/06\/Qui-represente-Chanel-1-1.jpeg?w=808&amp;ssl=1 808w, https:\/\/i0.wp.com\/toukiela.com\/wp-content\/uploads\/2022\/06\/Qui-represente-Chanel-1-1.jpeg?resize=174%2C300&amp;ssl=1 174w, https:\/\/i0.wp.com\/toukiela.com\/wp-content\/uploads\/2022\/06\/Qui-represente-Chanel-1-1.jpeg?resize=595%2C1024&amp;ssl=1 595w, https:\/\/i0.wp.com\/toukiela.com\/wp-content\/uploads\/2022\/06\/Qui-represente-Chanel-1-1.jpeg?resize=768%2C1321&amp;ssl=1 768w, https:\/\/i0.wp.com\/toukiela.com\/wp-content\/uploads\/2022\/06\/Qui-represente-Chanel-1-1.jpeg?resize=7%2C12&amp;ssl=1 7w, https:\/\/i0.wp.com\/toukiela.com\/wp-content\/uploads\/2022\/06\/Qui-represente-Chanel-1-1.jpeg?resize=29%2C50&amp;ssl=1 29w, https:\/\/i0.wp.com\/toukiela.com\/wp-content\/uploads\/2022\/06\/Qui-represente-Chanel-1-1.jpeg?resize=480%2C826&amp;ssl=1 480w\" alt=\"Qui repr\u00e9sente Chanel ?\" width=\"808\" height=\"1390\"><\/figure>\r\n\r\n\r\n\r\n<p>Depuis ce lundi 20 mai, un autre de leurs confr\u00e8res a le privil\u00e8ge de repr\u00e9senter la marque fran\u00e7aise. Son identit\u00e9 vient d\u2019\u00eatre d\u00e9voil\u00e9e : il s\u2019agit de Margot Robbie.<\/p>\r\n\r\n\r\n\r\n<p>Qui repr\u00e9sente Chanel 5 ? Alors que Chanel annon\u00e7ait en f\u00e9vrier la nomination de Marion Cotillard comme \u00e9g\u00e9rie de son parfum n\u00b05, l\u2019actrice oscaris\u00e9e se d\u00e9voile ces jours-ci dans une vid\u00e9o publicitaire in\u00e9dite.<\/p>\r\n\r\n\r\n\r\n<h3 class=\"wp-block-heading\"><span class=\"ez-toc-section\" id=\"Qui_gere_la_marque_Chanel\"><\/span>Qui g\u00e8re la marque Chanel ?<span class=\"ez-toc-section-end\"><\/span><\/h3>\r\n\r\n\r\n\r\n<p>Wertheimers, un clan d\u2019origine juive. Depuis, Chanel a \u00e9t\u00e9 h\u00e9rit\u00e9e de p\u00e8re en fils de Wertheimer et est maintenant dirig\u00e9e par G\u00e9rard et Alain, petits-enfants de Pierre et fils de Jacques, depuis 1974.<\/p>\r\n\r\n\r\n\r\n<h4 class=\"wp-block-heading\"><span class=\"ez-toc-section\" id=\"Quel_est_le_type_dorganisation_de_Chanel\"><\/span>Quel est le type d\u2019organisation de Chanel ?<span class=\"ez-toc-section-end\"><\/span><\/h4>\r\n\r\n\r\n\r\n<p>Il s\u2019agit d\u2019une soci\u00e9t\u00e9 \u00e0 responsabilit\u00e9 limit\u00e9e simplifi\u00e9e, dont le si\u00e8ge social est \u00e0 Neuilly-sur-Seine. En 2017, le chiffre d\u2019affaires est de 9,62 milliards de dollars.<\/p>\r\n\r\n\r\n\r\n<h4 class=\"wp-block-heading\"><span class=\"ez-toc-section\" id=\"Quelle_est_lidentite_de_la_marque_Chanel\"><\/span>Quelle est l\u2019identit\u00e9 de la marque Chanel ?<span class=\"ez-toc-section-end\"><\/span><\/h4>\r\n\r\n\r\n\r\n<p>Cela nous permet de comprendre l\u2019identit\u00e9 de cette marque que Coco Chanel a grav\u00e9e sur le site : audacieuse, unique, perfectionniste, passionn\u00e9e, visionnaire. Ce sont des concepts sur le statut des femmes professionnelles et ind\u00e9pendantes.<\/p>\r\n\r\n\r\n\r\n<h3 class=\"wp-block-heading\"><span class=\"ez-toc-section\" id=\"Qui_est_legerie_du_parfum_Chanel\"><\/span>Qui est l\u2019\u00e9g\u00e9rie du parfum Chanel ?<span class=\"ez-toc-section-end\"><\/span><\/h3>\r\n\r\n\r\n\r\n<p>Apprendre encore plus. Marion Cotillard est la nouvelle \u00e9g\u00e9rie du parfum n\u00b05 de Chanel. L\u2019actrice fran\u00e7aise a \u00e9t\u00e9 choisie par la marque de luxe pour repr\u00e9senter son c\u00e9l\u00e8bre parfum. A 44 ans, l\u2019actrice succ\u00e8de entre autres \u00e0 Catherine Deneuve, Keira Knightley, Nicole Kidman ou Margot Robbie, note BFMTV.<\/p>\r\n\r\n\r\n\r\n<h3 class=\"wp-block-heading\"><span class=\"ez-toc-section\" id=\"Qui_sont_les_dirigeants_de_Chanel\"><\/span>Qui sont les dirigeants de Chanel ?<span class=\"ez-toc-section-end\"><\/span><\/h3>\r\n\r\n\r\n\r\n<p>Dirigeants<\/p>\r\n\r\n\r\n\r\n<ul class=\"wp-block-list\">\r\n<li>Alain Wertheimer, co-pr\u00e9sident ; surveille tous les \u00c9tats-Unis o\u00f9 il est install\u00e9<\/li>\r\n<li>G\u00e9rard Wertheimer, co-pr\u00e9sident.<\/li>\r\n<li>Luc Dony Pr\u00e9sident de Chanel SA, France.<\/li>\r\n<li>Richard Collasse, Chanel KK, Japon.<\/li>\r\n<li>Arie Kopelman, Chanel Inc, \u00c9tats-Unis.<\/li>\r\n<\/ul>\r\n\r\n\r\n\r\n<h4 class=\"wp-block-heading\"><span class=\"ez-toc-section\" id=\"Est-ce_que_Chanel_fait_partie_du_groupe_LVMH\"><\/span>Est-ce que Chanel fait partie du groupe LVMH ?<span class=\"ez-toc-section-end\"><\/span><\/h4>\r\n\r\n\r\n\r\n<p>Aux cinq premi\u00e8res places on retrouve les familles propri\u00e9taires de LVMH (Louis Vuitton, C\u00e9line, Dior\u2026), Herm\u00e8s, L\u2019Or\u00e9al, Chanel et Kering (Saint Laurent, Gucci, Balenciaga\u2026).<\/p>\r\n\r\n\r\n\r\n<h4 class=\"wp-block-heading\"><span class=\"ez-toc-section\" id=\"Quel_groupe_possede_Chanel\"><\/span>Quel groupe poss\u00e8de Chanel ?<span class=\"ez-toc-section-end\"><\/span><\/h4>\r\n\r\n\r\n\r\n<p>Chanel appartient au groupe Chanel International BV, les soci\u00e9t\u00e9s s\u0153urs sont Bourjois (1898-2014), Holland &amp; Holland et Bell &amp; Ross. Les filiales sont Chanel Parfums Beaut\u00e9, Chanel Group et Eres.<\/p>\r\n\r\n\r\n\r\n<h2 class=\"wp-block-heading\"><span class=\"ez-toc-section\" id=\"Qui_est_legerie_de_Coco_Mademoiselle\"><\/span>Qui est l\u2019\u00e9g\u00e9rie de Coco Mademoiselle ?<span class=\"ez-toc-section-end\"><\/span><\/h2>\r\n\r\n\r\n\r\n<figure><img decoding=\"async\" class=\"attachment-full size-full\" src=\"https:\/\/toukiela.com\/wp-content\/uploads\/2022\/06\/Qui-est-legerie-de-Coco-Mademoiselle-.png\" sizes=\"(max-width: 1080px) 100vw, 1080px\" srcset=\"https:\/\/i0.wp.com\/toukiela.com\/wp-content\/uploads\/2022\/06\/Qui-est-legerie-de-Coco-Mademoiselle-.png?w=1080&amp;ssl=1 1080w, https:\/\/i0.wp.com\/toukiela.com\/wp-content\/uploads\/2022\/06\/Qui-est-legerie-de-Coco-Mademoiselle-.png?resize=300%2C188&amp;ssl=1 300w, https:\/\/i0.wp.com\/toukiela.com\/wp-content\/uploads\/2022\/06\/Qui-est-legerie-de-Coco-Mademoiselle-.png?resize=1024%2C640&amp;ssl=1 1024w, https:\/\/i0.wp.com\/toukiela.com\/wp-content\/uploads\/2022\/06\/Qui-est-legerie-de-Coco-Mademoiselle-.png?resize=768%2C480&amp;ssl=1 768w, https:\/\/i0.wp.com\/toukiela.com\/wp-content\/uploads\/2022\/06\/Qui-est-legerie-de-Coco-Mademoiselle-.png?resize=18%2C12&amp;ssl=1 18w, https:\/\/i0.wp.com\/toukiela.com\/wp-content\/uploads\/2022\/06\/Qui-est-legerie-de-Coco-Mademoiselle-.png?resize=50%2C31&amp;ssl=1 50w, https:\/\/i0.wp.com\/toukiela.com\/wp-content\/uploads\/2022\/06\/Qui-est-legerie-de-Coco-Mademoiselle-.png?resize=400%2C250&amp;ssl=1 400w, https:\/\/i0.wp.com\/toukiela.com\/wp-content\/uploads\/2022\/06\/Qui-est-legerie-de-Coco-Mademoiselle-.png?resize=980%2C613&amp;ssl=1 980w, https:\/\/i0.wp.com\/toukiela.com\/wp-content\/uploads\/2022\/06\/Qui-est-legerie-de-Coco-Mademoiselle-.png?resize=480%2C300&amp;ssl=1 480w\" alt=\"Qui est l'\u00e9g\u00e9rie de Coco Mademoiselle ?\" width=\"1080\" height=\"675\"><\/figure>\r\n\r\n\r\n\r\n<p>La nouvelle \u00e9g\u00e9rie de l\u2019actrice Keira Knightley pour le parfum \u00ab\u00a0Coco Mademoiselle\u00a0\u00bb<\/p>\r\n\r\n\r\n\r\n<p>Qui est le visage du num\u00e9ro 5 de Chanel ? Marion Cotillard est la nouvelle \u00e9g\u00e9rie du parfum n\u00b05 de Chanel. L\u2019actrice fran\u00e7aise a \u00e9t\u00e9 choisie par la marque de luxe pour repr\u00e9senter son c\u00e9l\u00e8bre parfum. A 44 ans, l\u2019actrice succ\u00e8de entre autres \u00e0 Catherine Deneuve, Keira Knightley, Nicole Kidman ou Margot Robbie, note BFMTV.<\/p>\r\n\r\n\r\n\r\n<h3 class=\"wp-block-heading\"><span class=\"ez-toc-section\" id=\"Quel_est_le_seul_homme_a_avoir_incarne_Chanel_N_5\"><\/span>Quel est le seul homme \u00e0 avoir incarn\u00e9 Chanel N 5 ?<span class=\"ez-toc-section-end\"><\/span><\/h3>\r\n\r\n\r\n\r\n<p>pour repr\u00e9senter le parfum mythique : Marilyn Monroe, Lauren Hutton, Ali MacGraw, Catherine Deneuve, Carole Bouquet, Estella Warren, Nicole Kidman, Audrey Tautou et derni\u00e8rement Gisele Bundchen, sans oublier le seul homme de la saga, Brad Pitt, participe \u00e0 la l\u00e9gende du n\u00b0 5.<\/p>\r\n\r\n\r\n\r\n<h4 class=\"wp-block-heading\"><span class=\"ez-toc-section\" id=\"Quel_parfum_portait_Gabrielle_Chanel\"><\/span>Quel parfum portait Gabrielle Chanel ?<span class=\"ez-toc-section-end\"><\/span><\/h4>\r\n\r\n\r\n\r\n<p>(\u00ab\u00a0Chanel No 5, bien s\u00fbr!\u00a0\u00bb), Elle a contribu\u00e9 \u00e0 sa popularit\u00e9.<\/p>\r\n\r\n\r\n\r\n<h4 class=\"wp-block-heading\"><span class=\"ez-toc-section\" id=\"Pourquoi_le_parfum_sappelle_numero_5\"><\/span>Pourquoi le parfum s\u2019appelle num\u00e9ro 5 ?<span class=\"ez-toc-section-end\"><\/span><\/h4>\r\n\r\n\r\n\r\n<p>Mais pourquoi appelle-t-elle le parfum son \u00ab\u00a0num\u00e9ro 5\u00a0\u00bb\u00a0? C\u2019est tr\u00e8s simple : nous sommes aujourd\u2019hui le 5 du cinqui\u00e8me mois de l\u2019ann\u00e9e. Et c\u2019est le cinqui\u00e8me \u00e9chantillon de la ligne qui a \u00e9t\u00e9 offert \u00e0 Chanel. Et puis ce nom sobre lui va \u2013 tr\u00e8s sobrement \u2013 bien.<\/p>\r\n\r\n\r\n\r\n<h3 class=\"wp-block-heading\"><span class=\"ez-toc-section\" id=\"Qui_est_legerie_de_Lancome\"><\/span>Qui est l\u2019\u00e9g\u00e9rie de Lanc\u00f4me ?<span class=\"ez-toc-section-end\"><\/span><\/h3>\r\n\r\n\r\n\r\n<p>Nouvel arrivage \u00e0 la billetterie pour les beauty mouses qui va cartonner. Lanc\u00f4me fait une belle s\u00e9paration en choisissant l\u2019actrice et chanteuse am\u00e9ricaine Zendaya Coleman pour devenir ambassadrice mondiale de la marque aux c\u00f4t\u00e9s d\u2019Isabella Rosselini, 66 ans et toujours une ic\u00f4ne.<\/p>\r\n\r\n\r\n\r\n<h4 class=\"wp-block-heading\"><span class=\"ez-toc-section\" id=\"Quelle_actrice_celebre_est_le_visage_du_parfum_Idole_de_Lancome\"><\/span>Quelle actrice c\u00e9l\u00e8bre est le visage du parfum Id\u00f4le de Lanc\u00f4me ?<span class=\"ez-toc-section-end\"><\/span><\/h4>\r\n\r\n\r\n\r\n<p>Incarn\u00e9e par la jeune et talentueuse actrice am\u00e9ricaine Zendaya Coleman, Id\u00f4le porte un message fort en pr\u00f4nant une f\u00e9minit\u00e9 moderne, ambitieuse et conqu\u00e9rante, dans l\u2019air du temps.<\/p>\r\n\r\n\r\n\r\n<h4 class=\"wp-block-heading\"><span class=\"ez-toc-section\" id=\"Qui_est_la_nouvelle_egerie_de_Lancome\"><\/span>Qui est la nouvelle \u00e9g\u00e9rie de Lanc\u00f4me ?<span class=\"ez-toc-section-end\"><\/span><\/h4>\r\n\r\n\r\n\r\n<p>Apr\u00e8s avoir conquis le c\u0153ur des fans de bijoux, la femme d\u2019affaires italienne Chiara Ferragni devient le nouveau visage de Lanc\u00f4me.<\/p>\r\n\r\n\r\n\r\n<h3 class=\"wp-block-heading\"><span class=\"ez-toc-section\" id=\"Qui_est_legerie_de_Coco_Chanel\"><\/span>Qui est l\u2019\u00e9g\u00e9rie de Coco Chanel ?<span class=\"ez-toc-section-end\"><\/span><\/h3>\r\n\r\n\r\n\r\n<p>En 2007, Keira Knightley devient l\u2019\u00e9g\u00e9rie de Coco Mademoiselle, un parfum qu\u2019elle porte bien avant d\u2019en devenir l\u2019ambassadrice. Depuis, trois vid\u00e9os et de nombreuses photos ont fait de l\u2019actrice le visage embl\u00e9matique de ce best-seller Chanel.<\/p>\r\n\r\n\r\n\r\n<h4 class=\"wp-block-heading\"><span class=\"ez-toc-section\" id=\"Qui_a_ete_legerie_de_leau_de_Chanel\"><\/span>Qui a \u00e9t\u00e9 l\u2019\u00e9g\u00e9rie de l\u2019eau de Chanel ?<span class=\"ez-toc-section-end\"><\/span><\/h4>\r\n\r\n\r\n\r\n<p>De Vanessa Paradis \u00e0 Marilyn Monroe, en passant par Kristen Stewart et Catherine Deneuve, les souris Chanel se succ\u00e8dent sans jamais se ressembler.<\/p>\r\n\r\n\r\n\r\n<h4 class=\"wp-block-heading\"><span class=\"ez-toc-section\" id=\"Qui_porte_Gabrielle_Chanel\"><\/span>Qui porte Gabrielle Chanel ?<span class=\"ez-toc-section-end\"><\/span><\/h4>\r\n\r\n\r\n\r\n<p>Actrice et femme lib\u00e9r\u00e9e, Kristen Stewart est \u00e0 l\u2019image du nouveau parfum Gabrielle Chanel.<\/p>\r\n\r\n\r\n\r\n<h2 class=\"wp-block-heading\"><span class=\"ez-toc-section\" id=\"Comment_est_decede_Gaspard_Ulliel\"><\/span>Comment est d\u00e9c\u00e9d\u00e9 Gaspard Ulliel ?<span class=\"ez-toc-section-end\"><\/span><\/h2>\r\n\r\n\r\n\r\n<figure><img decoding=\"async\" class=\"attachment-full size-full\" src=\"https:\/\/toukiela.com\/wp-content\/uploads\/2022\/06\/Comment-est-decede-Gaspard-Ulliel-.png\" sizes=\"(max-width: 492px) 100vw, 492px\" srcset=\"https:\/\/i0.wp.com\/toukiela.com\/wp-content\/uploads\/2022\/06\/Comment-est-decede-Gaspard-Ulliel-.png?w=492&amp;ssl=1 492w, https:\/\/i0.wp.com\/toukiela.com\/wp-content\/uploads\/2022\/06\/Comment-est-decede-Gaspard-Ulliel-.png?resize=203%2C300&amp;ssl=1 203w, https:\/\/i0.wp.com\/toukiela.com\/wp-content\/uploads\/2022\/06\/Comment-est-decede-Gaspard-Ulliel-.png?resize=8%2C12&amp;ssl=1 8w, https:\/\/i0.wp.com\/toukiela.com\/wp-content\/uploads\/2022\/06\/Comment-est-decede-Gaspard-Ulliel-.png?resize=34%2C50&amp;ssl=1 34w, https:\/\/i0.wp.com\/toukiela.com\/wp-content\/uploads\/2022\/06\/Comment-est-decede-Gaspard-Ulliel-.png?resize=480%2C709&amp;ssl=1 480w\" alt=\"Comment est d\u00e9c\u00e9d\u00e9 Gaspard Ulliel ?\" width=\"492\" height=\"727\"><\/figure>\r\n\r\n\r\n\r\n<p>L\u2019acteur de 37 ans a \u00e9t\u00e9 transport\u00e9 par h\u00e9licopt\u00e8re au CHU de Grenoble mardi apr\u00e8s-midi apr\u00e8s avoir percut\u00e9 un autre skieur.<\/p>\r\n\r\n\r\n\r\n<h2 class=\"wp-block-heading\"><span class=\"ez-toc-section\" id=\"Qui_pose_pour_Chanel\"><\/span>Qui pose pour Chanel ?<span class=\"ez-toc-section-end\"><\/span><\/h2>\r\n\r\n\r\n\r\n<figure><img decoding=\"async\" class=\"attachment-full size-full\" src=\"https:\/\/toukiela.com\/wp-content\/uploads\/2022\/06\/Qui-pose-pour-Chanel-.jpeg\" sizes=\"(max-width: 1280px) 100vw, 1280px\" srcset=\"https:\/\/i0.wp.com\/toukiela.com\/wp-content\/uploads\/2022\/06\/Qui-pose-pour-Chanel-.jpeg?w=1280&amp;ssl=1 1280w, https:\/\/i0.wp.com\/toukiela.com\/wp-content\/uploads\/2022\/06\/Qui-pose-pour-Chanel-.jpeg?resize=300%2C169&amp;ssl=1 300w, https:\/\/i0.wp.com\/toukiela.com\/wp-content\/uploads\/2022\/06\/Qui-pose-pour-Chanel-.jpeg?resize=1024%2C576&amp;ssl=1 1024w, https:\/\/i0.wp.com\/toukiela.com\/wp-content\/uploads\/2022\/06\/Qui-pose-pour-Chanel-.jpeg?resize=768%2C432&amp;ssl=1 768w, https:\/\/i0.wp.com\/toukiela.com\/wp-content\/uploads\/2022\/06\/Qui-pose-pour-Chanel-.jpeg?resize=18%2C10&amp;ssl=1 18w, https:\/\/i0.wp.com\/toukiela.com\/wp-content\/uploads\/2022\/06\/Qui-pose-pour-Chanel-.jpeg?resize=50%2C28&amp;ssl=1 50w, https:\/\/i0.wp.com\/toukiela.com\/wp-content\/uploads\/2022\/06\/Qui-pose-pour-Chanel-.jpeg?resize=1080%2C608&amp;ssl=1 1080w, https:\/\/i0.wp.com\/toukiela.com\/wp-content\/uploads\/2022\/06\/Qui-pose-pour-Chanel-.jpeg?resize=980%2C551&amp;ssl=1 980w, https:\/\/i0.wp.com\/toukiela.com\/wp-content\/uploads\/2022\/06\/Qui-pose-pour-Chanel-.jpeg?resize=480%2C270&amp;ssl=1 480w\" alt=\"Qui pose pour Chanel ?\" width=\"1280\" height=\"720\"><\/figure>\r\n\r\n\r\n\r\n<p>Catherine Deneuve, Nicole Kidman, Vanessa Paradis ou encore Keira Knightley font d\u00e9sormais partie de la m\u00e9moire de Chanel !<\/p>\r\n\r\n\r\n\r\n<h2 class=\"wp-block-heading\"><span class=\"ez-toc-section\" id=\"Quel_parfum_pour_homme_preferent_les_femmes\"><\/span>Quel parfum pour homme pr\u00e9f\u00e8rent les femmes ?<span class=\"ez-toc-section-end\"><\/span><\/h2>\r\n\r\n\r\n\r\n<p>Pour vous aider dans cette t\u00e2che, voici un petit tour d\u2019horizon des parfums masculins que les femmes pr\u00e9f\u00e8rent.<\/p>\r\n\r\n\r\n\r\n<ul class=\"wp-block-list\">\r\n<li>Invictus de Paco Rabanne.<\/li>\r\n<li>Terre d\u2019Herm\u00e8s.<\/li>\r\n<li>La nuit de l\u2019homme d\u2019Yves Saint Laurent.<\/li>\r\n<li>L\u2019homme id\u00e9al de Guerlain.<\/li>\r\n<li>Eau Sauvage de Dior.<\/li>\r\n<li>Bleu Chanel.<\/li>\r\n<li>Kenzo Homme de Kenzo.<\/li>\r\n<li>Acqua Di Gio par Armani.<\/li>\r\n<\/ul>\r\n\r\n\r\n\r\n<p>Quel parfum pour homme attire les femmes ? Dans le top 10 des parfums pour hommes que les femmes adorent, vous retrouverez Invictus de Paco Rabanne, Dior Homme, Declaration de Cartier, Terre d\u2019Herm\u00e8s ou encore Kenzo pour Homme rehauss\u00e9 ici de tons marins.<\/p>\r\n\r\n<p><script type=\"application\/ld+json\">{\"@context\":\"https:\/\/schema.org\",\"@type\":\"FAQPage\",\"mainEntity\":[{\"@type\":\"Question\",\"name\":\"Qui etait la derni&egrave;re compagne de Gaspard ?\",\"acceptedAnswer\":{\"@type\":\"Answer\",\"text\":\"Gaspard Ulliel : Sa derni&egrave;re compagne Vicky Krieps sort du silence apr&egrave;s la mise au point de Ga&euml;lle Pietri. Gaspard Ulliel est d&eacute;c&eacute;d&eacute; &agrave; l'&acirc;ge de 37 ans, apr&egrave;s avoir perdu la vie apr&egrave;s un accident sur une piste de ski.Qui est la petite amie de Vicky Krieps ?\"}},{\"@type\":\"Question\",\"name\":\"Qui repr&eacute;sente Chanel ?\",\"acceptedAnswer\":{\"@type\":\"Answer\",\"text\":\"Depuis ce lundi 20 mai, un autre de leurs confr&egrave;res a le privil&egrave;ge de repr&eacute;senter la marque fran&ccedil;aise. Son identit&eacute; vient d'&ecirc;tre d&eacute;voil&eacute;e : il s'agit de Margot Robbie.Qui repr&eacute;sente Chanel 5 ? Alors que Chanel annon&ccedil;ait en f&eacute;vrier la nomination de Marion Cotillard comme &eacute;g&eacute;rie de son parfum n&deg;5, l'actrice oscaris&eacute;e se d&eacute;voile ces jours-ci dans une vid&eacute;o publicitaire in&eacute;dite.\"}},{\"@type\":\"Question\",\"name\":\"Qui est l'&eacute;g&eacute;rie de Coco Mademoiselle ?\",\"acceptedAnswer\":{\"@type\":\"Answer\",\"text\":\"La nouvelle &eacute;g&eacute;rie de l'actrice Keira Knightley pour le parfum \\\"Coco Mademoiselle\\\"Qui est le visage du num&eacute;ro 5 de Chanel ? Marion Cotillard est la nouvelle &eacute;g&eacute;rie du parfum n&deg;5 de Chanel. L'actrice fran&ccedil;aise a &eacute;t&eacute; choisie par la marque de luxe pour repr&eacute;senter son c&eacute;l&egrave;bre parfum. A 44 ans, l'actrice succ&egrave;de entre autres &agrave; Catherine Deneuve, Keira Knightley, Nicole Kidman ou Margot Robbie, note BFMTV.\"}},{\"@type\":\"Question\",\"name\":\"Comment est d&eacute;c&eacute;d&eacute; Gaspard Ulliel ?\",\"acceptedAnswer\":{\"@type\":\"Answer\",\"text\":\"L'acteur de 37 ans a &eacute;t&eacute; transport&eacute; par h&eacute;licopt&egrave;re au CHU de Grenoble mardi apr&egrave;s-midi apr&egrave;s avoir percut&eacute; un autre skieur.\"}},{\"@type\":\"Question\",\"name\":\"Qui pose pour Chanel ?\",\"acceptedAnswer\":{\"@type\":\"Answer\",\"text\":\"Catherine Deneuve, Nicole Kidman, Vanessa Paradis ou encore Keira Knightley font d&eacute;sormais partie de la m&eacute;moire de Chanel !\"}},{\"@type\":\"Question\",\"name\":\"Quel parfum pour homme pr&eacute;f&egrave;rent les femmes ?\",\"acceptedAnswer\":{\"@type\":\"Answer\",\"text\":\"Pour vous aider dans cette t&acirc;che, voici un petit tour d'horizon des parfums masculins que les femmes pr&eacute;f&egrave;rent.Invictus de Paco Rabanne.Terre d'Herm&egrave;s.La nuit de l'homme d'Yves Saint Laurent.L'homme id&eacute;al de Guerlain.Eau Sauvage de Dior.Bleu Chanel.Kenzo Homme de Kenzo.Acqua Di Gio par Armani.Quel parfum pour homme attire les femmes ? Dans le top 10 des parfums pour hommes que les femmes adorent, vous retrouverez Invictus de Paco Rabanne, Dior Homme, Declaration de Cartier, Terre d'Herm&egrave;s ou encore Kenzo pour Homme rehauss&eacute; ici de tons marins.\"}}]}<\/script><\/p>\n\n","protected":false},"excerpt":{"rendered":"","protected":false},"author":1,"featured_media":2646,"comment_status":"open","ping_status":"open","sticky":false,"template":"","format":"standard","meta":{"_seopress_robots_primary_cat":"none","_seopress_titles_title":"","_seopress_titles_desc":"","_seopress_robots_index":"","footnotes":""},"categories":[31],"tags":[482,486,484,475,485,483],"class_list":["post-2633","post","type-post","status-publish","format-standard","has-post-thumbnail","hentry","category-life-style","tag-chanel","tag-gaelle","tag-gaspard","tag-parfum","tag-pietri","tag-ulliel","generate-columns","tablet-grid-50","mobile-grid-100","grid-parent","grid-50"],"_links":{"self":[{"href":"https:\/\/toukiela.com\/fr_be\/wp-json\/wp\/v2\/posts\/2633","targetHints":{"allow":["GET"]}}],"collection":[{"href":"https:\/\/toukiela.com\/fr_be\/wp-json\/wp\/v2\/posts"}],"about":[{"href":"https:\/\/toukiela.com\/fr_be\/wp-json\/wp\/v2\/types\/post"}],"author":[{"embeddable":true,"href":"https:\/\/toukiela.com\/fr_be\/wp-json\/wp\/v2\/users\/1"}],"replies":[{"embeddable":true,"href":"https:\/\/toukiela.com\/fr_be\/wp-json\/wp\/v2\/comments?post=2633"}],"version-history":[{"count":0,"href":"https:\/\/toukiela.com\/fr_be\/wp-json\/wp\/v2\/posts\/2633\/revisions"}],"wp:featuredmedia":[{"embeddable":true,"href":"https:\/\/toukiela.com\/fr_be\/wp-json\/wp\/v2\/media\/2646"}],"wp:attachment":[{"href":"https:\/\/toukiela.com\/fr_be\/wp-json\/wp\/v2\/media?parent=2633"}],"wp:term":[{"taxonomy":"category","embeddable":true,"href":"https:\/\/toukiela.com\/fr_be\/wp-json\/wp\/v2\/categories?post=2633"},{"taxonomy":"post_tag","embeddable":true,"href":"https:\/\/toukiela.com\/fr_be\/wp-json\/wp\/v2\/tags?post=2633"}],"curies":[{"name":"wp","href":"https:\/\/api.w.org\/{rel}","templated":true}]}}