{"id":2543,"date":"2022-06-22T01:14:06","date_gmt":"2022-06-22T01:14:06","guid":{"rendered":"https:\/\/toukiela.com\/qui-a-le-droit-a-la-prep-month-year\/"},"modified":"2022-08-30T12:06:17","modified_gmt":"2022-08-30T12:06:17","slug":"qui-a-le-droit-a-la-prep-month-year","status":"publish","type":"post","link":"https:\/\/toukiela.com\/fr_be\/qui-a-le-droit-a-la-prep-month-year\/","title":{"rendered":"Qui a le droit \u00e0 la PrEP ? avril 2026"},"content":{"rendered":"<p>https:\/\/www.youtube.com\/watch?v=WdJ2pU2FKWg<\/p>\r\n<p>Selon les Centers for Disease Control and Prevention, la PrEP est uniquement destin\u00e9e aux personnes s\u00e9ron\u00e9gatives et \u00e0 haut risque de contracter le VIH. Cela inclut toute personne qui est :<\/p>\r\n<p>\u30fbEn relation avec un partenaire s\u00e9ropositif<\/p>\r\n<p>\u30fbEngageant des rapports sexuels non prot\u00e9g\u00e9s avec des partenaires multiples<\/p>\r\n<p>\u30fbTestant positif pour une autre infection sexuellement transmissible (IST)<\/p>\r\n<p>\u30fbN\u00e9 d\u2019une m\u00e8re infect\u00e9e ou avoir un parent infect\u00e9 par le sang<\/p>\r\n<p>\u30fbInjecter des drogues<\/p>\r\n<p>Si vous pensez \u00eatre \u00e0 risque de contracter le VIH, demandez \u00e0 votre m\u00e9decin si la PrEP vous convient.<\/p>\r\n<p>Qu\u2019est-ce que la PrEP ?<\/p>\r\n<p>La PrEP, ou prophylaxie pr\u00e9-exposition, est une pilule quotidienne qui peut aider \u00e0 r\u00e9duire votre risque d\u2019\u00eatre infect\u00e9 par le VIH. Lorsqu\u2019elle est prise r\u00e9guli\u00e8rement, la PrEP s\u2019est av\u00e9r\u00e9e efficace jusqu\u2019\u00e0 99 % pour pr\u00e9venir l\u2019infection par le VIH.<\/p>\r\n<p>Comment fonctionne la PrEP ?<\/p>\r\n<p>La PrEP fonctionne en emp\u00eachant le virus de se r\u00e9pliquer dans votre corps si vous y \u00eates expos\u00e9. Cela est possible parce que, lorsque vous prenez la PrEP r\u00e9guli\u00e8rement, le m\u00e9dicament s\u2019accumule dans votre syst\u00e8me et atteint des niveaux suffisamment \u00e9lev\u00e9s pour bloquer le virus.<\/p>\r\n<p>Comment dois-je prendre la PrEP ?<\/p>\r\n<p>La PrEP doit \u00eatre prise tous les jours, et il faut environ une semaine pour qu\u2019elle atteigne sa pleine efficacit\u00e9.<\/p>\r\n<div id=\"ez-toc-container\" class=\"ez-toc-v2_0_82_2 counter-hierarchy ez-toc-counter ez-toc-grey ez-toc-container-direction\">\n<p class=\"ez-toc-title\" style=\"cursor:inherit\">Sommaire<\/p>\n<label for=\"ez-toc-cssicon-toggle-item-69f1fbec8e517\" class=\"ez-toc-cssicon-toggle-label\"><span class=\"\"><span class=\"eztoc-hide\" style=\"display:none;\">Toggle<\/span><span class=\"ez-toc-icon-toggle-span\"><svg style=\"fill: #999;color:#999\" xmlns=\"http:\/\/www.w3.org\/2000\/svg\" class=\"list-377408\" width=\"20px\" height=\"20px\" viewBox=\"0 0 24 24\" fill=\"none\"><path d=\"M6 6H4v2h2V6zm14 0H8v2h12V6zM4 11h2v2H4v-2zm16 0H8v2h12v-2zM4 16h2v2H4v-2zm16 0H8v2h12v-2z\" fill=\"currentColor\"><\/path><\/svg><svg style=\"fill: #999;color:#999\" class=\"arrow-unsorted-368013\" xmlns=\"http:\/\/www.w3.org\/2000\/svg\" width=\"10px\" height=\"10px\" viewBox=\"0 0 24 24\" version=\"1.2\" baseProfile=\"tiny\"><path d=\"M18.2 9.3l-6.2-6.3-6.2 6.3c-.2.2-.3.4-.3.7s.1.5.3.7c.2.2.4.3.7.3h11c.3 0 .5-.1.7-.3.2-.2.3-.5.3-.7s-.1-.5-.3-.7zM5.8 14.7l6.2 6.3 6.2-6.3c.2-.2.3-.5.3-.7s-.1-.5-.3-.7c-.2-.2-.4-.3-.7-.3h-11c-.3 0-.5.1-.7.3-.2.2-.3.5-.3.7s.1.5.3.7z\"\/><\/svg><\/span><\/span><\/label><input type=\"checkbox\"  id=\"ez-toc-cssicon-toggle-item-69f1fbec8e517\"  aria-label=\"Toggle\" \/><nav><ul class='ez-toc-list ez-toc-list-level-1 ' ><li class='ez-toc-page-1 ez-toc-heading-level-2'><a class=\"ez-toc-link ez-toc-heading-1\" href=\"https:\/\/toukiela.com\/fr_be\/qui-a-le-droit-a-la-prep-month-year\/#Puis-je_mabsenter_de_mon_travail_pour_passer_le_permis\" >Puis-je m\u2019absenter de mon travail pour passer le permis ?<\/a><ul class='ez-toc-list-level-3' ><li class='ez-toc-heading-level-3'><a class=\"ez-toc-link ez-toc-heading-2\" href=\"https:\/\/toukiela.com\/fr_be\/qui-a-le-droit-a-la-prep-month-year\/#Quelle_est_la_duree_du_conge_pour_examen\" >Quelle est la dur\u00e9e du cong\u00e9 pour examen ?<\/a><ul class='ez-toc-list-level-4' ><li class='ez-toc-heading-level-4'><a class=\"ez-toc-link ez-toc-heading-3\" href=\"https:\/\/toukiela.com\/fr_be\/qui-a-le-droit-a-la-prep-month-year\/#Comment_poser_ses_jours_de_revision\" >Comment poser ses jours de r\u00e9vision ?<\/a><\/li><li class='ez-toc-page-1 ez-toc-heading-level-4'><a class=\"ez-toc-link ez-toc-heading-4\" href=\"https:\/\/toukiela.com\/fr_be\/qui-a-le-droit-a-la-prep-month-year\/#Quelle_est_la_duree_du_conge_annuel_de_recreation\" >Quelle est la dur\u00e9e du cong\u00e9 annuel de r\u00e9cr\u00e9ation ?<\/a><\/li><\/ul><\/li><\/ul><\/li><li class='ez-toc-page-1 ez-toc-heading-level-2'><a class=\"ez-toc-link ez-toc-heading-5\" href=\"https:\/\/toukiela.com\/fr_be\/qui-a-le-droit-a-la-prep-month-year\/#Quand_3_semaines_de_vacances\" >Quand 3 semaines de vacances ?<\/a><ul class='ez-toc-list-level-3' ><li class='ez-toc-heading-level-3'><a class=\"ez-toc-link ez-toc-heading-6\" href=\"https:\/\/toukiela.com\/fr_be\/qui-a-le-droit-a-la-prep-month-year\/#Comment_calculer_les_semaines_de_vacances\" >Comment calculer les semaines de vacances ?<\/a><ul class='ez-toc-list-level-4' ><li class='ez-toc-heading-level-4'><a class=\"ez-toc-link ez-toc-heading-7\" href=\"https:\/\/toukiela.com\/fr_be\/qui-a-le-droit-a-la-prep-month-year\/#Comment_calculer_les_indemnites_de_vacances\" >Comment calculer les indemnit\u00e9s de vacances ?<\/a><\/li><li class='ez-toc-page-1 ez-toc-heading-level-4'><a class=\"ez-toc-link ez-toc-heading-8\" href=\"https:\/\/toukiela.com\/fr_be\/qui-a-le-droit-a-la-prep-month-year\/#Comment_fonctionne_les_5_semaines_de_vacances\" >Comment fonctionne les 5 semaines de vacances ?<\/a><\/li><\/ul><\/li><li class='ez-toc-page-1 ez-toc-heading-level-3'><a class=\"ez-toc-link ez-toc-heading-9\" href=\"https:\/\/toukiela.com\/fr_be\/qui-a-le-droit-a-la-prep-month-year\/#Puis-je_prendre_5_semaines_de_conges_payes\" >Puis-je prendre 5 semaines de cong\u00e9s pay\u00e9s ?<\/a><ul class='ez-toc-list-level-4' ><li class='ez-toc-heading-level-4'><a class=\"ez-toc-link ez-toc-heading-10\" href=\"https:\/\/toukiela.com\/fr_be\/qui-a-le-droit-a-la-prep-month-year\/#Quelle_est_la_date_limite_de_prise_des_conges_payes\" >Quelle est la date limite de prise des cong\u00e9s pay\u00e9s ?<\/a><\/li><li class='ez-toc-page-1 ez-toc-heading-level-4'><a class=\"ez-toc-link ez-toc-heading-11\" href=\"https:\/\/toukiela.com\/fr_be\/qui-a-le-droit-a-la-prep-month-year\/#Quelle_est_la_duree_minimale_du_conge_principal\" >Quelle est la dur\u00e9e minimale du cong\u00e9 principal ?<\/a><\/li><\/ul><\/li><li class='ez-toc-page-1 ez-toc-heading-level-3'><a class=\"ez-toc-link ez-toc-heading-12\" href=\"https:\/\/toukiela.com\/fr_be\/qui-a-le-droit-a-la-prep-month-year\/#Pourquoi_5_semaines_de_conges\" >Pourquoi 5 semaines de cong\u00e9s ?<\/a><ul class='ez-toc-list-level-4' ><li class='ez-toc-heading-level-4'><a class=\"ez-toc-link ez-toc-heading-13\" href=\"https:\/\/toukiela.com\/fr_be\/qui-a-le-droit-a-la-prep-month-year\/#Comment_avoir_plus_de_5_semaines_de_conges\" >Comment avoir plus de 5 semaines de cong\u00e9s ?<\/a><\/li><li class='ez-toc-page-1 ez-toc-heading-level-4'><a class=\"ez-toc-link ez-toc-heading-14\" href=\"https:\/\/toukiela.com\/fr_be\/qui-a-le-droit-a-la-prep-month-year\/#Pourquoi_conges_payes_de_juin_a_mai\" >Pourquoi cong\u00e9s pay\u00e9s de juin \u00e0 mai ?<\/a><\/li><\/ul><\/li><\/ul><\/li><li class='ez-toc-page-1 ez-toc-heading-level-2'><a class=\"ez-toc-link ez-toc-heading-15\" href=\"https:\/\/toukiela.com\/fr_be\/qui-a-le-droit-a-la-prep-month-year\/#Quels_sont_les_vacances_pour_un_apprenti\" >Quels sont les vacances pour un apprenti ?<\/a><ul class='ez-toc-list-level-3' ><li class='ez-toc-heading-level-3'><a class=\"ez-toc-link ez-toc-heading-16\" href=\"https:\/\/toukiela.com\/fr_be\/qui-a-le-droit-a-la-prep-month-year\/#Est-ce_que_les_apprentis_ont_les_vacances_scolaires\" >Est-ce que les apprentis ont les vacances scolaires ?<\/a><ul class='ez-toc-list-level-4' ><li class='ez-toc-heading-level-4'><a class=\"ez-toc-link ez-toc-heading-17\" href=\"https:\/\/toukiela.com\/fr_be\/qui-a-le-droit-a-la-prep-month-year\/#Quand_un_apprenti_peut_prendre_des_vacances\" >Quand un apprenti peut prendre des vacances ?<\/a><\/li><li class='ez-toc-page-1 ez-toc-heading-level-4'><a class=\"ez-toc-link ez-toc-heading-18\" href=\"https:\/\/toukiela.com\/fr_be\/qui-a-le-droit-a-la-prep-month-year\/#Est-ce_que_les_CFA_ferment_pendant_les_vacances\" >Est-ce que les CFA ferment pendant les vacances ?<\/a><\/li><\/ul><\/li><li class='ez-toc-page-1 ez-toc-heading-level-3'><a class=\"ez-toc-link ez-toc-heading-19\" href=\"https:\/\/toukiela.com\/fr_be\/qui-a-le-droit-a-la-prep-month-year\/#Comment_se_passe_les_vacances_en_apprentissage\" >Comment se passe les vacances en apprentissage ?<\/a><ul class='ez-toc-list-level-4' ><li class='ez-toc-heading-level-4'><a class=\"ez-toc-link ez-toc-heading-20\" href=\"https:\/\/toukiela.com\/fr_be\/qui-a-le-droit-a-la-prep-month-year\/#Quand_un_apprenti_Peut-il_prendre_des_vacances\" >Quand un apprenti Peut-il prendre des vacances ?<\/a><\/li><li class='ez-toc-page-1 ez-toc-heading-level-4'><a class=\"ez-toc-link ez-toc-heading-21\" href=\"https:\/\/toukiela.com\/fr_be\/qui-a-le-droit-a-la-prep-month-year\/#Comment_fonctionne_les_vacances_pour_un_apprenti\" >Comment fonctionne les vacances pour un apprenti ?<\/a><\/li><\/ul><\/li><li class='ez-toc-page-1 ez-toc-heading-level-3'><a class=\"ez-toc-link ez-toc-heading-22\" href=\"https:\/\/toukiela.com\/fr_be\/qui-a-le-droit-a-la-prep-month-year\/#Comment_prendre_des_vacances_quand_on_est_en_alternance\" >Comment prendre des vacances quand on est en alternance ?<\/a><ul class='ez-toc-list-level-4' ><li class='ez-toc-heading-level-4'><a class=\"ez-toc-link ez-toc-heading-23\" href=\"https:\/\/toukiela.com\/fr_be\/qui-a-le-droit-a-la-prep-month-year\/#Quand_un_apprenti_peut_prendre_des_vacances-2\" >Quand un apprenti peut prendre des vacances ?<\/a><\/li><li class='ez-toc-page-1 ez-toc-heading-level-4'><a class=\"ez-toc-link ez-toc-heading-24\" href=\"https:\/\/toukiela.com\/fr_be\/qui-a-le-droit-a-la-prep-month-year\/#Est-ce_que_jai_des_vacances_en_alternance\" >Est-ce que j\u2019ai des vacances en alternance ?<\/a><\/li><\/ul><\/li><\/ul><\/li><li class='ez-toc-page-1 ez-toc-heading-level-2'><a class=\"ez-toc-link ez-toc-heading-25\" href=\"https:\/\/toukiela.com\/fr_be\/qui-a-le-droit-a-la-prep-month-year\/#Comment_calculer_ses_conges_au_Luxembourg\" >Comment calculer ses cong\u00e9s au Luxembourg ?<\/a><ul class='ez-toc-list-level-3' ><li class='ez-toc-heading-level-3'><a class=\"ez-toc-link ez-toc-heading-26\" href=\"https:\/\/toukiela.com\/fr_be\/qui-a-le-droit-a-la-prep-month-year\/#Comment_calculer_le_nombre_de_jours_de_conges_temps_partiel\" >Comment calculer le nombre de jours de cong\u00e9s temps partiel ?<\/a><ul class='ez-toc-list-level-4' ><li class='ez-toc-heading-level-4'><a class=\"ez-toc-link ez-toc-heading-27\" href=\"https:\/\/toukiela.com\/fr_be\/qui-a-le-droit-a-la-prep-month-year\/#Comment_calculer_le_nombre_de_jours_de_travail_effectif\" >Comment calculer le nombre de jours de travail effectif ?<\/a><\/li><li class='ez-toc-page-1 ez-toc-heading-level-4'><a class=\"ez-toc-link ez-toc-heading-28\" href=\"https:\/\/toukiela.com\/fr_be\/qui-a-le-droit-a-la-prep-month-year\/#Comment_calculer_les_jours_de_conge_sur_contrat_temps_partiel_20_h\" >Comment calculer les jours de cong\u00e9 sur contrat temps partiel 20 h ?<\/a><\/li><\/ul><\/li><li class='ez-toc-page-1 ez-toc-heading-level-3'><a class=\"ez-toc-link ez-toc-heading-29\" href=\"https:\/\/toukiela.com\/fr_be\/qui-a-le-droit-a-la-prep-month-year\/#Comment_calculer_le_nombre_de_jours_de_conges\" >Comment calculer le nombre de jours de cong\u00e9s ?<\/a><ul class='ez-toc-list-level-4' ><li class='ez-toc-heading-level-4'><a class=\"ez-toc-link ez-toc-heading-30\" href=\"https:\/\/toukiela.com\/fr_be\/qui-a-le-droit-a-la-prep-month-year\/#Comment_savoir_le_nombre_de_conges_acquis\" >Comment savoir le nombre de cong\u00e9s acquis ?<\/a><\/li><li class='ez-toc-page-1 ez-toc-heading-level-4'><a class=\"ez-toc-link ez-toc-heading-31\" href=\"https:\/\/toukiela.com\/fr_be\/qui-a-le-droit-a-la-prep-month-year\/#Comment_calculer_le_nombre_de_jours_de_travail_effectif-2\" >Comment calculer le nombre de jours de travail effectif ?<\/a><\/li><\/ul><\/li><\/ul><\/li><li class='ez-toc-page-1 ez-toc-heading-level-2'><a class=\"ez-toc-link ez-toc-heading-32\" href=\"https:\/\/toukiela.com\/fr_be\/qui-a-le-droit-a-la-prep-month-year\/#Comment_poser_ses_conges_en_alternance\" >Comment poser ses cong\u00e9s en alternance ?<\/a><ul class='ez-toc-list-level-3' ><li class='ez-toc-heading-level-3'><a class=\"ez-toc-link ez-toc-heading-33\" href=\"https:\/\/toukiela.com\/fr_be\/qui-a-le-droit-a-la-prep-month-year\/#Comment_poser_des_vacances_en_alternance\" >Comment poser des vacances en alternance ?<\/a><ul class='ez-toc-list-level-4' ><li class='ez-toc-heading-level-4'><a class=\"ez-toc-link ez-toc-heading-34\" href=\"https:\/\/toukiela.com\/fr_be\/qui-a-le-droit-a-la-prep-month-year\/#Comment_poser_des_jours_de_vacances\" >Comment poser des jours de vacances ?<\/a><\/li><li class='ez-toc-page-1 ez-toc-heading-level-4'><a class=\"ez-toc-link ez-toc-heading-35\" href=\"https:\/\/toukiela.com\/fr_be\/qui-a-le-droit-a-la-prep-month-year\/#Quand_un_apprenti_peut_prendre_des_vacances-3\" >Quand un apprenti peut prendre des vacances ?<\/a><\/li><\/ul><\/li><li class='ez-toc-page-1 ez-toc-heading-level-3'><a class=\"ez-toc-link ez-toc-heading-36\" href=\"https:\/\/toukiela.com\/fr_be\/qui-a-le-droit-a-la-prep-month-year\/#Comment_poser_ses_jours_de_conges\" >Comment poser ses jours de cong\u00e9s ?<\/a><ul class='ez-toc-list-level-4' ><li class='ez-toc-heading-level-4'><a class=\"ez-toc-link ez-toc-heading-37\" href=\"https:\/\/toukiela.com\/fr_be\/qui-a-le-droit-a-la-prep-month-year\/#Comment_poser_un_jour_de_conges\" >Comment poser un jour de cong\u00e9s ?<\/a><\/li><li class='ez-toc-page-1 ez-toc-heading-level-4'><a class=\"ez-toc-link ez-toc-heading-38\" href=\"https:\/\/toukiela.com\/fr_be\/qui-a-le-droit-a-la-prep-month-year\/#Comment_poser_ses_jours_de_conges_en_2021\" >Comment poser ses jours de cong\u00e9s en 2021 ?<\/a><\/li><\/ul><\/li><li class='ez-toc-page-1 ez-toc-heading-level-3'><a class=\"ez-toc-link ez-toc-heading-39\" href=\"https:\/\/toukiela.com\/fr_be\/qui-a-le-droit-a-la-prep-month-year\/#Quand_prendre_des_vacances_en_alternance\" >Quand prendre des vacances en alternance ?<\/a><ul class='ez-toc-list-level-4' ><li class='ez-toc-heading-level-4'><a class=\"ez-toc-link ez-toc-heading-40\" href=\"https:\/\/toukiela.com\/fr_be\/qui-a-le-droit-a-la-prep-month-year\/#Comment_se_passe_les_conges_en_apprentissage\" >Comment se passe les cong\u00e9s en apprentissage ?<\/a><\/li><li class='ez-toc-page-1 ez-toc-heading-level-4'><a class=\"ez-toc-link ez-toc-heading-41\" href=\"https:\/\/toukiela.com\/fr_be\/qui-a-le-droit-a-la-prep-month-year\/#Quels_sont_les_vacances_pour_un_apprenti-2\" >Quels sont les vacances pour un apprenti ?<\/a><\/li><\/ul><\/li><\/ul><\/li><\/ul><\/nav><\/div>\n<h2 class=\"wp-block-heading\"><span class=\"ez-toc-section\" id=\"Puis-je_mabsenter_de_mon_travail_pour_passer_le_permis\"><\/span>Puis-je m\u2019absenter de mon travail pour passer le permis ?<span class=\"ez-toc-section-end\"><\/span><\/h2>\r\n\r\n\r\n\r\n<figure><img decoding=\"async\" class=\"attachment-full size-full\" src=\"https:\/\/toukiela.com\/wp-content\/uploads\/2022\/06\/Puis-je-mabsenter-de-mon-travail-pour-passer-le-permis-.jpeg\" sizes=\"(max-width: 1170px) 100vw, 1170px\" srcset=\"https:\/\/i0.wp.com\/toukiela.com\/wp-content\/uploads\/2022\/06\/Puis-je-mabsenter-de-mon-travail-pour-passer-le-permis-.jpeg?w=1170&amp;ssl=1 1170w, https:\/\/i0.wp.com\/toukiela.com\/wp-content\/uploads\/2022\/06\/Puis-je-mabsenter-de-mon-travail-pour-passer-le-permis-.jpeg?resize=300%2C296&amp;ssl=1 300w, https:\/\/i0.wp.com\/toukiela.com\/wp-content\/uploads\/2022\/06\/Puis-je-mabsenter-de-mon-travail-pour-passer-le-permis-.jpeg?resize=1024%2C1009&amp;ssl=1 1024w, https:\/\/i0.wp.com\/toukiela.com\/wp-content\/uploads\/2022\/06\/Puis-je-mabsenter-de-mon-travail-pour-passer-le-permis-.jpeg?resize=768%2C757&amp;ssl=1 768w, https:\/\/i0.wp.com\/toukiela.com\/wp-content\/uploads\/2022\/06\/Puis-je-mabsenter-de-mon-travail-pour-passer-le-permis-.jpeg?resize=12%2C12&amp;ssl=1 12w, https:\/\/i0.wp.com\/toukiela.com\/wp-content\/uploads\/2022\/06\/Puis-je-mabsenter-de-mon-travail-pour-passer-le-permis-.jpeg?resize=50%2C50&amp;ssl=1 50w, https:\/\/i0.wp.com\/toukiela.com\/wp-content\/uploads\/2022\/06\/Puis-je-mabsenter-de-mon-travail-pour-passer-le-permis-.jpeg?resize=1080%2C1064&amp;ssl=1 1080w, https:\/\/i0.wp.com\/toukiela.com\/wp-content\/uploads\/2022\/06\/Puis-je-mabsenter-de-mon-travail-pour-passer-le-permis-.jpeg?resize=980%2C966&amp;ssl=1 980w, https:\/\/i0.wp.com\/toukiela.com\/wp-content\/uploads\/2022\/06\/Puis-je-mabsenter-de-mon-travail-pour-passer-le-permis-.jpeg?resize=480%2C473&amp;ssl=1 480w\" alt=\"Puis-je m'absenter de mon travail pour passer le permis ?\" width=\"1170\" height=\"1153\"><\/figure>\r\n\r\n\r\n\r\n<p>Oui, l\u2019employeur peut accorder, dans le cadre du CPF de transition professionnelle (appel\u00e9 PTP), un cong\u00e9 d\u2019examen \u00e0 son salari\u00e9 dans le cadre d\u2019une formation certifiante.<\/p>\r\n\r\n\r\n\r\n<p>Comment puis-je demander un cong\u00e9? Fait \u00e0 (ville), le (date). Madame, Monsieur, je vous demande par la pr\u00e9sente l\u2019autorisation de m\u2019absenter de mon travail \u00e0 (pr\u00e9ciser la date et \u00e9ventuellement l\u2019heure ou l\u2019heure \u00e0 laquelle l\u2019absence doit avoir lieu).<\/p>\r\n\r\n\r\n\r\n<h3 class=\"wp-block-heading\"><span class=\"ez-toc-section\" id=\"Quelle_est_la_duree_du_conge_pour_examen\"><\/span>Quelle est la dur\u00e9e du cong\u00e9 pour examen ?<span class=\"ez-toc-section-end\"><\/span><\/h3>\r\n\r\n\r\n\r\n<p>Combien de temps dure le cong\u00e9 d\u2019examen\u00a0? Le cong\u00e9 correspond \u00e0 la dur\u00e9e de l\u2019examen. Celle-ci peut \u00eatre augment\u00e9e d\u2019un maximum de 24 heures par an \u2013 et par examen \u2013 pour la pr\u00e9paration. Par exemple, si un examen dure 4 heures, le salari\u00e9 peut demander un maximum de 28 heures de cong\u00e9.<\/p>\r\n\r\n\r\n\r\n<h4 class=\"wp-block-heading\"><span class=\"ez-toc-section\" id=\"Comment_poser_ses_jours_de_revision\"><\/span>Comment poser ses jours de r\u00e9vision ?<span class=\"ez-toc-section-end\"><\/span><\/h4>\r\n\r\n\r\n\r\n<p>Le stagiaire en contrat d\u2019apprentissage a droit \u00e0 5 jours de repos suppl\u00e9mentaires pour l\u2019examen. ces 5 jours doivent \u00eatre plac\u00e9s dans le mois pr\u00e9c\u00e9dant les examens.<\/p>\r\n\r\n\r\n\r\n<h4 class=\"wp-block-heading\"><span class=\"ez-toc-section\" id=\"Quelle_est_la_duree_du_conge_annuel_de_recreation\"><\/span>Quelle est la dur\u00e9e du cong\u00e9 annuel de r\u00e9cr\u00e9ation ?<span class=\"ez-toc-section-end\"><\/span><\/h4>\r\n\r\n\r\n\r\n<p>La dur\u00e9e du cong\u00e9 annuel de r\u00e9cr\u00e9ation est d\u00e9sormais fix\u00e9e \u00e0 un minimum de 26 jours ouvrables, quel que soit l\u2019\u00e2ge du salari\u00e9. Tous les jours calendaires sont \u00e0 consid\u00e9rer comme jours ouvr\u00e9s, \u00e0 l\u2019exception des dimanches et jours f\u00e9ri\u00e9s.<\/p>\r\n\r\n\r\n\r\n<h2 class=\"wp-block-heading\"><span class=\"ez-toc-section\" id=\"Quand_3_semaines_de_vacances\"><\/span>Quand 3 semaines de vacances ?<span class=\"ez-toc-section-end\"><\/span><\/h2>\r\n\r\n\r\n\r\n<p>Le salari\u00e9 aura droit \u00e0 3 semaines de cong\u00e9s pay\u00e9s apr\u00e8s trois ans de service chez le m\u00eame employeur. Il fallait auparavant accumuler 5 ann\u00e9es de service pour avoir droit \u00e0 3 semaines.<\/p>\r\n\r\n\r\n\r\n<p>\u00c0 quand des vacances de 5 semaines au Qu\u00e9bec? Apr\u00e8s 5 ou 6 ans, les salari\u00e9s ont g\u00e9n\u00e9ralement droit \u00e0 une troisi\u00e8me semaine de cong\u00e9, apr\u00e8s 8 ou 10 ans, pendant 4 semaines, et apr\u00e8s 25 ans, pendant 5 semaines\u2026 Certaines entreprises proposent cependant trois semaines de cong\u00e9 \u00e0 partir du fin. d\u00e8s la premi\u00e8re ann\u00e9e de travail, dans d\u2019autres il est possible de n\u00e9gocier lors de l\u2019embauche.<\/p>\r\n\r\n\r\n\r\n<h3 class=\"wp-block-heading\"><span class=\"ez-toc-section\" id=\"Comment_calculer_les_semaines_de_vacances\"><\/span>Comment calculer les semaines de vacances ?<span class=\"ez-toc-section-end\"><\/span><\/h3>\r\n\r\n\r\n\r\n<p>Le montant du p\u00e9cule de vacances est calcul\u00e9 sur la base du salaire brut per\u00e7u durant l\u2019ann\u00e9e de r\u00e9f\u00e9rence (4% ou 6%). Exemple A : Mario compte deux ans de service continu \u00e0 la fin de l\u2019ann\u00e9e de r\u00e9f\u00e9rence. Il a donc droit \u00e0 un cong\u00e9 de deux semaines et \u00e0 un p\u00e9cule de vacances de 4 %.<\/p>\r\n\r\n\r\n\r\n<h4 class=\"wp-block-heading\"><span class=\"ez-toc-section\" id=\"Comment_calculer_les_indemnites_de_vacances\"><\/span>Comment calculer les indemnit\u00e9s de vacances ?<span class=\"ez-toc-section-end\"><\/span><\/h4>\r\n\r\n\r\n\r\n<p>Le calcul est le suivant : 1 820 x (7\u00d710) \/ (7\u00d721) = 866,66 \u00e2\u201a\u00ac.<\/p>\r\n\r\n\r\n\r\n<ul class=\"wp-block-list\">\r\n<li>Le calcul de 1\/10 de la r\u00e9mun\u00e9ration brute s\u2019effectue comme suit : (21 840 \/ 10) = 2 184 \u20ac pour un cong\u00e9 d\u2019une dur\u00e9e de 30 jours ouvr\u00e9s (ou 25 jours ouvr\u00e9s).<\/li>\r\n<li>\u2013 en jours ouvr\u00e9s (soit 12 jours) : (21 840\/10) x (12\/30) = 873,60 \u20ac<\/li>\r\n<\/ul>\r\n\r\n\r\n\r\n<h4 class=\"wp-block-heading\"><span class=\"ez-toc-section\" id=\"Comment_fonctionne_les_5_semaines_de_vacances\"><\/span>Comment fonctionne les 5 semaines de vacances ?<span class=\"ez-toc-section-end\"><\/span><\/h4>\r\n\r\n\r\n\r\n<p>Dur\u00e9e du cong\u00e9 Il correspond \u00e0 30 jours ouvrables (5 semaines) pour une ann\u00e9e compl\u00e8te de travail. Certaines absences sont prises en compte pour le calcul des jours de repos. Lorsque le nombre de jours de cong\u00e9 acquis n\u2019est pas un nombre entier, la dur\u00e9e du cong\u00e9 est augment\u00e9e au nombre entier sup\u00e9rieur.<\/p>\r\n\r\n\r\n\r\n<h3 class=\"wp-block-heading\"><span class=\"ez-toc-section\" id=\"Puis-je_prendre_5_semaines_de_conges_payes\"><\/span>Puis-je prendre 5 semaines de cong\u00e9s pay\u00e9s ?<span class=\"ez-toc-section-end\"><\/span><\/h3>\r\n\r\n\r\n\r\n<p>M\u00eame si le salari\u00e9 a droit \u00e0 5 semaines de cong\u00e9s pay\u00e9s, il n\u2019est pas possible de prendre ces 5 semaines de suite.<\/p>\r\n\r\n\r\n\r\n<h4 class=\"wp-block-heading\"><span class=\"ez-toc-section\" id=\"Quelle_est_la_date_limite_de_prise_des_conges_payes\"><\/span>Quelle est la date limite de prise des cong\u00e9s pay\u00e9s ?<span class=\"ez-toc-section-end\"><\/span><\/h4>\r\n\r\n\r\n\r\n<p>Par cons\u00e9quent, les cong\u00e9s pay\u00e9s que vous avez gagn\u00e9s durant la p\u00e9riode du 1er juin 2020 au 31 mai 2021 doivent \u00eatre pris au plus tard le 31 mai 2022, sinon ils seront perdus.<\/p>\r\n\r\n\r\n\r\n<h4 class=\"wp-block-heading\"><span class=\"ez-toc-section\" id=\"Quelle_est_la_duree_minimale_du_conge_principal\"><\/span>Quelle est la dur\u00e9e minimale du cong\u00e9 principal ?<span class=\"ez-toc-section-end\"><\/span><\/h4>\r\n\r\n\r\n\r\n<p>La dur\u00e9e minimale du cong\u00e9 principal est de 12 jours ouvrables continus. Toutefois, votre accord n\u2019est pas requis lorsque le cong\u00e9 est effectu\u00e9 pendant la p\u00e9riode de fermeture de l\u2019\u00e9tablissement. L\u2019une des fractions doit \u00eatre au moins \u00e9gale \u00e0 12 jours de travail continu entre deux jours de repos par semaine.<\/p>\r\n\r\n\r\n\r\n<h3 class=\"wp-block-heading\"><span class=\"ez-toc-section\" id=\"Pourquoi_5_semaines_de_conges\"><\/span>Pourquoi 5 semaines de cong\u00e9s ?<span class=\"ez-toc-section-end\"><\/span><\/h3>\r\n\r\n\r\n\r\n<p>De 15 jours de cong\u00e9s pay\u00e9s par l\u2019entreprise en 1936, nous l\u2019avons progressivement port\u00e9 \u00e0 5 semaines en 1982. Quelques rappels historiques. \u00ab Huit heures de travail, huit heures de repos et huit heures d\u2019enseignement \u00bb, telle \u00e9tait la demande des ouvriers parisiens lors des \u00e9meutes de f\u00e9vrier 1848.<\/p>\r\n\r\n\r\n\r\n<h4 class=\"wp-block-heading\"><span class=\"ez-toc-section\" id=\"Comment_avoir_plus_de_5_semaines_de_conges\"><\/span>Comment avoir plus de 5 semaines de cong\u00e9s ?<span class=\"ez-toc-section-end\"><\/span><\/h4>\r\n\r\n\r\n\r\n<p>Un bon partage des cong\u00e9s Pour b\u00e9n\u00e9ficier d\u2019un cong\u00e9 suppl\u00e9mentaire, il suffit de prendre des jours de repos pendant la p\u00e9riode l\u00e9gale, c\u2019est-\u00e0-dire entre le 1er novembre et le 30 avril. Une fa\u00e7on pour l\u2019entreprise de ne pas se retrouver sans salari\u00e9 pendant la p\u00e9riode l\u00e9gale des cong\u00e9s.<\/p>\r\n\r\n\r\n\r\n<h4 class=\"wp-block-heading\"><span class=\"ez-toc-section\" id=\"Pourquoi_conges_payes_de_juin_a_mai\"><\/span>Pourquoi cong\u00e9s pay\u00e9s de juin \u00e0 mai ?<span class=\"ez-toc-section-end\"><\/span><\/h4>\r\n\r\n\r\n\r\n<p>\u00ab\u00a0En mai, fais ce que tu veux\u00a0\u00bb\u2026 et paye tes cong\u00e9s pay\u00e9s. Pourquoi tous vos coll\u00e8gues sont-ils en cong\u00e9 en mai ? Car dans de nombreuses entreprises, la p\u00e9riode de r\u00e9f\u00e9rence pour le calcul des cong\u00e9s pay\u00e9s a expir\u00e9\u2026 le 31 mai !<\/p>\r\n\r\n\r\n\r\n<h2 class=\"wp-block-heading\"><span class=\"ez-toc-section\" id=\"Quels_sont_les_vacances_pour_un_apprenti\"><\/span>Quels sont les vacances pour un apprenti ?<span class=\"ez-toc-section-end\"><\/span><\/h2>\r\n\r\n\r\n\r\n<figure><img decoding=\"async\" class=\"attachment-full size-full\" src=\"https:\/\/toukiela.com\/wp-content\/uploads\/2022\/06\/Quels-sont-les-vacances-pour-un-apprenti-.png\" sizes=\"(max-width: 1024px) 100vw, 1024px\" srcset=\"https:\/\/i0.wp.com\/toukiela.com\/wp-content\/uploads\/2022\/06\/Quels-sont-les-vacances-pour-un-apprenti-.png?w=1024&amp;ssl=1 1024w, https:\/\/i0.wp.com\/toukiela.com\/wp-content\/uploads\/2022\/06\/Quels-sont-les-vacances-pour-un-apprenti-.png?resize=300%2C143&amp;ssl=1 300w, https:\/\/i0.wp.com\/toukiela.com\/wp-content\/uploads\/2022\/06\/Quels-sont-les-vacances-pour-un-apprenti-.png?resize=768%2C367&amp;ssl=1 768w, https:\/\/i0.wp.com\/toukiela.com\/wp-content\/uploads\/2022\/06\/Quels-sont-les-vacances-pour-un-apprenti-.png?resize=18%2C9&amp;ssl=1 18w, https:\/\/i0.wp.com\/toukiela.com\/wp-content\/uploads\/2022\/06\/Quels-sont-les-vacances-pour-un-apprenti-.png?resize=50%2C24&amp;ssl=1 50w, https:\/\/i0.wp.com\/toukiela.com\/wp-content\/uploads\/2022\/06\/Quels-sont-les-vacances-pour-un-apprenti-.png?resize=980%2C468&amp;ssl=1 980w, https:\/\/i0.wp.com\/toukiela.com\/wp-content\/uploads\/2022\/06\/Quels-sont-les-vacances-pour-un-apprenti-.png?resize=480%2C229&amp;ssl=1 480w\" alt=\"Quels sont les vacances pour un apprenti ?\" width=\"1024\" height=\"489\"><\/figure>\r\n\r\n\r\n\r\n<p>Comme tout autre salari\u00e9, en tant qu\u2019apprenti, vous avez droit \u00e0 un cong\u00e9 l\u00e9gal pay\u00e9 : cinq semaines de cong\u00e9s pay\u00e9s par an, soit 2,5 jours ouvrables (soit le samedi) pour chaque mois de travail accompli entre le 1\u2032 juin et le 31 mai de l\u2019ann\u00e9e suivante .<\/p>\r\n\r\n\r\n\r\n<p>Quelles vacances pour un apprenti ? &amp; # xd83d; &amp; # xde0e; En tant qu\u2019apprenti, vous avez droit au m\u00eame cong\u00e9 l\u00e9gal pay\u00e9 que tout autre salari\u00e9, soit : cinq semaines de cong\u00e9s pay\u00e9s par an (soit deux jours et demi de travail par mois de travail effectu\u00e9).<\/p>\r\n\r\n\r\n\r\n<h3 class=\"wp-block-heading\"><span class=\"ez-toc-section\" id=\"Est-ce_que_les_apprentis_ont_les_vacances_scolaires\"><\/span>Est-ce que les apprentis ont les vacances scolaires ?<span class=\"ez-toc-section-end\"><\/span><\/h3>\r\n\r\n\r\n\r\n<p>Non, l\u2019apprenti de votre enfant n\u2019a pas droit aux vacances scolaires car il n\u2019est plus \u00e9tudiant. Cependant, en tant qu\u2019apprenti et donc salari\u00e9, il b\u00e9n\u00e9ficie des m\u00eames cong\u00e9s que l\u2019ensemble du personnel de l\u2019entreprise, notamment cinq semaines de cong\u00e9s pay\u00e9s annuels.<\/p>\r\n\r\n\r\n\r\n<h4 class=\"wp-block-heading\"><span class=\"ez-toc-section\" id=\"Quand_un_apprenti_peut_prendre_des_vacances\"><\/span>Quand un apprenti peut prendre des vacances ?<span class=\"ez-toc-section-end\"><\/span><\/h4>\r\n\r\n\r\n\r\n<p>En tant qu\u2019apprenti, vous b\u00e9n\u00e9ficierez d\u2019un cong\u00e9 exceptionnel d\u2019une journ\u00e9e. S\u2019il est \u00e2g\u00e9 de plus de 20 ans, le stagiaire peut demander un cong\u00e9 gratuit suppl\u00e9mentaire, dans la limite de 30 jours ouvrables par an. La condition d\u2019\u00e2ge sera appr\u00e9ci\u00e9e au 30 avril de l\u2019ann\u00e9e pr\u00e9c\u00e9dant la demande.<\/p>\r\n\r\n\r\n\r\n<h4 class=\"wp-block-heading\"><span class=\"ez-toc-section\" id=\"Est-ce_que_les_CFA_ferment_pendant_les_vacances\"><\/span>Est-ce que les CFA ferment pendant les vacances ?<span class=\"ez-toc-section-end\"><\/span><\/h4>\r\n\r\n\r\n\r\n<p>La plupart du temps les CFA ferment pendant les vacances scolaires mais pas les entreprises qui embauchent des apprentis !<\/p>\r\n\r\n\r\n\r\n<h3 class=\"wp-block-heading\"><span class=\"ez-toc-section\" id=\"Comment_se_passe_les_vacances_en_apprentissage\"><\/span>Comment se passe les vacances en apprentissage ?<span class=\"ez-toc-section-end\"><\/span><\/h3>\r\n\r\n\r\n\r\n<p>Le jeune \u00e9tudiant travaillant et \u00e9tudiant n\u2019est plus soumis aux vacances scolaires. Ainsi, comme tous les salari\u00e9s de l\u2019entreprise, l\u2019alternance acquiert 2,5 jours de cong\u00e9s par mois travaill\u00e9, soit 30 jours par an, ce qui correspond \u00e0 cinq semaines de cong\u00e9s l\u00e9gaux pay\u00e9s. Le droit au cong\u00e9 est calcul\u00e9 sur la totalit\u00e9 du contrat.<\/p>\r\n\r\n\r\n\r\n<h4 class=\"wp-block-heading\"><span class=\"ez-toc-section\" id=\"Quand_un_apprenti_Peut-il_prendre_des_vacances\"><\/span>Quand un apprenti Peut-il prendre des vacances ?<span class=\"ez-toc-section-end\"><\/span><\/h4>\r\n\r\n\r\n\r\n<p>Un exemple concret : si vous d\u00e9marrez votre contrat d\u2019apprentissage ou de professionnalisation le 1\u00e1\u00b5 \u2030 \u00ca\u00b3 juin 2021, vous n\u2019aurez pas \u00e0 attendre une ann\u00e9e de plus pour prendre vos vacances. Vous avez le droit de demander vos jours de repos \u00e0 l\u2019avance \u00e0 partir de juillet 2021 !<\/p>\r\n\r\n\r\n\r\n<h4 class=\"wp-block-heading\"><span class=\"ez-toc-section\" id=\"Comment_fonctionne_les_vacances_pour_un_apprenti\"><\/span>Comment fonctionne les vacances pour un apprenti ?<span class=\"ez-toc-section-end\"><\/span><\/h4>\r\n\r\n\r\n\r\n<p>Le stagiaire a droit \u00e0 un cong\u00e9 l\u00e9gal pay\u00e9, soit 5 semaines de cong\u00e9 pay\u00e9 par an. L\u2019employeur a le droit de d\u00e9cider quand l\u2019apprenti peut prendre son cong\u00e9.<\/p>\r\n\r\n\r\n\r\n<h3 class=\"wp-block-heading\"><span class=\"ez-toc-section\" id=\"Comment_prendre_des_vacances_quand_on_est_en_alternance\"><\/span>Comment prendre des vacances quand on est en alternance ?<span class=\"ez-toc-section-end\"><\/span><\/h3>\r\n\r\n\r\n\r\n<p>\u2013 Un \u00e9tudiant travailleur et \u00e9tudiant prend des cong\u00e9s pay\u00e9s les jours de travail. Il est absolument impossible de les t\u00e9l\u00e9charger pendant les jours d\u2019\u00e9cole. \u2013 Les dates de cong\u00e9 doivent \u00eatre valid\u00e9es avec l\u2019employeur. L\u2019employ\u00e9 demande un cong\u00e9, pas automatiquement.<\/p>\r\n\r\n\r\n\r\n<h4 class=\"wp-block-heading\"><span class=\"ez-toc-section\" id=\"Quand_un_apprenti_peut_prendre_des_vacances-2\"><\/span>Quand un apprenti peut prendre des vacances ?<span class=\"ez-toc-section-end\"><\/span><\/h4>\r\n\r\n\r\n\r\n<p>La premi\u00e8re ann\u00e9e, la r\u00e8gle est d\u2019attendre le 31 mai pour prendre des cong\u00e9s pay\u00e9s. Par exemple, si vous \u00eates lou\u00e9 le 1er novembre, vous pouvez prendre vos vacances \u00e0 partir du 1er juin de l\u2019ann\u00e9e suivante : 2,5 jours X 7 mois = 21 jours.<\/p>\r\n\r\n\r\n\r\n<h4 class=\"wp-block-heading\"><span class=\"ez-toc-section\" id=\"Est-ce_que_jai_des_vacances_en_alternance\"><\/span>Est-ce que j\u2019ai des vacances en alternance ?<span class=\"ez-toc-section-end\"><\/span><\/h4>\r\n\r\n\r\n\r\n<p>Ainsi, l\u2019alternant ne b\u00e9n\u00e9ficie pas des vacances scolaires comme l\u2019\u00e9tudiant en formation traditionnelle. Au lieu de cela, il prend 2,5 jours de cong\u00e9 par mois travaill\u00e9, comme pour tous les salari\u00e9s, soit 30 jours par an.<\/p>\r\n\r\n\r\n\r\n<h2 class=\"wp-block-heading\"><span class=\"ez-toc-section\" id=\"Comment_calculer_ses_conges_au_Luxembourg\"><\/span>Comment calculer ses cong\u00e9s au Luxembourg ?<span class=\"ez-toc-section-end\"><\/span><\/h2>\r\n\r\n\r\n\r\n<figure><img decoding=\"async\" class=\"attachment-full size-full\" src=\"https:\/\/toukiela.com\/wp-content\/uploads\/2022\/06\/Comment-calculer-ses-conges-au-Luxembourg-.jpeg\" sizes=\"(max-width: 1024px) 100vw, 1024px\" srcset=\"https:\/\/i0.wp.com\/toukiela.com\/wp-content\/uploads\/2022\/06\/Comment-calculer-ses-conges-au-Luxembourg-.jpeg?w=1024&amp;ssl=1 1024w, https:\/\/i0.wp.com\/toukiela.com\/wp-content\/uploads\/2022\/06\/Comment-calculer-ses-conges-au-Luxembourg-.jpeg?resize=300%2C225&amp;ssl=1 300w, https:\/\/i0.wp.com\/toukiela.com\/wp-content\/uploads\/2022\/06\/Comment-calculer-ses-conges-au-Luxembourg-.jpeg?resize=768%2C576&amp;ssl=1 768w, https:\/\/i0.wp.com\/toukiela.com\/wp-content\/uploads\/2022\/06\/Comment-calculer-ses-conges-au-Luxembourg-.jpeg?resize=16%2C12&amp;ssl=1 16w, https:\/\/i0.wp.com\/toukiela.com\/wp-content\/uploads\/2022\/06\/Comment-calculer-ses-conges-au-Luxembourg-.jpeg?resize=50%2C38&amp;ssl=1 50w, https:\/\/i0.wp.com\/toukiela.com\/wp-content\/uploads\/2022\/06\/Comment-calculer-ses-conges-au-Luxembourg-.jpeg?resize=510%2C382&amp;ssl=1 510w, https:\/\/i0.wp.com\/toukiela.com\/wp-content\/uploads\/2022\/06\/Comment-calculer-ses-conges-au-Luxembourg-.jpeg?resize=980%2C735&amp;ssl=1 980w, https:\/\/i0.wp.com\/toukiela.com\/wp-content\/uploads\/2022\/06\/Comment-calculer-ses-conges-au-Luxembourg-.jpeg?resize=480%2C360&amp;ssl=1 480w\" alt=\"Comment calculer ses cong\u00e9s au Luxembourg ?\" width=\"1024\" height=\"768\"><\/figure>\r\n\r\n\r\n\r\n<p>La base de calcul est la suivante : (heures travaill\u00e9es par semaine \/ 5) x 26 jours de repos. Dans notre exemple d\u2019un salari\u00e9 qui travaille 25 heures par semaine, le cong\u00e9 annuel s\u2019\u00e9l\u00e8ve \u00e0 (25\/5) x 26 = 130 heures de cong\u00e9 par an.<\/p>\r\n\r\n\r\n\r\n<p>Comment fonctionne le cong\u00e9 au Luxembourg ? Au Luxembourg, le cong\u00e9 pay\u00e9 est un droit accord\u00e9 \u00e0 tout salari\u00e9 ayant travaill\u00e9 au moins 3 mois sans interruption chez le m\u00eame employeur. Ce droit s\u2019applique \u00e9galement pendant les p\u00e9riodes de maladie et de cong\u00e9 de maternit\u00e9\/paternit\u00e9, mais pas pendant le cong\u00e9 parental.<\/p>\r\n\r\n\r\n\r\n<h3 class=\"wp-block-heading\"><span class=\"ez-toc-section\" id=\"Comment_calculer_le_nombre_de_jours_de_conges_temps_partiel\"><\/span>Comment calculer le nombre de jours de cong\u00e9s temps partiel ?<span class=\"ez-toc-section-end\"><\/span><\/h3>\r\n\r\n\r\n\r\n<p>Un salari\u00e9 qui travaille \u00e0 temps partiel les lundis, mardis, jeudis et vendredis prend 6 jours de repos lorsqu\u2019il s\u2019absente une semaine. Si un salari\u00e9 travaille les lundi, mardi et mercredi matin et s\u2019absente du mercredi apr\u00e8s-midi au mercredi matin suivant, il ne prendra que deux jours de cong\u00e9.<\/p>\r\n\r\n\r\n\r\n<h4 class=\"wp-block-heading\"><span class=\"ez-toc-section\" id=\"Comment_calculer_le_nombre_de_jours_de_travail_effectif\"><\/span>Comment calculer le nombre de jours de travail effectif ?<span class=\"ez-toc-section-end\"><\/span><\/h4>\r\n\r\n\r\n\r\n<p>Le calcul est donc de : 365 jours \u2013 52 samedi \u2013 52 dimanche \u2013 10 jours f\u00e9ri\u00e9s = 251 jours ouvr\u00e9s en 2019. Pour le nombre de jours ouvr\u00e9s travaill\u00e9s, on r\u00e9duit le nombre de jours de repos, soit : 251 jours ouvr\u00e9s. jours \u2013 25 jours ch\u00f4m\u00e9s = 226 jours ouvr\u00e9s travaill\u00e9s en 2019.<\/p>\r\n\r\n\r\n\r\n<h4 class=\"wp-block-heading\"><span class=\"ez-toc-section\" id=\"Comment_calculer_les_jours_de_conge_sur_contrat_temps_partiel_20_h\"><\/span>Comment calculer les jours de cong\u00e9 sur contrat temps partiel 20 h ?<span class=\"ez-toc-section-end\"><\/span><\/h4>\r\n\r\n\r\n\r\n<p>Il s\u2019ensuit que si un salari\u00e9 travaille 20 heures par semaine, il est r\u00e9put\u00e9 avoir droit \u00e0 deux jours et demi de cong\u00e9 pour un mois de travail effectif. Donc, si vous travaillez huit heures les lundis et mardis et quatre heures les mercredis pendant 12 mois, vous pouvez prendre cinq semaines de cong\u00e9.<\/p>\r\n\r\n\r\n\r\n<h3 class=\"wp-block-heading\"><span class=\"ez-toc-section\" id=\"Comment_calculer_le_nombre_de_jours_de_conges\"><\/span>Comment calculer le nombre de jours de cong\u00e9s ?<span class=\"ez-toc-section-end\"><\/span><\/h3>\r\n\r\n\r\n\r\n<p>Le calcul des cong\u00e9s annuels pay\u00e9s est simple : le salari\u00e9 acquiert 2,5 X 12 = 30 jours ouvrables de cong\u00e9s pay\u00e9s par an. Si on raisonne en jours ouvr\u00e9s, le salari\u00e9 obtient 25 jours de cong\u00e9s pay\u00e9s par an.<\/p>\r\n\r\n\r\n\r\n<h4 class=\"wp-block-heading\"><span class=\"ez-toc-section\" id=\"Comment_savoir_le_nombre_de_conges_acquis\"><\/span>Comment savoir le nombre de cong\u00e9s acquis ?<span class=\"ez-toc-section-end\"><\/span><\/h4>\r\n\r\n\r\n\r\n<p>Les jours de cong\u00e9s pay\u00e9s obtenus sont l\u00e9galement d\u00e9compt\u00e9s en jours ouvr\u00e9s (tous les jours de la semaine sauf le dimanche). Chaque salari\u00e9 b\u00e9n\u00e9ficie de 2,5 jours ouvr\u00e9s de cong\u00e9s pay\u00e9s par mois de travail dans la limite de 30 jours ouvr\u00e9s, soit 5 semaines par an (5 semaines X 6 jours = 30 jours).<\/p>\r\n\r\n\r\n\r\n<h4 class=\"wp-block-heading\"><span class=\"ez-toc-section\" id=\"Comment_calculer_le_nombre_de_jours_de_travail_effectif-2\"><\/span>Comment calculer le nombre de jours de travail effectif ?<span class=\"ez-toc-section-end\"><\/span><\/h4>\r\n\r\n\r\n\r\n<p>Le calcul est donc de : 365 jours \u2013 52 samedi \u2013 52 dimanche \u2013 10 jours f\u00e9ri\u00e9s = 251 jours ouvr\u00e9s en 2019. Pour le nombre de jours ouvr\u00e9s travaill\u00e9s, on r\u00e9duit le nombre de jours de repos, soit : 251 jours ouvr\u00e9s. jours \u2013 25 jours ch\u00f4m\u00e9s = 226 jours ouvr\u00e9s travaill\u00e9s en 2019.<\/p>\r\n\r\n\r\n\r\n<h2 class=\"wp-block-heading\"><span class=\"ez-toc-section\" id=\"Comment_poser_ses_conges_en_alternance\"><\/span>Comment poser ses cong\u00e9s en alternance ?<span class=\"ez-toc-section-end\"><\/span><\/h2>\r\n\r\n\r\n\r\n<figure><img decoding=\"async\" class=\"attachment-full size-full\" src=\"https:\/\/toukiela.com\/wp-content\/uploads\/2022\/06\/Comment-poser-ses-conges-en-alternance-.png\" sizes=\"(max-width: 624px) 100vw, 624px\" srcset=\"https:\/\/i0.wp.com\/toukiela.com\/wp-content\/uploads\/2022\/06\/Comment-poser-ses-conges-en-alternance-.png?w=624&amp;ssl=1 624w, https:\/\/i0.wp.com\/toukiela.com\/wp-content\/uploads\/2022\/06\/Comment-poser-ses-conges-en-alternance-.png?resize=300%2C192&amp;ssl=1 300w, https:\/\/i0.wp.com\/toukiela.com\/wp-content\/uploads\/2022\/06\/Comment-poser-ses-conges-en-alternance-.png?resize=18%2C12&amp;ssl=1 18w, https:\/\/i0.wp.com\/toukiela.com\/wp-content\/uploads\/2022\/06\/Comment-poser-ses-conges-en-alternance-.png?resize=50%2C32&amp;ssl=1 50w, https:\/\/i0.wp.com\/toukiela.com\/wp-content\/uploads\/2022\/06\/Comment-poser-ses-conges-en-alternance-.png?resize=480%2C307&amp;ssl=1 480w\" alt=\"Comment poser ses cong\u00e9s en alternance ?\" width=\"624\" height=\"399\"><\/figure>\r\n\r\n\r\n\r\n<p>Exemple : Si l\u2019\u00e9tudiant-\u00e9tudiant est embauch\u00e9 le 1er novembre, il peut prendre ses cong\u00e9s pay\u00e9s \u00e0 partir du 31 mai de l\u2019ann\u00e9e suivante : 2,5 jours \u00d7 7 mois = 21 jours. Si l\u2019alternant est embauch\u00e9 au 1er janvier, il pourra prendre ses cong\u00e9s pay\u00e9s \u00e0 partir du 31 mai : 2,5 jours \u00d7 5 mois = 15 jours.<\/p>\r\n\r\n\r\n\r\n<p>Comment calculez-vous vos journ\u00e9es de travail et d\u2019\u00e9tude ? De par son statut de salari\u00e9, l\u2019alternant ne b\u00e9n\u00e9ficie plus du rythme des vacances scolaires. Ses cong\u00e9s sont donc li\u00e9s aux cong\u00e9s pay\u00e9s pr\u00e9vus par la loi de 1982. Pour calculer son solde, il faut g\u00e9n\u00e9ralement compter 2,5 jours ouvr\u00e9s par mois travaill\u00e9, soit 30 jours par an.<\/p>\r\n\r\n\r\n\r\n<h3 class=\"wp-block-heading\"><span class=\"ez-toc-section\" id=\"Comment_poser_des_vacances_en_alternance\"><\/span>Comment poser des vacances en alternance ?<span class=\"ez-toc-section-end\"><\/span><\/h3>\r\n\r\n\r\n\r\n<p>Vous pouvez les solliciter \u00e0 tout moment sauf pendant les heures de formation scolaire. Pour voir quand vous pouvez les obtenir, vous devez faire quelques calculs. Chaque mois de travail, vous accumulez 2,5 jours de repos. Par cons\u00e9quent, apr\u00e8s deux mois, vous aurez le droit de demander 5 jours.<\/p>\r\n\r\n\r\n\r\n<h4 class=\"wp-block-heading\"><span class=\"ez-toc-section\" id=\"Comment_poser_des_jours_de_vacances\"><\/span>Comment poser des jours de vacances ?<span class=\"ez-toc-section-end\"><\/span><\/h4>\r\n\r\n\r\n\r\n<p>Le cong\u00e9 pay\u00e9 commence le premier jour d\u2019absence (normalement ouvrable) et se termine la veille du jour ouvrable suivant. Par exemple : si votre salari\u00e9 travaille du mardi au samedi et prend une semaine de cong\u00e9 : il devra prendre un cong\u00e9 du mardi au lundi de la semaine suivante.<\/p>\r\n\r\n\r\n\r\n<h4 class=\"wp-block-heading\"><span class=\"ez-toc-section\" id=\"Quand_un_apprenti_peut_prendre_des_vacances-3\"><\/span>Quand un apprenti peut prendre des vacances ?<span class=\"ez-toc-section-end\"><\/span><\/h4>\r\n\r\n\r\n\r\n<p>La premi\u00e8re ann\u00e9e, la r\u00e8gle est d\u2019attendre le 31 mai pour prendre des cong\u00e9s pay\u00e9s. Par exemple, si vous \u00eates lou\u00e9 le 1er novembre, vous pouvez prendre vos vacances \u00e0 partir du 1er juin de l\u2019ann\u00e9e suivante : 2,5 jours X 7 mois = 21 jours.<\/p>\r\n\r\n\r\n\r\n<h3 class=\"wp-block-heading\"><span class=\"ez-toc-section\" id=\"Comment_poser_ses_jours_de_conges\"><\/span>Comment poser ses jours de cong\u00e9s ?<span class=\"ez-toc-section-end\"><\/span><\/h3>\r\n\r\n\r\n\r\n<p>Le cong\u00e9 pay\u00e9 commence le premier jour d\u2019absence (normalement ouvrable) et se termine la veille du jour ouvrable suivant. Par exemple : si votre salari\u00e9 travaille du mardi au samedi et prend une semaine de cong\u00e9 : il devra prendre un cong\u00e9 du mardi au lundi de la semaine suivante.<\/p>\r\n\r\n\r\n\r\n<h4 class=\"wp-block-heading\"><span class=\"ez-toc-section\" id=\"Comment_poser_un_jour_de_conges\"><\/span>Comment poser un jour de cong\u00e9s ?<span class=\"ez-toc-section-end\"><\/span><\/h4>\r\n\r\n\r\n\r\n<p>Pour prendre des cong\u00e9s pay\u00e9s, un salari\u00e9 doit avoir l\u2019accord de son employeur. Il doit \u00e9galement faire face \u00e0 des contraintes l\u00e9gales et n\u2019est pas totalement libre de choisir ses dates de vacances. Mais il peut aussi obtenir un repos suppl\u00e9mentaire dans certains cas.<\/p>\r\n\r\n\r\n\r\n<h4 class=\"wp-block-heading\"><span class=\"ez-toc-section\" id=\"Comment_poser_ses_jours_de_conges_en_2021\"><\/span>Comment poser ses jours de cong\u00e9s en 2021 ?<span class=\"ez-toc-section-end\"><\/span><\/h4>\r\n\r\n\r\n\r\n<p>Il suffit de demander les 10, 11, 12 et 14 mai ou les 25, 26, 27 ou 28 mai. Le 14 juillet tombant un mercredi, vous pourrez b\u00e9n\u00e9ficier d\u2019un cong\u00e9 de 9 jours en ajustant vos cong\u00e9s autour de cette date. Les jours f\u00e9ri\u00e9s pour les demandes de renseignements sont les 12, 13, 15 et 16 juillet 2021.<\/p>\r\n\r\n\r\n\r\n<h3 class=\"wp-block-heading\"><span class=\"ez-toc-section\" id=\"Quand_prendre_des_vacances_en_alternance\"><\/span>Quand prendre des vacances en alternance ?<span class=\"ez-toc-section-end\"><\/span><\/h3>\r\n\r\n\r\n\r\n<p>Quand un alternant peut-il prendre son cong\u00e9 ? Le cong\u00e9 pay\u00e9 est obtenu pendant une p\u00e9riode dite \u00ab\u00a0p\u00e9riode de r\u00e9f\u00e9rence\u00a0\u00bb, qui s\u2019\u00e9tend en principe du 1 \u00b5\u2030 \u00ca\u00b3 juin de l\u2019ann\u00e9e N au 31 mai de l\u2019ann\u00e9e N 1. A partir du 1\u2032 janvier 2017, le salari\u00e9, et donc l\u2019\u00e9tudiant du travail et l\u2019\u00e9tude a le droit de prendre son cong\u00e9 aussit\u00f4t qu\u2019il l\u2019a acquis.<\/p>\r\n\r\n\r\n\r\n<h4 class=\"wp-block-heading\"><span class=\"ez-toc-section\" id=\"Comment_se_passe_les_conges_en_apprentissage\"><\/span>Comment se passe les cong\u00e9s en apprentissage ?<span class=\"ez-toc-section-end\"><\/span><\/h4>\r\n\r\n\r\n\r\n<p>Le stagiaire a droit \u00e0 un cong\u00e9 l\u00e9gal pay\u00e9, soit 5 semaines de cong\u00e9 pay\u00e9 par an. L\u2019employeur a le droit de d\u00e9cider quand l\u2019apprenti peut prendre son cong\u00e9.<\/p>\r\n\r\n\r\n\r\n<h4 class=\"wp-block-heading\"><span class=\"ez-toc-section\" id=\"Quels_sont_les_vacances_pour_un_apprenti-2\"><\/span>Quels sont les vacances pour un apprenti ?<span class=\"ez-toc-section-end\"><\/span><\/h4>\r\n\r\n\r\n\r\n<p>Cong\u00e9 gratuit stagiaire L\u2019apprenti \u00e2g\u00e9 de moins de 21 ans au 30 avril de l\u2019ann\u00e9e pr\u00e9c\u00e9dente, quelle que soit son anciennet\u00e9 dans l\u2019entreprise, a droit, sur demande, \u00e0 30 jours de cong\u00e9 (25 jours ouvr\u00e9s, 5 semaines calendaires \u2013 article L. 3164 -9 du code du travail).<\/p>\r\n\r\n<p><script type=\"application\/ld+json\">{\"@context\":\"https:\/\/schema.org\",\"@type\":\"FAQPage\",\"mainEntity\":[{\"@type\":\"Question\",\"name\":\"Puis-je m'absenter de mon travail pour passer le permis ?\",\"acceptedAnswer\":{\"@type\":\"Answer\",\"text\":\"Oui, l'employeur peut accorder, dans le cadre du CPF de transition professionnelle (appel&eacute; PTP), un cong&eacute; d'examen &agrave; son salari&eacute; dans le cadre d'une formation certifiante.Comment puis-je demander un cong&eacute;? Fait &agrave; (ville), le (date). Madame, Monsieur, je vous demande par la pr&eacute;sente l'autorisation de m'absenter de mon travail &agrave; (pr&eacute;ciser la date et &eacute;ventuellement l'heure ou l'heure &agrave; laquelle l'absence doit avoir lieu).\"}},{\"@type\":\"Question\",\"name\":\"Quand 3 semaines de vacances ?\",\"acceptedAnswer\":{\"@type\":\"Answer\",\"text\":\"Le salari&eacute; aura droit &agrave; 3 semaines de cong&eacute;s pay&eacute;s apr&egrave;s trois ans de service chez le m&ecirc;me employeur. Il fallait auparavant accumuler 5 ann&eacute;es de service pour avoir droit &agrave; 3 semaines.&Agrave; quand des vacances de 5 semaines au Qu&eacute;bec? Apr&egrave;s 5 ou 6 ans, les salari&eacute;s ont g&eacute;n&eacute;ralement droit &agrave; une troisi&egrave;me semaine de cong&eacute;, apr&egrave;s 8 ou 10 ans, pendant 4 semaines, et apr&egrave;s 25 ans, pendant 5 semaines... Certaines entreprises proposent cependant trois semaines de cong&eacute; &agrave; partir du fin. d&egrave;s la premi&egrave;re ann&eacute;e de travail, dans d'autres il est possible de n&eacute;gocier lors de l'embauche.\"}},{\"@type\":\"Question\",\"name\":\"Quels sont les vacances pour un apprenti ?\",\"acceptedAnswer\":{\"@type\":\"Answer\",\"text\":\"Comme tout autre salari&eacute;, en tant qu'apprenti, vous avez droit &agrave; un cong&eacute; l&eacute;gal pay&eacute; : cinq semaines de cong&eacute;s pay&eacute;s par an, soit 2,5 jours ouvrables (soit le samedi) pour chaque mois de travail accompli entre le 1' juin et le 31 mai de l'ann&eacute;e suivante .Quelles vacances pour un apprenti ? & # xd83d; & # xde0e; En tant qu'apprenti, vous avez droit au m&ecirc;me cong&eacute; l&eacute;gal pay&eacute; que tout autre salari&eacute;, soit : cinq semaines de cong&eacute;s pay&eacute;s par an (soit deux jours et demi de travail par mois de travail effectu&eacute;).\"}},{\"@type\":\"Question\",\"name\":\"Comment calculer ses cong&eacute;s au Luxembourg ?\",\"acceptedAnswer\":{\"@type\":\"Answer\",\"text\":\"La base de calcul est la suivante : (heures travaill&eacute;es par semaine \/ 5) x 26 jours de repos. Dans notre exemple d'un salari&eacute; qui travaille 25 heures par semaine, le cong&eacute; annuel s'&eacute;l&egrave;ve &agrave; (25\/5) x 26 = 130 heures de cong&eacute; par an.Comment fonctionne le cong&eacute; au Luxembourg ? Au Luxembourg, le cong&eacute; pay&eacute; est un droit accord&eacute; &agrave; tout salari&eacute; ayant travaill&eacute; au moins 3 mois sans interruption chez le m&ecirc;me employeur. Ce droit s'applique &eacute;galement pendant les p&eacute;riodes de maladie et de cong&eacute; de maternit&eacute;\/paternit&eacute;, mais pas pendant le cong&eacute; parental.\"}},{\"@type\":\"Question\",\"name\":\"Comment poser ses cong&eacute;s en alternance ?\",\"acceptedAnswer\":{\"@type\":\"Answer\",\"text\":\"Exemple : Si l'&eacute;tudiant-&eacute;tudiant est embauch&eacute; le 1er novembre, il peut prendre ses cong&eacute;s pay&eacute;s &agrave; partir du 31 mai de l'ann&eacute;e suivante : 2,5 jours &times; 7 mois = 21 jours. Si l'alternant est embauch&eacute; au 1er janvier, il pourra prendre ses cong&eacute;s pay&eacute;s &agrave; partir du 31 mai : 2,5 jours &times; 5 mois = 15 jours.Comment calculez-vous vos journ&eacute;es de travail et d'&eacute;tude ? De par son statut de salari&eacute;, l'alternant ne b&eacute;n&eacute;ficie plus du rythme des vacances scolaires. Ses cong&eacute;s sont donc li&eacute;s aux cong&eacute;s pay&eacute;s pr&eacute;vus par la loi de 1982. Pour calculer son solde, il faut g&eacute;n&eacute;ralement compter 2,5 jours ouvr&eacute;s par mois travaill&eacute;, soit 30 jours par an.\"}}]}<\/script><\/p>\n\n","protected":false},"excerpt":{"rendered":"","protected":false},"author":1,"featured_media":2544,"comment_status":"open","ping_status":"open","sticky":false,"template":"","format":"standard","meta":{"_seopress_robots_primary_cat":"none","_seopress_titles_title":"","_seopress_titles_desc":"","_seopress_robots_index":"","footnotes":""},"categories":[31],"tags":[444,445,276,446,38],"class_list":["post-2543","post","type-post","status-publish","format-standard","has-post-thumbnail","hentry","category-life-style","tag-conge","tag-conges","tag-jours","tag-semaines","tag-vacances","generate-columns","tablet-grid-50","mobile-grid-100","grid-parent","grid-50"],"_links":{"self":[{"href":"https:\/\/toukiela.com\/fr_be\/wp-json\/wp\/v2\/posts\/2543","targetHints":{"allow":["GET"]}}],"collection":[{"href":"https:\/\/toukiela.com\/fr_be\/wp-json\/wp\/v2\/posts"}],"about":[{"href":"https:\/\/toukiela.com\/fr_be\/wp-json\/wp\/v2\/types\/post"}],"author":[{"embeddable":true,"href":"https:\/\/toukiela.com\/fr_be\/wp-json\/wp\/v2\/users\/1"}],"replies":[{"embeddable":true,"href":"https:\/\/toukiela.com\/fr_be\/wp-json\/wp\/v2\/comments?post=2543"}],"version-history":[{"count":0,"href":"https:\/\/toukiela.com\/fr_be\/wp-json\/wp\/v2\/posts\/2543\/revisions"}],"wp:featuredmedia":[{"embeddable":true,"href":"https:\/\/toukiela.com\/fr_be\/wp-json\/wp\/v2\/media\/2544"}],"wp:attachment":[{"href":"https:\/\/toukiela.com\/fr_be\/wp-json\/wp\/v2\/media?parent=2543"}],"wp:term":[{"taxonomy":"category","embeddable":true,"href":"https:\/\/toukiela.com\/fr_be\/wp-json\/wp\/v2\/categories?post=2543"},{"taxonomy":"post_tag","embeddable":true,"href":"https:\/\/toukiela.com\/fr_be\/wp-json\/wp\/v2\/tags?post=2543"}],"curies":[{"name":"wp","href":"https:\/\/api.w.org\/{rel}","templated":true}]}}