{"id":2237,"date":"2022-06-22T00:48:40","date_gmt":"2022-06-22T00:48:40","guid":{"rendered":"https:\/\/toukiela.com\/est-ce-que-lhiver-2021-2022-sera-froid-month-year-2\/"},"modified":"2022-06-22T00:48:40","modified_gmt":"2022-06-22T00:48:40","slug":"est-ce-que-lhiver-2021-2022-sera-froid-month-year-2","status":"publish","type":"post","link":"https:\/\/toukiela.com\/fr_be\/est-ce-que-lhiver-2021-2022-sera-froid-month-year-2\/","title":{"rendered":"Est-ce que l&rsquo;hiver 2021 2022 sera froid ? avril 2026"},"content":{"rendered":"<div id=\"ez-toc-container\" class=\"ez-toc-v2_0_82_2 counter-hierarchy ez-toc-counter ez-toc-grey ez-toc-container-direction\">\n<p class=\"ez-toc-title\" style=\"cursor:inherit\">Sommaire<\/p>\n<label for=\"ez-toc-cssicon-toggle-item-69f1c65ff1d46\" class=\"ez-toc-cssicon-toggle-label\"><span class=\"\"><span class=\"eztoc-hide\" style=\"display:none;\">Toggle<\/span><span class=\"ez-toc-icon-toggle-span\"><svg style=\"fill: #999;color:#999\" xmlns=\"http:\/\/www.w3.org\/2000\/svg\" class=\"list-377408\" width=\"20px\" height=\"20px\" viewBox=\"0 0 24 24\" fill=\"none\"><path d=\"M6 6H4v2h2V6zm14 0H8v2h12V6zM4 11h2v2H4v-2zm16 0H8v2h12v-2zM4 16h2v2H4v-2zm16 0H8v2h12v-2z\" fill=\"currentColor\"><\/path><\/svg><svg style=\"fill: #999;color:#999\" class=\"arrow-unsorted-368013\" xmlns=\"http:\/\/www.w3.org\/2000\/svg\" width=\"10px\" height=\"10px\" viewBox=\"0 0 24 24\" version=\"1.2\" baseProfile=\"tiny\"><path d=\"M18.2 9.3l-6.2-6.3-6.2 6.3c-.2.2-.3.4-.3.7s.1.5.3.7c.2.2.4.3.7.3h11c.3 0 .5-.1.7-.3.2-.2.3-.5.3-.7s-.1-.5-.3-.7zM5.8 14.7l6.2 6.3 6.2-6.3c.2-.2.3-.5.3-.7s-.1-.5-.3-.7c-.2-.2-.4-.3-.7-.3h-11c-.3 0-.5.1-.7.3-.2.2-.3.5-.3.7s.1.5.3.7z\"\/><\/svg><\/span><\/span><\/label><input type=\"checkbox\"  id=\"ez-toc-cssicon-toggle-item-69f1c65ff1d46\"  aria-label=\"Toggle\" \/><nav><ul class='ez-toc-list ez-toc-list-level-1 ' ><li class='ez-toc-page-1 ez-toc-heading-level-2'><a class=\"ez-toc-link ez-toc-heading-1\" href=\"https:\/\/toukiela.com\/fr_be\/est-ce-que-lhiver-2021-2022-sera-froid-month-year-2\/#Quand_la_neige_va_arriver_en_France\" >Quand la neige va arriver en France ?<\/a><ul class='ez-toc-list-level-3' ><li class='ez-toc-heading-level-3'><a class=\"ez-toc-link ez-toc-heading-2\" href=\"https:\/\/toukiela.com\/fr_be\/est-ce-que-lhiver-2021-2022-sera-froid-month-year-2\/#Quand_Va-t-il_neiger_a_Paris_2022\" >Quand Va-t-il neiger \u00e0 Paris 2022 ?<\/a><ul class='ez-toc-list-level-4' ><li class='ez-toc-heading-level-4'><a class=\"ez-toc-link ez-toc-heading-3\" href=\"https:\/\/toukiela.com\/fr_be\/est-ce-que-lhiver-2021-2022-sera-froid-month-year-2\/#Comment_sera_lhiver_2022\" >Comment sera l\u2019hiver 2022 ?<\/a><\/li><li class='ez-toc-page-1 ez-toc-heading-level-4'><a class=\"ez-toc-link ez-toc-heading-4\" href=\"https:\/\/toukiela.com\/fr_be\/est-ce-que-lhiver-2021-2022-sera-froid-month-year-2\/#Est-ce_quil_va_neiger_cet_hiver_2022_Paris\" >Est-ce qu\u2019il va neiger cet hiver 2022 Paris ?<\/a><\/li><\/ul><\/li><li class='ez-toc-page-1 ez-toc-heading-level-3'><a class=\"ez-toc-link ez-toc-heading-5\" href=\"https:\/\/toukiela.com\/fr_be\/est-ce-que-lhiver-2021-2022-sera-froid-month-year-2\/#Quand_Va-t-il_neiger_2022\" >Quand Va-t-il neiger 2022 ?<\/a><ul class='ez-toc-list-level-4' ><li class='ez-toc-heading-level-4'><a class=\"ez-toc-link ez-toc-heading-6\" href=\"https:\/\/toukiela.com\/fr_be\/est-ce-que-lhiver-2021-2022-sera-froid-month-year-2\/#Est-ce_quil_va_neiger_en_2022\" >Est-ce qu\u2019il va neiger en 2022 ?<\/a><\/li><li class='ez-toc-page-1 ez-toc-heading-level-4'><a class=\"ez-toc-link ez-toc-heading-7\" href=\"https:\/\/toukiela.com\/fr_be\/est-ce-que-lhiver-2021-2022-sera-froid-month-year-2\/#Quand_les_temperatures_vont_remonter_2022\" >Quand les temp\u00e9ratures vont remonter 2022 ?<\/a><\/li><\/ul><\/li><li class='ez-toc-page-1 ez-toc-heading-level-3'><a class=\"ez-toc-link ez-toc-heading-8\" href=\"https:\/\/toukiela.com\/fr_be\/est-ce-que-lhiver-2021-2022-sera-froid-month-year-2\/#Pourquoi_il_neige_en_avril_2022\" >Pourquoi il neige en avril 2022 ?<\/a><\/li><\/ul><\/li><li class='ez-toc-page-1 ez-toc-heading-level-2'><a class=\"ez-toc-link ez-toc-heading-9\" href=\"https:\/\/toukiela.com\/fr_be\/est-ce-que-lhiver-2021-2022-sera-froid-month-year-2\/#Est-ce_que_il_va_neiger_cet_hiver_2022\" >Est-ce que il va neiger cet hiver 2022 ?<\/a><ul class='ez-toc-list-level-3' ><li class='ez-toc-heading-level-3'><a class=\"ez-toc-link ez-toc-heading-10\" href=\"https:\/\/toukiela.com\/fr_be\/est-ce-que-lhiver-2021-2022-sera-froid-month-year-2\/#Comment_va_etre_lhiver_2022\" >Comment va \u00eatre l\u2019hiver 2022 ?<\/a><ul class='ez-toc-list-level-4' ><li class='ez-toc-heading-level-4'><a class=\"ez-toc-link ez-toc-heading-11\" href=\"https:\/\/toukiela.com\/fr_be\/est-ce-que-lhiver-2021-2022-sera-froid-month-year-2\/#Est-ce_que_lete_2022_sera_chaud\" >Est-ce que l\u2019\u00e9t\u00e9 2022 sera chaud ?<\/a><\/li><li class='ez-toc-page-1 ez-toc-heading-level-4'><a class=\"ez-toc-link ez-toc-heading-12\" href=\"https:\/\/toukiela.com\/fr_be\/est-ce-que-lhiver-2021-2022-sera-froid-month-year-2\/#Comment_sera_lhiver_2022_en_France\" >Comment sera l\u2019hiver 2022 en France ?<\/a><\/li><\/ul><\/li><li class='ez-toc-page-1 ez-toc-heading-level-3'><a class=\"ez-toc-link ez-toc-heading-13\" href=\"https:\/\/toukiela.com\/fr_be\/est-ce-que-lhiver-2021-2022-sera-froid-month-year-2\/#Quand_Va-t-il_neiger_en_Ile-de-france_2022\" >Quand Va-t-il neiger en \u00cele-de-france 2022 ?<\/a><ul class='ez-toc-list-level-4' ><li class='ez-toc-heading-level-4'><a class=\"ez-toc-link ez-toc-heading-14\" href=\"https:\/\/toukiela.com\/fr_be\/est-ce-que-lhiver-2021-2022-sera-froid-month-year-2\/#Quand_il_y_aura_de_la_neige_a_Paris\" >Quand il y aura de la neige \u00e0 Paris ?<\/a><\/li><li class='ez-toc-page-1 ez-toc-heading-level-4'><a class=\"ez-toc-link ez-toc-heading-15\" href=\"https:\/\/toukiela.com\/fr_be\/est-ce-que-lhiver-2021-2022-sera-froid-month-year-2\/#Quand_la_neige_en_Ile-de-France_2022\" >Quand la neige en \u00cele-de-France 2022 ?<\/a><\/li><\/ul><\/li><li class='ez-toc-page-1 ez-toc-heading-level-3'><a class=\"ez-toc-link ez-toc-heading-16\" href=\"https:\/\/toukiela.com\/fr_be\/est-ce-que-lhiver-2021-2022-sera-froid-month-year-2\/#Est-ce_que_lhiver_2021-2022_sera_froid\" >Est-ce que l\u2019hiver 2021-2022 sera froid ?<\/a><ul class='ez-toc-list-level-4' ><li class='ez-toc-heading-level-4'><a class=\"ez-toc-link ez-toc-heading-17\" href=\"https:\/\/toukiela.com\/fr_be\/est-ce-que-lhiver-2021-2022-sera-froid-month-year-2\/#Quand_Va-t-il_neiger_2022-2\" >Quand Va-t-il neiger 2022 ?<\/a><\/li><li class='ez-toc-page-1 ez-toc-heading-level-4'><a class=\"ez-toc-link ez-toc-heading-18\" href=\"https:\/\/toukiela.com\/fr_be\/est-ce-que-lhiver-2021-2022-sera-froid-month-year-2\/#Quel_temps_pour_lhiver_2021-2022\" >Quel temps pour l\u2019hiver 2021-2022 ?<\/a><\/li><\/ul><\/li><\/ul><\/li><li class='ez-toc-page-1 ez-toc-heading-level-2'><a class=\"ez-toc-link ez-toc-heading-19\" href=\"https:\/\/toukiela.com\/fr_be\/est-ce-que-lhiver-2021-2022-sera-froid-month-year-2\/#Quel_temps_pour_juillet_et_aout_2022\" >Quel temps pour juillet et ao\u00fbt 2022 ?<\/a><ul class='ez-toc-list-level-3' ><li class='ez-toc-heading-level-3'><a class=\"ez-toc-link ez-toc-heading-20\" href=\"https:\/\/toukiela.com\/fr_be\/est-ce-que-lhiver-2021-2022-sera-froid-month-year-2\/#Est-ce_que_lete_2022_sera_chaud-2\" >Est-ce que l\u2019\u00e9t\u00e9 2022 sera chaud ?<\/a><ul class='ez-toc-list-level-4' ><li class='ez-toc-heading-level-4'><a class=\"ez-toc-link ez-toc-heading-21\" href=\"https:\/\/toukiela.com\/fr_be\/est-ce-que-lhiver-2021-2022-sera-froid-month-year-2\/#Comment_sera_lete_2022_en_Belgique\" >Comment sera l\u2019\u00e9t\u00e9 2022 en Belgique ?<\/a><\/li><li class='ez-toc-page-1 ez-toc-heading-level-4'><a class=\"ez-toc-link ez-toc-heading-22\" href=\"https:\/\/toukiela.com\/fr_be\/est-ce-que-lhiver-2021-2022-sera-froid-month-year-2\/#Quel_printemps_2022\" >Quel printemps 2022 ?<\/a><\/li><\/ul><\/li><li class='ez-toc-page-1 ez-toc-heading-level-3'><a class=\"ez-toc-link ez-toc-heading-23\" href=\"https:\/\/toukiela.com\/fr_be\/est-ce-que-lhiver-2021-2022-sera-froid-month-year-2\/#Quel_temps_pour_cette_ete_2022\" >Quel temps pour cette \u00e9t\u00e9 2022 ?<\/a><ul class='ez-toc-list-level-4' ><li class='ez-toc-heading-level-4'><a class=\"ez-toc-link ez-toc-heading-24\" href=\"https:\/\/toukiela.com\/fr_be\/est-ce-que-lhiver-2021-2022-sera-froid-month-year-2\/#Comment_sera_lete_2022_en_Belgique-2\" >Comment sera l\u2019\u00e9t\u00e9 2022 en Belgique ?<\/a><\/li><li class='ez-toc-page-1 ez-toc-heading-level-4'><a class=\"ez-toc-link ez-toc-heading-25\" href=\"https:\/\/toukiela.com\/fr_be\/est-ce-que-lhiver-2021-2022-sera-froid-month-year-2\/#Quel_ete_Aurons-nous_en_2022\" >Quel \u00e9t\u00e9 Aurons-nous en 2022 ?<\/a><\/li><\/ul><\/li><\/ul><\/li><li class='ez-toc-page-1 ez-toc-heading-level-2'><a class=\"ez-toc-link ez-toc-heading-26\" href=\"https:\/\/toukiela.com\/fr_be\/est-ce-que-lhiver-2021-2022-sera-froid-month-year-2\/#Comment_sera_lete_2022_au_Quebec\" >Comment sera l\u2019\u00e9t\u00e9 2022 au Qu\u00e9bec ?<\/a><ul class='ez-toc-list-level-3' ><li class='ez-toc-heading-level-3'><a class=\"ez-toc-link ez-toc-heading-27\" href=\"https:\/\/toukiela.com\/fr_be\/est-ce-que-lhiver-2021-2022-sera-froid-month-year-2\/#Quand_la_meteo_va_sameliorer_2022\" >Quand la m\u00e9t\u00e9o va s\u2019am\u00e9liorer 2022 ?<\/a><ul class='ez-toc-list-level-4' ><li class='ez-toc-heading-level-4'><a class=\"ez-toc-link ez-toc-heading-28\" href=\"https:\/\/toukiela.com\/fr_be\/est-ce-que-lhiver-2021-2022-sera-froid-month-year-2\/#Quand_la_temperature_va_remonter_2022\" >Quand la temp\u00e9rature va remonter 2022 ?<\/a><\/li><li class='ez-toc-page-1 ez-toc-heading-level-4'><a class=\"ez-toc-link ez-toc-heading-29\" href=\"https:\/\/toukiela.com\/fr_be\/est-ce-que-lhiver-2021-2022-sera-froid-month-year-2\/#Est-ce_que_lete_2022_sera_chaud-3\" >Est-ce que l\u2019\u00e9t\u00e9 2022 sera chaud ?<\/a><\/li><\/ul><\/li><li class='ez-toc-page-1 ez-toc-heading-level-3'><a class=\"ez-toc-link ez-toc-heading-30\" href=\"https:\/\/toukiela.com\/fr_be\/est-ce-que-lhiver-2021-2022-sera-froid-month-year-2\/#Quel_ete_Aurons-nous_en_2022-2\" >Quel \u00e9t\u00e9 Aurons-nous en 2022 ?<\/a><ul class='ez-toc-list-level-4' ><li class='ez-toc-heading-level-4'><a class=\"ez-toc-link ez-toc-heading-31\" href=\"https:\/\/toukiela.com\/fr_be\/est-ce-que-lhiver-2021-2022-sera-froid-month-year-2\/#Quelle_temps_pour_lete_2022\" >Quelle temps pour l\u2019\u00e9t\u00e9 2022 ?<\/a><\/li><li class='ez-toc-page-1 ez-toc-heading-level-4'><a class=\"ez-toc-link ez-toc-heading-32\" href=\"https:\/\/toukiela.com\/fr_be\/est-ce-que-lhiver-2021-2022-sera-froid-month-year-2\/#Quel_ete_auront_nous_en_2022\" >Quel \u00e9t\u00e9 auront nous en 2022 ?<\/a><\/li><\/ul><\/li><li class='ez-toc-page-1 ez-toc-heading-level-3'><a class=\"ez-toc-link ez-toc-heading-33\" href=\"https:\/\/toukiela.com\/fr_be\/est-ce-que-lhiver-2021-2022-sera-froid-month-year-2\/#Comment_sera_lete_de_2022\" >Comment sera l\u2019\u00e9t\u00e9 de 2022 ?<\/a><ul class='ez-toc-list-level-4' ><li class='ez-toc-heading-level-4'><a class=\"ez-toc-link ez-toc-heading-34\" href=\"https:\/\/toukiela.com\/fr_be\/est-ce-que-lhiver-2021-2022-sera-froid-month-year-2\/#Comment_sera_le_mois_de_juin_2022\" >Comment sera le mois de juin 2022 ?<\/a><\/li><li class='ez-toc-page-1 ez-toc-heading-level-4'><a class=\"ez-toc-link ez-toc-heading-35\" href=\"https:\/\/toukiela.com\/fr_be\/est-ce-que-lhiver-2021-2022-sera-froid-month-year-2\/#Comment_va_etre_lete_2022\" >Comment va \u00eatre l\u2019\u00e9t\u00e9 2022 ?<\/a><\/li><\/ul><\/li><\/ul><\/li><li class='ez-toc-page-1 ez-toc-heading-level-2'><a class=\"ez-toc-link ez-toc-heading-36\" href=\"https:\/\/toukiela.com\/fr_be\/est-ce-que-lhiver-2021-2022-sera-froid-month-year-2\/#Quel_ete_Aurons-nous_en_2022-3\" >Quel \u00e9t\u00e9 Aurons-nous en 2022 ?<\/a><ul class='ez-toc-list-level-3' ><li class='ez-toc-heading-level-3'><a class=\"ez-toc-link ez-toc-heading-37\" href=\"https:\/\/toukiela.com\/fr_be\/est-ce-que-lhiver-2021-2022-sera-froid-month-year-2\/#Quelle_temps_pour_lete_2022-2\" >Quelle temps pour l\u2019\u00e9t\u00e9 2022 ?<\/a><ul class='ez-toc-list-level-4' ><li class='ez-toc-heading-level-4'><a class=\"ez-toc-link ez-toc-heading-38\" href=\"https:\/\/toukiela.com\/fr_be\/est-ce-que-lhiver-2021-2022-sera-froid-month-year-2\/#Comment_sera_lete_2022_en_France\" >Comment sera l\u2019\u00e9t\u00e9 2022 en France ?<\/a><\/li><li class='ez-toc-page-1 ez-toc-heading-level-4'><a class=\"ez-toc-link ez-toc-heading-39\" href=\"https:\/\/toukiela.com\/fr_be\/est-ce-que-lhiver-2021-2022-sera-froid-month-year-2\/#Quel_temps_prevu_pour_le_mois_daout\" >Quel temps pr\u00e9vu pour le mois d\u2019ao\u00fbt ?<\/a><\/li><\/ul><\/li><li class='ez-toc-page-1 ez-toc-heading-level-3'><a class=\"ez-toc-link ez-toc-heading-40\" href=\"https:\/\/toukiela.com\/fr_be\/est-ce-que-lhiver-2021-2022-sera-froid-month-year-2\/#Quel_hiver_Aurons-nous_en_2022\" >Quel hiver Aurons-nous en 2022 ?<\/a><ul class='ez-toc-list-level-4' ><li class='ez-toc-heading-level-4'><a class=\"ez-toc-link ez-toc-heading-41\" href=\"https:\/\/toukiela.com\/fr_be\/est-ce-que-lhiver-2021-2022-sera-froid-month-year-2\/#Quel_hiver_en_2022\" >Quel hiver en 2022 ?<\/a><\/li><li class='ez-toc-page-1 ez-toc-heading-level-4'><a class=\"ez-toc-link ez-toc-heading-42\" href=\"https:\/\/toukiela.com\/fr_be\/est-ce-que-lhiver-2021-2022-sera-froid-month-year-2\/#Quand_la_neige_va_tomber_en_2022\" >Quand la neige va tomber en 2022 ?<\/a><\/li><\/ul><\/li><\/ul><\/li><li class='ez-toc-page-1 ez-toc-heading-level-2'><a class=\"ez-toc-link ez-toc-heading-43\" href=\"https:\/\/toukiela.com\/fr_be\/est-ce-que-lhiver-2021-2022-sera-froid-month-year-2\/#Est-ce_quil_fera_beau_en_juin\" >Est-ce qu\u2019il fera beau en juin ?<\/a><\/li><\/ul><\/nav><\/div>\n<h2 class=\"wp-block-heading\"><span class=\"ez-toc-section\" id=\"Quand_la_neige_va_arriver_en_France\"><\/span>Quand la neige va arriver en France ?<span class=\"ez-toc-section-end\"><\/span><\/h2>\n\n<figure><img decoding=\"async\" width=\"900\" height=\"506\" src=\"https:\/\/toukiela.com\/wp-content\/uploads\/2022\/06\/Quand-la-neige-va-arriver-en-France-.jpeg\" class=\"attachment-full size-full\" alt=\"Quand la neige va arriver en France ?\" loading=\"lazy\" srcset=\"https:\/\/i0.wp.com\/toukiela.com\/wp-content\/uploads\/2022\/06\/Quand-la-neige-va-arriver-en-France-.jpeg?w=900&amp;ssl=1 900w, https:\/\/i0.wp.com\/toukiela.com\/wp-content\/uploads\/2022\/06\/Quand-la-neige-va-arriver-en-France-.jpeg?resize=300%2C169&amp;ssl=1 300w, https:\/\/i0.wp.com\/toukiela.com\/wp-content\/uploads\/2022\/06\/Quand-la-neige-va-arriver-en-France-.jpeg?resize=768%2C432&amp;ssl=1 768w, https:\/\/i0.wp.com\/toukiela.com\/wp-content\/uploads\/2022\/06\/Quand-la-neige-va-arriver-en-France-.jpeg?resize=18%2C10&amp;ssl=1 18w, https:\/\/i0.wp.com\/toukiela.com\/wp-content\/uploads\/2022\/06\/Quand-la-neige-va-arriver-en-France-.jpeg?resize=50%2C28&amp;ssl=1 50w, https:\/\/i0.wp.com\/toukiela.com\/wp-content\/uploads\/2022\/06\/Quand-la-neige-va-arriver-en-France-.jpeg?resize=480%2C270&amp;ssl=1 480w\" sizes=\"auto, (max-width: 900px) 100vw, 900px\"><\/figure>\n\n<p>Entre le 8 et le 11 d\u00e9cembre, un retour de l\u2019Est apporte des quantit\u00e9s de neige exceptionnelles sur toute la r\u00e9gion Rh\u00f4ne-Alpes, le sud de la Bourgogne et une partie de la Franche-Comt\u00e9.<\/p>\n\n\n\n<p>Quand tombera la neige ? Pour l\u2019heure, ils constatent une \u00ab\u00a0l\u00e9g\u00e8re anomalie froide\u00a0\u00bb, surtout en d\u00e9cembre. En cons\u00e9quence, il pourrait y avoir de la neige \u00e0 basse altitude. Ils pr\u00e9cisent que \u00ab\u00a0cela pourrait donc \u00eatre le mois le plus froid de notre hiver 2021-2022\u00a0\u00bb.<\/p>\n\n\n\n<h3 class=\"wp-block-heading\"><span class=\"ez-toc-section\" id=\"Quand_Va-t-il_neiger_a_Paris_2022\"><\/span>Quand Va-t-il neiger \u00e0 Paris 2022 ?<span class=\"ez-toc-section-end\"><\/span><\/h3>\n\n\n\n<p>\u00ab\u00a0Le jeudi 31 mars 2022, entre 1 et 3 cm de neige sont attendus \u00e0 Paris et en r\u00e9gion parisienne\u00a0\u00bb, a expliqu\u00e9 Fran\u00e7ois Gourand, m\u00e9t\u00e9orologue \u00e0 M\u00e9t\u00e9o-France. Jusqu\u2019\u00e0 5 cm de neige peuvent \u00eatre observ\u00e9s le vendredi matin 1er avril.<\/p>\n\n\n\n<h4 class=\"wp-block-heading\"><span class=\"ez-toc-section\" id=\"Comment_sera_lhiver_2022\"><\/span>Comment sera l\u2019hiver 2022 ?<span class=\"ez-toc-section-end\"><\/span><\/h4>\n\n\n\n<p>En cons\u00e9quence, l\u2019hiver 2022 ne sera \u00ab que \u00bb le 4e d\u2019une s\u00e9rie de saisons aux temp\u00e9ratures anormalement \u00e9lev\u00e9es. Pourquoi ? Car la nouvelle normale (sur la p\u00e9riode 1991-2020) augmente de 0,4\u00b0C en hiver par rapport \u00e0 la p\u00e9riode pr\u00e9c\u00e9dente.<\/p>\n\n\n\n<h4 class=\"wp-block-heading\"><span class=\"ez-toc-section\" id=\"Est-ce_quil_va_neiger_cet_hiver_2022_Paris\"><\/span>Est-ce qu\u2019il va neiger cet hiver 2022 Paris ?<span class=\"ez-toc-section-end\"><\/span><\/h4>\n\n\n\n<p>Donc, jusqu\u2019\u00e0 la fin de la m\u00e9t\u00e9o-hiver 2021-2022, il n\u2019y a pour l\u2019instant aucun signe de chute de neige en plaine, mais n\u2019oublions pas que le froid et la neige en plaine peuvent encore appara\u00eetre jusqu\u2019en avril\u2026<\/p>\n\n\n\n<h3 class=\"wp-block-heading\"><span class=\"ez-toc-section\" id=\"Quand_Va-t-il_neiger_2022\"><\/span>Quand Va-t-il neiger 2022 ?<span class=\"ez-toc-section-end\"><\/span><\/h3>\n\n\n\n<p>Le 31 mars 2022, une \u00ab\u00a0offensive hivernale\u00a0\u00bb commence en France. Elle doit s\u2019accompagner de chutes de neige qui touchent de nombreuses r\u00e9gions le 1er avril.<\/p>\n\n\n\n<h4 class=\"wp-block-heading\"><span class=\"ez-toc-section\" id=\"Est-ce_quil_va_neiger_en_2022\"><\/span>Est-ce qu\u2019il va neiger en 2022 ?<span class=\"ez-toc-section-end\"><\/span><\/h4>\n\n\n\n<p>Le 31 mars 2022, une \u00ab\u00a0offensive hivernale\u00a0\u00bb commence en France. Elle doit s\u2019accompagner de chutes de neige qui touchent de nombreuses r\u00e9gions le 1er avril. Mais comment peut-on avoir de la neige en France en ce moment ? Le mois de mars 2022 se termine par une forte baisse de temp\u00e9rature en France.<\/p>\n\n\n\n<h4 class=\"wp-block-heading\"><span class=\"ez-toc-section\" id=\"Quand_les_temperatures_vont_remonter_2022\"><\/span>Quand les temp\u00e9ratures vont remonter 2022 ?<span class=\"ez-toc-section-end\"><\/span><\/h4>\n\n\n\n<p>Les temp\u00e9ratures seraient proches des normales pour la p\u00e9riode de l\u2019ann\u00e9e. Au final, le trimestre mars-avril-mai, soit le printemps 2022, devrait \u00eatre plus doux que la normale avec un exc\u00e8s estim\u00e9 entre 0,4 degr\u00e9 et 1 degr\u00e9.<\/p>\n\n\n\n<h3 class=\"wp-block-heading\"><span class=\"ez-toc-section\" id=\"Pourquoi_il_neige_en_avril_2022\"><\/span>Pourquoi il neige en avril 2022 ?<span class=\"ez-toc-section-end\"><\/span><\/h3>\n\n\n\n<p>Ce brusque changement de temps \u00e9tait associ\u00e9 \u00e0 l\u2019avanc\u00e9e d\u2019une masse d\u2019air polaire humide de Scandinavie vers la M\u00e9diterran\u00e9e, alors que la derni\u00e8re d\u00e9cade de mars avait \u00e9t\u00e9 tr\u00e8s douce, un peu comme l\u2019ann\u00e9e pr\u00e9c\u00e9dente.<\/p>\n\n\n\n<h2 class=\"wp-block-heading\"><span class=\"ez-toc-section\" id=\"Est-ce_que_il_va_neiger_cet_hiver_2022\"><\/span>Est-ce que il va neiger cet hiver 2022 ?<span class=\"ez-toc-section-end\"><\/span><\/h2>\n\n<figure><img decoding=\"async\" width=\"950\" height=\"634\" src=\"https:\/\/toukiela.com\/wp-content\/uploads\/2022\/06\/Est-ce-que-il-va-neiger-cet-hiver-2022-.jpeg\" class=\"attachment-full size-full\" alt=\"Est-ce que il va neiger cet hiver 2022 ?\" loading=\"lazy\" srcset=\"https:\/\/i0.wp.com\/toukiela.com\/wp-content\/uploads\/2022\/06\/Est-ce-que-il-va-neiger-cet-hiver-2022-.jpeg?w=950&amp;ssl=1 950w, https:\/\/i0.wp.com\/toukiela.com\/wp-content\/uploads\/2022\/06\/Est-ce-que-il-va-neiger-cet-hiver-2022-.jpeg?resize=300%2C200&amp;ssl=1 300w, https:\/\/i0.wp.com\/toukiela.com\/wp-content\/uploads\/2022\/06\/Est-ce-que-il-va-neiger-cet-hiver-2022-.jpeg?resize=768%2C513&amp;ssl=1 768w, https:\/\/i0.wp.com\/toukiela.com\/wp-content\/uploads\/2022\/06\/Est-ce-que-il-va-neiger-cet-hiver-2022-.jpeg?resize=18%2C12&amp;ssl=1 18w, https:\/\/i0.wp.com\/toukiela.com\/wp-content\/uploads\/2022\/06\/Est-ce-que-il-va-neiger-cet-hiver-2022-.jpeg?resize=50%2C33&amp;ssl=1 50w, https:\/\/i0.wp.com\/toukiela.com\/wp-content\/uploads\/2022\/06\/Est-ce-que-il-va-neiger-cet-hiver-2022-.jpeg?resize=480%2C320&amp;ssl=1 480w\" sizes=\"auto, (max-width: 950px) 100vw, 950px\"><\/figure>\n\n<p>Donc, jusqu\u2019\u00e0 la fin de la m\u00e9t\u00e9o-hiver 2021-2022, il n\u2019y a pour l\u2019instant aucun signe de chute de neige en plaine, mais n\u2019oublions pas que le froid et la neige en plaine peuvent encore appara\u00eetre jusqu\u2019en avril\u2026<\/p>\n\n\n\n<p>Va-t-il neiger en 2022 ? Le 31 mars 2022, une \u00ab\u00a0offensive hivernale\u00a0\u00bb commence en France. Elle doit s\u2019accompagner de chutes de neige qui touchent de nombreuses r\u00e9gions le 1er avril. Mais comment peut-on avoir de la neige en France en ce moment ? Le mois de mars 2022 se termine par une forte baisse de temp\u00e9rature en France.<\/p>\n\n\n\n<h3 class=\"wp-block-heading\"><span class=\"ez-toc-section\" id=\"Comment_va_etre_lhiver_2022\"><\/span>Comment va \u00eatre l\u2019hiver 2022 ?<span class=\"ez-toc-section-end\"><\/span><\/h3>\n\n\n\n<p>En cons\u00e9quence, l\u2019hiver 2022 ne sera \u00ab que \u00bb le 4e d\u2019une s\u00e9rie de saisons aux temp\u00e9ratures anormalement \u00e9lev\u00e9es. Pourquoi ? Car la nouvelle normale (sur la p\u00e9riode 1991-2020) augmente de 0,4\u00b0C en hiver par rapport \u00e0 la p\u00e9riode pr\u00e9c\u00e9dente.<\/p>\n\n\n\n<h4 class=\"wp-block-heading\"><span class=\"ez-toc-section\" id=\"Est-ce_que_lete_2022_sera_chaud\"><\/span>Est-ce que l\u2019\u00e9t\u00e9 2022 sera chaud ?<span class=\"ez-toc-section-end\"><\/span><\/h4>\n\n\n\n<p>Un \u00e9t\u00e9 2022 plus chaud que la normale ? Au final, la moyenne sur les trois mois de l\u2019\u00e9t\u00e9 m\u00e9t\u00e9orologique nous montre un signal plut\u00f4t chaud, surtout au sud de la Loire et plus encore dans l\u2019extr\u00eame sud. \u00c0 ce stade, il est trop t\u00f4t pour vous parler d\u2019une \u00e9ventuelle anomalie.<\/p>\n\n\n\n<h4 class=\"wp-block-heading\"><span class=\"ez-toc-section\" id=\"Comment_sera_lhiver_2022_en_France\"><\/span>Comment sera l\u2019hiver 2022 en France ?<span class=\"ez-toc-section-end\"><\/span><\/h4>\n\n\n\n<p>Le d\u00e9but de l\u2019hiver m\u00e9t\u00e9orologique 2022-2023 serait classique avec quelques averses (5% d\u2019anomalie) et des temp\u00e9ratures assez froides (-0,25\u00b0C). Dans cette configuration le soleil pourrait d\u00e9voiler ses rayons.<\/p>\n\n\n\n<h3 class=\"wp-block-heading\"><span class=\"ez-toc-section\" id=\"Quand_Va-t-il_neiger_en_Ile-de-france_2022\"><\/span>Quand Va-t-il neiger en \u00cele-de-france 2022 ?<span class=\"ez-toc-section-end\"><\/span><\/h3>\n\n\n\n<p>Neige d\u00e9but avril. Un \u00e9v\u00e9nement climatique qui s\u2019est d\u00e9j\u00e0 produit par le pass\u00e9 mais qui peut surprendre apr\u00e8s un hiver 2022 sans flocons de neige. Cependant, Paris et l\u2019Ile-de-France devraient \u00eatre l\u00e9g\u00e8rement recouverts d\u2019un manteau blanc \u00e0 partir du mercredi 30 mars 2022.<\/p>\n\n\n\n<h4 class=\"wp-block-heading\"><span class=\"ez-toc-section\" id=\"Quand_il_y_aura_de_la_neige_a_Paris\"><\/span>Quand il y aura de la neige \u00e0 Paris ?<span class=\"ez-toc-section-end\"><\/span><\/h4>\n\n\n\n<p>Hiver (21 d\u00e9cembre \u2013 21 mars) La neige recouvre parfois les toits de Paris de son voile, rappelant les toiles impressionnistes de Caillebotte.<\/p>\n\n\n\n<h4 class=\"wp-block-heading\"><span class=\"ez-toc-section\" id=\"Quand_la_neige_en_Ile-de-France_2022\"><\/span>Quand la neige en \u00cele-de-France 2022 ?<span class=\"ez-toc-section-end\"><\/span><\/h4>\n\n\n\n<p>L\u2019enneigement pourrait alors atteindre 5 cm. M\u00e9t\u00e9o France pr\u00e9voit l\u2019arriv\u00e9e de la neige le jeudi 30 mars 2022. L\u2019\u00e9pisode de neige devrait durer jusqu\u2019au vendredi 1er avril. L\u2019Institut m\u00e9t\u00e9orologique reste toutefois prudent sur ces pr\u00e9visions, affirmant avoir \u00ab\u00a0quelques incertitudes\u00a0\u00bb sur leurs probabilit\u00e9s.<\/p>\n\n\n\n<h3 class=\"wp-block-heading\"><span class=\"ez-toc-section\" id=\"Est-ce_que_lhiver_2021-2022_sera_froid\"><\/span>Est-ce que l\u2019hiver 2021-2022 sera froid ?<span class=\"ez-toc-section-end\"><\/span><\/h3>\n\n\n\n<p>Cet hiver 2021-2022, les temp\u00e9ratures en France \u00e9taient en moyenne sup\u00e9rieures de 1,3\u00b0C, une situation tr\u00e8s similaire \u00e0 l\u2019hiver dernier o\u00f9 le d\u00e9passement de temp\u00e9rature \u00e9tait de 1,2\u00b0C. C\u2019est le 9e hiver cons\u00e9cutif o\u00f9 les temp\u00e9ratures sont sup\u00e9rieures \u00e0 la normale calcul\u00e9e pour la p\u00e9riode 1981-2010.<\/p>\n\n\n\n<h4 class=\"wp-block-heading\"><span class=\"ez-toc-section\" id=\"Quand_Va-t-il_neiger_2022-2\"><\/span>Quand Va-t-il neiger 2022 ?<span class=\"ez-toc-section-end\"><\/span><\/h4>\n\n\n\n<p>Le 31 mars 2022, une \u00ab\u00a0offensive hivernale\u00a0\u00bb commence en France. Elle doit s\u2019accompagner de chutes de neige qui touchent de nombreuses r\u00e9gions le 1er avril.<\/p>\n\n\n\n<h4 class=\"wp-block-heading\"><span class=\"ez-toc-section\" id=\"Quel_temps_pour_lhiver_2021-2022\"><\/span>Quel temps pour l\u2019hiver 2021-2022 ?<span class=\"ez-toc-section-end\"><\/span><\/h4>\n\n\n\n<p>Avec trois mois exc\u00e9dentaires sur trois, l\u2019hiver 2021-2022 a donc \u00e9t\u00e9 tr\u00e8s ensoleill\u00e9 : 308 heures d\u2019ensoleillement en moyenne nationale avec une normale de 273 heures (13 % par rapport \u00e0 la normale).<\/p>\n\n\n\n<h2 class=\"wp-block-heading\"><span class=\"ez-toc-section\" id=\"Quel_temps_pour_juillet_et_aout_2022\"><\/span>Quel temps pour juillet et ao\u00fbt 2022 ?<span class=\"ez-toc-section-end\"><\/span><\/h2>\n\n\n\n<p>En France\u00a0: ao\u00fbt 2022 devrait revenir \u00e0 des conditions m\u00e9t\u00e9orologiques estivales avec le retour de l\u2019anticyclone sur la France. La chaleur serait bien install\u00e9e dans le pays, parfois s\u00e9v\u00e8re. Il y a un risque de canicule.<\/p>\n\n\n\n<p>Quel temps fera-t-il en ao\u00fbt ? Selon la Cha\u00eene M\u00e9t\u00e9o, le temps le plus probable pour le moment en ao\u00fbt sera doux et assez ensoleill\u00e9 : on s\u2019attend \u00e0 22 jours de soleil pour 6 jours de pluie. En moyenne, les temp\u00e9ratures sont comprises entre 16 et 25\u00b0C.<\/p>\n\n\n\n<h3 class=\"wp-block-heading\"><span class=\"ez-toc-section\" id=\"Est-ce_que_lete_2022_sera_chaud-2\"><\/span>Est-ce que l\u2019\u00e9t\u00e9 2022 sera chaud ?<span class=\"ez-toc-section-end\"><\/span><\/h3>\n\n\n\n<p>Des temp\u00e9ratures sup\u00e9rieures \u00e0 40\u00b0C sont attendues en France ce jeudi 16 juin et vendredi 17 juin 2022. Un \u00e9pisode de canicule tr\u00e8s pr\u00e9coce pour la saison. Vingt d\u00e9partements sont plac\u00e9s en vigilance orange en raison d\u2019une canicule. La France va surchauffer.<\/p>\n\n\n\n<h4 class=\"wp-block-heading\"><span class=\"ez-toc-section\" id=\"Comment_sera_lete_2022_en_Belgique\"><\/span>Comment sera l\u2019\u00e9t\u00e9 2022 en Belgique ?<span class=\"ez-toc-section-end\"><\/span><\/h4>\n\n\n\n<p>On peut s\u2019attendre \u00e0 16 jours de soleil mais s\u2019attendre \u00e0 des pluies g\u00e9n\u00e9ralement abondantes 35% du temps. Pour le mois de juillet, la temp\u00e9rature minimale moyenne est de 16\u00b0C et la temp\u00e9rature maximale est de 24\u00b0C.<\/p>\n\n\n\n<h4 class=\"wp-block-heading\"><span class=\"ez-toc-section\" id=\"Quel_printemps_2022\"><\/span>Quel printemps 2022 ?<span class=\"ez-toc-section-end\"><\/span><\/h4>\n\n\n\n<p>M\u00e9t\u00e9o France pr\u00e9voit un \u00ab\u00a0printemps chaud et sec\u00a0\u00bb en France pour les p\u00e9riodes de mars \u00e0 mai 2022. C\u2019est une nouvelle qui pourrait remonter le moral en cette p\u00e9riode inqui\u00e9tante et difficile.<\/p>\n\n\n\n<h3 class=\"wp-block-heading\"><span class=\"ez-toc-section\" id=\"Quel_temps_pour_cette_ete_2022\"><\/span>Quel temps pour cette \u00e9t\u00e9 2022 ?<span class=\"ez-toc-section-end\"><\/span><\/h3>\n\n\n\n<p>temp\u00e9ratures. Les projections du mod\u00e8le europ\u00e9en pour juin 2022 voient un d\u00e9but de mois tr\u00e8s chaud dans le sud de la France mais plus classique dans le nord du pays. La semaine du 6 au 12 juin resterait plus chaude que la normale dans le sud et l\u2019ouest, saisonni\u00e8re dans le nord-est.<\/p>\n\n\n\n<h4 class=\"wp-block-heading\"><span class=\"ez-toc-section\" id=\"Comment_sera_lete_2022_en_Belgique-2\"><\/span>Comment sera l\u2019\u00e9t\u00e9 2022 en Belgique ?<span class=\"ez-toc-section-end\"><\/span><\/h4>\n\n\n\n<p>On peut s\u2019attendre \u00e0 16 jours de soleil mais s\u2019attendre \u00e0 des pluies g\u00e9n\u00e9ralement abondantes 35% du temps. Pour le mois de juillet, la temp\u00e9rature minimale moyenne est de 16\u00b0C et la temp\u00e9rature maximale est de 24\u00b0C.<\/p>\n\n\n\n<h4 class=\"wp-block-heading\"><span class=\"ez-toc-section\" id=\"Quel_ete_Aurons-nous_en_2022\"><\/span>Quel \u00e9t\u00e9 Aurons-nous en 2022 ?<span class=\"ez-toc-section-end\"><\/span><\/h4>\n\n\n\n<p>Un \u00e9t\u00e9 2022 plus chaud que la normale ? Au final, la moyenne sur les trois mois de l\u2019\u00e9t\u00e9 m\u00e9t\u00e9orologique nous montre un signal plut\u00f4t chaud, surtout au sud de la Loire et plus encore dans l\u2019extr\u00eame sud. \u00c0 ce stade, il est trop t\u00f4t pour vous parler d\u2019une \u00e9ventuelle anomalie.<\/p>\n\n\n\n<h2 class=\"wp-block-heading\"><span class=\"ez-toc-section\" id=\"Comment_sera_lete_2022_au_Quebec\"><\/span>Comment sera l\u2019\u00e9t\u00e9 2022 au Qu\u00e9bec ?<span class=\"ez-toc-section-end\"><\/span><\/h2>\n\n<figure><img decoding=\"async\" width=\"1396\" height=\"696\" src=\"https:\/\/toukiela.com\/wp-content\/uploads\/2022\/06\/Comment-sera-lete-2022-au-Quebec-.jpeg\" class=\"attachment-full size-full\" alt=\"Comment sera l'\u00e9t\u00e9 2022 au Qu\u00e9bec ?\" loading=\"lazy\" srcset=\"https:\/\/i0.wp.com\/toukiela.com\/wp-content\/uploads\/2022\/06\/Comment-sera-lete-2022-au-Quebec-.jpeg?w=1396&amp;ssl=1 1396w, https:\/\/i0.wp.com\/toukiela.com\/wp-content\/uploads\/2022\/06\/Comment-sera-lete-2022-au-Quebec-.jpeg?resize=300%2C150&amp;ssl=1 300w, https:\/\/i0.wp.com\/toukiela.com\/wp-content\/uploads\/2022\/06\/Comment-sera-lete-2022-au-Quebec-.jpeg?resize=1024%2C511&amp;ssl=1 1024w, https:\/\/i0.wp.com\/toukiela.com\/wp-content\/uploads\/2022\/06\/Comment-sera-lete-2022-au-Quebec-.jpeg?resize=768%2C383&amp;ssl=1 768w, https:\/\/i0.wp.com\/toukiela.com\/wp-content\/uploads\/2022\/06\/Comment-sera-lete-2022-au-Quebec-.jpeg?resize=18%2C9&amp;ssl=1 18w, https:\/\/i0.wp.com\/toukiela.com\/wp-content\/uploads\/2022\/06\/Comment-sera-lete-2022-au-Quebec-.jpeg?resize=50%2C25&amp;ssl=1 50w, https:\/\/i0.wp.com\/toukiela.com\/wp-content\/uploads\/2022\/06\/Comment-sera-lete-2022-au-Quebec-.jpeg?resize=1080%2C538&amp;ssl=1 1080w, https:\/\/i0.wp.com\/toukiela.com\/wp-content\/uploads\/2022\/06\/Comment-sera-lete-2022-au-Quebec-.jpeg?resize=1280%2C638&amp;ssl=1 1280w, https:\/\/i0.wp.com\/toukiela.com\/wp-content\/uploads\/2022\/06\/Comment-sera-lete-2022-au-Quebec-.jpeg?resize=980%2C489&amp;ssl=1 980w, https:\/\/i0.wp.com\/toukiela.com\/wp-content\/uploads\/2022\/06\/Comment-sera-lete-2022-au-Quebec-.jpeg?resize=480%2C239&amp;ssl=1 480w\" sizes=\"auto, (max-width: 1396px) 100vw, 1396px\"><\/figure>\n\n<p>Mardi 31 mai 2022 \u00e0 05:40 \u2013 M\u00e9t\u00e9oM\u00e9dia pr\u00e9dit un \u00e9t\u00e9 unique, instable et lourd. La chaleur sera probablement abondante, mais les principaux acteurs la mettront en \u00e9vidence. La saison aura plus d\u2019un tour dans son sac pour surprendre les Qu\u00e9b\u00e9cois.<\/p>\n\n\n\n<p>L\u2019\u00e9t\u00e9 2022 sera-t-il chaud ? Des temp\u00e9ratures sup\u00e9rieures \u00e0 40\u00b0C sont attendues en France ce jeudi 16 juin et vendredi 17 juin 2022. Un \u00e9pisode de canicule tr\u00e8s pr\u00e9coce pour la saison. Vingt d\u00e9partements sont plac\u00e9s en vigilance orange en raison d\u2019une canicule. La France va surchauffer.<\/p>\n\n\n\n<h3 class=\"wp-block-heading\"><span class=\"ez-toc-section\" id=\"Quand_la_meteo_va_sameliorer_2022\"><\/span>Quand la m\u00e9t\u00e9o va s\u2019am\u00e9liorer 2022 ?<span class=\"ez-toc-section-end\"><\/span><\/h3>\n\n\n\n<p>Au final, le trimestre mars-avril-mai, soit le printemps 2022, devrait \u00eatre plus doux que la normale avec un exc\u00e8s estim\u00e9 entre 0,4 degr\u00e9 et 1 degr\u00e9. L\u2019ensoleillement pourrait \u00eatre proche de la normale et les pr\u00e9cipitations manqueraient un peu.<\/p>\n\n\n\n<h4 class=\"wp-block-heading\"><span class=\"ez-toc-section\" id=\"Quand_la_temperature_va_remonter_2022\"><\/span>Quand la temp\u00e9rature va remonter 2022 ?<span class=\"ez-toc-section-end\"><\/span><\/h4>\n\n\n\n<p>Les temp\u00e9ratures ne commenceront \u00e0 baisser qu\u2019en d\u00e9but de semaine prochaine, selon M\u00e9t\u00e9o-France. En moyenne sur l\u2019ensemble de la France, la journ\u00e9e la plus chaude devrait \u00eatre le samedi 18 juin 2022, avec une moyenne annonc\u00e9e de 36 degr\u00e9s sur l\u2019ensemble du territoire.<\/p>\n\n\n\n<h4 class=\"wp-block-heading\"><span class=\"ez-toc-section\" id=\"Est-ce_que_lete_2022_sera_chaud-3\"><\/span>Est-ce que l\u2019\u00e9t\u00e9 2022 sera chaud ?<span class=\"ez-toc-section-end\"><\/span><\/h4>\n\n\n\n<p>Un \u00e9t\u00e9 2022 plus chaud que la normale ? Au final, la moyenne sur les trois mois de l\u2019\u00e9t\u00e9 m\u00e9t\u00e9orologique nous montre un signal plut\u00f4t chaud, surtout au sud de la Loire et plus encore dans l\u2019extr\u00eame sud. \u00c0 ce stade, il est trop t\u00f4t pour vous parler d\u2019une \u00e9ventuelle anomalie.<\/p>\n\n\n\n<h3 class=\"wp-block-heading\"><span class=\"ez-toc-section\" id=\"Quel_ete_Aurons-nous_en_2022-2\"><\/span>Quel \u00e9t\u00e9 Aurons-nous en 2022 ?<span class=\"ez-toc-section-end\"><\/span><\/h3>\n\n\n\n<p>Un \u00e9t\u00e9 2022 plus chaud que la normale ? Au final, la moyenne sur les trois mois de l\u2019\u00e9t\u00e9 m\u00e9t\u00e9orologique nous montre un signal plut\u00f4t chaud, surtout au sud de la Loire et plus encore dans l\u2019extr\u00eame sud. \u00c0 ce stade, il est trop t\u00f4t pour vous parler d\u2019une \u00e9ventuelle anomalie.<\/p>\n\n\n\n<h4 class=\"wp-block-heading\"><span class=\"ez-toc-section\" id=\"Quelle_temps_pour_lete_2022\"><\/span>Quelle temps pour l\u2019\u00e9t\u00e9 2022 ?<span class=\"ez-toc-section-end\"><\/span><\/h4>\n\n\n\n<p>Juillet 2022 : Ce mois devrait \u00eatre similaire \u00e0 juin, avec des temp\u00e9ratures assez \u00e9lev\u00e9es et quelques orages. Ao\u00fbt 2022 : Attention, le temps devrait devenir plus humide, mais toujours avec des temp\u00e9ratures sup\u00e9rieures de 0,5\u00b0 \u00e0 1\u00b0C par rapport aux normales saisonni\u00e8res.<\/p>\n\n\n\n<h4 class=\"wp-block-heading\"><span class=\"ez-toc-section\" id=\"Quel_ete_auront_nous_en_2022\"><\/span>Quel \u00e9t\u00e9 auront nous en 2022 ?<span class=\"ez-toc-section-end\"><\/span><\/h4>\n\n\n\n<p>Il fait tr\u00e8s doux en France depuis dimanche. Certains ont d\u00e9j\u00e0 enlev\u00e9 leur veste au moins dans l\u2019apr\u00e8s-midi. Et cela pourrait durer jusqu\u2019\u00e0 fin mai.<\/p>\n\n\n\n<h3 class=\"wp-block-heading\"><span class=\"ez-toc-section\" id=\"Comment_sera_lete_de_2022\"><\/span>Comment sera l\u2019\u00e9t\u00e9 de 2022 ?<span class=\"ez-toc-section-end\"><\/span><\/h3>\n\n\n\n<p>Apr\u00e8s un printemps exceptionnellement chaud avec des records de temp\u00e9rature dans plusieurs villes, l\u2019\u00e9t\u00e9 2022 risque d\u2019\u00eatre caract\u00e9ris\u00e9 par des temp\u00e9ratures sup\u00e9rieures \u00e0 la moyenne. La s\u00e9cheresse et les incendies de for\u00eat pourraient perturber les r\u00e9coltes agricoles dans certaines r\u00e9gions.<\/p>\n\n\n\n<h4 class=\"wp-block-heading\"><span class=\"ez-toc-section\" id=\"Comment_sera_le_mois_de_juin_2022\"><\/span>Comment sera le mois de juin 2022 ?<span class=\"ez-toc-section-end\"><\/span><\/h4>\n\n\n\n<p>Ambiance estivale persistante Au final, il pourrait ne pas y avoir de pr\u00e9cipitations \u00e0 l\u2019\u00e9chelle mensuelle et nationale, mais de mani\u00e8re tr\u00e8s h\u00e9t\u00e9rog\u00e8ne, notamment lors d\u2019orages entre le sud-ouest et le nord-est. La r\u00e9currence s\u00e8che devrait se poursuivre pr\u00e8s de la mer M\u00e9diterran\u00e9e.<\/p>\n\n\n\n<h4 class=\"wp-block-heading\"><span class=\"ez-toc-section\" id=\"Comment_va_etre_lete_2022\"><\/span>Comment va \u00eatre l\u2019\u00e9t\u00e9 2022 ?<span class=\"ez-toc-section-end\"><\/span><\/h4>\n\n\n\n<p>Juillet 2022 : Ce mois devrait \u00eatre similaire \u00e0 juin, avec des temp\u00e9ratures assez \u00e9lev\u00e9es et quelques orages. Ao\u00fbt 2022 : Attention, le temps devrait devenir plus humide, mais toujours avec des temp\u00e9ratures sup\u00e9rieures de 0,5\u00b0 \u00e0 1\u00b0C par rapport aux normales saisonni\u00e8res.<\/p>\n\n\n\n<h2 class=\"wp-block-heading\"><span class=\"ez-toc-section\" id=\"Quel_ete_Aurons-nous_en_2022-3\"><\/span>Quel \u00e9t\u00e9 Aurons-nous en 2022 ?<span class=\"ez-toc-section-end\"><\/span><\/h2>\n\n<figure><img decoding=\"async\" width=\"1200\" height=\"800\" src=\"https:\/\/toukiela.com\/wp-content\/uploads\/2022\/06\/Quel-ete-Aurons-nous-en-2022-.png\" class=\"attachment-full size-full\" alt=\"Quel \u00e9t\u00e9 Aurons-nous en 2022 ?\" loading=\"lazy\" srcset=\"https:\/\/i0.wp.com\/toukiela.com\/wp-content\/uploads\/2022\/06\/Quel-ete-Aurons-nous-en-2022-.png?w=1200&amp;ssl=1 1200w, https:\/\/i0.wp.com\/toukiela.com\/wp-content\/uploads\/2022\/06\/Quel-ete-Aurons-nous-en-2022-.png?resize=300%2C200&amp;ssl=1 300w, https:\/\/i0.wp.com\/toukiela.com\/wp-content\/uploads\/2022\/06\/Quel-ete-Aurons-nous-en-2022-.png?resize=1024%2C683&amp;ssl=1 1024w, https:\/\/i0.wp.com\/toukiela.com\/wp-content\/uploads\/2022\/06\/Quel-ete-Aurons-nous-en-2022-.png?resize=768%2C512&amp;ssl=1 768w, https:\/\/i0.wp.com\/toukiela.com\/wp-content\/uploads\/2022\/06\/Quel-ete-Aurons-nous-en-2022-.png?resize=18%2C12&amp;ssl=1 18w, https:\/\/i0.wp.com\/toukiela.com\/wp-content\/uploads\/2022\/06\/Quel-ete-Aurons-nous-en-2022-.png?resize=50%2C33&amp;ssl=1 50w, https:\/\/i0.wp.com\/toukiela.com\/wp-content\/uploads\/2022\/06\/Quel-ete-Aurons-nous-en-2022-.png?resize=1080%2C720&amp;ssl=1 1080w, https:\/\/i0.wp.com\/toukiela.com\/wp-content\/uploads\/2022\/06\/Quel-ete-Aurons-nous-en-2022-.png?resize=980%2C653&amp;ssl=1 980w, https:\/\/i0.wp.com\/toukiela.com\/wp-content\/uploads\/2022\/06\/Quel-ete-Aurons-nous-en-2022-.png?resize=480%2C320&amp;ssl=1 480w\" sizes=\"auto, (max-width: 1200px) 100vw, 1200px\"><\/figure>\n\n<p>Un \u00e9t\u00e9 2022 plus chaud que la normale ? Au final, la moyenne sur les trois mois de l\u2019\u00e9t\u00e9 m\u00e9t\u00e9orologique nous montre un signal plut\u00f4t chaud, surtout au sud de la Loire et plus encore dans l\u2019extr\u00eame sud. \u00c0 ce stade, il est trop t\u00f4t pour vous parler d\u2019une \u00e9ventuelle anomalie.<\/p>\n\n\n\n<p>Quel \u00e9t\u00e9 avons-nous en 2022 ? Il fait tr\u00e8s doux en France depuis dimanche. Certains ont d\u00e9j\u00e0 enlev\u00e9 leur veste au moins dans l\u2019apr\u00e8s-midi. Et cela pourrait durer jusqu\u2019\u00e0 fin mai.<\/p>\n\n\n\n<h3 class=\"wp-block-heading\"><span class=\"ez-toc-section\" id=\"Quelle_temps_pour_lete_2022-2\"><\/span>Quelle temps pour l\u2019\u00e9t\u00e9 2022 ?<span class=\"ez-toc-section-end\"><\/span><\/h3>\n\n\n\n<p>Juillet 2022 : Ce mois devrait \u00eatre similaire \u00e0 juin, avec des temp\u00e9ratures assez \u00e9lev\u00e9es et quelques orages. Ao\u00fbt 2022 : Attention, le temps devrait devenir plus humide, mais toujours avec des temp\u00e9ratures sup\u00e9rieures de 0,5\u00b0 \u00e0 1\u00b0C par rapport aux normales saisonni\u00e8res.<\/p>\n\n\n\n<h4 class=\"wp-block-heading\"><span class=\"ez-toc-section\" id=\"Comment_sera_lete_2022_en_France\"><\/span>Comment sera l\u2019\u00e9t\u00e9 2022 en France ?<span class=\"ez-toc-section-end\"><\/span><\/h4>\n\n\n\n<p>Apr\u00e8s un printemps exceptionnellement chaud avec des records de temp\u00e9rature dans plusieurs villes, l\u2019\u00e9t\u00e9 2022 risque d\u2019\u00eatre caract\u00e9ris\u00e9 par des temp\u00e9ratures sup\u00e9rieures \u00e0 la moyenne. La s\u00e9cheresse et les incendies de for\u00eat pourraient perturber les r\u00e9coltes agricoles dans certaines r\u00e9gions.<\/p>\n\n\n\n<h4 class=\"wp-block-heading\"><span class=\"ez-toc-section\" id=\"Quel_temps_prevu_pour_le_mois_daout\"><\/span>Quel temps pr\u00e9vu pour le mois d\u2019ao\u00fbt ?<span class=\"ez-toc-section-end\"><\/span><\/h4>\n\n\n\n<p>La temp\u00e9rature en France peut atteindre un minimum de 16\u00b0C et un maximum de 25\u00b0C. pour le mois d\u2019ao\u00fbt. C\u2019est la temp\u00e9rature id\u00e9ale pour d\u00e9couvrir la France sans avoir trop chaud ni trop froid. Au mois d\u2019ao\u00fbt, vous pouvez vous attendre \u00e0 environ 3 \u00e0 8 jours de pluie en France.<\/p>\n\n\n\n<h3 class=\"wp-block-heading\"><span class=\"ez-toc-section\" id=\"Quel_hiver_Aurons-nous_en_2022\"><\/span>Quel hiver Aurons-nous en 2022 ?<span class=\"ez-toc-section-end\"><\/span><\/h3>\n\n\n\n<p>Le d\u00e9but de l\u2019hiver m\u00e9t\u00e9orologique 2022-2023 serait classique avec quelques averses (5% d\u2019anomalie) et des temp\u00e9ratures assez froides (-0,25\u00b0C). Dans cette configuration le soleil pourrait d\u00e9voiler ses rayons.<\/p>\n\n\n\n<h4 class=\"wp-block-heading\"><span class=\"ez-toc-section\" id=\"Quel_hiver_en_2022\"><\/span>Quel hiver en 2022 ?<span class=\"ez-toc-section-end\"><\/span><\/h4>\n\n\n\n<figure class=\"wp-block-table is-style-regular\"><table><tr><th><\/th><th>le printemps<\/th><th>l\u2019hiver<\/th><\/tr><tr><td>2023<\/td><td>\u2013 Lundi 20 mars \u2013 \u00c9quinoxe \u00e0 22:24:24 (UTC 1)<\/td><td>\u2013 Ven 22 d\u00e9cembre \u2013 Solstice \u00e0 04:27:19 (UTC 1)<\/td><\/tr><tr><td>2024<\/td><td>\u2013 Mer 20 mars \u2013 \u00e9quinoxe \u00e0 04:06:21 (UTC 1)<\/td><td>\u2013 Sam. 21 d\u00e9cembre \u2013 Solstice \u00e0 10:20:30 (UTC 1)<\/td><\/tr><tr><td>2025<\/td><td>\u2013 Jeu 20 mars \u2013 \u00e9quinoxe \u00e0 10:01:25 (UTC 1)<\/td><td>\u2013 Dimanche 21 d\u00e9cembre \u2013 Solstice \u00e0 16:03:01 (UTC 1)<\/td><\/tr><\/table><\/figure>\n\n\n\n<h4 class=\"wp-block-heading\"><span class=\"ez-toc-section\" id=\"Quand_la_neige_va_tomber_en_2022\"><\/span>Quand la neige va tomber en 2022 ?<span class=\"ez-toc-section-end\"><\/span><\/h4>\n\n\n\n<p>Le 31 mars 2022, une \u00ab\u00a0offensive hivernale\u00a0\u00bb commence en France. Elle doit s\u2019accompagner de chutes de neige qui touchent de nombreuses r\u00e9gions le 1er avril.<\/p>\n\n\n\n<h2 class=\"wp-block-heading\"><span class=\"ez-toc-section\" id=\"Est-ce_quil_fera_beau_en_juin\"><\/span>Est-ce qu\u2019il fera beau en juin ?<span class=\"ez-toc-section-end\"><\/span><\/h2>\n\n\n\n<p>Le mois de juin en France est le plus souvent caract\u00e9ris\u00e9 par un temps ensoleill\u00e9 et des averses occasionnelles. On peut s\u2019attendre \u00e0 19 jours ensoleill\u00e9s, mais s\u2019attendre \u00e0 des pluies g\u00e9n\u00e9ralement abondantes 23 % du temps.<\/p>\n\n\n\n<p>.<\/p>\n\n<script type=\"application\/ld+json\">{\"@context\":\"https:\/\/schema.org\",\"@type\":\"FAQPage\",\"mainEntity\":[{\"@type\":\"Question\",\"name\":\"Quand la neige va arriver en France ?\",\"acceptedAnswer\":{\"@type\":\"Answer\",\"text\":\"Entre le 8 et le 11 d&eacute;cembre, un retour de l'Est apporte des quantit&eacute;s de neige exceptionnelles sur toute la r&eacute;gion Rh&ocirc;ne-Alpes, le sud de la Bourgogne et une partie de la Franche-Comt&eacute;.Quand tombera la neige ? Pour l'heure, ils constatent une \\\"l&eacute;g&egrave;re anomalie froide\\\", surtout en d&eacute;cembre. En cons&eacute;quence, il pourrait y avoir de la neige &agrave; basse altitude. Ils pr&eacute;cisent que \\\"cela pourrait donc &ecirc;tre le mois le plus froid de notre hiver 2021-2022\\\".\"}},{\"@type\":\"Question\",\"name\":\"Est-ce que il va neiger cet hiver 2022 ?\",\"acceptedAnswer\":{\"@type\":\"Answer\",\"text\":\"Donc, jusqu'&agrave; la fin de la m&eacute;t&eacute;o-hiver 2021-2022, il n'y a pour l'instant aucun signe de chute de neige en plaine, mais n'oublions pas que le froid et la neige en plaine peuvent encore appara&icirc;tre jusqu'en avril...Va-t-il neiger en 2022 ? Le 31 mars 2022, une \\\"offensive hivernale\\\" commence en France. Elle doit s'accompagner de chutes de neige qui touchent de nombreuses r&eacute;gions le 1er avril. Mais comment peut-on avoir de la neige en France en ce moment ? Le mois de mars 2022 se termine par une forte baisse de temp&eacute;rature en France.\"}},{\"@type\":\"Question\",\"name\":\"Quel temps pour juillet et ao&ucirc;t 2022 ?\",\"acceptedAnswer\":{\"@type\":\"Answer\",\"text\":\"En France&nbsp;: ao&ucirc;t 2022 devrait revenir &agrave; des conditions m&eacute;t&eacute;orologiques estivales avec le retour de l'anticyclone sur la France. La chaleur serait bien install&eacute;e dans le pays, parfois s&eacute;v&egrave;re. Il y a un risque de canicule.Quel temps fera-t-il en ao&ucirc;t ? Selon la Cha&icirc;ne M&eacute;t&eacute;o, le temps le plus probable pour le moment en ao&ucirc;t sera doux et assez ensoleill&eacute; : on s'attend &agrave; 22 jours de soleil pour 6 jours de pluie. En moyenne, les temp&eacute;ratures sont comprises entre 16 et 25&deg;C.\"}},{\"@type\":\"Question\",\"name\":\"Comment sera l'&eacute;t&eacute; 2022 au Qu&eacute;bec ?\",\"acceptedAnswer\":{\"@type\":\"Answer\",\"text\":\"Mardi 31 mai 2022 &agrave; 05:40 - M&eacute;t&eacute;oM&eacute;dia pr&eacute;dit un &eacute;t&eacute; unique, instable et lourd. La chaleur sera probablement abondante, mais les principaux acteurs la mettront en &eacute;vidence. La saison aura plus d'un tour dans son sac pour surprendre les Qu&eacute;b&eacute;cois.L'&eacute;t&eacute; 2022 sera-t-il chaud ? Des temp&eacute;ratures sup&eacute;rieures &agrave; 40&deg;C sont attendues en France ce jeudi 16 juin et vendredi 17 juin 2022. Un &eacute;pisode de canicule tr&egrave;s pr&eacute;coce pour la saison. Vingt d&eacute;partements sont plac&eacute;s en vigilance orange en raison d'une canicule. La France va surchauffer.\"}},{\"@type\":\"Question\",\"name\":\"Quel &eacute;t&eacute; Aurons-nous en 2022 ?\",\"acceptedAnswer\":{\"@type\":\"Answer\",\"text\":\"Un &eacute;t&eacute; 2022 plus chaud que la normale ? Au final, la moyenne sur les trois mois de l'&eacute;t&eacute; m&eacute;t&eacute;orologique nous montre un signal plut&ocirc;t chaud, surtout au sud de la Loire et plus encore dans l'extr&ecirc;me sud. &Agrave; ce stade, il est trop t&ocirc;t pour vous parler d'une &eacute;ventuelle anomalie.Quel &eacute;t&eacute; avons-nous en 2022 ? Il fait tr&egrave;s doux en France depuis dimanche. Certains ont d&eacute;j&agrave; enlev&eacute; leur veste au moins dans l'apr&egrave;s-midi. Et cela pourrait durer jusqu'&agrave; fin mai.\"}},{\"@type\":\"Question\",\"name\":\"Est-ce qu'il fera beau en juin ?\",\"acceptedAnswer\":{\"@type\":\"Answer\",\"text\":\"Le mois de juin en France est le plus souvent caract&eacute;ris&eacute; par un temps ensoleill&eacute; et des averses occasionnelles. On peut s'attendre &agrave; 19 jours ensoleill&eacute;s, mais s'attendre &agrave; des pluies g&eacute;n&eacute;ralement abondantes 23 % du temps..\"}}]}<\/script>\n\n","protected":false},"excerpt":{"rendered":"","protected":false},"author":1,"featured_media":2238,"comment_status":"open","ping_status":"open","sticky":false,"template":"","format":"standard","meta":{"_seopress_robots_primary_cat":"","_seopress_titles_title":"","_seopress_titles_desc":"","_seopress_robots_index":"","footnotes":""},"categories":[31],"tags":[337,37,301,126,331],"class_list":["post-2237","post","type-post","status-publish","format-standard","has-post-thumbnail","hentry","category-life-style","tag-chaud","tag-france","tag-hiver","tag-mois","tag-temperatures","generate-columns","tablet-grid-50","mobile-grid-100","grid-parent","grid-50"],"_links":{"self":[{"href":"https:\/\/toukiela.com\/fr_be\/wp-json\/wp\/v2\/posts\/2237","targetHints":{"allow":["GET"]}}],"collection":[{"href":"https:\/\/toukiela.com\/fr_be\/wp-json\/wp\/v2\/posts"}],"about":[{"href":"https:\/\/toukiela.com\/fr_be\/wp-json\/wp\/v2\/types\/post"}],"author":[{"embeddable":true,"href":"https:\/\/toukiela.com\/fr_be\/wp-json\/wp\/v2\/users\/1"}],"replies":[{"embeddable":true,"href":"https:\/\/toukiela.com\/fr_be\/wp-json\/wp\/v2\/comments?post=2237"}],"version-history":[{"count":0,"href":"https:\/\/toukiela.com\/fr_be\/wp-json\/wp\/v2\/posts\/2237\/revisions"}],"wp:featuredmedia":[{"embeddable":true,"href":"https:\/\/toukiela.com\/fr_be\/wp-json\/wp\/v2\/media\/2238"}],"wp:attachment":[{"href":"https:\/\/toukiela.com\/fr_be\/wp-json\/wp\/v2\/media?parent=2237"}],"wp:term":[{"taxonomy":"category","embeddable":true,"href":"https:\/\/toukiela.com\/fr_be\/wp-json\/wp\/v2\/categories?post=2237"},{"taxonomy":"post_tag","embeddable":true,"href":"https:\/\/toukiela.com\/fr_be\/wp-json\/wp\/v2\/tags?post=2237"}],"curies":[{"name":"wp","href":"https:\/\/api.w.org\/{rel}","templated":true}]}}