{"id":1927,"date":"2022-06-22T00:29:48","date_gmt":"2022-06-22T00:29:48","guid":{"rendered":"https:\/\/toukiela.com\/comment-se-manifeste-les-tsa-month-year\/"},"modified":"2022-08-30T12:28:17","modified_gmt":"2022-08-30T12:28:17","slug":"comment-se-manifeste-les-tsa-month-year","status":"publish","type":"post","link":"https:\/\/toukiela.com\/fr_be\/comment-se-manifeste-les-tsa-month-year\/","title":{"rendered":"Comment se manifeste les TSA ? avril 2026"},"content":{"rendered":"<p><iframe title=\"Troubles du spectre de l'autisme (TSA) chez les adultes\" width=\"1200\" height=\"675\" src=\"https:\/\/www.youtube-nocookie.com\/embed\/GnIQaCDxBa0?feature=oembed\" frameborder=\"0\" allow=\"accelerometer; autoplay; clipboard-write; encrypted-media; gyroscope; picture-in-picture; web-share\" allowfullscreen><\/iframe><\/p>\r\n<p>Les troubles du spectre autistique se manifestent de diverses mani\u00e8res, selon les individus. En [mois] [ann\u00e9e], les Centers for Disease Control and Prevention ont publi\u00e9 un rapport indiquant qu\u2019un enfant sur 68 est atteint de TSA. Les sympt\u00f4mes peuvent aller de probl\u00e8mes de communication et d\u2019interactions sociales \u00e0 des comportements r\u00e9p\u00e9titifs et des int\u00e9r\u00eats intenses pour des sujets sp\u00e9cifiques.<\/p>\r\n<p>Il n\u2019existe pas de cause unique des TSA, mais on pense qu\u2019ils sont caus\u00e9s par une combinaison de facteurs g\u00e9n\u00e9tiques et environnementaux. Le traitement des TSA comprend g\u00e9n\u00e9ralement des th\u00e9rapies comportementales, \u00e9ducatives et\/ou professionnelles, qui peuvent contribuer \u00e0 att\u00e9nuer les sympt\u00f4mes et \u00e0 am\u00e9liorer le fonctionnement. Une intervention pr\u00e9coce est importante, car elle peut faire une grande diff\u00e9rence dans l\u2019issue \u00e0 long terme pour les personnes atteintes de TSA.<\/p>\r\n<p>Si vous pensez que votre enfant est atteint de TSA, il est important d\u2019en parler \u00e0 votre p\u00e9diatre. Il pourra vous orienter vers des sp\u00e9cialistes qui pourront poser un diagnostic pr\u00e9cis et \u00e9laborer un plan de traitement appropri\u00e9.<\/p>\r\n<div id=\"ez-toc-container\" class=\"ez-toc-v2_0_82_2 counter-hierarchy ez-toc-counter ez-toc-grey ez-toc-container-direction\">\n<p class=\"ez-toc-title\" style=\"cursor:inherit\">Sommaire<\/p>\n<label for=\"ez-toc-cssicon-toggle-item-69f1fbea910fb\" class=\"ez-toc-cssicon-toggle-label\"><span class=\"\"><span class=\"eztoc-hide\" style=\"display:none;\">Toggle<\/span><span class=\"ez-toc-icon-toggle-span\"><svg style=\"fill: #999;color:#999\" xmlns=\"http:\/\/www.w3.org\/2000\/svg\" class=\"list-377408\" width=\"20px\" height=\"20px\" viewBox=\"0 0 24 24\" fill=\"none\"><path d=\"M6 6H4v2h2V6zm14 0H8v2h12V6zM4 11h2v2H4v-2zm16 0H8v2h12v-2zM4 16h2v2H4v-2zm16 0H8v2h12v-2z\" fill=\"currentColor\"><\/path><\/svg><svg style=\"fill: #999;color:#999\" class=\"arrow-unsorted-368013\" xmlns=\"http:\/\/www.w3.org\/2000\/svg\" width=\"10px\" height=\"10px\" viewBox=\"0 0 24 24\" version=\"1.2\" baseProfile=\"tiny\"><path d=\"M18.2 9.3l-6.2-6.3-6.2 6.3c-.2.2-.3.4-.3.7s.1.5.3.7c.2.2.4.3.7.3h11c.3 0 .5-.1.7-.3.2-.2.3-.5.3-.7s-.1-.5-.3-.7zM5.8 14.7l6.2 6.3 6.2-6.3c.2-.2.3-.5.3-.7s-.1-.5-.3-.7c-.2-.2-.4-.3-.7-.3h-11c-.3 0-.5.1-.7.3-.2.2-.3.5-.3.7s.1.5.3.7z\"\/><\/svg><\/span><\/span><\/label><input type=\"checkbox\"  id=\"ez-toc-cssicon-toggle-item-69f1fbea910fb\"  aria-label=\"Toggle\" \/><nav><ul class='ez-toc-list ez-toc-list-level-1 ' ><li class='ez-toc-page-1 ez-toc-heading-level-2'><a class=\"ez-toc-link ez-toc-heading-1\" href=\"https:\/\/toukiela.com\/fr_be\/comment-se-manifeste-les-tsa-month-year\/#Quel_est_le_comportement_dun_autiste\" >Quel est le comportement d\u2019un autiste ?<\/a><ul class='ez-toc-list-level-3' ><li class='ez-toc-heading-level-3'><a class=\"ez-toc-link ez-toc-heading-2\" href=\"https:\/\/toukiela.com\/fr_be\/comment-se-manifeste-les-tsa-month-year\/#Est-ce_que_lautisme_est_une_maladie\" >Est-ce que l\u2019autisme est une maladie ?<\/a><ul class='ez-toc-list-level-4' ><li class='ez-toc-heading-level-4'><a class=\"ez-toc-link ez-toc-heading-3\" href=\"https:\/\/toukiela.com\/fr_be\/comment-se-manifeste-les-tsa-month-year\/#Qui_est_touche_par_lautisme\" >Qui est touch\u00e9 par l\u2019autisme ?<\/a><\/li><li class='ez-toc-page-1 ez-toc-heading-level-4'><a class=\"ez-toc-link ez-toc-heading-4\" href=\"https:\/\/toukiela.com\/fr_be\/comment-se-manifeste-les-tsa-month-year\/#Comment_guerir_de_lautisme\" >Comment gu\u00e9rir de l\u2019autisme ?<\/a><\/li><\/ul><\/li><li class='ez-toc-page-1 ez-toc-heading-level-3'><a class=\"ez-toc-link ez-toc-heading-5\" href=\"https:\/\/toukiela.com\/fr_be\/comment-se-manifeste-les-tsa-month-year\/#Cest_quoi_lautisme_leger\" >C\u2019est quoi l\u2019autisme l\u00e9ger ?<\/a><ul class='ez-toc-list-level-4' ><li class='ez-toc-heading-level-4'><a class=\"ez-toc-link ez-toc-heading-6\" href=\"https:\/\/toukiela.com\/fr_be\/comment-se-manifeste-les-tsa-month-year\/#Quels_sont_les_traits_autistiques\" >Quels sont les traits autistiques ?<\/a><\/li><li class='ez-toc-page-1 ez-toc-heading-level-4'><a class=\"ez-toc-link ez-toc-heading-7\" href=\"https:\/\/toukiela.com\/fr_be\/comment-se-manifeste-les-tsa-month-year\/#Quel_avenir_pour_un_autiste_leger\" >Quel avenir pour un autiste l\u00e9ger ?<\/a><\/li><\/ul><\/li><li class='ez-toc-page-1 ez-toc-heading-level-3'><a class=\"ez-toc-link ez-toc-heading-8\" href=\"https:\/\/toukiela.com\/fr_be\/comment-se-manifeste-les-tsa-month-year\/#Quel_est_le_comportement_dune_personne_autiste\" >Quel est le comportement d\u2019une personne autiste ?<\/a><ul class='ez-toc-list-level-4' ><li class='ez-toc-heading-level-4'><a class=\"ez-toc-link ez-toc-heading-9\" href=\"https:\/\/toukiela.com\/fr_be\/comment-se-manifeste-les-tsa-month-year\/#Est-ce_quun_bebe_autiste_sourit\" >Est-ce qu\u2019un b\u00e9b\u00e9 autiste sourit ?<\/a><\/li><li class='ez-toc-page-1 ez-toc-heading-level-4'><a class=\"ez-toc-link ez-toc-heading-10\" href=\"https:\/\/toukiela.com\/fr_be\/comment-se-manifeste-les-tsa-month-year\/#Est-ce_que_les_autistes_pleurent\" >Est-ce que les autistes pleurent ?<\/a><\/li><\/ul><\/li><\/ul><\/li><li class='ez-toc-page-1 ez-toc-heading-level-2'><a class=\"ez-toc-link ez-toc-heading-11\" href=\"https:\/\/toukiela.com\/fr_be\/comment-se-manifeste-les-tsa-month-year\/#Quel_est_le_comportement_dun_autiste-2\" >Quel est le comportement d\u2019un autiste ?<\/a><ul class='ez-toc-list-level-3' ><li class='ez-toc-heading-level-3'><a class=\"ez-toc-link ez-toc-heading-12\" href=\"https:\/\/toukiela.com\/fr_be\/comment-se-manifeste-les-tsa-month-year\/#Quel_est_le_comportement_dune_personne_autiste-2\" >Quel est le comportement d\u2019une personne autiste ?<\/a><ul class='ez-toc-list-level-4' ><li class='ez-toc-heading-level-4'><a class=\"ez-toc-link ez-toc-heading-13\" href=\"https:\/\/toukiela.com\/fr_be\/comment-se-manifeste-les-tsa-month-year\/#Comment_se_sent_un_autiste\" >Comment se sent un autiste ?<\/a><\/li><li class='ez-toc-page-1 ez-toc-heading-level-4'><a class=\"ez-toc-link ez-toc-heading-14\" href=\"https:\/\/toukiela.com\/fr_be\/comment-se-manifeste-les-tsa-month-year\/#Est-ce_quun_bebe_autiste_sourit-2\" >Est-ce qu\u2019un b\u00e9b\u00e9 autiste sourit ?<\/a><\/li><\/ul><\/li><li class='ez-toc-page-1 ez-toc-heading-level-3'><a class=\"ez-toc-link ez-toc-heading-15\" href=\"https:\/\/toukiela.com\/fr_be\/comment-se-manifeste-les-tsa-month-year\/#Cest_quoi_lautisme_leger-2\" >C\u2019est quoi l\u2019autisme l\u00e9ger ?<\/a><ul class='ez-toc-list-level-4' ><li class='ez-toc-heading-level-4'><a class=\"ez-toc-link ez-toc-heading-16\" href=\"https:\/\/toukiela.com\/fr_be\/comment-se-manifeste-les-tsa-month-year\/#Quels_sont_les_traits_autistiques-2\" >Quels sont les traits autistiques ?<\/a><\/li><li class='ez-toc-page-1 ez-toc-heading-level-4'><a class=\"ez-toc-link ez-toc-heading-17\" href=\"https:\/\/toukiela.com\/fr_be\/comment-se-manifeste-les-tsa-month-year\/#Quel_avenir_pour_un_autiste_leger-2\" >Quel avenir pour un autiste l\u00e9ger ?<\/a><\/li><\/ul><\/li><\/ul><\/li><li class='ez-toc-page-1 ez-toc-heading-level-2'><a class=\"ez-toc-link ez-toc-heading-18\" href=\"https:\/\/toukiela.com\/fr_be\/comment-se-manifeste-les-tsa-month-year\/#Pourquoi_il_ne_faut_pas_dire_Asperger\" >Pourquoi il ne faut pas dire Asperger ?<\/a><ul class='ez-toc-list-level-3' ><li class='ez-toc-heading-level-3'><a class=\"ez-toc-link ez-toc-heading-19\" href=\"https:\/\/toukiela.com\/fr_be\/comment-se-manifeste-les-tsa-month-year\/#Est-ce_que_les_Asperger_peut_mentir\" >Est-ce que les Asperger peut mentir ?<\/a><ul class='ez-toc-list-level-4' ><li class='ez-toc-heading-level-4'><a class=\"ez-toc-link ez-toc-heading-20\" href=\"https:\/\/toukiela.com\/fr_be\/comment-se-manifeste-les-tsa-month-year\/#Comment_pense_un_Asperger_adulte\" >Comment pense un Asperger adulte ?<\/a><\/li><li class='ez-toc-page-1 ez-toc-heading-level-4'><a class=\"ez-toc-link ez-toc-heading-21\" href=\"https:\/\/toukiela.com\/fr_be\/comment-se-manifeste-les-tsa-month-year\/#Comment_pense_un_autiste_Asperger\" >Comment pense un autiste Asperger ?<\/a><\/li><\/ul><\/li><li class='ez-toc-page-1 ez-toc-heading-level-3'><a class=\"ez-toc-link ez-toc-heading-22\" href=\"https:\/\/toukiela.com\/fr_be\/comment-se-manifeste-les-tsa-month-year\/#Pourquoi_Devient-on_Asperger\" >Pourquoi Devient-on Asperger ?<\/a><ul class='ez-toc-list-level-4' ><li class='ez-toc-heading-level-4'><a class=\"ez-toc-link ez-toc-heading-23\" href=\"https:\/\/toukiela.com\/fr_be\/comment-se-manifeste-les-tsa-month-year\/#Pourquoi_Est-on_autiste_Asperger\" >Pourquoi Est-on autiste Asperger ?<\/a><\/li><li class='ez-toc-page-1 ez-toc-heading-level-4'><a class=\"ez-toc-link ez-toc-heading-24\" href=\"https:\/\/toukiela.com\/fr_be\/comment-se-manifeste-les-tsa-month-year\/#Est-ce_que_le_syndrome_dAsperger_se_soigne\" >Est-ce que le syndrome d\u2019Asperger se soigne ?<\/a><\/li><\/ul><\/li><li class='ez-toc-page-1 ez-toc-heading-level-3'><a class=\"ez-toc-link ez-toc-heading-25\" href=\"https:\/\/toukiela.com\/fr_be\/comment-se-manifeste-les-tsa-month-year\/#Comment_pense_un_Asperger_adulte-2\" >Comment pense un Asperger adulte ?<\/a><ul class='ez-toc-list-level-4' ><li class='ez-toc-heading-level-4'><a class=\"ez-toc-link ez-toc-heading-26\" href=\"https:\/\/toukiela.com\/fr_be\/comment-se-manifeste-les-tsa-month-year\/#Quel_est_le_QI_dun_Asperger\" >Quel est le QI d\u2019un Asperger ?<\/a><\/li><li class='ez-toc-page-1 ez-toc-heading-level-4'><a class=\"ez-toc-link ez-toc-heading-27\" href=\"https:\/\/toukiela.com\/fr_be\/comment-se-manifeste-les-tsa-month-year\/#Comment_calmer_un_adulte_Asperger\" >Comment calmer un adulte Asperger ?<\/a><\/li><\/ul><\/li><\/ul><\/li><li class='ez-toc-page-1 ez-toc-heading-level-2'><a class=\"ez-toc-link ez-toc-heading-28\" href=\"https:\/\/toukiela.com\/fr_be\/comment-se-manifeste-les-tsa-month-year\/#Quel_avenir_pour_un_autiste_leger-3\" >Quel avenir pour un autiste l\u00e9ger ?<\/a><ul class='ez-toc-list-level-3' ><li class='ez-toc-heading-level-3'><a class=\"ez-toc-link ez-toc-heading-29\" href=\"https:\/\/toukiela.com\/fr_be\/comment-se-manifeste-les-tsa-month-year\/#Est-ce_que_lautisme_peut_saggraver\" >Est-ce que l\u2019autisme peut s\u2019aggraver ?<\/a><ul class='ez-toc-list-level-4' ><li class='ez-toc-heading-level-4'><a class=\"ez-toc-link ez-toc-heading-30\" href=\"https:\/\/toukiela.com\/fr_be\/comment-se-manifeste-les-tsa-month-year\/#Quelle_est_la_forme_dautisme_la_plus_grave\" >Quelle est la forme d\u2019autisme la plus grave ?<\/a><\/li><li class='ez-toc-page-1 ez-toc-heading-level-4'><a class=\"ez-toc-link ez-toc-heading-31\" href=\"https:\/\/toukiela.com\/fr_be\/comment-se-manifeste-les-tsa-month-year\/#Comment_vieillissent_les_autistes\" >Comment vieillissent les autistes ?<\/a><\/li><\/ul><\/li><li class='ez-toc-page-1 ez-toc-heading-level-3'><a class=\"ez-toc-link ez-toc-heading-32\" href=\"https:\/\/toukiela.com\/fr_be\/comment-se-manifeste-les-tsa-month-year\/#Est-ce_que_les_autistes_vivent_longtemps\" >Est-ce que les autistes vivent longtemps ?<\/a><ul class='ez-toc-list-level-4' ><li class='ez-toc-heading-level-4'><a class=\"ez-toc-link ez-toc-heading-33\" href=\"https:\/\/toukiela.com\/fr_be\/comment-se-manifeste-les-tsa-month-year\/#Comment_vieillissent_les_autistes-2\" >Comment vieillissent les autistes ?<\/a><\/li><li class='ez-toc-page-1 ez-toc-heading-level-4'><a class=\"ez-toc-link ez-toc-heading-34\" href=\"https:\/\/toukiela.com\/fr_be\/comment-se-manifeste-les-tsa-month-year\/#Est-ce_quun_autiste_peut_vivre_seul\" >Est-ce qu\u2019un autiste peut vivre seul ?<\/a><\/li><\/ul><\/li><li class='ez-toc-page-1 ez-toc-heading-level-3'><a class=\"ez-toc-link ez-toc-heading-35\" href=\"https:\/\/toukiela.com\/fr_be\/comment-se-manifeste-les-tsa-month-year\/#Comment_se_comporter_avec_un_autisme_leger\" >Comment se comporter avec un autisme l\u00e9ger ?<\/a><ul class='ez-toc-list-level-4' ><li class='ez-toc-heading-level-4'><a class=\"ez-toc-link ez-toc-heading-36\" href=\"https:\/\/toukiela.com\/fr_be\/comment-se-manifeste-les-tsa-month-year\/#Comment_se_comporter_avec_une_personne_autiste\" >Comment se comporter avec une personne autiste ?<\/a><\/li><li class='ez-toc-page-1 ez-toc-heading-level-4'><a class=\"ez-toc-link ez-toc-heading-37\" href=\"https:\/\/toukiela.com\/fr_be\/comment-se-manifeste-les-tsa-month-year\/#Est-ce_que_les_autistes_parlent\" >Est-ce que les autistes parlent ?<\/a><\/li><\/ul><\/li><\/ul><\/li><li class='ez-toc-page-1 ez-toc-heading-level-2'><a class=\"ez-toc-link ez-toc-heading-38\" href=\"https:\/\/toukiela.com\/fr_be\/comment-se-manifeste-les-tsa-month-year\/#Quelle_est_la_forme_dautisme_la_plus_grave-2\" >Quelle est la forme d\u2019autisme la plus grave ?<\/a><ul class='ez-toc-list-level-3' ><li class='ez-toc-heading-level-3'><a class=\"ez-toc-link ez-toc-heading-39\" href=\"https:\/\/toukiela.com\/fr_be\/comment-se-manifeste-les-tsa-month-year\/#Quels_sont_les_differents_degres_de_lautisme\" >Quels sont les diff\u00e9rents degr\u00e9s de l\u2019autisme ?<\/a><ul class='ez-toc-list-level-4' ><li class='ez-toc-heading-level-4'><a class=\"ez-toc-link ez-toc-heading-40\" href=\"https:\/\/toukiela.com\/fr_be\/comment-se-manifeste-les-tsa-month-year\/#Cest_quoi_autiste_leger\" >C\u2019est quoi autiste l\u00e9ger ?<\/a><\/li><\/ul><\/li><li class='ez-toc-page-1 ez-toc-heading-level-3'><a class=\"ez-toc-link ez-toc-heading-41\" href=\"https:\/\/toukiela.com\/fr_be\/comment-se-manifeste-les-tsa-month-year\/#Quel_est_lautisme_le_plus_grave\" >Quel est l\u2019autisme le plus grave ?<\/a><ul class='ez-toc-list-level-4' ><li class='ez-toc-heading-level-4'><a class=\"ez-toc-link ez-toc-heading-42\" href=\"https:\/\/toukiela.com\/fr_be\/comment-se-manifeste-les-tsa-month-year\/#Quels_sont_les_differents_stades_de_lautisme\" >Quels sont les diff\u00e9rents stades de l\u2019autisme ?<\/a><\/li><li class='ez-toc-page-1 ez-toc-heading-level-4'><a class=\"ez-toc-link ez-toc-heading-43\" href=\"https:\/\/toukiela.com\/fr_be\/comment-se-manifeste-les-tsa-month-year\/#Est-ce_que_lautisme_saggrave\" >Est-ce que l\u2019autisme s\u2019aggrave ?<\/a><\/li><\/ul><\/li><\/ul><\/li><li class='ez-toc-page-1 ez-toc-heading-level-2'><a class=\"ez-toc-link ez-toc-heading-44\" href=\"https:\/\/toukiela.com\/fr_be\/comment-se-manifeste-les-tsa-month-year\/#Est-ce_que_les_autistes_pleurent-2\" >Est-ce que les autistes pleurent ?<\/a><ul class='ez-toc-list-level-3' ><li class='ez-toc-heading-level-3'><a class=\"ez-toc-link ez-toc-heading-45\" href=\"https:\/\/toukiela.com\/fr_be\/comment-se-manifeste-les-tsa-month-year\/#Est-ce_quun_bebe_autiste_rigole\" >Est-ce qu\u2019un b\u00e9b\u00e9 autiste rigole ?<\/a><ul class='ez-toc-list-level-4' ><li class='ez-toc-heading-level-4'><a class=\"ez-toc-link ez-toc-heading-46\" href=\"https:\/\/toukiela.com\/fr_be\/comment-se-manifeste-les-tsa-month-year\/#Est-ce_quun_enfant_autiste_joue\" >Est-ce qu\u2019un enfant autiste joue ?<\/a><\/li><li class='ez-toc-page-1 ez-toc-heading-level-4'><a class=\"ez-toc-link ez-toc-heading-47\" href=\"https:\/\/toukiela.com\/fr_be\/comment-se-manifeste-les-tsa-month-year\/#Est-ce_quun_bebe_autiste_sourit-3\" >Est-ce qu\u2019un b\u00e9b\u00e9 autiste sourit ?<\/a><\/li><\/ul><\/li><li class='ez-toc-page-1 ez-toc-heading-level-3'><a class=\"ez-toc-link ez-toc-heading-48\" href=\"https:\/\/toukiela.com\/fr_be\/comment-se-manifeste-les-tsa-month-year\/#Est-ce_quun_bebe_autiste_pleure\" >Est-ce qu\u2019un b\u00e9b\u00e9 autiste pleure ?<\/a><ul class='ez-toc-list-level-4' ><li class='ez-toc-heading-level-4'><a class=\"ez-toc-link ez-toc-heading-49\" href=\"https:\/\/toukiela.com\/fr_be\/comment-se-manifeste-les-tsa-month-year\/#Comment_savoir_si_mon_bebe_est_autiste\" >Comment savoir si mon b\u00e9b\u00e9 est autiste ?<\/a><\/li><li class='ez-toc-page-1 ez-toc-heading-level-4'><a class=\"ez-toc-link ez-toc-heading-50\" href=\"https:\/\/toukiela.com\/fr_be\/comment-se-manifeste-les-tsa-month-year\/#Est-ce_quun_bebe_autiste_sourit-4\" >Est-ce qu\u2019un b\u00e9b\u00e9 autiste sourit ?<\/a><\/li><\/ul><\/li><li class='ez-toc-page-1 ez-toc-heading-level-3'><a class=\"ez-toc-link ez-toc-heading-51\" href=\"https:\/\/toukiela.com\/fr_be\/comment-se-manifeste-les-tsa-month-year\/#Est-ce_que_les_autistes_ont_des_sentiments\" >Est-ce que les autistes ont des sentiments ?<\/a><ul class='ez-toc-list-level-4' ><li class='ez-toc-heading-level-4'><a class=\"ez-toc-link ez-toc-heading-52\" href=\"https:\/\/toukiela.com\/fr_be\/comment-se-manifeste-les-tsa-month-year\/#Est-ce_que_les_autistes_ont_de_lempathie\" >Est-ce que les autistes ont de l\u2019empathie ?<\/a><\/li><li class='ez-toc-page-1 ez-toc-heading-level-4'><a class=\"ez-toc-link ez-toc-heading-53\" href=\"https:\/\/toukiela.com\/fr_be\/comment-se-manifeste-les-tsa-month-year\/#Pourquoi_un_autiste_tape\" >Pourquoi un autiste tape ?<\/a><\/li><\/ul><\/li><\/ul><\/li><\/ul><\/nav><\/div>\n<h2 class=\"wp-block-heading\"><span class=\"ez-toc-section\" id=\"Quel_est_le_comportement_dun_autiste\"><\/span>Quel est le comportement d\u2019un autiste ?<span class=\"ez-toc-section-end\"><\/span><\/h2>\r\n\r\n\r\n\r\n<p>Un enfant autiste peut adopter des comportements et des mouvements inappropri\u00e9s avec par exemple des gestes st\u00e9r\u00e9otyp\u00e9s (agiter la main, sauter, se balancer, etc.). Lorsqu\u2019il s\u2019agit de jouer, il pr\u00e9f\u00e8re souvent aligner ses jouets plut\u00f4t que de participer \u00e0 des jeux de r\u00f4le ou \u00e0 des jeux d\u2019imitation de son \u00e2ge.<\/p>\r\n\r\n\r\n\r\n<p>Quels sont les premiers signes de l\u2019autisme ? La d\u00e9tection des premiers troubles autistiques chez l\u2019enfant survient souvent avant ses 3 ans\u2026. Langage<\/p>\r\n\r\n\r\n\r\n<ul class=\"wp-block-list\">\r\n<li>absence de bavardage \u00e0 partir de 12 mois ;<\/li>\r\n<li>absence de mots \u00e0 partir de 18 mois ;<\/li>\r\n<li>association de mots absente \u00e0 partir de 24 mois ;<\/li>\r\n<li>langage dysfonctionnel;<\/li>\r\n<li>perte du langage quel que soit l\u2019\u00e2ge.<\/li>\r\n<\/ul>\r\n\r\n\r\n\r\n<h3 class=\"wp-block-heading\"><span class=\"ez-toc-section\" id=\"Est-ce_que_lautisme_est_une_maladie\"><\/span>Est-ce que l\u2019autisme est une maladie ?<span class=\"ez-toc-section-end\"><\/span><\/h3>\r\n\r\n\r\n\r\n<p>L\u2019autisme n\u2019est pas une maladie, c\u2019est un trouble du d\u00e9veloppement d\u2019origine neurologique. L\u2019autisme se manifeste principalement par une interaction sociale et une communication alt\u00e9r\u00e9es et par des int\u00e9r\u00eats limit\u00e9s et r\u00e9p\u00e9titifs.<\/p>\r\n\r\n\r\n\r\n<h4 class=\"wp-block-heading\"><span class=\"ez-toc-section\" id=\"Qui_est_touche_par_lautisme\"><\/span>Qui est touch\u00e9 par l\u2019autisme ?<span class=\"ez-toc-section-end\"><\/span><\/h4>\r\n\r\n\r\n\r\n<p>Toutes les \u00e9tudes \u00e9pid\u00e9miologiques montrent que l\u2019autisme peut toucher tous les enfants, quelle que soit leur origine sociale, l\u2019\u00e9ducation des parents ou encore l\u2019ethnie : un enfant sur 100 est touch\u00e9, les gar\u00e7ons \u00e9tant plus touch\u00e9s que les filles (quatre gar\u00e7ons pour une fille).<\/p>\r\n\r\n\r\n\r\n<h4 class=\"wp-block-heading\"><span class=\"ez-toc-section\" id=\"Comment_guerir_de_lautisme\"><\/span>Comment gu\u00e9rir de l\u2019autisme ?<span class=\"ez-toc-section-end\"><\/span><\/h4>\r\n\r\n\r\n\r\n<p>\u00c0 ce jour, il n\u2019existe aucun rem\u00e8de contre l\u2019autisme. Cependant, les manifestations qui accompagnent souvent l\u2019autisme (troubles du sommeil, troubles graves du comportement) peuvent \u00eatre att\u00e9nu\u00e9es dans certains cas par l\u2019utilisation de m\u00e9dicaments.<\/p>\r\n\r\n\r\n\r\n<h3 class=\"wp-block-heading\"><span class=\"ez-toc-section\" id=\"Cest_quoi_lautisme_leger\"><\/span>C\u2019est quoi l\u2019autisme l\u00e9ger ?<span class=\"ez-toc-section-end\"><\/span><\/h3>\r\n\r\n\r\n\r\n<p>Difficult\u00e9 \u00e0 \u00e9tablir des relations avec les autres et \u00e0 interagir avec son environnement. Les jeunes atteints d\u2019autisme l\u00e9ger peuvent s\u2019int\u00e9resser aux autres, mais ne savent peut-\u00eatre pas comment leur parler ou jouer avec eux. Il leur est tr\u00e8s difficile d\u2019entamer une conversation et de la tenir.<\/p>\r\n\r\n\r\n\r\n<h4 class=\"wp-block-heading\"><span class=\"ez-toc-section\" id=\"Quels_sont_les_traits_autistiques\"><\/span>Quels sont les traits autistiques ?<span class=\"ez-toc-section-end\"><\/span><\/h4>\r\n\r\n\r\n\r\n<p>Il existe trois signes qui caract\u00e9risent l\u2019autisme et aident au diagnostic : Les troubles de la communication, verbaux et non verbaux. Troubles des relations sociales. Troubles du comportement tels que gestes st\u00e9r\u00e9otyp\u00e9s et r\u00e9p\u00e9titifs, rituels ou int\u00e9r\u00eats limit\u00e9s.<\/p>\r\n\r\n\r\n\r\n<h4 class=\"wp-block-heading\"><span class=\"ez-toc-section\" id=\"Quel_avenir_pour_un_autiste_leger\"><\/span>Quel avenir pour un autiste l\u00e9ger ?<span class=\"ez-toc-section-end\"><\/span><\/h4>\r\n\r\n\r\n\r\n<p>De nombreuses opportunit\u00e9s s\u2019offrent alors \u00e0 eux dans ce domaine. Les personnes autistes deviennent ainsi v\u00e9t\u00e9rinaires, \u00e9leveurs ou gu\u00e9risseurs. Ils peuvent s\u2019entra\u00eener dans un zoo ou un centre \u00e9questre, par exemple.<\/p>\r\n\r\n\r\n\r\n<h3 class=\"wp-block-heading\"><span class=\"ez-toc-section\" id=\"Quel_est_le_comportement_dune_personne_autiste\"><\/span>Quel est le comportement d\u2019une personne autiste ?<span class=\"ez-toc-section-end\"><\/span><\/h3>\r\n\r\n\r\n\r\n<p>l\u2019absence ou la quasi-absence d\u2019int\u00e9r\u00eat pour les autres enfants. probl\u00e8mes de comportement tels que l\u2019automutilation ou l\u2019enfermement. r\u00e9p\u00e9ter des mots et des expressions sans avoir l\u2019impression de les comprendre. difficult\u00e9 \u00e0 faire face aux interactions sociales mutuelles (comme jouer \u00e0 coucou)<\/p>\r\n\r\n\r\n\r\n<h4 class=\"wp-block-heading\"><span class=\"ez-toc-section\" id=\"Est-ce_quun_bebe_autiste_sourit\"><\/span>Est-ce qu\u2019un b\u00e9b\u00e9 autiste sourit ?<span class=\"ez-toc-section-end\"><\/span><\/h4>\r\n\r\n\r\n\r\n<p>Non autoris\u00e9, ou tr\u00e8s peu (3 mois). Il semble avoir un regard vague ou d\u00e9cal\u00e9 qui ne suit ni ne d\u00e9visage. Il semble avoir un d\u00e9faut de posture (le b\u00e9b\u00e9 est trop mou ou trop raide) et ne dit pas grand-chose.<\/p>\r\n\r\n\r\n\r\n<h4 class=\"wp-block-heading\"><span class=\"ez-toc-section\" id=\"Est-ce_que_les_autistes_pleurent\"><\/span>Est-ce que les autistes pleurent ?<span class=\"ez-toc-section-end\"><\/span><\/h4>\r\n\r\n\r\n\r\n<p>L\u2019enfant peut alors s\u2019exprimer de mani\u00e8re tr\u00e8s vive : anxi\u00e9t\u00e9, pleurs, larmes, agressivit\u00e9 envers les autres ou envers lui-m\u00eame, \u00e9vitement de la situation, repli sur soi, etc.<\/p>\r\n\r\n\r\n\r\n<h2 class=\"wp-block-heading\"><span class=\"ez-toc-section\" id=\"Quel_est_le_comportement_dun_autiste-2\"><\/span>Quel est le comportement d\u2019un autiste ?<span class=\"ez-toc-section-end\"><\/span><\/h2>\r\n\r\n\r\n\r\n<figure><img decoding=\"async\" class=\"attachment-full size-full\" src=\"https:\/\/toukiela.com\/wp-content\/uploads\/2022\/06\/Quel-est-le-comportement-dun-autiste-.jpeg\" sizes=\"(max-width: 2994px) 100vw, 2994px\" srcset=\"https:\/\/i0.wp.com\/toukiela.com\/wp-content\/uploads\/2022\/06\/Quel-est-le-comportement-dun-autiste-.jpeg?w=2994&amp;ssl=1 2994w, https:\/\/i0.wp.com\/toukiela.com\/wp-content\/uploads\/2022\/06\/Quel-est-le-comportement-dun-autiste-.jpeg?resize=300%2C169&amp;ssl=1 300w, https:\/\/i0.wp.com\/toukiela.com\/wp-content\/uploads\/2022\/06\/Quel-est-le-comportement-dun-autiste-.jpeg?resize=1024%2C576&amp;ssl=1 1024w, https:\/\/i0.wp.com\/toukiela.com\/wp-content\/uploads\/2022\/06\/Quel-est-le-comportement-dun-autiste-.jpeg?resize=768%2C432&amp;ssl=1 768w, https:\/\/i0.wp.com\/toukiela.com\/wp-content\/uploads\/2022\/06\/Quel-est-le-comportement-dun-autiste-.jpeg?resize=1536%2C863&amp;ssl=1 1536w, https:\/\/i0.wp.com\/toukiela.com\/wp-content\/uploads\/2022\/06\/Quel-est-le-comportement-dun-autiste-.jpeg?resize=2048%2C1151&amp;ssl=1 2048w, https:\/\/i0.wp.com\/toukiela.com\/wp-content\/uploads\/2022\/06\/Quel-est-le-comportement-dun-autiste-.jpeg?resize=18%2C10&amp;ssl=1 18w, https:\/\/i0.wp.com\/toukiela.com\/wp-content\/uploads\/2022\/06\/Quel-est-le-comportement-dun-autiste-.jpeg?resize=50%2C28&amp;ssl=1 50w, https:\/\/i0.wp.com\/toukiela.com\/wp-content\/uploads\/2022\/06\/Quel-est-le-comportement-dun-autiste-.jpeg?resize=1080%2C607&amp;ssl=1 1080w, https:\/\/i0.wp.com\/toukiela.com\/wp-content\/uploads\/2022\/06\/Quel-est-le-comportement-dun-autiste-.jpeg?resize=1280%2C720&amp;ssl=1 1280w, https:\/\/i0.wp.com\/toukiela.com\/wp-content\/uploads\/2022\/06\/Quel-est-le-comportement-dun-autiste-.jpeg?resize=980%2C551&amp;ssl=1 980w, https:\/\/i0.wp.com\/toukiela.com\/wp-content\/uploads\/2022\/06\/Quel-est-le-comportement-dun-autiste-.jpeg?resize=480%2C270&amp;ssl=1 480w, https:\/\/i0.wp.com\/toukiela.com\/wp-content\/uploads\/2022\/06\/Quel-est-le-comportement-dun-autiste-.jpeg?w=2160&amp;ssl=1 2160w\" alt=\"Quel est le comportement d'un autiste ?\" width=\"2994\" height=\"1683\"><\/figure>\r\n\r\n\r\n\r\n<p>Un enfant autiste peut adopter des comportements et des mouvements inappropri\u00e9s avec par exemple des gestes st\u00e9r\u00e9otyp\u00e9s (tapoter, sauter, se balancer, etc.). Lorsqu\u2019il s\u2019agit de jouer, il pr\u00e9f\u00e8re souvent aligner ses jouets plut\u00f4t que de participer \u00e0 des jeux de r\u00f4le ou \u00e0 des jeux d\u2019imitation de son \u00e2ge.<\/p>\r\n\r\n\r\n\r\n<p>L\u2019autisme est-il une maladie ? L\u2019autisme n\u2019est pas une maladie, c\u2019est un trouble du d\u00e9veloppement d\u2019origine neurologique. L\u2019autisme se manifeste principalement par une interaction sociale et une communication alt\u00e9r\u00e9es et par des int\u00e9r\u00eats limit\u00e9s et r\u00e9p\u00e9titifs.<\/p>\r\n\r\n\r\n\r\n<h3 class=\"wp-block-heading\"><span class=\"ez-toc-section\" id=\"Quel_est_le_comportement_dune_personne_autiste-2\"><\/span>Quel est le comportement d\u2019une personne autiste ?<span class=\"ez-toc-section-end\"><\/span><\/h3>\r\n\r\n\r\n\r\n<p>l\u2019absence ou la quasi-absence d\u2019int\u00e9r\u00eat pour les autres enfants. probl\u00e8mes de comportement tels que l\u2019automutilation ou l\u2019enfermement. r\u00e9p\u00e9ter des mots et des expressions sans avoir l\u2019impression de les comprendre. difficult\u00e9 \u00e0 faire face aux interactions sociales mutuelles (comme jouer \u00e0 coucou)<\/p>\r\n\r\n\r\n\r\n<h4 class=\"wp-block-heading\"><span class=\"ez-toc-section\" id=\"Comment_se_sent_un_autiste\"><\/span>Comment se sent un autiste ?<span class=\"ez-toc-section-end\"><\/span><\/h4>\r\n\r\n\r\n\r\n<p>Avoir peu ou pas d\u2019amis. Ils ont des probl\u00e8mes avec les enfants de leur \u00e2ge et pr\u00e9f\u00e8rent jouer avec des enfants plus jeunes ou des adultes. Ils ont de la difficult\u00e9 \u00e0 ajuster leur comportement dans diff\u00e9rentes situations sociales. Avoir tendance \u00e0 s\u2019immiscer dans l\u2019espace personnel des autres.<\/p>\r\n\r\n\r\n\r\n<h4 class=\"wp-block-heading\"><span class=\"ez-toc-section\" id=\"Est-ce_quun_bebe_autiste_sourit-2\"><\/span>Est-ce qu\u2019un b\u00e9b\u00e9 autiste sourit ?<span class=\"ez-toc-section-end\"><\/span><\/h4>\r\n\r\n\r\n\r\n<p>Non autoris\u00e9, ou tr\u00e8s peu (3 mois). Il semble avoir un regard vague ou d\u00e9cal\u00e9 qui ne suit ni ne d\u00e9visage. Il semble avoir un d\u00e9faut de posture (le b\u00e9b\u00e9 est trop mou ou trop raide) et ne dit pas grand-chose.<\/p>\r\n\r\n\r\n\r\n<h3 class=\"wp-block-heading\"><span class=\"ez-toc-section\" id=\"Cest_quoi_lautisme_leger-2\"><\/span>C\u2019est quoi l\u2019autisme l\u00e9ger ?<span class=\"ez-toc-section-end\"><\/span><\/h3>\r\n\r\n\r\n\r\n<p>Difficult\u00e9 \u00e0 \u00e9tablir des relations avec les autres et \u00e0 interagir avec son environnement. Les jeunes atteints d\u2019autisme l\u00e9ger peuvent s\u2019int\u00e9resser aux autres, mais ne savent peut-\u00eatre pas comment leur parler ou jouer avec eux. Il leur est tr\u00e8s difficile d\u2019entamer une conversation et de la tenir.<\/p>\r\n\r\n\r\n\r\n<h4 class=\"wp-block-heading\"><span class=\"ez-toc-section\" id=\"Quels_sont_les_traits_autistiques-2\"><\/span>Quels sont les traits autistiques ?<span class=\"ez-toc-section-end\"><\/span><\/h4>\r\n\r\n\r\n\r\n<p>Il existe trois signes qui caract\u00e9risent l\u2019autisme et aident au diagnostic : Les troubles de la communication, verbaux et non verbaux. Troubles des relations sociales. Troubles du comportement tels que gestes st\u00e9r\u00e9otyp\u00e9s et r\u00e9p\u00e9titifs, rituels ou int\u00e9r\u00eats limit\u00e9s.<\/p>\r\n\r\n\r\n\r\n<h4 class=\"wp-block-heading\"><span class=\"ez-toc-section\" id=\"Quel_avenir_pour_un_autiste_leger-2\"><\/span>Quel avenir pour un autiste l\u00e9ger ?<span class=\"ez-toc-section-end\"><\/span><\/h4>\r\n\r\n\r\n\r\n<p>De nombreuses opportunit\u00e9s s\u2019offrent alors \u00e0 eux dans ce domaine. Les personnes autistes deviennent ainsi v\u00e9t\u00e9rinaires, \u00e9leveurs ou gu\u00e9risseurs. Ils peuvent s\u2019entra\u00eener dans un zoo ou un centre \u00e9questre, par exemple.<\/p>\r\n\r\n\r\n\r\n<h2 class=\"wp-block-heading\"><span class=\"ez-toc-section\" id=\"Pourquoi_il_ne_faut_pas_dire_Asperger\"><\/span>Pourquoi il ne faut pas dire Asperger ?<span class=\"ez-toc-section-end\"><\/span><\/h2>\r\n\r\n\r\n\r\n<figure><img decoding=\"async\" class=\"attachment-full size-full\" src=\"https:\/\/toukiela.com\/wp-content\/uploads\/2022\/06\/Pourquoi-il-ne-faut-pas-dire-Asperger-.png\" sizes=\"(max-width: 770px) 100vw, 770px\" srcset=\"https:\/\/i0.wp.com\/toukiela.com\/wp-content\/uploads\/2022\/06\/Pourquoi-il-ne-faut-pas-dire-Asperger-.png?w=770&amp;ssl=1 770w, https:\/\/i0.wp.com\/toukiela.com\/wp-content\/uploads\/2022\/06\/Pourquoi-il-ne-faut-pas-dire-Asperger-.png?resize=300%2C300&amp;ssl=1 300w, https:\/\/i0.wp.com\/toukiela.com\/wp-content\/uploads\/2022\/06\/Pourquoi-il-ne-faut-pas-dire-Asperger-.png?resize=150%2C150&amp;ssl=1 150w, https:\/\/i0.wp.com\/toukiela.com\/wp-content\/uploads\/2022\/06\/Pourquoi-il-ne-faut-pas-dire-Asperger-.png?resize=768%2C768&amp;ssl=1 768w, https:\/\/i0.wp.com\/toukiela.com\/wp-content\/uploads\/2022\/06\/Pourquoi-il-ne-faut-pas-dire-Asperger-.png?resize=12%2C12&amp;ssl=1 12w, https:\/\/i0.wp.com\/toukiela.com\/wp-content\/uploads\/2022\/06\/Pourquoi-il-ne-faut-pas-dire-Asperger-.png?resize=50%2C50&amp;ssl=1 50w, https:\/\/i0.wp.com\/toukiela.com\/wp-content\/uploads\/2022\/06\/Pourquoi-il-ne-faut-pas-dire-Asperger-.png?resize=480%2C480&amp;ssl=1 480w\" alt=\"Pourquoi il ne faut pas dire Asperger ?\" width=\"770\" height=\"770\"><\/figure>\r\n\r\n\r\n\r\n<p>Diagnostic du Syndrome d\u2019Asperger Par ailleurs, le terme Syndrome d\u2019Asperger n\u2019est plus utilis\u00e9 depuis la publication du DSM-5 en 2013, car ce dernier est impliqu\u00e9 dans les troubles du spectre autistique (TSA) et ses sp\u00e9cificit\u00e9s sont pr\u00e9cis\u00e9es par un cahier des charges.<\/p>\r\n\r\n\r\n\r\n<p>Pourquoi ne dit-on plus Syndrome d\u2019Asperger ? Dans le pass\u00e9, la classification \u00ab\u00a0Asperger\u00a0\u00bb faisait r\u00e9f\u00e9rence aux personnes autistes sans d\u00e9ficience intellectuelle. Mais cette d\u00e9nomination n\u2019\u00e9tait pas claire, car la plupart des gens \u00e9taient enclins \u00e0 prendre Aspies (abr\u00e9viation d\u2019Asperger) comme un g\u00e9nie, ce qui est loin de la r\u00e9alit\u00e9.<\/p>\r\n\r\n\r\n\r\n<h3 class=\"wp-block-heading\"><span class=\"ez-toc-section\" id=\"Est-ce_que_les_Asperger_peut_mentir\"><\/span>Est-ce que les Asperger peut mentir ?<span class=\"ez-toc-section-end\"><\/span><\/h3>\r\n\r\n\r\n\r\n<p>Et il ne faut pas se forcer \u00e0 les appr\u00e9cier. \u00ab\u00a0Les Aspergers ont de tr\u00e8s belles personnalit\u00e9s. Ils sont g\u00e9n\u00e9reux, sans filtres ; ils ne savent pas mentir.<\/p>\r\n\r\n\r\n\r\n<h4 class=\"wp-block-heading\"><span class=\"ez-toc-section\" id=\"Comment_pense_un_Asperger_adulte\"><\/span>Comment pense un Asperger adulte ?<span class=\"ez-toc-section-end\"><\/span><\/h4>\r\n\r\n\r\n\r\n<p>Il peut aussi interroger sans fin une personne sur les voitures sans se rendre compte que ce sujet de conversation l\u2019ennuie le plus, etc. Il peut souvent para\u00eetre impudent, impulsif ou t\u00e9m\u00e9raire simplement parce qu\u2019il ne peut pas lire les pens\u00e9es des autres, comprendre leurs sentiments.<\/p>\r\n\r\n\r\n\r\n<h4 class=\"wp-block-heading\"><span class=\"ez-toc-section\" id=\"Comment_pense_un_autiste_Asperger\"><\/span>Comment pense un autiste Asperger ?<span class=\"ez-toc-section-end\"><\/span><\/h4>\r\n\r\n\r\n\r\n<p>Une personne Asperger a du mal \u00e0 se faire des amis car il est difficile de comprendre les r\u00e8gles qu\u2019on s\u2019impose en soci\u00e9t\u00e9 sans les \u00e9noncer du tout. Elle aura \u00e9galement du mal \u00e0 comprendre tout ce qu\u2019elle essaie de dire parce qu\u2019elle essaie d\u2019attribuer ses pens\u00e9es aux autres.<\/p>\r\n\r\n\r\n\r\n<h3 class=\"wp-block-heading\"><span class=\"ez-toc-section\" id=\"Pourquoi_Devient-on_Asperger\"><\/span>Pourquoi Devient-on Asperger ?<span class=\"ez-toc-section-end\"><\/span><\/h3>\r\n\r\n\r\n\r\n<p>Les causes du syndrome d\u2019Asperger sont principalement g\u00e9n\u00e9tiques. La recherche neurologique a r\u00e9v\u00e9l\u00e9 des particularit\u00e9s dans le fonctionnement du cerveau, \u00e0 l\u2019origine des troubles s\u00e9lectifs de l\u2019empathie. Une fois le diagnostic pos\u00e9, un accompagnement multidisciplinaire peut \u00eatre propos\u00e9.<\/p>\r\n\r\n\r\n\r\n<h4 class=\"wp-block-heading\"><span class=\"ez-toc-section\" id=\"Pourquoi_Est-on_autiste_Asperger\"><\/span>Pourquoi Est-on autiste Asperger ?<span class=\"ez-toc-section-end\"><\/span><\/h4>\r\n\r\n\r\n\r\n<p>Le syndrome d\u2019Asperger est un trouble neurologique envahissant du d\u00e9veloppement (TED) d\u2019origine g\u00e9n\u00e9tique. Il appartient \u00e0 la cat\u00e9gorie de l\u2019autisme ou des troubles du spectre autistique. Le syndrome d\u2019Asperger n\u2019implique pas de d\u00e9ficience intellectuelle ni de retard d\u2019\u00e9locution.<\/p>\r\n\r\n\r\n\r\n<h4 class=\"wp-block-heading\"><span class=\"ez-toc-section\" id=\"Est-ce_que_le_syndrome_dAsperger_se_soigne\"><\/span>Est-ce que le syndrome d\u2019Asperger se soigne ?<span class=\"ez-toc-section-end\"><\/span><\/h4>\r\n\r\n\r\n\r\n<p>Les personnes diagnostiqu\u00e9es avec le \u00absyndrome d\u2019Asperger\u00bb ne dispara\u00eetront bien s\u00fbr pas. Il n\u2019y a pas de rem\u00e8de pour l\u2019autisme. Mais l\u2019OMS va revoir sa classification selon le DSM 5 (Manuel de diagnostic des troubles mentaux), dans lequel le terme \u00ab\u00a0syndrome d\u2019Asperger\u00a0\u00bb n\u2019appara\u00eet plus.<\/p>\r\n\r\n\r\n\r\n<h3 class=\"wp-block-heading\"><span class=\"ez-toc-section\" id=\"Comment_pense_un_Asperger_adulte-2\"><\/span>Comment pense un Asperger adulte ?<span class=\"ez-toc-section-end\"><\/span><\/h3>\r\n\r\n\r\n\r\n<p>Il peut aussi interroger sans fin une personne sur les voitures sans se rendre compte que ce sujet de conversation l\u2019ennuie le plus, etc. Il peut souvent para\u00eetre impudent, impulsif ou t\u00e9m\u00e9raire simplement parce qu\u2019il ne peut pas lire les pens\u00e9es des autres, comprendre leurs sentiments.<\/p>\r\n\r\n\r\n\r\n<h4 class=\"wp-block-heading\"><span class=\"ez-toc-section\" id=\"Quel_est_le_QI_dun_Asperger\"><\/span>Quel est le QI d\u2019un Asperger ?<span class=\"ez-toc-section-end\"><\/span><\/h4>\r\n\r\n\r\n\r\n<p>En effet, pour qu\u2019une personne soit diagnostiqu\u00e9e d\u2019autisme de haute fonction ou syndrome d\u2019Asperger, il faut, en plus des crit\u00e8res habituellement \u00e9tablis pour le diagnostic d\u2019autisme, que son QI (Q.I.) soit sup\u00e9rieur \u00e0 70.<\/p>\r\n\r\n\r\n\r\n<h4 class=\"wp-block-heading\"><span class=\"ez-toc-section\" id=\"Comment_calmer_un_adulte_Asperger\"><\/span>Comment calmer un adulte Asperger ?<span class=\"ez-toc-section-end\"><\/span><\/h4>\r\n\r\n\r\n\r\n<p>Mieux g\u00e9rer les probl\u00e8mes de comportement. Vous savez quelles activit\u00e9s vous calment : faire une activit\u00e9 relaxante (musique, auto-massage, exercices de respiration, etc.), sortir au grand air pour vous isoler un peu, prendre un moment pour une activit\u00e9 qui correspond \u00e0 vos centres d\u2019int\u00e9r\u00eat, etc. .<\/p>\r\n\r\n\r\n\r\n<h2 class=\"wp-block-heading\"><span class=\"ez-toc-section\" id=\"Quel_avenir_pour_un_autiste_leger-3\"><\/span>Quel avenir pour un autiste l\u00e9ger ?<span class=\"ez-toc-section-end\"><\/span><\/h2>\r\n\r\n\r\n\r\n<figure><img decoding=\"async\" class=\"attachment-full size-full\" src=\"https:\/\/toukiela.com\/wp-content\/uploads\/2022\/06\/Quel-avenir-pour-un-autiste-leger-1-1.png\" sizes=\"(max-width: 2208px) 100vw, 2208px\" srcset=\"https:\/\/i0.wp.com\/toukiela.com\/wp-content\/uploads\/2022\/06\/Quel-avenir-pour-un-autiste-leger-1-1.png?w=2208&amp;ssl=1 2208w, https:\/\/i0.wp.com\/toukiela.com\/wp-content\/uploads\/2022\/06\/Quel-avenir-pour-un-autiste-leger-1-1.png?resize=300%2C150&amp;ssl=1 300w, https:\/\/i0.wp.com\/toukiela.com\/wp-content\/uploads\/2022\/06\/Quel-avenir-pour-un-autiste-leger-1-1.png?resize=1024%2C512&amp;ssl=1 1024w, https:\/\/i0.wp.com\/toukiela.com\/wp-content\/uploads\/2022\/06\/Quel-avenir-pour-un-autiste-leger-1-1.png?resize=768%2C384&amp;ssl=1 768w, https:\/\/i0.wp.com\/toukiela.com\/wp-content\/uploads\/2022\/06\/Quel-avenir-pour-un-autiste-leger-1-1.png?resize=1536%2C768&amp;ssl=1 1536w, https:\/\/i0.wp.com\/toukiela.com\/wp-content\/uploads\/2022\/06\/Quel-avenir-pour-un-autiste-leger-1-1.png?resize=2048%2C1024&amp;ssl=1 2048w, https:\/\/i0.wp.com\/toukiela.com\/wp-content\/uploads\/2022\/06\/Quel-avenir-pour-un-autiste-leger-1-1.png?resize=18%2C9&amp;ssl=1 18w, https:\/\/i0.wp.com\/toukiela.com\/wp-content\/uploads\/2022\/06\/Quel-avenir-pour-un-autiste-leger-1-1.png?resize=50%2C25&amp;ssl=1 50w, https:\/\/i0.wp.com\/toukiela.com\/wp-content\/uploads\/2022\/06\/Quel-avenir-pour-un-autiste-leger-1-1.png?resize=1080%2C540&amp;ssl=1 1080w, https:\/\/i0.wp.com\/toukiela.com\/wp-content\/uploads\/2022\/06\/Quel-avenir-pour-un-autiste-leger-1-1.png?resize=1280%2C640&amp;ssl=1 1280w, https:\/\/i0.wp.com\/toukiela.com\/wp-content\/uploads\/2022\/06\/Quel-avenir-pour-un-autiste-leger-1-1.png?resize=980%2C490&amp;ssl=1 980w, https:\/\/i0.wp.com\/toukiela.com\/wp-content\/uploads\/2022\/06\/Quel-avenir-pour-un-autiste-leger-1-1.png?resize=480%2C240&amp;ssl=1 480w\" alt=\"Quel avenir pour un autiste l\u00e9ger ?\" width=\"2208\" height=\"1104\"><\/figure>\r\n\r\n\r\n\r\n<p>De nombreuses opportunit\u00e9s s\u2019offrent alors \u00e0 eux dans ce domaine. Les personnes autistes deviennent ainsi v\u00e9t\u00e9rinaires, \u00e9leveurs ou gu\u00e9risseurs. Ils peuvent s\u2019entra\u00eener dans un zoo ou un centre \u00e9questre, par exemple.<\/p>\r\n\r\n\r\n\r\n<p>Une personne autiste peut-elle avoir une vie normale ? Selon l\u2019\u00e9tat actuel de la science, il n\u2019y a pas de rem\u00e8de pour l\u2019autisme. Cependant, de grands progr\u00e8s peuvent \u00eatre r\u00e9alis\u00e9s gr\u00e2ce \u00e0 un accompagnement pr\u00e9coce et sur-mesure de type \u00ab p\u00e9dagogie socio-\u00e9ducative et structur\u00e9e \u00bb, quels que soient l\u2019\u00e2ge et le niveau de la personne.<\/p>\r\n\r\n\r\n\r\n<h3 class=\"wp-block-heading\"><span class=\"ez-toc-section\" id=\"Est-ce_que_lautisme_peut_saggraver\"><\/span>Est-ce que l\u2019autisme peut s\u2019aggraver ?<span class=\"ez-toc-section-end\"><\/span><\/h3>\r\n\r\n\r\n\r\n<p>La situation des adultes autistes est en constante \u00e9volution ; cela peut s\u2019am\u00e9liorer ou s\u2019aggraver au cours d\u2019une vie.<\/p>\r\n\r\n\r\n\r\n<h4 class=\"wp-block-heading\"><span class=\"ez-toc-section\" id=\"Quelle_est_la_forme_dautisme_la_plus_grave\"><\/span>Quelle est la forme d\u2019autisme la plus grave ?<span class=\"ez-toc-section-end\"><\/span><\/h4>\r\n\r\n\r\n\r\n<p>L\u2019autisme de Kanner, ou autisme infantile, commence dans la petite enfance et est une forme s\u00e9v\u00e8re d\u2019autisme. Les premiers sympt\u00f4mes apparaissent avant la troisi\u00e8me ann\u00e9e.<\/p>\r\n\r\n\r\n\r\n<h4 class=\"wp-block-heading\"><span class=\"ez-toc-section\" id=\"Comment_vieillissent_les_autistes\"><\/span>Comment vieillissent les autistes ?<span class=\"ez-toc-section-end\"><\/span><\/h4>\r\n\r\n\r\n\r\n<p>Les personnes autistes vieillissent tout autant que leurs parents et soignants. En cela ce sont vraiment nos camarades ! Cependant, leur mode d\u2019existence colore leur \u00e9volution au fil des ann\u00e9es de la vie.<\/p>\r\n\r\n\r\n\r\n<h3 class=\"wp-block-heading\"><span class=\"ez-toc-section\" id=\"Est-ce_que_les_autistes_vivent_longtemps\"><\/span>Est-ce que les autistes vivent longtemps ?<span class=\"ez-toc-section-end\"><\/span><\/h3>\r\n\r\n\r\n\r\n<p>Les personnes atteintes de troubles du spectre autistique (TSA) ont une esp\u00e9rance de vie raccourcie d\u2019environ seize \u00e0 dix-huit ans par rapport \u00e0 la population g\u00e9n\u00e9rale, soit une r\u00e9duction de 30 ans pour les personnes autistes ayant des troubles d\u2019apprentissage.<\/p>\r\n\r\n\r\n\r\n<h4 class=\"wp-block-heading\"><span class=\"ez-toc-section\" id=\"Comment_vieillissent_les_autistes-2\"><\/span>Comment vieillissent les autistes ?<span class=\"ez-toc-section-end\"><\/span><\/h4>\r\n\r\n\r\n\r\n<p>Les personnes autistes vieillissent tout autant que leurs parents et soignants. En cela ce sont vraiment nos camarades ! Cependant, leur mode d\u2019existence colore leur \u00e9volution au fil des ann\u00e9es de la vie.<\/p>\r\n\r\n\r\n\r\n<h4 class=\"wp-block-heading\"><span class=\"ez-toc-section\" id=\"Est-ce_quun_autiste_peut_vivre_seul\"><\/span>Est-ce qu\u2019un autiste peut vivre seul ?<span class=\"ez-toc-section-end\"><\/span><\/h4>\r\n\r\n\r\n\r\n<p>Les moments de solitude chez les personnes autistes leur permettent aussi de retrouver leur \u00e9nergie et de moins chercher leurs sens qui peuvent \u00eatre mis \u00e0 rude \u00e9preuve d\u00e8s qu\u2019il y a un groupe de personnes. Traduction libre : Seul l\u2019enfant n\u2019a pas de d\u00e9ficit qualitatif dans les interactions sociales.<\/p>\r\n\r\n\r\n\r\n<h3 class=\"wp-block-heading\"><span class=\"ez-toc-section\" id=\"Comment_se_comporter_avec_un_autisme_leger\"><\/span>Comment se comporter avec un autisme l\u00e9ger ?<span class=\"ez-toc-section-end\"><\/span><\/h3>\r\n\r\n\r\n\r\n<p>Il sera \u00e9galement important d\u2019\u00eatre prudent et pr\u00e9venant. Si possible, demandez \u00e0 votre enfant de vous dire ce qui ne va pas. Laissez-le trouver les mots. Dans le cas o\u00f9 l\u2019enfant est non verbal, demandez-lui de vous montrer ce qui ne va pas ou ce qui le d\u00e9range.<\/p>\r\n\r\n\r\n\r\n<h4 class=\"wp-block-heading\"><span class=\"ez-toc-section\" id=\"Comment_se_comporter_avec_une_personne_autiste\"><\/span>Comment se comporter avec une personne autiste ?<span class=\"ez-toc-section-end\"><\/span><\/h4>\r\n\r\n\r\n\r\n<p>\u00c9levez-vous au niveau d\u2019une personne autiste et communiquez face \u00e0 face. Attendez qu\u2019il soit disponible avant de lui parler. Parlez lentement et explicitement. \u00c9vitez les instructions multiples qui regroupent plusieurs t\u00e2ches.<\/p>\r\n\r\n\r\n\r\n<h4 class=\"wp-block-heading\"><span class=\"ez-toc-section\" id=\"Est-ce_que_les_autistes_parlent\"><\/span>Est-ce que les autistes parlent ?<span class=\"ez-toc-section-end\"><\/span><\/h4>\r\n\r\n\r\n\r\n<p>Peut-\u00eatre qu\u2019il ne sait pas parler, peut-\u00eatre qu\u2019il parlait la langue, mais il ne l\u2019utilise pas pour communiquer avec les autres, il peut savoir parler et communiquer, mais pas toujours de mani\u00e8re appropri\u00e9e. L\u2019\u00e9cholalie est l\u2019un des troubles du langage assez courants chez les enfants autistes.<\/p>\r\n\r\n\r\n\r\n<h2 class=\"wp-block-heading\"><span class=\"ez-toc-section\" id=\"Quelle_est_la_forme_dautisme_la_plus_grave-2\"><\/span>Quelle est la forme d\u2019autisme la plus grave ?<span class=\"ez-toc-section-end\"><\/span><\/h2>\r\n\r\n\r\n\r\n<figure><img decoding=\"async\" class=\"attachment-full size-full\" src=\"https:\/\/toukiela.com\/wp-content\/uploads\/2022\/06\/Quelle-est-la-forme-dautisme-la-plus-grave-.jpeg\" sizes=\"(max-width: 680px) 100vw, 680px\" srcset=\"https:\/\/i0.wp.com\/toukiela.com\/wp-content\/uploads\/2022\/06\/Quelle-est-la-forme-dautisme-la-plus-grave-.jpeg?w=680&amp;ssl=1 680w, https:\/\/i0.wp.com\/toukiela.com\/wp-content\/uploads\/2022\/06\/Quelle-est-la-forme-dautisme-la-plus-grave-.jpeg?resize=300%2C200&amp;ssl=1 300w, https:\/\/i0.wp.com\/toukiela.com\/wp-content\/uploads\/2022\/06\/Quelle-est-la-forme-dautisme-la-plus-grave-.jpeg?resize=18%2C12&amp;ssl=1 18w, https:\/\/i0.wp.com\/toukiela.com\/wp-content\/uploads\/2022\/06\/Quelle-est-la-forme-dautisme-la-plus-grave-.jpeg?resize=50%2C33&amp;ssl=1 50w, https:\/\/i0.wp.com\/toukiela.com\/wp-content\/uploads\/2022\/06\/Quelle-est-la-forme-dautisme-la-plus-grave-.jpeg?resize=480%2C320&amp;ssl=1 480w\" alt=\"Quelle est la forme d'autisme la plus grave ?\" width=\"680\" height=\"453\"><\/figure>\r\n\r\n\r\n\r\n<p>L\u2019autisme de Kanner, ou autisme infantile, commence dans la petite enfance et est une forme s\u00e9v\u00e8re d\u2019autisme. Les premiers sympt\u00f4mes apparaissent avant la troisi\u00e8me ann\u00e9e.<\/p>\r\n\r\n\r\n\r\n<p>Quelle est la diff\u00e9rence entre l\u2019autisme et la maladie d\u2019Asperger ? La seule chose qui distingue clairement l\u2019autisme de haut niveau et le syndrome d\u2019Asperger est l\u2019\u00e2ge d\u2019apparition de la parole. Bien s\u00fbr, l\u2019apparition pr\u00e9coce du langage chez les enfants Asperger leur donne un d\u00e9veloppement diff\u00e9rent des enfants autistes hautement fonctionnels.<\/p>\r\n\r\n\r\n\r\n<h3 class=\"wp-block-heading\"><span class=\"ez-toc-section\" id=\"Quels_sont_les_differents_degres_de_lautisme\"><\/span>Quels sont les diff\u00e9rents degr\u00e9s de l\u2019autisme ?<span class=\"ez-toc-section-end\"><\/span><\/h3>\r\n\r\n\r\n\r\n<p>Dans le DSM-4, l\u2019autisme est class\u00e9 sous la rubrique TED et est divis\u00e9 en plusieurs cat\u00e9gories\u00a0: trouble autistique (autisme classique ou Kanner), syndrome d\u2019Asperger, TED non sp\u00e9cifique, syndrome de Rett et d\u00e9sint\u00e9gration de l\u2019enfance.<\/p>\r\n\r\n\r\n\r\n<h4 class=\"wp-block-heading\"><span class=\"ez-toc-section\" id=\"Cest_quoi_autiste_leger\"><\/span>C\u2019est quoi autiste l\u00e9ger ?<span class=\"ez-toc-section-end\"><\/span><\/h4>\r\n\r\n\r\n\r\n<p>Difficult\u00e9 \u00e0 \u00e9tablir des relations avec les autres et \u00e0 interagir avec son environnement. Les jeunes atteints d\u2019autisme l\u00e9ger peuvent s\u2019int\u00e9resser aux autres, mais ne savent peut-\u00eatre pas comment leur parler ou jouer avec eux. Il leur est tr\u00e8s difficile d\u2019entamer une conversation et de la tenir.<\/p>\r\n\r\n\r\n\r\n<h3 class=\"wp-block-heading\"><span class=\"ez-toc-section\" id=\"Quel_est_lautisme_le_plus_grave\"><\/span>Quel est l\u2019autisme le plus grave ?<span class=\"ez-toc-section-end\"><\/span><\/h3>\r\n\r\n\r\n\r\n<p>L\u2019autisme de Kanner, \u00e9galement appel\u00e9 autisme infantile, est une forme d\u2019autisme s\u00e9v\u00e8re. Les troubles \u00e9vidents que les gens pr\u00e9sentent sont diff\u00e9rents du syndrome d\u2019Asperger.<\/p>\r\n\r\n\r\n\r\n<h4 class=\"wp-block-heading\"><span class=\"ez-toc-section\" id=\"Quels_sont_les_differents_stades_de_lautisme\"><\/span>Quels sont les diff\u00e9rents stades de l\u2019autisme ?<span class=\"ez-toc-section-end\"><\/span><\/h4>\r\n\r\n\r\n\r\n<p>Les troubles du spectre autistique (TSA) peuvent \u00eatre divis\u00e9s en deux cat\u00e9gories : l\u2019autisme avec d\u00e9ficience intellectuelle et l\u2019autisme sans d\u00e9ficience intellectuelle. L\u2019expression du trouble, le moment du diagnostic ainsi que les possibilit\u00e9s d\u2019insertion sont diff\u00e9rents.<\/p>\r\n\r\n\r\n\r\n<h4 class=\"wp-block-heading\"><span class=\"ez-toc-section\" id=\"Est-ce_que_lautisme_saggrave\"><\/span>Est-ce que l\u2019autisme s\u2019aggrave ?<span class=\"ez-toc-section-end\"><\/span><\/h4>\r\n\r\n\r\n\r\n<p>Pendant la pubert\u00e9, des exacerbations peuvent survenir pendant plusieurs ann\u00e9es, avec un retour \u00e0 l\u2019\u00e9tat ant\u00e9rieur dans la plupart des cas. Certaines personnes autistes restent lourdement handicap\u00e9es \u00e0 vie, sans acc\u00e8s au langage, tandis que d\u2019autres d\u00e9veloppent une autonomie personnelle et une int\u00e9gration relativement adapt\u00e9e.<\/p>\r\n\r\n\r\n\r\n<h2 class=\"wp-block-heading\"><span class=\"ez-toc-section\" id=\"Est-ce_que_les_autistes_pleurent-2\"><\/span>Est-ce que les autistes pleurent ?<span class=\"ez-toc-section-end\"><\/span><\/h2>\r\n\r\n\r\n\r\n<p>L\u2019enfant peut alors s\u2019exprimer de mani\u00e8re tr\u00e8s vive : anxi\u00e9t\u00e9, pleurs, larmes, agressivit\u00e9 envers les autres ou envers lui-m\u00eame, \u00e9vitement de la situation, repli sur soi, etc.<\/p>\r\n\r\n\r\n\r\n<p>Pourquoi un enfant autiste pleure-t-il ? Manifestations de stress chez les enfants autistes Ces crises, souvent assimil\u00e9es \u00e0 des caprices, sont en r\u00e9alit\u00e9 le r\u00e9sultat d\u2019une accumulation de stress et de frustration qui ne peuvent s\u2019exprimer autrement. L\u2019enfant peut alors s\u2019isoler, pleurer, crier, faire preuve d\u2019agressivit\u00e9, voire s\u2019automutiler.<\/p>\r\n\r\n\r\n\r\n<h3 class=\"wp-block-heading\"><span class=\"ez-toc-section\" id=\"Est-ce_quun_bebe_autiste_rigole\"><\/span>Est-ce qu\u2019un b\u00e9b\u00e9 autiste rigole ?<span class=\"ez-toc-section-end\"><\/span><\/h3>\r\n\r\n\r\n\r\n<p>Les parents peuvent avoir le sentiment que quelque chose ne va pas : le b\u00e9b\u00e9 est trop calme ou, au contraire, trop excit\u00e9. Le b\u00e9b\u00e9 ne sourit pas, ou juste doucement. Il peut avoir une apparence floue, qui ne suit pas ou ne corrige pas, ou pr\u00e9sente un strabisme. Il \u00e9met tr\u00e8s peu de vocalises.<\/p>\r\n\r\n\r\n\r\n<h4 class=\"wp-block-heading\"><span class=\"ez-toc-section\" id=\"Est-ce_quun_enfant_autiste_joue\"><\/span>Est-ce qu\u2019un enfant autiste joue ?<span class=\"ez-toc-section-end\"><\/span><\/h4>\r\n\r\n\r\n\r\n<p>Les enfants autistes ne jouent pas comme les autres enfants. On ne peut cependant pas parler du comportement autistique typique du jeu. Certains d\u2019entre eux n\u2019ont pas de fantasmes et d\u2019imagination, tandis que d\u2019autres, au contraire, jouent un r\u00f4le (prince, par exemple) dont il est difficile de se d\u00e9barrasser.<\/p>\r\n\r\n\r\n\r\n<h4 class=\"wp-block-heading\"><span class=\"ez-toc-section\" id=\"Est-ce_quun_bebe_autiste_sourit-3\"><\/span>Est-ce qu\u2019un b\u00e9b\u00e9 autiste sourit ?<span class=\"ez-toc-section-end\"><\/span><\/h4>\r\n\r\n\r\n\r\n<p>Non autoris\u00e9, ou tr\u00e8s peu (3 mois). Il semble avoir un regard vague ou d\u00e9cal\u00e9 qui ne suit ni ne d\u00e9visage. Il semble avoir un d\u00e9faut de posture (le b\u00e9b\u00e9 est trop mou ou trop raide) et ne dit pas grand-chose.<\/p>\r\n\r\n\r\n\r\n<h3 class=\"wp-block-heading\"><span class=\"ez-toc-section\" id=\"Est-ce_quun_bebe_autiste_pleure\"><\/span>Est-ce qu\u2019un b\u00e9b\u00e9 autiste pleure ?<span class=\"ez-toc-section-end\"><\/span><\/h3>\r\n\r\n\r\n\r\n<p>Ces observations ne sont possibles que lorsque les pleurs sont provoqu\u00e9s par la douleur. Lorsque les enfants de l\u2019\u00e9tude ont eu trois ans, trois se sont r\u00e9v\u00e9l\u00e9s autistes : ils ont pleur\u00e9 le plus fort.<\/p>\r\n\r\n\r\n\r\n<h4 class=\"wp-block-heading\"><span class=\"ez-toc-section\" id=\"Comment_savoir_si_mon_bebe_est_autiste\"><\/span>Comment savoir si mon b\u00e9b\u00e9 est autiste ?<span class=\"ez-toc-section-end\"><\/span><\/h4>\r\n\r\n\r\n\r\n<p>Non autoris\u00e9, ou tr\u00e8s peu (3 mois). Il semble avoir un regard vague ou d\u00e9cal\u00e9 qui ne suit ni ne d\u00e9visage. Il semble avoir un d\u00e9faut de posture (le b\u00e9b\u00e9 est trop mou ou trop raide) et ne dit pas grand-chose. Entre 6 et 12 mois : Votre enfant ne r\u00e9pond pas \u00e0 votre nom.<\/p>\r\n\r\n\r\n\r\n<h4 class=\"wp-block-heading\"><span class=\"ez-toc-section\" id=\"Est-ce_quun_bebe_autiste_sourit-4\"><\/span>Est-ce qu\u2019un b\u00e9b\u00e9 autiste sourit ?<span class=\"ez-toc-section-end\"><\/span><\/h4>\r\n\r\n\r\n\r\n<p>Le b\u00e9b\u00e9 ne sourit pas, ou juste doucement. Il peut avoir une apparence floue, qui ne suit pas ou ne corrige pas, ou pr\u00e9sente un strabisme. Il \u00e9met tr\u00e8s peu de vocalises.<\/p>\r\n\r\n\r\n\r\n<h3 class=\"wp-block-heading\"><span class=\"ez-toc-section\" id=\"Est-ce_que_les_autistes_ont_des_sentiments\"><\/span>Est-ce que les autistes ont des sentiments ?<span class=\"ez-toc-section-end\"><\/span><\/h3>\r\n\r\n\r\n\r\n<p>Les personnes autistes ont des sentiments, mais leur monde \u00e9motionnel ressemble un peu au n\u00f4tre. Ils ont besoin d\u2019enseignement et d\u2019accompagnement pour apprendre \u00e0 \u00eatre touch\u00e9s par un monde qu\u2019ils per\u00e7oivent comme incoh\u00e9rent et confus.<\/p>\r\n\r\n\r\n\r\n<h4 class=\"wp-block-heading\"><span class=\"ez-toc-section\" id=\"Est-ce_que_les_autistes_ont_de_lempathie\"><\/span>Est-ce que les autistes ont de l\u2019empathie ?<span class=\"ez-toc-section-end\"><\/span><\/h4>\r\n\r\n\r\n\r\n<p>Ce dernier a conclu que les troubles du spectre autistique (TSA) sont associ\u00e9s \u00e0 une empathie normale. Il ajoute m\u00eame qu\u2019une personne autiste aurait une forte tendance \u00e0 \u00e9viter ce qui pourrait blesser une autre personne.<\/p>\r\n\r\n\r\n\r\n<h4 class=\"wp-block-heading\"><span class=\"ez-toc-section\" id=\"Pourquoi_un_autiste_tape\"><\/span>Pourquoi un autiste tape ?<span class=\"ez-toc-section-end\"><\/span><\/h4>\r\n\r\n\r\n\r\n<p>Si les personnes autistes ne peuvent pas communiquer, c\u2019est parce qu\u2019elles n\u2019ont souvent pas acquis le langage verbal. Mais c\u2019est aussi parce qu\u2019ils souffrent d\u2019un manque d\u2019\u00e9laboration et de d\u00e9codage aussi bien du langage que des autres formes de communication : gestes, regards, comportements, postures, etc\u2026.<\/p>\r\n\r\n<p><script type=\"application\/ld+json\">{\"@context\":\"https:\/\/schema.org\",\"@type\":\"FAQPage\",\"mainEntity\":[{\"@type\":\"Question\",\"name\":\"Quel est le comportement d'un autiste ?\",\"acceptedAnswer\":{\"@type\":\"Answer\",\"text\":\"Un enfant autiste peut adopter des comportements et des mouvements inappropri&eacute;s avec par exemple des gestes st&eacute;r&eacute;otyp&eacute;s (agiter la main, sauter, se balancer, etc.). Lorsqu'il s'agit de jouer, il pr&eacute;f&egrave;re souvent aligner ses jouets plut&ocirc;t que de participer &agrave; des jeux de r&ocirc;le ou &agrave; des jeux d'imitation de son &acirc;ge.Quels sont les premiers signes de l'autisme ? La d&eacute;tection des premiers troubles autistiques chez l'enfant survient souvent avant ses 3 ans.... Langageabsence de bavardage &agrave; partir de 12 mois ;absence de mots &agrave; partir de 18 mois ;association de mots absente &agrave; partir de 24 mois ;langage dysfonctionnel;perte du langage quel que soit l'&acirc;ge.\"}},{\"@type\":\"Question\",\"name\":\"Quel est le comportement d'un autiste ?\",\"acceptedAnswer\":{\"@type\":\"Answer\",\"text\":\"Un enfant autiste peut adopter des comportements et des mouvements inappropri&eacute;s avec par exemple des gestes st&eacute;r&eacute;otyp&eacute;s (tapoter, sauter, se balancer, etc.). Lorsqu'il s'agit de jouer, il pr&eacute;f&egrave;re souvent aligner ses jouets plut&ocirc;t que de participer &agrave; des jeux de r&ocirc;le ou &agrave; des jeux d'imitation de son &acirc;ge.L'autisme est-il une maladie ? L'autisme n'est pas une maladie, c'est un trouble du d&eacute;veloppement d'origine neurologique. L'autisme se manifeste principalement par une interaction sociale et une communication alt&eacute;r&eacute;es et par des int&eacute;r&ecirc;ts limit&eacute;s et r&eacute;p&eacute;titifs.\"}},{\"@type\":\"Question\",\"name\":\"Pourquoi il ne faut pas dire Asperger ?\",\"acceptedAnswer\":{\"@type\":\"Answer\",\"text\":\"Diagnostic du Syndrome d'Asperger Par ailleurs, le terme Syndrome d'Asperger n'est plus utilis&eacute; depuis la publication du DSM-5 en 2013, car ce dernier est impliqu&eacute; dans les troubles du spectre autistique (TSA) et ses sp&eacute;cificit&eacute;s sont pr&eacute;cis&eacute;es par un cahier des charges.Pourquoi ne dit-on plus Syndrome d'Asperger ? Dans le pass&eacute;, la classification \\\"Asperger\\\" faisait r&eacute;f&eacute;rence aux personnes autistes sans d&eacute;ficience intellectuelle. Mais cette d&eacute;nomination n'&eacute;tait pas claire, car la plupart des gens &eacute;taient enclins &agrave; prendre Aspies (abr&eacute;viation d'Asperger) comme un g&eacute;nie, ce qui est loin de la r&eacute;alit&eacute;.\"}},{\"@type\":\"Question\",\"name\":\"Quel avenir pour un autiste l&eacute;ger ?\",\"acceptedAnswer\":{\"@type\":\"Answer\",\"text\":\"De nombreuses opportunit&eacute;s s'offrent alors &agrave; eux dans ce domaine. Les personnes autistes deviennent ainsi v&eacute;t&eacute;rinaires, &eacute;leveurs ou gu&eacute;risseurs. Ils peuvent s'entra&icirc;ner dans un zoo ou un centre &eacute;questre, par exemple.Une personne autiste peut-elle avoir une vie normale ? Selon l'&eacute;tat actuel de la science, il n'y a pas de rem&egrave;de pour l'autisme. Cependant, de grands progr&egrave;s peuvent &ecirc;tre r&eacute;alis&eacute;s gr&acirc;ce &agrave; un accompagnement pr&eacute;coce et sur-mesure de type &laquo; p&eacute;dagogie socio-&eacute;ducative et structur&eacute;e &raquo;, quels que soient l'&acirc;ge et le niveau de la personne.\"}},{\"@type\":\"Question\",\"name\":\"Quelle est la forme d'autisme la plus grave ?\",\"acceptedAnswer\":{\"@type\":\"Answer\",\"text\":\"L'autisme de Kanner, ou autisme infantile, commence dans la petite enfance et est une forme s&eacute;v&egrave;re d'autisme. Les premiers sympt&ocirc;mes apparaissent avant la troisi&egrave;me ann&eacute;e.Quelle est la diff&eacute;rence entre l'autisme et la maladie d'Asperger ? La seule chose qui distingue clairement l'autisme de haut niveau et le syndrome d'Asperger est l'&acirc;ge d'apparition de la parole. Bien s&ucirc;r, l'apparition pr&eacute;coce du langage chez les enfants Asperger leur donne un d&eacute;veloppement diff&eacute;rent des enfants autistes hautement fonctionnels.\"}},{\"@type\":\"Question\",\"name\":\"Est-ce que les autistes pleurent ?\",\"acceptedAnswer\":{\"@type\":\"Answer\",\"text\":\"L'enfant peut alors s'exprimer de mani&egrave;re tr&egrave;s vive : anxi&eacute;t&eacute;, pleurs, larmes, agressivit&eacute; envers les autres ou envers lui-m&ecirc;me, &eacute;vitement de la situation, repli sur soi, etc.Pourquoi un enfant autiste pleure-t-il ? Manifestations de stress chez les enfants autistes Ces crises, souvent assimil&eacute;es &agrave; des caprices, sont en r&eacute;alit&eacute; le r&eacute;sultat d'une accumulation de stress et de frustration qui ne peuvent s'exprimer autrement. L'enfant peut alors s'isoler, pleurer, crier, faire preuve d'agressivit&eacute;, voire s'automutiler.\"}}]}<\/script><\/p>\n\n","protected":false},"excerpt":{"rendered":"","protected":false},"author":1,"featured_media":4735,"comment_status":"open","ping_status":"open","sticky":false,"template":"","format":"standard","meta":{"_seopress_robots_primary_cat":"none","_seopress_titles_title":"","_seopress_titles_desc":"","_seopress_robots_index":"","footnotes":""},"categories":[31],"tags":[244,243,247,245,246],"class_list":["post-1927","post","type-post","status-publish","format-standard","has-post-thumbnail","hentry","category-life-style","tag-asperger","tag-autisme","tag-autiste","tag-autistes","tag-syndrome","generate-columns","tablet-grid-50","mobile-grid-100","grid-parent","grid-50"],"_links":{"self":[{"href":"https:\/\/toukiela.com\/fr_be\/wp-json\/wp\/v2\/posts\/1927","targetHints":{"allow":["GET"]}}],"collection":[{"href":"https:\/\/toukiela.com\/fr_be\/wp-json\/wp\/v2\/posts"}],"about":[{"href":"https:\/\/toukiela.com\/fr_be\/wp-json\/wp\/v2\/types\/post"}],"author":[{"embeddable":true,"href":"https:\/\/toukiela.com\/fr_be\/wp-json\/wp\/v2\/users\/1"}],"replies":[{"embeddable":true,"href":"https:\/\/toukiela.com\/fr_be\/wp-json\/wp\/v2\/comments?post=1927"}],"version-history":[{"count":0,"href":"https:\/\/toukiela.com\/fr_be\/wp-json\/wp\/v2\/posts\/1927\/revisions"}],"wp:featuredmedia":[{"embeddable":true,"href":"https:\/\/toukiela.com\/fr_be\/wp-json\/wp\/v2\/media\/4735"}],"wp:attachment":[{"href":"https:\/\/toukiela.com\/fr_be\/wp-json\/wp\/v2\/media?parent=1927"}],"wp:term":[{"taxonomy":"category","embeddable":true,"href":"https:\/\/toukiela.com\/fr_be\/wp-json\/wp\/v2\/categories?post=1927"},{"taxonomy":"post_tag","embeddable":true,"href":"https:\/\/toukiela.com\/fr_be\/wp-json\/wp\/v2\/tags?post=1927"}],"curies":[{"name":"wp","href":"https:\/\/api.w.org\/{rel}","templated":true}]}}