{"id":1921,"date":"2022-06-22T00:29:37","date_gmt":"2022-06-22T00:29:37","guid":{"rendered":"https:\/\/toukiela.com\/pourquoi-tsa-et-pas-autisme-month-year\/"},"modified":"2022-07-26T21:08:18","modified_gmt":"2022-07-26T21:08:18","slug":"pourquoi-tsa-et-pas-autisme-month-year","status":"publish","type":"post","link":"https:\/\/toukiela.com\/fr_be\/pourquoi-tsa-et-pas-autisme-month-year\/","title":{"rendered":"Pourquoi TSA et pas autisme ? avril 2026"},"content":{"rendered":"<p>Probl\u00e8me : L\u2019acronyme TSA d\u00e9signe un groupe de troubles du d\u00e9veloppement qui affectent la communication et l\u2019interaction sociale<\/p>\r\n<p>Agissez : Le mois d\u2019octobre est le Mois national de sensibilisation \u00e0 l\u2019emploi des personnes handicap\u00e9es. C\u2019est le moment id\u00e9al pour en apprendre davantage sur les TSA et les d\u00e9fis auxquels sont confront\u00e9es les personnes qui vivent avec ce trouble<\/p>\r\n<p>Solution : Il existe de nombreux mythes et id\u00e9es fausses sur l\u2019autisme, mais avec les bonnes informations, nous pouvons tous travailler ensemble pour soutenir ceux qui vivent avec un TSA. Pendant le Mois national de sensibilisation \u00e0 l\u2019emploi des personnes handicap\u00e9es, sensibilisons-nous et dissipons certains de ces mythes.<\/p>\r\n<p>De nombreuses personnes atteintes de TSA peuvent mener une vie r\u00e9ussie et le font. Gr\u00e2ce \u00e0 une intervention pr\u00e9coce et \u00e0 un soutien appropri\u00e9, les personnes atteintes de TSA peuvent acqu\u00e9rir les comp\u00e9tences dont elles ont besoin pour s\u2019\u00e9panouir<\/p>\r\n<p>Il existe de nombreux mythes et id\u00e9es fausses sur l\u2019autisme. En voici quelques-uns<\/p>\r\n<p>MYTHE : L\u2019autisme est un trouble mental<\/p>\r\n<p>FAIT : L\u2019autisme n\u2019est pas un trouble mental, mais un trouble du d\u00e9veloppement qui affecte la communication et l\u2019interaction sociale<\/p>\r\n<p>MYTHE : L\u2019autisme est d\u00fb \u00e0 une mauvaise \u00e9ducation des enfants<\/p>\r\n<p>FAIT : Il n\u2019y a pas de cause unique \u00e0 l\u2019autisme. Les chercheurs pensent que des facteurs g\u00e9n\u00e9tiques et environnementaux jouent un r\u00f4le<\/p>\r\n<p>MYTHE : Les personnes autistes sont toujours socialement maladroites<\/p>\r\n<p>FAIT : Certaines personnes autistes peuvent \u00eatre socialement maladroites, mais d\u2019autres ne le sont pas. Les personnes autistes peuvent avoir des difficult\u00e9s \u00e0 comprendre les signaux sociaux, mais cela ne veut pas dire qu\u2019elles ne veulent pas interagir avec les autres<\/p>\r\n<p>MYTHE : Toutes les personnes autistes sont des g\u00e9nies<\/p>\r\n<p>FAIT : Bien que certaines personnes atteintes de TSA puissent \u00eatre des penseurs de g\u00e9nie, ce n\u2019est pas le cas de toutes. Cependant, les personnes atteintes de TSA ont souvent une intelligence sup\u00e9rieure \u00e0 la moyenne<\/p>\r\n<p>Si vous connaissez une personne atteinte de TSA, prenez le temps d\u2019en apprendre davantage sur ce trouble. Cela vous aidera \u00e0 mieux la comprendre et \u00e0 la soutenir. Si vous ne connaissez personne atteint de TSA, c\u2019est le moment id\u00e9al pour en apprendre davantage et devenir un alli\u00e9<\/p>\r\n<p>Avec les bonnes informations, nous pouvons tous travailler ensemble pour soutenir les personnes atteintes de TSA. Engageons-nous \u00e0 faire notre part en cette Journ\u00e9e nationale des personnes handicap\u00e9es<\/p>\r\n<div id=\"ez-toc-container\" class=\"ez-toc-v2_0_82_2 counter-hierarchy ez-toc-counter ez-toc-grey ez-toc-container-direction\">\n<p class=\"ez-toc-title\" style=\"cursor:inherit\">Sommaire<\/p>\n<label for=\"ez-toc-cssicon-toggle-item-69f1fc17164b5\" class=\"ez-toc-cssicon-toggle-label\"><span class=\"\"><span class=\"eztoc-hide\" style=\"display:none;\">Toggle<\/span><span class=\"ez-toc-icon-toggle-span\"><svg style=\"fill: #999;color:#999\" xmlns=\"http:\/\/www.w3.org\/2000\/svg\" class=\"list-377408\" width=\"20px\" height=\"20px\" viewBox=\"0 0 24 24\" fill=\"none\"><path d=\"M6 6H4v2h2V6zm14 0H8v2h12V6zM4 11h2v2H4v-2zm16 0H8v2h12v-2zM4 16h2v2H4v-2zm16 0H8v2h12v-2z\" fill=\"currentColor\"><\/path><\/svg><svg style=\"fill: #999;color:#999\" class=\"arrow-unsorted-368013\" xmlns=\"http:\/\/www.w3.org\/2000\/svg\" width=\"10px\" height=\"10px\" viewBox=\"0 0 24 24\" version=\"1.2\" baseProfile=\"tiny\"><path d=\"M18.2 9.3l-6.2-6.3-6.2 6.3c-.2.2-.3.4-.3.7s.1.5.3.7c.2.2.4.3.7.3h11c.3 0 .5-.1.7-.3.2-.2.3-.5.3-.7s-.1-.5-.3-.7zM5.8 14.7l6.2 6.3 6.2-6.3c.2-.2.3-.5.3-.7s-.1-.5-.3-.7c-.2-.2-.4-.3-.7-.3h-11c-.3 0-.5.1-.7.3-.2.2-.3.5-.3.7s.1.5.3.7z\"\/><\/svg><\/span><\/span><\/label><input type=\"checkbox\"  id=\"ez-toc-cssicon-toggle-item-69f1fc17164b5\"  aria-label=\"Toggle\" \/><nav><ul class='ez-toc-list ez-toc-list-level-1 ' ><li class='ez-toc-page-1 ez-toc-heading-level-2'><a class=\"ez-toc-link ez-toc-heading-1\" href=\"https:\/\/toukiela.com\/fr_be\/pourquoi-tsa-et-pas-autisme-month-year\/#Cest_quoi_lautisme_leger\" >C\u2019est quoi l\u2019autisme l\u00e9ger ?<\/a><ul class='ez-toc-list-level-3' ><li class='ez-toc-heading-level-3'><a class=\"ez-toc-link ez-toc-heading-2\" href=\"https:\/\/toukiela.com\/fr_be\/pourquoi-tsa-et-pas-autisme-month-year\/#Quels_sont_les_traits_autistiques\" >Quels sont les traits autistiques ?<\/a><ul class='ez-toc-list-level-4' ><li class='ez-toc-heading-level-4'><a class=\"ez-toc-link ez-toc-heading-3\" href=\"https:\/\/toukiela.com\/fr_be\/pourquoi-tsa-et-pas-autisme-month-year\/#Quest-ce_quun_trait_autistique\" >Qu\u2019est-ce qu\u2019un trait autistique ?<\/a><\/li><\/ul><\/li><li class='ez-toc-page-1 ez-toc-heading-level-3'><a class=\"ez-toc-link ez-toc-heading-4\" href=\"https:\/\/toukiela.com\/fr_be\/pourquoi-tsa-et-pas-autisme-month-year\/#Quel_avenir_pour_un_autiste_leger\" >Quel avenir pour un autiste l\u00e9ger ?<\/a><ul class='ez-toc-list-level-4' ><li class='ez-toc-heading-level-4'><a class=\"ez-toc-link ez-toc-heading-5\" href=\"https:\/\/toukiela.com\/fr_be\/pourquoi-tsa-et-pas-autisme-month-year\/#Est-ce_que_lautisme_peut_saggraver\" >Est-ce que l\u2019autisme peut s\u2019aggraver ?<\/a><\/li><li class='ez-toc-page-1 ez-toc-heading-level-4'><a class=\"ez-toc-link ez-toc-heading-6\" href=\"https:\/\/toukiela.com\/fr_be\/pourquoi-tsa-et-pas-autisme-month-year\/#Est-ce_que_les_autistes_vivent_longtemps\" >Est-ce que les autistes vivent longtemps ?<\/a><\/li><\/ul><\/li><\/ul><\/li><li class='ez-toc-page-1 ez-toc-heading-level-2'><a class=\"ez-toc-link ez-toc-heading-7\" href=\"https:\/\/toukiela.com\/fr_be\/pourquoi-tsa-et-pas-autisme-month-year\/#Quel_avenir_pour_un_autiste_leger-2\" >Quel avenir pour un autiste l\u00e9ger ?<\/a><ul class='ez-toc-list-level-3' ><li class='ez-toc-heading-level-3'><a class=\"ez-toc-link ez-toc-heading-8\" href=\"https:\/\/toukiela.com\/fr_be\/pourquoi-tsa-et-pas-autisme-month-year\/#Est-ce_que_lautisme_peut_saggraver-2\" >Est-ce que l\u2019autisme peut s\u2019aggraver ?<\/a><ul class='ez-toc-list-level-4' ><li class='ez-toc-heading-level-4'><a class=\"ez-toc-link ez-toc-heading-9\" href=\"https:\/\/toukiela.com\/fr_be\/pourquoi-tsa-et-pas-autisme-month-year\/#Est-ce_que_lautisme_peut_disparaitre\" >Est-ce que l\u2019autisme peut dispara\u00eetre ?<\/a><\/li><li class='ez-toc-page-1 ez-toc-heading-level-4'><a class=\"ez-toc-link ez-toc-heading-10\" href=\"https:\/\/toukiela.com\/fr_be\/pourquoi-tsa-et-pas-autisme-month-year\/#Comment_vieillissent_les_autistes\" >Comment vieillissent les autistes ?<\/a><\/li><\/ul><\/li><li class='ez-toc-page-1 ez-toc-heading-level-3'><a class=\"ez-toc-link ez-toc-heading-11\" href=\"https:\/\/toukiela.com\/fr_be\/pourquoi-tsa-et-pas-autisme-month-year\/#Est-ce_quun_autiste_peut_avoir_une_vie_normale\" >Est-ce qu\u2019un autiste peut avoir une vie normale ?<\/a><ul class='ez-toc-list-level-4' ><li class='ez-toc-heading-level-4'><a class=\"ez-toc-link ez-toc-heading-12\" href=\"https:\/\/toukiela.com\/fr_be\/pourquoi-tsa-et-pas-autisme-month-year\/#Est-ce_quun_autiste_peut_vivre_seul\" >Est-ce qu\u2019un autiste peut vivre seul ?<\/a><\/li><li class='ez-toc-page-1 ez-toc-heading-level-4'><a class=\"ez-toc-link ez-toc-heading-13\" href=\"https:\/\/toukiela.com\/fr_be\/pourquoi-tsa-et-pas-autisme-month-year\/#Comment_vit_un_autiste\" >Comment vit un autiste ?<\/a><\/li><\/ul><\/li><li class='ez-toc-page-1 ez-toc-heading-level-3'><a class=\"ez-toc-link ez-toc-heading-14\" href=\"https:\/\/toukiela.com\/fr_be\/pourquoi-tsa-et-pas-autisme-month-year\/#Comment_se_comporter_avec_un_autisme_leger\" >Comment se comporter avec un autisme l\u00e9ger ?<\/a><ul class='ez-toc-list-level-4' ><li class='ez-toc-heading-level-4'><a class=\"ez-toc-link ez-toc-heading-15\" href=\"https:\/\/toukiela.com\/fr_be\/pourquoi-tsa-et-pas-autisme-month-year\/#Comment_se_comporter_avec_une_personne_autiste\" >Comment se comporter avec une personne autiste ?<\/a><\/li><li class='ez-toc-page-1 ez-toc-heading-level-4'><a class=\"ez-toc-link ez-toc-heading-16\" href=\"https:\/\/toukiela.com\/fr_be\/pourquoi-tsa-et-pas-autisme-month-year\/#Est-ce_que_les_autistes_pleurent\" >Est-ce que les autistes pleurent ?<\/a><\/li><\/ul><\/li><\/ul><\/li><li class='ez-toc-page-1 ez-toc-heading-level-2'><a class=\"ez-toc-link ez-toc-heading-17\" href=\"https:\/\/toukiela.com\/fr_be\/pourquoi-tsa-et-pas-autisme-month-year\/#Est-ce_quun_autiste_peut_avoir_une_vie_normale-2\" >Est-ce qu\u2019un autiste peut avoir une vie normale ?<\/a><ul class='ez-toc-list-level-3' ><li class='ez-toc-heading-level-3'><a class=\"ez-toc-link ez-toc-heading-18\" href=\"https:\/\/toukiela.com\/fr_be\/pourquoi-tsa-et-pas-autisme-month-year\/#Est-ce_quun_autiste_peut_vivre_seul-2\" >Est-ce qu\u2019un autiste peut vivre seul ?<\/a><ul class='ez-toc-list-level-4' ><li class='ez-toc-heading-level-4'><a class=\"ez-toc-link ez-toc-heading-19\" href=\"https:\/\/toukiela.com\/fr_be\/pourquoi-tsa-et-pas-autisme-month-year\/#Est-ce_que_les_autistes_parlent\" >Est-ce que les autistes parlent ?<\/a><\/li><li class='ez-toc-page-1 ez-toc-heading-level-4'><a class=\"ez-toc-link ez-toc-heading-20\" href=\"https:\/\/toukiela.com\/fr_be\/pourquoi-tsa-et-pas-autisme-month-year\/#Qui_transmet_lautisme\" >Qui transmet l\u2019autisme ?<\/a><\/li><\/ul><\/li><li class='ez-toc-page-1 ez-toc-heading-level-3'><a class=\"ez-toc-link ez-toc-heading-21\" href=\"https:\/\/toukiela.com\/fr_be\/pourquoi-tsa-et-pas-autisme-month-year\/#Quelle_est_la_duree_de_vie_dun_autiste\" >Quelle est la dur\u00e9e de vie d\u2019un autiste ?<\/a><ul class='ez-toc-list-level-4' ><li class='ez-toc-heading-level-4'><a class=\"ez-toc-link ez-toc-heading-22\" href=\"https:\/\/toukiela.com\/fr_be\/pourquoi-tsa-et-pas-autisme-month-year\/#Comment_vieillissent_les_autistes-2\" >Comment vieillissent les autistes ?<\/a><\/li><li class='ez-toc-page-1 ez-toc-heading-level-4'><a class=\"ez-toc-link ez-toc-heading-23\" href=\"https:\/\/toukiela.com\/fr_be\/pourquoi-tsa-et-pas-autisme-month-year\/#Est-ce_que_lautisme_saggrave\" >Est-ce que l\u2019autisme s\u2019aggrave ?<\/a><\/li><\/ul><\/li><li class='ez-toc-page-1 ez-toc-heading-level-3'><a class=\"ez-toc-link ez-toc-heading-24\" href=\"https:\/\/toukiela.com\/fr_be\/pourquoi-tsa-et-pas-autisme-month-year\/#Est-ce_que_lautisme_peut_disparaitre-2\" >Est-ce que l\u2019autisme peut dispara\u00eetre ?<\/a><ul class='ez-toc-list-level-4' ><li class='ez-toc-heading-level-4'><a class=\"ez-toc-link ez-toc-heading-25\" href=\"https:\/\/toukiela.com\/fr_be\/pourquoi-tsa-et-pas-autisme-month-year\/#Comment_guerir_de_lautisme\" >Comment gu\u00e9rir de l\u2019autisme ?<\/a><\/li><li class='ez-toc-page-1 ez-toc-heading-level-4'><a class=\"ez-toc-link ez-toc-heading-26\" href=\"https:\/\/toukiela.com\/fr_be\/pourquoi-tsa-et-pas-autisme-month-year\/#Quel_est_le_meilleur_traitement_pour_les_autistes\" >Quel est le meilleur traitement pour les autistes ?<\/a><\/li><\/ul><\/li><\/ul><\/li><li class='ez-toc-page-1 ez-toc-heading-level-2'><a class=\"ez-toc-link ez-toc-heading-27\" href=\"https:\/\/toukiela.com\/fr_be\/pourquoi-tsa-et-pas-autisme-month-year\/#Comment_les_personnes_autistes_voient_le_monde\" >Comment les personnes autistes voient le monde ?<\/a><ul class='ez-toc-list-level-3' ><li class='ez-toc-heading-level-3'><a class=\"ez-toc-link ez-toc-heading-28\" href=\"https:\/\/toukiela.com\/fr_be\/pourquoi-tsa-et-pas-autisme-month-year\/#Comment_les_autistes_appellent_les_gens_normaux\" >Comment les autistes appellent les gens normaux ?<\/a><ul class='ez-toc-list-level-4' ><li class='ez-toc-heading-level-4'><a class=\"ez-toc-link ez-toc-heading-29\" href=\"https:\/\/toukiela.com\/fr_be\/pourquoi-tsa-et-pas-autisme-month-year\/#Comment_Appelle-t-on_un_autiste_intelligent\" >Comment Appelle-t-on un autiste intelligent ?<\/a><\/li><li class='ez-toc-page-1 ez-toc-heading-level-4'><a class=\"ez-toc-link ez-toc-heading-30\" href=\"https:\/\/toukiela.com\/fr_be\/pourquoi-tsa-et-pas-autisme-month-year\/#Pourquoi_Dit-on_Asperger\" >Pourquoi Dit-on Asperger ?<\/a><\/li><\/ul><\/li><li class='ez-toc-page-1 ez-toc-heading-level-3'><a class=\"ez-toc-link ez-toc-heading-31\" href=\"https:\/\/toukiela.com\/fr_be\/pourquoi-tsa-et-pas-autisme-month-year\/#Comment_pense_un_autiste\" >Comment pense un autiste ?<\/a><\/li><li class='ez-toc-page-1 ez-toc-heading-level-3'><a class=\"ez-toc-link ez-toc-heading-32\" href=\"https:\/\/toukiela.com\/fr_be\/pourquoi-tsa-et-pas-autisme-month-year\/#Comment_fonctionne_le_cerveau_dun_autiste\" >Comment fonctionne le cerveau d\u2019un autiste ?<\/a><ul class='ez-toc-list-level-4' ><li class='ez-toc-heading-level-4'><a class=\"ez-toc-link ez-toc-heading-33\" href=\"https:\/\/toukiela.com\/fr_be\/pourquoi-tsa-et-pas-autisme-month-year\/#Comment_fonctionne_un_autiste\" >Comment fonctionne un autiste ?<\/a><\/li><\/ul><\/li><\/ul><\/li><li class='ez-toc-page-1 ez-toc-heading-level-2'><a class=\"ez-toc-link ez-toc-heading-34\" href=\"https:\/\/toukiela.com\/fr_be\/pourquoi-tsa-et-pas-autisme-month-year\/#Quel_sont_les_chances_davoir_un_enfant_autiste\" >Quel sont les chances d\u2019avoir un enfant autiste ?<\/a><ul class='ez-toc-list-level-3' ><li class='ez-toc-heading-level-3'><a class=\"ez-toc-link ez-toc-heading-35\" href=\"https:\/\/toukiela.com\/fr_be\/pourquoi-tsa-et-pas-autisme-month-year\/#Qui_transmet_le_gene_de_lautisme\" >Qui transmet le g\u00e8ne de l\u2019autisme ?<\/a><ul class='ez-toc-list-level-4' ><li class='ez-toc-heading-level-4'><a class=\"ez-toc-link ez-toc-heading-36\" href=\"https:\/\/toukiela.com\/fr_be\/pourquoi-tsa-et-pas-autisme-month-year\/#Quel_parent_transmet_lautisme\" >Quel parent transmet l\u2019autisme ?<\/a><\/li><li class='ez-toc-page-1 ez-toc-heading-level-4'><a class=\"ez-toc-link ez-toc-heading-37\" href=\"https:\/\/toukiela.com\/fr_be\/pourquoi-tsa-et-pas-autisme-month-year\/#Quel_gene_autisme\" >Quel g\u00e8ne autisme ?<\/a><\/li><\/ul><\/li><li class='ez-toc-page-1 ez-toc-heading-level-3'><a class=\"ez-toc-link ez-toc-heading-38\" href=\"https:\/\/toukiela.com\/fr_be\/pourquoi-tsa-et-pas-autisme-month-year\/#Qui_est_le_plus_touche_par_lautisme\" >Qui est le plus touch\u00e9 par l\u2019autisme ?<\/a><ul class='ez-toc-list-level-4' ><li class='ez-toc-heading-level-4'><a class=\"ez-toc-link ez-toc-heading-39\" href=\"https:\/\/toukiela.com\/fr_be\/pourquoi-tsa-et-pas-autisme-month-year\/#Qui_est_touche_par_lautisme\" >Qui est touch\u00e9 par l\u2019autisme ?<\/a><\/li><li class='ez-toc-page-1 ez-toc-heading-level-4'><a class=\"ez-toc-link ez-toc-heading-40\" href=\"https:\/\/toukiela.com\/fr_be\/pourquoi-tsa-et-pas-autisme-month-year\/#Est-ce_que_le_nombre_dautiste_augmente\" >Est-ce que le nombre d\u2019autiste augmente ?<\/a><\/li><\/ul><\/li><li class='ez-toc-page-1 ez-toc-heading-level-3'><a class=\"ez-toc-link ez-toc-heading-41\" href=\"https:\/\/toukiela.com\/fr_be\/pourquoi-tsa-et-pas-autisme-month-year\/#Comment_eviter_lautisme_pendant_la_grossesse\" >Comment \u00e9viter l\u2019autisme pendant la grossesse ?<\/a><ul class='ez-toc-list-level-4' ><li class='ez-toc-heading-level-4'><a class=\"ez-toc-link ez-toc-heading-42\" href=\"https:\/\/toukiela.com\/fr_be\/pourquoi-tsa-et-pas-autisme-month-year\/#Comment_faire_pour_eviter_lautisme\" >Comment faire pour \u00e9viter l\u2019autisme ?<\/a><\/li><li class='ez-toc-page-1 ez-toc-heading-level-4'><a class=\"ez-toc-link ez-toc-heading-43\" href=\"https:\/\/toukiela.com\/fr_be\/pourquoi-tsa-et-pas-autisme-month-year\/#Quelle_sont_les_chances_davoir_un_enfant_autiste\" >Quelle sont les chances d\u2019avoir un enfant autiste ?<\/a><\/li><\/ul><\/li><\/ul><\/li><li class='ez-toc-page-1 ez-toc-heading-level-2'><a class=\"ez-toc-link ez-toc-heading-44\" href=\"https:\/\/toukiela.com\/fr_be\/pourquoi-tsa-et-pas-autisme-month-year\/#Est-ce_que_lautisme_Asperger_est_hereditaire\" >Est-ce que l\u2019autisme Asperger est hereditaire ?<\/a><ul class='ez-toc-list-level-3' ><li class='ez-toc-heading-level-3'><a class=\"ez-toc-link ez-toc-heading-45\" href=\"https:\/\/toukiela.com\/fr_be\/pourquoi-tsa-et-pas-autisme-month-year\/#Comment_se_transmet_le_syndrome_dAsperger\" >Comment se transmet le syndrome d\u2019Asperger ?<\/a><ul class='ez-toc-list-level-4' ><li class='ez-toc-heading-level-4'><a class=\"ez-toc-link ez-toc-heading-46\" href=\"https:\/\/toukiela.com\/fr_be\/pourquoi-tsa-et-pas-autisme-month-year\/#Quel_parent_transmet_lautisme-2\" >Quel parent transmet l\u2019autisme ?<\/a><\/li><li class='ez-toc-page-1 ez-toc-heading-level-4'><a class=\"ez-toc-link ez-toc-heading-47\" href=\"https:\/\/toukiela.com\/fr_be\/pourquoi-tsa-et-pas-autisme-month-year\/#Comment_Devient-on_Asperger\" >Comment Devient-on Asperger ?<\/a><\/li><\/ul><\/li><li class='ez-toc-page-1 ez-toc-heading-level-3'><a class=\"ez-toc-link ez-toc-heading-48\" href=\"https:\/\/toukiela.com\/fr_be\/pourquoi-tsa-et-pas-autisme-month-year\/#Quel_est_le_QI_dun_Asperger\" >Quel est le QI d\u2019un Asperger ?<\/a><ul class='ez-toc-list-level-4' ><li class='ez-toc-heading-level-4'><a class=\"ez-toc-link ez-toc-heading-49\" href=\"https:\/\/toukiela.com\/fr_be\/pourquoi-tsa-et-pas-autisme-month-year\/#Quelle_difference_entre_autisme_et_Asperger\" >Quelle diff\u00e9rence entre autisme et Asperger ?<\/a><\/li><li class='ez-toc-page-1 ez-toc-heading-level-4'><a class=\"ez-toc-link ez-toc-heading-50\" href=\"https:\/\/toukiela.com\/fr_be\/pourquoi-tsa-et-pas-autisme-month-year\/#Comment_Appelle-t-on_un_autiste_intelligent-2\" >Comment Appelle-t-on un autiste intelligent ?<\/a><\/li><\/ul><\/li><li class='ez-toc-page-1 ez-toc-heading-level-3'><a class=\"ez-toc-link ez-toc-heading-51\" href=\"https:\/\/toukiela.com\/fr_be\/pourquoi-tsa-et-pas-autisme-month-year\/#Quel_gene_autisme-2\" >Quel g\u00e8ne autisme ?<\/a><ul class='ez-toc-list-level-4' ><li class='ez-toc-heading-level-4'><a class=\"ez-toc-link ez-toc-heading-52\" href=\"https:\/\/toukiela.com\/fr_be\/pourquoi-tsa-et-pas-autisme-month-year\/#Est-ce_que_lon_nait_autiste\" >Est-ce que l\u2019on na\u00eet autiste ?<\/a><\/li><li class='ez-toc-page-1 ez-toc-heading-level-4'><a class=\"ez-toc-link ez-toc-heading-53\" href=\"https:\/\/toukiela.com\/fr_be\/pourquoi-tsa-et-pas-autisme-month-year\/#Quelle_est_la_probabilite_davoir_un_enfant_autiste\" >Quelle est la probabilit\u00e9 d\u2019avoir un enfant autiste ?<\/a><\/li><\/ul><\/li><\/ul><\/li><\/ul><\/nav><\/div>\n<h2 class=\"wp-block-heading\"><span class=\"ez-toc-section\" id=\"Cest_quoi_lautisme_leger\"><\/span>C\u2019est quoi l\u2019autisme l\u00e9ger ?<span class=\"ez-toc-section-end\"><\/span><\/h2>\r\n\r\n\r\n\r\n<figure><img decoding=\"async\" class=\"attachment-full size-full\" src=\"https:\/\/toukiela.com\/wp-content\/uploads\/2022\/06\/Cest-quoi-lautisme-leger-.jpeg\" sizes=\"(max-width: 2100px) 100vw, 2100px\" srcset=\"https:\/\/i0.wp.com\/toukiela.com\/wp-content\/uploads\/2022\/06\/Cest-quoi-lautisme-leger-.jpeg?w=2100&amp;ssl=1 2100w, https:\/\/i0.wp.com\/toukiela.com\/wp-content\/uploads\/2022\/06\/Cest-quoi-lautisme-leger-.jpeg?resize=300%2C171&amp;ssl=1 300w, https:\/\/i0.wp.com\/toukiela.com\/wp-content\/uploads\/2022\/06\/Cest-quoi-lautisme-leger-.jpeg?resize=1024%2C585&amp;ssl=1 1024w, https:\/\/i0.wp.com\/toukiela.com\/wp-content\/uploads\/2022\/06\/Cest-quoi-lautisme-leger-.jpeg?resize=768%2C439&amp;ssl=1 768w, https:\/\/i0.wp.com\/toukiela.com\/wp-content\/uploads\/2022\/06\/Cest-quoi-lautisme-leger-.jpeg?resize=1536%2C878&amp;ssl=1 1536w, https:\/\/i0.wp.com\/toukiela.com\/wp-content\/uploads\/2022\/06\/Cest-quoi-lautisme-leger-.jpeg?resize=2048%2C1170&amp;ssl=1 2048w, https:\/\/i0.wp.com\/toukiela.com\/wp-content\/uploads\/2022\/06\/Cest-quoi-lautisme-leger-.jpeg?resize=18%2C10&amp;ssl=1 18w, https:\/\/i0.wp.com\/toukiela.com\/wp-content\/uploads\/2022\/06\/Cest-quoi-lautisme-leger-.jpeg?resize=50%2C29&amp;ssl=1 50w, https:\/\/i0.wp.com\/toukiela.com\/wp-content\/uploads\/2022\/06\/Cest-quoi-lautisme-leger-.jpeg?resize=1080%2C617&amp;ssl=1 1080w, https:\/\/i0.wp.com\/toukiela.com\/wp-content\/uploads\/2022\/06\/Cest-quoi-lautisme-leger-.jpeg?resize=1280%2C731&amp;ssl=1 1280w, https:\/\/i0.wp.com\/toukiela.com\/wp-content\/uploads\/2022\/06\/Cest-quoi-lautisme-leger-.jpeg?resize=980%2C560&amp;ssl=1 980w, https:\/\/i0.wp.com\/toukiela.com\/wp-content\/uploads\/2022\/06\/Cest-quoi-lautisme-leger-.jpeg?resize=480%2C274&amp;ssl=1 480w\" alt=\"C'est quoi l'autisme l\u00e9ger ?\" width=\"2100\" height=\"1200\"><\/figure>\r\n\r\n\r\n\r\n<p>Difficult\u00e9 \u00e0 \u00e9tablir des relations avec les autres et \u00e0 interagir avec son environnement. Les jeunes atteints d\u2019autisme l\u00e9ger peuvent s\u2019int\u00e9resser aux autres, mais peuvent ne pas \u00eatre capables de leur parler ou de jouer avec eux. Il leur est tr\u00e8s difficile d\u2019entamer une conversation et de la maintenir.<\/p>\r\n\r\n\r\n\r\n<p>Comment savoir si vous souffrez d\u2019autisme l\u00e9ger ? Dans certains cas d\u2019autisme l\u00e9ger ou sans retard intellectuel, certains signes sont d\u00e9tect\u00e9s plus pr\u00e9cis\u00e9ment \u00e0 l\u2019adolescence :<\/p>\r\n\r\n\r\n\r\n<ul class=\"wp-block-list\">\r\n<li>isolation,<\/li>\r\n<li>m\u00e9connaissance des conventions sociales,<\/li>\r\n<li>difficult\u00e9 \u00e0 exprimer ou \u00e0 contr\u00f4ler ses \u00e9motions<\/li>\r\n<li>manque d\u2019empathie,<\/li>\r\n<\/ul>\r\n\r\n\r\n\r\n<h3 class=\"wp-block-heading\"><span class=\"ez-toc-section\" id=\"Quels_sont_les_traits_autistiques\"><\/span>Quels sont les traits autistiques ?<span class=\"ez-toc-section-end\"><\/span><\/h3>\r\n\r\n\r\n\r\n<p>Il existe trois signes qui indiquent l\u2019autisme et aident \u00e0 \u00e9tablir un diagnostic : Troubles de la communication, \u00e0 la fois verbale et non verbale. Troubles des relations sociales. Troubles du comportement tels que gestes st\u00e9r\u00e9otyp\u00e9s et r\u00e9p\u00e9titifs, rituels ou int\u00e9r\u00eats limit\u00e9s.<\/p>\r\n\r\n\r\n\r\n<h4 class=\"wp-block-heading\"><span class=\"ez-toc-section\" id=\"Quest-ce_quun_trait_autistique\"><\/span>Qu\u2019est-ce qu\u2019un trait autistique ?<span class=\"ez-toc-section-end\"><\/span><\/h4>\r\n\r\n\r\n\r\n<p>COMPORTEMENTS, INT\u00c9R\u00caTS ET ACTIVIT\u00c9S LIMIT\u00c9S ET R\u00c9P\u00c9T\u00c9S. On remarque souvent la pr\u00e9sence de mouvements st\u00e9r\u00e9otyp\u00e9s et r\u00e9p\u00e9titifs, qu\u2019il s\u2019agisse d\u2019agitation ou de torsion des doigts ou des mains, de balancement du corps ou autre.<\/p>\r\n\r\n\r\n\r\n<h3 class=\"wp-block-heading\"><span class=\"ez-toc-section\" id=\"Quel_avenir_pour_un_autiste_leger\"><\/span>Quel avenir pour un autiste l\u00e9ger ?<span class=\"ez-toc-section-end\"><\/span><\/h3>\r\n\r\n\r\n\r\n<p>De nombreuses opportunit\u00e9s leur sont alors offertes dans ce domaine. Les personnes autistes deviennent ainsi v\u00e9t\u00e9rinaires, \u00e9leveurs ou gu\u00e9risseurs. Ils peuvent pratiquer, par exemple, dans un zoo ou un centre \u00e9questre.<\/p>\r\n\r\n\r\n\r\n<h4 class=\"wp-block-heading\"><span class=\"ez-toc-section\" id=\"Est-ce_que_lautisme_peut_saggraver\"><\/span>Est-ce que l\u2019autisme peut s\u2019aggraver ?<span class=\"ez-toc-section-end\"><\/span><\/h4>\r\n\r\n\r\n\r\n<p>La situation des adultes avec autisme est en constante \u00e9volution ; elle peut s\u2019am\u00e9liorer ou s\u2019aggraver tout au long de la vie.<\/p>\r\n\r\n\r\n\r\n<h4 class=\"wp-block-heading\"><span class=\"ez-toc-section\" id=\"Est-ce_que_les_autistes_vivent_longtemps\"><\/span>Est-ce que les autistes vivent longtemps ?<span class=\"ez-toc-section-end\"><\/span><\/h4>\r\n\r\n\r\n\r\n<p>Les personnes atteintes de troubles du spectre autistique (TSA) ont une esp\u00e9rance de vie r\u00e9duite d\u2019environ seize \u00e0 dix-huit ans par rapport \u00e0 la population g\u00e9n\u00e9rale, et pour les personnes autistes ayant des troubles d\u2019apprentissage, cette r\u00e9duction est de 30 ans.<\/p>\r\n\r\n\r\n\r\n<h2 class=\"wp-block-heading\"><span class=\"ez-toc-section\" id=\"Quel_avenir_pour_un_autiste_leger-2\"><\/span>Quel avenir pour un autiste l\u00e9ger ?<span class=\"ez-toc-section-end\"><\/span><\/h2>\r\n\r\n\r\n\r\n<figure><img decoding=\"async\" class=\"attachment-full size-full\" src=\"https:\/\/toukiela.com\/wp-content\/uploads\/2022\/06\/Quel-avenir-pour-un-autiste-leger-.png\" sizes=\"(max-width: 591px) 100vw, 591px\" srcset=\"https:\/\/i0.wp.com\/toukiela.com\/wp-content\/uploads\/2022\/06\/Quel-avenir-pour-un-autiste-leger-.png?w=591&amp;ssl=1 591w, https:\/\/i0.wp.com\/toukiela.com\/wp-content\/uploads\/2022\/06\/Quel-avenir-pour-un-autiste-leger-.png?resize=300%2C213&amp;ssl=1 300w, https:\/\/i0.wp.com\/toukiela.com\/wp-content\/uploads\/2022\/06\/Quel-avenir-pour-un-autiste-leger-.png?resize=18%2C12&amp;ssl=1 18w, https:\/\/i0.wp.com\/toukiela.com\/wp-content\/uploads\/2022\/06\/Quel-avenir-pour-un-autiste-leger-.png?resize=50%2C36&amp;ssl=1 50w, https:\/\/i0.wp.com\/toukiela.com\/wp-content\/uploads\/2022\/06\/Quel-avenir-pour-un-autiste-leger-.png?resize=400%2C284&amp;ssl=1 400w, https:\/\/i0.wp.com\/toukiela.com\/wp-content\/uploads\/2022\/06\/Quel-avenir-pour-un-autiste-leger-.png?resize=480%2C341&amp;ssl=1 480w\" alt=\"Quel avenir pour un autiste l\u00e9ger ?\" width=\"591\" height=\"420\"><\/figure>\r\n\r\n\r\n\r\n<p>De nombreuses opportunit\u00e9s leur sont alors offertes dans ce domaine. Les personnes autistes deviennent ainsi v\u00e9t\u00e9rinaires, \u00e9leveurs ou gu\u00e9risseurs. Ils peuvent pratiquer, par exemple, dans un zoo ou un centre \u00e9questre.<\/p>\r\n\r\n\r\n\r\n<p>Les personnes autistes vivent-elles longtemps ? Les personnes atteintes de troubles du spectre autistique (TSA) ont une esp\u00e9rance de vie r\u00e9duite d\u2019environ seize \u00e0 dix-huit ans par rapport \u00e0 la population g\u00e9n\u00e9rale, et pour les personnes autistes ayant des troubles d\u2019apprentissage, cette r\u00e9duction est de 30 ans.<\/p>\r\n\r\n\r\n\r\n<h3 class=\"wp-block-heading\"><span class=\"ez-toc-section\" id=\"Est-ce_que_lautisme_peut_saggraver-2\"><\/span>Est-ce que l\u2019autisme peut s\u2019aggraver ?<span class=\"ez-toc-section-end\"><\/span><\/h3>\r\n\r\n\r\n\r\n<p>La situation des adultes avec autisme est en constante \u00e9volution ; elle peut s\u2019am\u00e9liorer ou s\u2019aggraver tout au long de la vie.<\/p>\r\n\r\n\r\n\r\n<h4 class=\"wp-block-heading\"><span class=\"ez-toc-section\" id=\"Est-ce_que_lautisme_peut_disparaitre\"><\/span>Est-ce que l\u2019autisme peut dispara\u00eetre ?<span class=\"ez-toc-section-end\"><\/span><\/h4>\r\n\r\n\r\n\r\n<p>Compte tenu de l\u2019\u00e9tat actuel de la science, il n\u2019y a pas de rem\u00e8de pour l\u2019autisme. Cependant, gr\u00e2ce \u00e0 un accompagnement pr\u00e9coce et un accompagnement sur-mesure de type \u00ab enseignement socio-\u00e9ducatif et structur\u00e9 \u00bb, de grands progr\u00e8s peuvent \u00eatre r\u00e9alis\u00e9s, quels que soient l\u2019\u00e2ge et le niveau de la personne.<\/p>\r\n\r\n\r\n\r\n<h4 class=\"wp-block-heading\"><span class=\"ez-toc-section\" id=\"Comment_vieillissent_les_autistes\"><\/span>Comment vieillissent les autistes ?<span class=\"ez-toc-section-end\"><\/span><\/h4>\r\n\r\n\r\n\r\n<p>Les personnes autistes ont le m\u00eame \u00e2ge que leurs parents et leurs soignants. C\u2019est vraiment nos camarades de classe! Cependant, leur mode de vie colore leur d\u00e9veloppement \u00e0 travers des si\u00e8cles de vie.<\/p>\r\n\r\n\r\n\r\n<h3 class=\"wp-block-heading\"><span class=\"ez-toc-section\" id=\"Est-ce_quun_autiste_peut_avoir_une_vie_normale\"><\/span>Est-ce qu\u2019un autiste peut avoir une vie normale ?<span class=\"ez-toc-section-end\"><\/span><\/h3>\r\n\r\n\r\n\r\n<p>Compte tenu de l\u2019\u00e9tat actuel de la science, il n\u2019y a pas de rem\u00e8de pour l\u2019autisme. Cependant, gr\u00e2ce \u00e0 un accompagnement pr\u00e9coce et un accompagnement sur-mesure de type \u00ab enseignement socio-\u00e9ducatif et structur\u00e9 \u00bb, de grands progr\u00e8s peuvent \u00eatre r\u00e9alis\u00e9s, quels que soient l\u2019\u00e2ge et le niveau de la personne.<\/p>\r\n\r\n\r\n\r\n<h4 class=\"wp-block-heading\"><span class=\"ez-toc-section\" id=\"Est-ce_quun_autiste_peut_vivre_seul\"><\/span>Est-ce qu\u2019un autiste peut vivre seul ?<span class=\"ez-toc-section-end\"><\/span><\/h4>\r\n\r\n\r\n\r\n<p>Les moments de solitude chez les personnes autistes leur permettent aussi de retrouver de l\u2019\u00e9nergie et de moins nourrir les sens, ce qui peut \u00eatre mis \u00e0 rude \u00e9preuve d\u00e8s qu\u2019un groupe de personnes. Traduction libre : L\u2019enfant lui-m\u00eame n\u2019a pas de d\u00e9ficit qualitatif dans les interactions sociales.<\/p>\r\n\r\n\r\n\r\n<h4 class=\"wp-block-heading\"><span class=\"ez-toc-section\" id=\"Comment_vit_un_autiste\"><\/span>Comment vit un autiste ?<span class=\"ez-toc-section-end\"><\/span><\/h4>\r\n\r\n\r\n\r\n<p>Une organisation claire en incluant l\u2019enfant dans son emploi du temps est essentielle car les personnes autistes d\u00e9testent l\u2019impr\u00e9vu et cela peut d\u00e9clencher des crises d\u2019angoisse ou de violence. Il est important de planifier et de rejeter clairement toutes les activit\u00e9s avec les m\u00eames parties prenantes.<\/p>\r\n\r\n\r\n\r\n<h3 class=\"wp-block-heading\"><span class=\"ez-toc-section\" id=\"Comment_se_comporter_avec_un_autisme_leger\"><\/span>Comment se comporter avec un autisme l\u00e9ger ?<span class=\"ez-toc-section-end\"><\/span><\/h3>\r\n\r\n\r\n\r\n<p>Il sera \u00e9galement important que vous soyez vigilant et attentif. Si possible, demandez \u00e0 votre enfant de vous dire ce qui ne va pas. Laissez-le trouver les mots. Dans le cas d\u2019un enfant non verbal, demandez-lui de vous montrer ce qui ne va pas ou ce qui le d\u00e9range.<\/p>\r\n\r\n\r\n\r\n<h4 class=\"wp-block-heading\"><span class=\"ez-toc-section\" id=\"Comment_se_comporter_avec_une_personne_autiste\"><\/span>Comment se comporter avec une personne autiste ?<span class=\"ez-toc-section-end\"><\/span><\/h4>\r\n\r\n\r\n\r\n<p>\u00c9levez-vous au niveau d\u2019une personne autiste et communiquez face \u00e0 face. Attendez qu\u2019il soit disponible avant de lui parler. Parle lentement et clairement. \u00c9vitez les instructions multiples qui combinent plusieurs t\u00e2ches.<\/p>\r\n\r\n\r\n\r\n<h4 class=\"wp-block-heading\"><span class=\"ez-toc-section\" id=\"Est-ce_que_les_autistes_pleurent\"><\/span>Est-ce que les autistes pleurent ?<span class=\"ez-toc-section-end\"><\/span><\/h4>\r\n\r\n\r\n\r\n<p>L\u2019enfant peut alors s\u2019exprimer de mani\u00e8re tr\u00e8s vive : agitation, pleurs, larmes, agressivit\u00e9 envers les autres ou envers lui-m\u00eame, \u00e9vitement de la situation, repli sur soi, etc.<\/p>\r\n\r\n\r\n\r\n<h2 class=\"wp-block-heading\"><span class=\"ez-toc-section\" id=\"Est-ce_quun_autiste_peut_avoir_une_vie_normale-2\"><\/span>Est-ce qu\u2019un autiste peut avoir une vie normale ?<span class=\"ez-toc-section-end\"><\/span><\/h2>\r\n\r\n\r\n\r\n<figure><img decoding=\"async\" class=\"attachment-full size-full\" src=\"https:\/\/toukiela.com\/wp-content\/uploads\/2022\/06\/Est-ce-quun-autiste-peut-avoir-une-vie-normale-.jpeg\" sizes=\"(max-width: 1541px) 100vw, 1541px\" srcset=\"https:\/\/i0.wp.com\/toukiela.com\/wp-content\/uploads\/2022\/06\/Est-ce-quun-autiste-peut-avoir-une-vie-normale-.jpeg?w=1541&amp;ssl=1 1541w, https:\/\/i0.wp.com\/toukiela.com\/wp-content\/uploads\/2022\/06\/Est-ce-quun-autiste-peut-avoir-une-vie-normale-.jpeg?resize=300%2C180&amp;ssl=1 300w, https:\/\/i0.wp.com\/toukiela.com\/wp-content\/uploads\/2022\/06\/Est-ce-quun-autiste-peut-avoir-une-vie-normale-.jpeg?resize=1024%2C614&amp;ssl=1 1024w, https:\/\/i0.wp.com\/toukiela.com\/wp-content\/uploads\/2022\/06\/Est-ce-quun-autiste-peut-avoir-une-vie-normale-.jpeg?resize=768%2C461&amp;ssl=1 768w, https:\/\/i0.wp.com\/toukiela.com\/wp-content\/uploads\/2022\/06\/Est-ce-quun-autiste-peut-avoir-une-vie-normale-.jpeg?resize=1536%2C921&amp;ssl=1 1536w, https:\/\/i0.wp.com\/toukiela.com\/wp-content\/uploads\/2022\/06\/Est-ce-quun-autiste-peut-avoir-une-vie-normale-.jpeg?resize=18%2C12&amp;ssl=1 18w, https:\/\/i0.wp.com\/toukiela.com\/wp-content\/uploads\/2022\/06\/Est-ce-quun-autiste-peut-avoir-une-vie-normale-.jpeg?resize=50%2C30&amp;ssl=1 50w, https:\/\/i0.wp.com\/toukiela.com\/wp-content\/uploads\/2022\/06\/Est-ce-quun-autiste-peut-avoir-une-vie-normale-.jpeg?resize=1080%2C648&amp;ssl=1 1080w, https:\/\/i0.wp.com\/toukiela.com\/wp-content\/uploads\/2022\/06\/Est-ce-quun-autiste-peut-avoir-une-vie-normale-.jpeg?resize=1280%2C768&amp;ssl=1 1280w, https:\/\/i0.wp.com\/toukiela.com\/wp-content\/uploads\/2022\/06\/Est-ce-quun-autiste-peut-avoir-une-vie-normale-.jpeg?resize=980%2C588&amp;ssl=1 980w, https:\/\/i0.wp.com\/toukiela.com\/wp-content\/uploads\/2022\/06\/Est-ce-quun-autiste-peut-avoir-une-vie-normale-.jpeg?resize=480%2C288&amp;ssl=1 480w\" alt=\"Est-ce qu'un autiste peut avoir une vie normale ?\" width=\"1541\" height=\"924\"><\/figure>\r\n\r\n\r\n\r\n<p>Compte tenu de l\u2019\u00e9tat actuel de la science, il n\u2019y a pas de rem\u00e8de pour l\u2019autisme. Cependant, gr\u00e2ce \u00e0 un accompagnement pr\u00e9coce et un accompagnement sur-mesure de type \u00ab enseignement socio-\u00e9ducatif et structur\u00e9 \u00bb, de grands progr\u00e8s peuvent \u00eatre r\u00e9alis\u00e9s, quels que soient l\u2019\u00e2ge et le niveau de la personne.<\/p>\r\n\r\n\r\n\r\n<p>Comment vit une personne autiste ? Une organisation claire en incluant l\u2019enfant dans son emploi du temps est essentielle car les personnes autistes d\u00e9testent l\u2019impr\u00e9vu et cela peut d\u00e9clencher des crises d\u2019angoisse ou de violence. Il est important de planifier et de rejeter clairement toutes les activit\u00e9s avec les m\u00eames parties prenantes.<\/p>\r\n\r\n\r\n\r\n<h3 class=\"wp-block-heading\"><span class=\"ez-toc-section\" id=\"Est-ce_quun_autiste_peut_vivre_seul-2\"><\/span>Est-ce qu\u2019un autiste peut vivre seul ?<span class=\"ez-toc-section-end\"><\/span><\/h3>\r\n\r\n\r\n\r\n<p>Les moments de solitude chez les personnes autistes leur permettent aussi de retrouver de l\u2019\u00e9nergie et de moins nourrir les sens, ce qui peut \u00eatre mis \u00e0 rude \u00e9preuve d\u00e8s qu\u2019un groupe de personnes. Traduction libre : L\u2019enfant lui-m\u00eame n\u2019a pas de d\u00e9ficit qualitatif dans les interactions sociales.<\/p>\r\n\r\n\r\n\r\n<h4 class=\"wp-block-heading\"><span class=\"ez-toc-section\" id=\"Est-ce_que_les_autistes_parlent\"><\/span>Est-ce que les autistes parlent ?<span class=\"ez-toc-section-end\"><\/span><\/h4>\r\n\r\n\r\n\r\n<p>Il peut ne pas \u00eatre capable de parler, il peut avoir parl\u00e9 une langue, mais il ne l\u2019utilise pas pour communiquer avec les autres, il peut \u00eatre capable de parler et de communiquer, mais pas toujours de mani\u00e8re appropri\u00e9e. L\u2019\u00e9cholalie est l\u2019un des troubles du langage assez fr\u00e9quents chez les enfants autistes.<\/p>\r\n\r\n\r\n\r\n<h4 class=\"wp-block-heading\"><span class=\"ez-toc-section\" id=\"Qui_transmet_lautisme\"><\/span>Qui transmet l\u2019autisme ?<span class=\"ez-toc-section-end\"><\/span><\/h4>\r\n\r\n\r\n\r\n<p>La maladie est transmise exclusivement ou de pr\u00e9f\u00e9rence par l\u2019un des parents. Habituellement, les g\u00e8nes soumis \u00e0 l\u2019impression g\u00e9nomique sont inactiv\u00e9s pendant le d\u00e9veloppement de l\u2019ovule ou du sperme ou peu apr\u00e8s la f\u00e9condation.<\/p>\r\n\r\n\r\n\r\n<h3 class=\"wp-block-heading\"><span class=\"ez-toc-section\" id=\"Quelle_est_la_duree_de_vie_dun_autiste\"><\/span>Quelle est la dur\u00e9e de vie d\u2019un autiste ?<span class=\"ez-toc-section-end\"><\/span><\/h3>\r\n\r\n\r\n\r\n<p>L\u2019esp\u00e9rance de vie des personnes avec autisme est aujourd\u2019hui de 54 ans en France. Pourquoi cette diff\u00e9rence avec une esp\u00e9rance de vie moyenne de 80 ans pour la population g\u00e9n\u00e9rale ?<\/p>\r\n\r\n\r\n\r\n<h4 class=\"wp-block-heading\"><span class=\"ez-toc-section\" id=\"Comment_vieillissent_les_autistes-2\"><\/span>Comment vieillissent les autistes ?<span class=\"ez-toc-section-end\"><\/span><\/h4>\r\n\r\n\r\n\r\n<p>Les personnes autistes ont le m\u00eame \u00e2ge que leurs parents et leurs soignants. C\u2019est vraiment nos camarades de classe! Cependant, leur mode de vie colore leur d\u00e9veloppement \u00e0 travers des si\u00e8cles de vie.<\/p>\r\n\r\n\r\n\r\n<h4 class=\"wp-block-heading\"><span class=\"ez-toc-section\" id=\"Est-ce_que_lautisme_saggrave\"><\/span>Est-ce que l\u2019autisme s\u2019aggrave ?<span class=\"ez-toc-section-end\"><\/span><\/h4>\r\n\r\n\r\n\r\n<p>Pendant la pubert\u00e9, la d\u00e9t\u00e9rioration peut se produire pendant plusieurs ann\u00e9es et, dans la plupart des cas, elle revient \u00e0 son \u00e9tat ant\u00e9rieur. Certaines personnes autistes restent gravement atteintes tout au long de leur vie, sans acc\u00e8s au langage, tandis que d\u2019autres d\u00e9veloppent une autonomie personnelle et une int\u00e9gration relativement adapt\u00e9e.<\/p>\r\n\r\n\r\n\r\n<h3 class=\"wp-block-heading\"><span class=\"ez-toc-section\" id=\"Est-ce_que_lautisme_peut_disparaitre-2\"><\/span>Est-ce que l\u2019autisme peut dispara\u00eetre ?<span class=\"ez-toc-section-end\"><\/span><\/h3>\r\n\r\n\r\n\r\n<p>Compte tenu de l\u2019\u00e9tat actuel de la science, il n\u2019y a pas de rem\u00e8de pour l\u2019autisme. Cependant, gr\u00e2ce \u00e0 un accompagnement pr\u00e9coce et un accompagnement sur-mesure de type \u00ab enseignement socio-\u00e9ducatif et structur\u00e9 \u00bb, de grands progr\u00e8s peuvent \u00eatre r\u00e9alis\u00e9s, quels que soient l\u2019\u00e2ge et le niveau de la personne.<\/p>\r\n\r\n\r\n\r\n<h4 class=\"wp-block-heading\"><span class=\"ez-toc-section\" id=\"Comment_guerir_de_lautisme\"><\/span>Comment gu\u00e9rir de l\u2019autisme ?<span class=\"ez-toc-section-end\"><\/span><\/h4>\r\n\r\n\r\n\r\n<p>Il n\u2019existe pas de traitement sp\u00e9cifique pour l\u2019autisme, mais un traitement pr\u00e9coce adapt\u00e9 \u00e0 un enfant peut am\u00e9liorer sa capacit\u00e9 \u00e0 interagir et \u00e0 s\u2019adapter au monde qui l\u2019entoure. Cette prise en charge est pluridisciplinaire et individualis\u00e9e.<\/p>\r\n\r\n\r\n\r\n<h4 class=\"wp-block-heading\"><span class=\"ez-toc-section\" id=\"Quel_est_le_meilleur_traitement_pour_les_autistes\"><\/span>Quel est le meilleur traitement pour les autistes ?<span class=\"ez-toc-section-end\"><\/span><\/h4>\r\n\r\n\r\n\r\n<p>Neuroleptiques : Ce sont les m\u00e9dicaments les plus couramment utilis\u00e9s. Ceux-ci incluent des m\u00e9dicaments tels que Risperdal et Olanzapine. Ils sont principalement utilis\u00e9s pour influencer le comportement d\u2019un enfant autiste, par exemple pour r\u00e9duire son hyperactivit\u00e9.<\/p>\r\n\r\n\r\n\r\n<h2 class=\"wp-block-heading\"><span class=\"ez-toc-section\" id=\"Comment_les_personnes_autistes_voient_le_monde\"><\/span>Comment les personnes autistes voient le monde ?<span class=\"ez-toc-section-end\"><\/span><\/h2>\r\n\r\n\r\n\r\n<figure><img decoding=\"async\" class=\"attachment-full size-full\" src=\"https:\/\/toukiela.com\/wp-content\/uploads\/2022\/06\/Comment-les-personnes-autistes-voient-le-monde-.jpeg\" sizes=\"(max-width: 623px) 100vw, 623px\" srcset=\"https:\/\/i0.wp.com\/toukiela.com\/wp-content\/uploads\/2022\/06\/Comment-les-personnes-autistes-voient-le-monde-.jpeg?w=623&amp;ssl=1 623w, https:\/\/i0.wp.com\/toukiela.com\/wp-content\/uploads\/2022\/06\/Comment-les-personnes-autistes-voient-le-monde-.jpeg?resize=208%2C300&amp;ssl=1 208w, https:\/\/i0.wp.com\/toukiela.com\/wp-content\/uploads\/2022\/06\/Comment-les-personnes-autistes-voient-le-monde-.jpeg?resize=8%2C12&amp;ssl=1 8w, https:\/\/i0.wp.com\/toukiela.com\/wp-content\/uploads\/2022\/06\/Comment-les-personnes-autistes-voient-le-monde-.jpeg?resize=35%2C50&amp;ssl=1 35w, https:\/\/i0.wp.com\/toukiela.com\/wp-content\/uploads\/2022\/06\/Comment-les-personnes-autistes-voient-le-monde-.jpeg?resize=480%2C693&amp;ssl=1 480w\" alt=\"Comment les personnes autistes voient le monde ?\" width=\"623\" height=\"900\"><\/figure>\r\n\r\n\r\n\r\n<p>Les personnes atteintes de TSA d\u00e9clarent souvent avoir une perception tr\u00e8s intense du monde. Ils repr\u00e9sentent \u00e0 la fois une hypersensibilit\u00e9 \u00e0 certains \u00e9l\u00e9ments et une hypersensibilit\u00e9 \u00e0 d\u2019autres : ainsi une personne peut \u00eatre fortement d\u00e9rang\u00e9e par le cr\u00e9pitement du n\u00e9on et tr\u00e8s attir\u00e9e par une forte lumi\u00e8re.<\/p>\r\n\r\n\r\n\r\n<p>Les personnes autistes sont-elles intelligentes ? L\u2019intelligence unique des personnes autistes repose sur un fonctionnement c\u00e9r\u00e9bral s\u00e9par\u00e9 et n\u00e9cessite des modes d\u2019intervention diff\u00e9rents. Selon les \u00e9tudes, la proportion de personnes autistes ayant une d\u00e9ficience intellectuelle varie de 13 % \u00e0 84 %.<\/p>\r\n\r\n\r\n\r\n<h3 class=\"wp-block-heading\"><span class=\"ez-toc-section\" id=\"Comment_les_autistes_appellent_les_gens_normaux\"><\/span>Comment les autistes appellent les gens normaux ?<span class=\"ez-toc-section-end\"><\/span><\/h3>\r\n\r\n\r\n\r\n<p>Les promoteurs de ce concept se battent pour que l\u2019autisme ne soit plus d\u00e9fini par rapport au fonctionnement cognitif de la majorit\u00e9 \u2013 ces individus dits \u00ab\u00a0normaux\u00a0\u00bb, qui pr\u00e9f\u00e8rent \u00eatre qualifi\u00e9s de \u00ab\u00a0neurotypiques\u00a0\u00bb.<\/p>\r\n\r\n\r\n\r\n<h4 class=\"wp-block-heading\"><span class=\"ez-toc-section\" id=\"Comment_Appelle-t-on_un_autiste_intelligent\"><\/span>Comment Appelle-t-on un autiste intelligent ?<span class=\"ez-toc-section-end\"><\/span><\/h4>\r\n\r\n\r\n\r\n<p>Les enfants atteints d\u2019autisme de haut niveau et de la maladie d\u2019Asperger ont une intelligence normale ou sup\u00e9rieure \u00e0 la moyenne.<\/p>\r\n\r\n\r\n\r\n<h4 class=\"wp-block-heading\"><span class=\"ez-toc-section\" id=\"Pourquoi_Dit-on_Asperger\"><\/span>Pourquoi Dit-on Asperger ?<span class=\"ez-toc-section-end\"><\/span><\/h4>\r\n\r\n\r\n\r\n<p>Dans le pass\u00e9, la classification \u00ab\u00a0Asperger\u00a0\u00bb faisait r\u00e9f\u00e9rence aux personnes autistes sans d\u00e9ficience intellectuelle. Mais cette d\u00e9nomination n\u2019\u00e9tait pas claire, car la plupart des gens prenaient Aspies (abr\u00e9viation d\u2019Asperger) pour du g\u00e9nie, ce qui est loin de la r\u00e9alit\u00e9.<\/p>\r\n\r\n\r\n\r\n<h3 class=\"wp-block-heading\"><span class=\"ez-toc-section\" id=\"Comment_pense_un_autiste\"><\/span>Comment pense un autiste ?<span class=\"ez-toc-section-end\"><\/span><\/h3>\r\n\r\n\r\n\r\n<p>Leur pens\u00e9e est concr\u00e8te, sans m\u00e9taphore. Ce n\u2019est pas vrai pour un enfant autiste. M\u00eame lorsqu\u2019il utilise correctement le langage, m\u00eame lorsqu\u2019il n\u2019a pas de d\u00e9ficit intellectuel, d\u2019autres restent distrayants, parfois effrayants, trop souvent incompr\u00e9hensibles.<\/p>\r\n\r\n\r\n\r\n<h3 class=\"wp-block-heading\"><span class=\"ez-toc-section\" id=\"Comment_fonctionne_le_cerveau_dun_autiste\"><\/span>Comment fonctionne le cerveau d\u2019un autiste ?<span class=\"ez-toc-section-end\"><\/span><\/h3>\r\n\r\n\r\n\r\n<p>De nombreux g\u00e8nes impliqu\u00e9s dans l\u2019autisme codent pour des prot\u00e9ines impliqu\u00e9es dans le fonctionnement des synapses, zones de communication entre les neurones. Lorsque ces g\u00e8nes sont mut\u00e9s, les prot\u00e9ines associ\u00e9es ne fonctionnent plus correctement.<\/p>\r\n\r\n\r\n\r\n<h4 class=\"wp-block-heading\"><span class=\"ez-toc-section\" id=\"Comment_fonctionne_un_autiste\"><\/span>Comment fonctionne un autiste ?<span class=\"ez-toc-section-end\"><\/span><\/h4>\r\n\r\n\r\n\r\n<p>Elle se manifeste par des modifications de la capacit\u00e9 \u00e0 \u00e9tablir des interactions sociales et de communication, ainsi que des troubles du comportement. Les personnes autistes semblent souvent isol\u00e9es dans un monde int\u00e9rieur.<\/p>\r\n\r\n\r\n\r\n<h2 class=\"wp-block-heading\"><span class=\"ez-toc-section\" id=\"Quel_sont_les_chances_davoir_un_enfant_autiste\"><\/span>Quel sont les chances d\u2019avoir un enfant autiste ?<span class=\"ez-toc-section-end\"><\/span><\/h2>\r\n\r\n\r\n\r\n<figure><img decoding=\"async\" class=\"attachment-full size-full\" src=\"https:\/\/toukiela.com\/wp-content\/uploads\/2022\/06\/Quel-sont-les-chances-davoir-un-enfant-autiste-.jpeg\" sizes=\"(max-width: 2667px) 100vw, 2667px\" srcset=\"https:\/\/i0.wp.com\/toukiela.com\/wp-content\/uploads\/2022\/06\/Quel-sont-les-chances-davoir-un-enfant-autiste-.jpeg?w=2667&amp;ssl=1 2667w, https:\/\/i0.wp.com\/toukiela.com\/wp-content\/uploads\/2022\/06\/Quel-sont-les-chances-davoir-un-enfant-autiste-.jpeg?resize=300%2C225&amp;ssl=1 300w, https:\/\/i0.wp.com\/toukiela.com\/wp-content\/uploads\/2022\/06\/Quel-sont-les-chances-davoir-un-enfant-autiste-.jpeg?resize=1024%2C768&amp;ssl=1 1024w, https:\/\/i0.wp.com\/toukiela.com\/wp-content\/uploads\/2022\/06\/Quel-sont-les-chances-davoir-un-enfant-autiste-.jpeg?resize=768%2C576&amp;ssl=1 768w, https:\/\/i0.wp.com\/toukiela.com\/wp-content\/uploads\/2022\/06\/Quel-sont-les-chances-davoir-un-enfant-autiste-.jpeg?resize=1536%2C1152&amp;ssl=1 1536w, https:\/\/i0.wp.com\/toukiela.com\/wp-content\/uploads\/2022\/06\/Quel-sont-les-chances-davoir-un-enfant-autiste-.jpeg?resize=2048%2C1536&amp;ssl=1 2048w, https:\/\/i0.wp.com\/toukiela.com\/wp-content\/uploads\/2022\/06\/Quel-sont-les-chances-davoir-un-enfant-autiste-.jpeg?resize=16%2C12&amp;ssl=1 16w, https:\/\/i0.wp.com\/toukiela.com\/wp-content\/uploads\/2022\/06\/Quel-sont-les-chances-davoir-un-enfant-autiste-.jpeg?resize=50%2C37&amp;ssl=1 50w, https:\/\/i0.wp.com\/toukiela.com\/wp-content\/uploads\/2022\/06\/Quel-sont-les-chances-davoir-un-enfant-autiste-.jpeg?resize=510%2C382&amp;ssl=1 510w, https:\/\/i0.wp.com\/toukiela.com\/wp-content\/uploads\/2022\/06\/Quel-sont-les-chances-davoir-un-enfant-autiste-.jpeg?resize=1080%2C810&amp;ssl=1 1080w, https:\/\/i0.wp.com\/toukiela.com\/wp-content\/uploads\/2022\/06\/Quel-sont-les-chances-davoir-un-enfant-autiste-.jpeg?resize=1280%2C960&amp;ssl=1 1280w, https:\/\/i0.wp.com\/toukiela.com\/wp-content\/uploads\/2022\/06\/Quel-sont-les-chances-davoir-un-enfant-autiste-.jpeg?resize=980%2C735&amp;ssl=1 980w, https:\/\/i0.wp.com\/toukiela.com\/wp-content\/uploads\/2022\/06\/Quel-sont-les-chances-davoir-un-enfant-autiste-.jpeg?resize=480%2C360&amp;ssl=1 480w, https:\/\/i0.wp.com\/toukiela.com\/wp-content\/uploads\/2022\/06\/Quel-sont-les-chances-davoir-un-enfant-autiste-.jpeg?w=2160&amp;ssl=1 2160w\" alt=\"Quel sont les chances d'avoir un enfant autiste ?\" width=\"2667\" height=\"2000\"><\/figure>\r\n\r\n\r\n\r\n<p>Le diagnostic de trouble du spectre autistique est quatre fois plus \u00e9lev\u00e9 chez les gar\u00e7ons que chez les filles, chez 1 gar\u00e7on sur 42 (23,9 pour 1000) contre 1 fille sur 165 (6 pour 1000).<\/p>\r\n\r\n\r\n\r\n<p>Quels sont les risques d\u2019un enfant autiste ? L\u2019\u00e9tude montre \u00e9galement que plus d\u2019enfants autistes avaient un faible poids \u00e0 la naissance ou ont re\u00e7u une r\u00e9animation, une incubation ou une phototh\u00e9rapie pour la jaunisse post-partum que les t\u00e9moins.<\/p>\r\n\r\n\r\n\r\n<h3 class=\"wp-block-heading\"><span class=\"ez-toc-section\" id=\"Qui_transmet_le_gene_de_lautisme\"><\/span>Qui transmet le g\u00e8ne de l\u2019autisme ?<span class=\"ez-toc-section-end\"><\/span><\/h3>\r\n\r\n\r\n\r\n<p>La maladie est transmise exclusivement ou de pr\u00e9f\u00e9rence par l\u2019un des parents. Habituellement, les g\u00e8nes soumis \u00e0 l\u2019impression g\u00e9nomique sont inactiv\u00e9s pendant le d\u00e9veloppement de l\u2019ovule ou du sperme ou peu apr\u00e8s la f\u00e9condation.<\/p>\r\n\r\n\r\n\r\n<h4 class=\"wp-block-heading\"><span class=\"ez-toc-section\" id=\"Quel_parent_transmet_lautisme\"><\/span>Quel parent transmet l\u2019autisme ?<span class=\"ez-toc-section-end\"><\/span><\/h4>\r\n\r\n\r\n\r\n<p>La probabilit\u00e9 d\u2019\u00eatre autiste chez les demi-fr\u00e8res et s\u0153urs est en r\u00e9alit\u00e9 multipli\u00e9e par 3, chez les fr\u00e8res et s\u0153urs par 10, chez les vrais jumeaux, aussi appel\u00e9s vrais jumeaux, par 150.<\/p>\r\n\r\n\r\n\r\n<h4 class=\"wp-block-heading\"><span class=\"ez-toc-section\" id=\"Quel_gene_autisme\"><\/span>Quel g\u00e8ne autisme ?<span class=\"ez-toc-section-end\"><\/span><\/h4>\r\n\r\n\r\n\r\n<p>\u00abDes syndromes g\u00e9n\u00e9tiques sp\u00e9cifiques associ\u00e9s aux sympt\u00f4mes de l\u2019autisme sont identifi\u00e9s depuis longtemps, comme un g\u00e8ne appel\u00e9\u00ab Shank3 \u00bbresponsable du syndrome de Phelan-McDermid\u00bb, explique Thomas Bourgeron. Ce type d\u2019autisme est appel\u00e9 \u00ab\u00a0monog\u00e8ne\u00a0\u00bb, ce qui signifie qu\u2019il r\u00e9sulte d\u2019une mutation dans un seul g\u00e8ne.<\/p>\r\n\r\n\r\n\r\n<h3 class=\"wp-block-heading\"><span class=\"ez-toc-section\" id=\"Qui_est_le_plus_touche_par_lautisme\"><\/span>Qui est le plus touch\u00e9 par l\u2019autisme ?<span class=\"ez-toc-section-end\"><\/span><\/h3>\r\n\r\n\r\n\r\n<p>La pr\u00e9valence du mariage est beaucoup plus \u00e9lev\u00e9e chez les gar\u00e7ons que chez les filles. En 2015, les diagnostics de troubles du spectre autistique \u00e9taient quatre fois plus \u00e9lev\u00e9s chez les gar\u00e7ons que chez les filles, chez 1 gar\u00e7on sur 42 (23,9 pour 1 000) contre 1 fille sur 165 (6 pour 1 000) (Figure 4).<\/p>\r\n\r\n\r\n\r\n<h4 class=\"wp-block-heading\"><span class=\"ez-toc-section\" id=\"Qui_est_touche_par_lautisme\"><\/span>Qui est touch\u00e9 par l\u2019autisme ?<span class=\"ez-toc-section-end\"><\/span><\/h4>\r\n\r\n\r\n\r\n<p>Toutes les \u00e9tudes \u00e9pid\u00e9miologiques montrent que l\u2019autisme peut toucher tous les enfants, quels que soient leur milieu social, le niveau d\u2019instruction des parents ou encore leur origine ethnique : un enfant sur 100 est touch\u00e9, les gar\u00e7ons \u00e9tant plus touch\u00e9s que les filles (quatre gar\u00e7ons par fille).<\/p>\r\n\r\n\r\n\r\n<h4 class=\"wp-block-heading\"><span class=\"ez-toc-section\" id=\"Est-ce_que_le_nombre_dautiste_augmente\"><\/span>Est-ce que le nombre d\u2019autiste augmente ?<span class=\"ez-toc-section-end\"><\/span><\/h4>\r\n\r\n\r\n\r\n<p>Selon le rapport, la pr\u00e9valence des troubles autistiques a augment\u00e9 au cours de la p\u00e9riode d\u2019\u00e9tude. Ce dernier est pass\u00e9 de 9,3 pour 1 000 personnes en 2010 \u00e0 18,1 personnes pour 1 000 en 2017. \u00ab Les plans autisme ont permis d\u2019am\u00e9liorer la reconnaissance de ces troubles.<\/p>\r\n\r\n\r\n\r\n<h3 class=\"wp-block-heading\"><span class=\"ez-toc-section\" id=\"Comment_eviter_lautisme_pendant_la_grossesse\"><\/span>Comment \u00e9viter l\u2019autisme pendant la grossesse ?<span class=\"ez-toc-section-end\"><\/span><\/h3>\r\n\r\n\r\n\r\n<p>Selon une \u00e9tude r\u00e9cente, les femmes qui prennent suffisamment d\u2019acide folique avant et pendant la grossesse r\u00e9duisent leur risque d\u2019avoir un b\u00e9b\u00e9 autiste.<\/p>\r\n\r\n\r\n\r\n<h4 class=\"wp-block-heading\"><span class=\"ez-toc-section\" id=\"Comment_faire_pour_eviter_lautisme\"><\/span>Comment faire pour \u00e9viter l\u2019autisme ?<span class=\"ez-toc-section-end\"><\/span><\/h4>\r\n\r\n\r\n\r\n<p>La seule fa\u00e7on de pr\u00e9venir l\u2019autisme serait d\u2019agir sur des facteurs que l\u2019on pense \u00eatre impliqu\u00e9s dans le d\u00e9veloppement de la maladie, comme l\u2019utilisation de m\u00e9dicaments et de drogues pendant la grossesse, l\u2019exposition aux pesticides, etc.<\/p>\r\n\r\n\r\n\r\n<h4 class=\"wp-block-heading\"><span class=\"ez-toc-section\" id=\"Quelle_sont_les_chances_davoir_un_enfant_autiste\"><\/span>Quelle sont les chances d\u2019avoir un enfant autiste ?<span class=\"ez-toc-section-end\"><\/span><\/h4>\r\n\r\n\r\n\r\n<p>Les hommes \u00e2g\u00e9s de 40 \u00e0 49 ans sont 28 % plus susceptibles d\u2019\u00eatre autistes que leur prog\u00e9niture que ceux \u00e2g\u00e9s de 20 \u00e0 29 ans. Le risque augmente \u00e0 66 % chez les p\u00e8res de plus de 50 ans. L\u2019\u00e9tude montre en outre que l\u2019\u00e2ge de la m\u00e8re joue \u00e9galement un r\u00f4le.<\/p>\r\n\r\n\r\n\r\n<h2 class=\"wp-block-heading\"><span class=\"ez-toc-section\" id=\"Est-ce_que_lautisme_Asperger_est_hereditaire\"><\/span>Est-ce que l\u2019autisme Asperger est hereditaire ?<span class=\"ez-toc-section-end\"><\/span><\/h2>\r\n\r\n\r\n\r\n<p>La question de l\u2019h\u00e9r\u00e9dit\u00e9 \u00ab Les parents ont parfois des traits d\u2019Asperger, mais ce ne sont que des traits. Il existe de nombreuses \u00e9tudes g\u00e9n\u00e9tiques, mais il est difficile d\u2019isoler des sp\u00e9cificit\u00e9s g\u00e9n\u00e9tiques propres \u00e0 la maladie d\u2019Asperger.<\/p>\r\n\r\n\r\n\r\n<p>Le syndrome d\u2019Asperger est-il h\u00e9r\u00e9ditaire ? Description du Syndrome d\u2019Asperger Les causes de la maladie sont inexpliqu\u00e9es, bien que des facteurs g\u00e9n\u00e9tiques (h\u00e9r\u00e9dit\u00e9) soient souvent cit\u00e9s. Les troubles associ\u00e9s au syndrome d\u2019Asperger sont dus \u00e0 une mauvaise transmission lors de la r\u00e9ception et du traitement des informations dans le cerveau.<\/p>\r\n\r\n\r\n\r\n<h3 class=\"wp-block-heading\"><span class=\"ez-toc-section\" id=\"Comment_se_transmet_le_syndrome_dAsperger\"><\/span>Comment se transmet le syndrome d\u2019Asperger ?<span class=\"ez-toc-section-end\"><\/span><\/h3>\r\n\r\n\r\n\r\n<p>La maladie est transmise exclusivement ou de pr\u00e9f\u00e9rence par l\u2019un des parents. Habituellement, les g\u00e8nes soumis \u00e0 l\u2019impression g\u00e9nomique sont inactiv\u00e9s pendant le d\u00e9veloppement de l\u2019ovule ou du sperme ou peu apr\u00e8s la f\u00e9condation.<\/p>\r\n\r\n\r\n\r\n<h4 class=\"wp-block-heading\"><span class=\"ez-toc-section\" id=\"Quel_parent_transmet_lautisme-2\"><\/span>Quel parent transmet l\u2019autisme ?<span class=\"ez-toc-section-end\"><\/span><\/h4>\r\n\r\n\r\n\r\n<p>La probabilit\u00e9 d\u2019\u00eatre autiste chez les demi-fr\u00e8res et s\u0153urs est en r\u00e9alit\u00e9 multipli\u00e9e par 3, chez les fr\u00e8res et s\u0153urs par 10, chez les vrais jumeaux, aussi appel\u00e9s vrais jumeaux, par 150.<\/p>\r\n\r\n\r\n\r\n<h4 class=\"wp-block-heading\"><span class=\"ez-toc-section\" id=\"Comment_Devient-on_Asperger\"><\/span>Comment Devient-on Asperger ?<span class=\"ez-toc-section-end\"><\/span><\/h4>\r\n\r\n\r\n\r\n<p>Les causes du syndrome d\u2019Asperger sont principalement g\u00e9n\u00e9tiques. La recherche neurologique a r\u00e9v\u00e9l\u00e9 des particularit\u00e9s du fonctionnement c\u00e9r\u00e9bral qui sont \u00e0 l\u2019origine de troubles s\u00e9lectifs de l\u2019empathie. Une fois le diagnostic pos\u00e9, un accompagnement multidisciplinaire peut \u00eatre propos\u00e9.<\/p>\r\n\r\n\r\n\r\n<h3 class=\"wp-block-heading\"><span class=\"ez-toc-section\" id=\"Quel_est_le_QI_dun_Asperger\"><\/span>Quel est le QI d\u2019un Asperger ?<span class=\"ez-toc-section-end\"><\/span><\/h3>\r\n\r\n\r\n\r\n<p>En effet, pour qu\u2019une personne soit diagnostiqu\u00e9e autiste de haut niveau ou syndrome d\u2019Asperger, en plus des crit\u00e8res normalement d\u00e9finis pour le diagnostic d\u2019autisme, son QI (Q.I.) doit \u00eatre sup\u00e9rieur \u00e0 70.<\/p>\r\n\r\n\r\n\r\n<h4 class=\"wp-block-heading\"><span class=\"ez-toc-section\" id=\"Quelle_difference_entre_autisme_et_Asperger\"><\/span>Quelle diff\u00e9rence entre autisme et Asperger ?<span class=\"ez-toc-section-end\"><\/span><\/h4>\r\n\r\n\r\n\r\n<p>La seule chose qui distingue clairement l\u2019autisme de haut niveau et le syndrome d\u2019Asperger est l\u2019\u00e2ge d\u2019apparition du langage. Bien s\u00fbr, l\u2019apparition pr\u00e9coce du langage chez les enfants Asperger leur donne un d\u00e9veloppement diff\u00e9rent de celui des enfants autistes tr\u00e8s fonctionnels.<\/p>\r\n\r\n\r\n\r\n<h4 class=\"wp-block-heading\"><span class=\"ez-toc-section\" id=\"Comment_Appelle-t-on_un_autiste_intelligent-2\"><\/span>Comment Appelle-t-on un autiste intelligent ?<span class=\"ez-toc-section-end\"><\/span><\/h4>\r\n\r\n\r\n\r\n<p>Les enfants Asperger ont une bonne diction et parfois un vocabulaire sophistiqu\u00e9 qui contraste avec les autres enfants de leur \u00e2ge.<\/p>\r\n\r\n\r\n\r\n<h3 class=\"wp-block-heading\"><span class=\"ez-toc-section\" id=\"Quel_gene_autisme-2\"><\/span>Quel g\u00e8ne autisme ?<span class=\"ez-toc-section-end\"><\/span><\/h3>\r\n\r\n\r\n\r\n<p>\u00abDes syndromes g\u00e9n\u00e9tiques sp\u00e9cifiques associ\u00e9s aux sympt\u00f4mes de l\u2019autisme sont identifi\u00e9s depuis longtemps, comme un g\u00e8ne appel\u00e9\u00ab Shank3 \u00bbresponsable du syndrome de Phelan-McDermid\u00bb, explique Thomas Bourgeron. Ce type d\u2019autisme est appel\u00e9 \u00ab\u00a0monog\u00e8ne\u00a0\u00bb, ce qui signifie qu\u2019il r\u00e9sulte d\u2019une mutation dans un seul g\u00e8ne.<\/p>\r\n\r\n\r\n\r\n<h4 class=\"wp-block-heading\"><span class=\"ez-toc-section\" id=\"Est-ce_que_lon_nait_autiste\"><\/span>Est-ce que l\u2019on na\u00eet autiste ?<span class=\"ez-toc-section-end\"><\/span><\/h4>\r\n\r\n\r\n\r\n<p>L\u2019autisme n\u2019est pas un trouble du comportement, ni un trouble mental, ni un trouble de la personnalit\u00e9. On na\u00eet autiste de la m\u00eame mani\u00e8re qu\u2019on vient au monde avec de grandes ou de petites oreilles.<\/p>\r\n\r\n\r\n\r\n<h4 class=\"wp-block-heading\"><span class=\"ez-toc-section\" id=\"Quelle_est_la_probabilite_davoir_un_enfant_autiste\"><\/span>Quelle est la probabilit\u00e9 d\u2019avoir un enfant autiste ?<span class=\"ez-toc-section-end\"><\/span><\/h4>\r\n\r\n\r\n\r\n<p>Cette vaste \u00e9tude internationale, men\u00e9e par des chercheurs de l\u2019Universit\u00e9 de Californie \u00e0 Davis et du M.I.N.D. Institute, montre que cette probabilit\u00e9, estim\u00e9e entre 3 et 10% avant cette \u00e9tude, est en r\u00e9alit\u00e9 de 18,7%.<\/p>\r\n\r\n<p><script type=\"application\/ld+json\">{\"@context\":\"https:\/\/schema.org\",\"@type\":\"FAQPage\",\"mainEntity\":[{\"@type\":\"Question\",\"name\":\"C'est quoi l'autisme l&eacute;ger ?\",\"acceptedAnswer\":{\"@type\":\"Answer\",\"text\":\"Difficult&eacute; &agrave; &eacute;tablir des relations avec les autres et &agrave; interagir avec son environnement. Les jeunes atteints d'autisme l&eacute;ger peuvent s'int&eacute;resser aux autres, mais peuvent ne pas &ecirc;tre capables de leur parler ou de jouer avec eux. Il leur est tr&egrave;s difficile d'entamer une conversation et de la maintenir.Comment savoir si vous souffrez d'autisme l&eacute;ger ? Dans certains cas d'autisme l&eacute;ger ou sans retard intellectuel, certains signes sont d&eacute;tect&eacute;s plus pr&eacute;cis&eacute;ment &agrave; l'adolescence :isolation,m&eacute;connaissance des conventions sociales,difficult&eacute; &agrave; exprimer ou &agrave; contr&ocirc;ler ses &eacute;motionsmanque d'empathie,\"}},{\"@type\":\"Question\",\"name\":\"Quel avenir pour un autiste l&eacute;ger ?\",\"acceptedAnswer\":{\"@type\":\"Answer\",\"text\":\"De nombreuses opportunit&eacute;s leur sont alors offertes dans ce domaine. Les personnes autistes deviennent ainsi v&eacute;t&eacute;rinaires, &eacute;leveurs ou gu&eacute;risseurs. Ils peuvent pratiquer, par exemple, dans un zoo ou un centre &eacute;questre.Les personnes autistes vivent-elles longtemps ? Les personnes atteintes de troubles du spectre autistique (TSA) ont une esp&eacute;rance de vie r&eacute;duite d'environ seize &agrave; dix-huit ans par rapport &agrave; la population g&eacute;n&eacute;rale, et pour les personnes autistes ayant des troubles d'apprentissage, cette r&eacute;duction est de 30 ans.\"}},{\"@type\":\"Question\",\"name\":\"Est-ce qu'un autiste peut avoir une vie normale ?\",\"acceptedAnswer\":{\"@type\":\"Answer\",\"text\":\"Compte tenu de l'&eacute;tat actuel de la science, il n'y a pas de rem&egrave;de pour l'autisme. Cependant, gr&acirc;ce &agrave; un accompagnement pr&eacute;coce et un accompagnement sur-mesure de type &laquo; enseignement socio-&eacute;ducatif et structur&eacute; &raquo;, de grands progr&egrave;s peuvent &ecirc;tre r&eacute;alis&eacute;s, quels que soient l'&acirc;ge et le niveau de la personne.Comment vit une personne autiste ? Une organisation claire en incluant l'enfant dans son emploi du temps est essentielle car les personnes autistes d&eacute;testent l'impr&eacute;vu et cela peut d&eacute;clencher des crises d'angoisse ou de violence. Il est important de planifier et de rejeter clairement toutes les activit&eacute;s avec les m&ecirc;mes parties prenantes.\"}},{\"@type\":\"Question\",\"name\":\"Comment les personnes autistes voient le monde ?\",\"acceptedAnswer\":{\"@type\":\"Answer\",\"text\":\"Les personnes atteintes de TSA d&eacute;clarent souvent avoir une perception tr&egrave;s intense du monde. Ils repr&eacute;sentent &agrave; la fois une hypersensibilit&eacute; &agrave; certains &eacute;l&eacute;ments et une hypersensibilit&eacute; &agrave; d'autres : ainsi une personne peut &ecirc;tre fortement d&eacute;rang&eacute;e par le cr&eacute;pitement du n&eacute;on et tr&egrave;s attir&eacute;e par une forte lumi&egrave;re.Les personnes autistes sont-elles intelligentes ? L'intelligence unique des personnes autistes repose sur un fonctionnement c&eacute;r&eacute;bral s&eacute;par&eacute; et n&eacute;cessite des modes d'intervention diff&eacute;rents. Selon les &eacute;tudes, la proportion de personnes autistes ayant une d&eacute;ficience intellectuelle varie de 13 % &agrave; 84 %.\"}},{\"@type\":\"Question\",\"name\":\"Quel sont les chances d'avoir un enfant autiste ?\",\"acceptedAnswer\":{\"@type\":\"Answer\",\"text\":\"Le diagnostic de trouble du spectre autistique est quatre fois plus &eacute;lev&eacute; chez les gar&ccedil;ons que chez les filles, chez 1 gar&ccedil;on sur 42 (23,9 pour 1000) contre 1 fille sur 165 (6 pour 1000).Quels sont les risques d'un enfant autiste ? L'&eacute;tude montre &eacute;galement que plus d'enfants autistes avaient un faible poids &agrave; la naissance ou ont re&ccedil;u une r&eacute;animation, une incubation ou une phototh&eacute;rapie pour la jaunisse post-partum que les t&eacute;moins.\"}},{\"@type\":\"Question\",\"name\":\"Est-ce que l'autisme Asperger est hereditaire ?\",\"acceptedAnswer\":{\"@type\":\"Answer\",\"text\":\"La question de l'h&eacute;r&eacute;dit&eacute; &laquo; Les parents ont parfois des traits d'Asperger, mais ce ne sont que des traits. Il existe de nombreuses &eacute;tudes g&eacute;n&eacute;tiques, mais il est difficile d'isoler des sp&eacute;cificit&eacute;s g&eacute;n&eacute;tiques propres &agrave; la maladie d'Asperger.Le syndrome d'Asperger est-il h&eacute;r&eacute;ditaire ? Description du Syndrome d'Asperger Les causes de la maladie sont inexpliqu&eacute;es, bien que des facteurs g&eacute;n&eacute;tiques (h&eacute;r&eacute;dit&eacute;) soient souvent cit&eacute;s. Les troubles associ&eacute;s au syndrome d'Asperger sont dus &agrave; une mauvaise transmission lors de la r&eacute;ception et du traitement des informations dans le cerveau.\"}}]}<\/script><\/p>\n\n","protected":false},"excerpt":{"rendered":"","protected":false},"author":1,"featured_media":1923,"comment_status":"open","ping_status":"open","sticky":false,"template":"","format":"standard","meta":{"_seopress_robots_primary_cat":"none","_seopress_titles_title":"","_seopress_titles_desc":"","_seopress_robots_index":"","footnotes":""},"categories":[31],"tags":[244,243,247,245,72],"class_list":["post-1921","post","type-post","status-publish","format-standard","has-post-thumbnail","hentry","category-life-style","tag-asperger","tag-autisme","tag-autiste","tag-autistes","tag-enfant","generate-columns","tablet-grid-50","mobile-grid-100","grid-parent","grid-50"],"_links":{"self":[{"href":"https:\/\/toukiela.com\/fr_be\/wp-json\/wp\/v2\/posts\/1921","targetHints":{"allow":["GET"]}}],"collection":[{"href":"https:\/\/toukiela.com\/fr_be\/wp-json\/wp\/v2\/posts"}],"about":[{"href":"https:\/\/toukiela.com\/fr_be\/wp-json\/wp\/v2\/types\/post"}],"author":[{"embeddable":true,"href":"https:\/\/toukiela.com\/fr_be\/wp-json\/wp\/v2\/users\/1"}],"replies":[{"embeddable":true,"href":"https:\/\/toukiela.com\/fr_be\/wp-json\/wp\/v2\/comments?post=1921"}],"version-history":[{"count":0,"href":"https:\/\/toukiela.com\/fr_be\/wp-json\/wp\/v2\/posts\/1921\/revisions"}],"wp:featuredmedia":[{"embeddable":true,"href":"https:\/\/toukiela.com\/fr_be\/wp-json\/wp\/v2\/media\/1923"}],"wp:attachment":[{"href":"https:\/\/toukiela.com\/fr_be\/wp-json\/wp\/v2\/media?parent=1921"}],"wp:term":[{"taxonomy":"category","embeddable":true,"href":"https:\/\/toukiela.com\/fr_be\/wp-json\/wp\/v2\/categories?post=1921"},{"taxonomy":"post_tag","embeddable":true,"href":"https:\/\/toukiela.com\/fr_be\/wp-json\/wp\/v2\/tags?post=1921"}],"curies":[{"name":"wp","href":"https:\/\/api.w.org\/{rel}","templated":true}]}}