{"id":10790,"date":"2024-02-20T07:08:58","date_gmt":"2024-02-20T05:08:58","guid":{"rendered":"https:\/\/toukiela.com\/avatar-le-dernier-maitre-de-lair-saison-1-quelle-est-la-date-et-lheure-de-sortie-exacte\/"},"modified":"2024-02-20T07:08:59","modified_gmt":"2024-02-20T05:08:59","slug":"avatar-le-dernier-maitre-de-lair-saison-1-quelle-est-la-date-et-lheure-de-sortie-exacte","status":"publish","type":"post","link":"https:\/\/toukiela.com\/fr_be\/avatar-le-dernier-maitre-de-lair-saison-1-quelle-est-la-date-et-lheure-de-sortie-exacte\/","title":{"rendered":"Avatar Le Dernier Ma\u00eetre de l&rsquo;Air Saison 1 : Quelle est la date et l&rsquo;heure de sortie exacte ?"},"content":{"rendered":"<p><em><\/em><\/p>\n<div id=\"ez-toc-container\" class=\"ez-toc-v2_0_82_2 counter-hierarchy ez-toc-counter ez-toc-grey ez-toc-container-direction\">\n<p class=\"ez-toc-title\" style=\"cursor:inherit\">Sommaire<\/p>\n<label for=\"ez-toc-cssicon-toggle-item-69f2200502844\" class=\"ez-toc-cssicon-toggle-label\"><span class=\"\"><span class=\"eztoc-hide\" style=\"display:none;\">Toggle<\/span><span class=\"ez-toc-icon-toggle-span\"><svg style=\"fill: #999;color:#999\" xmlns=\"http:\/\/www.w3.org\/2000\/svg\" class=\"list-377408\" width=\"20px\" height=\"20px\" viewbox=\"0 0 24 24\" fill=\"none\"><path d=\"M6 6H4v2h2V6zm14 0H8v2h12V6zM4 11h2v2H4v-2zm16 0H8v2h12v-2zM4 16h2v2H4v-2zm16 0H8v2h12v-2z\" fill=\"currentColor\"><\/path><\/svg><svg style=\"fill: #999;color:#999\" class=\"arrow-unsorted-368013\" xmlns=\"http:\/\/www.w3.org\/2000\/svg\" width=\"10px\" height=\"10px\" viewbox=\"0 0 24 24\" version=\"1.2\" baseprofile=\"tiny\"><path d=\"M18.2 9.3l-6.2-6.3-6.2 6.3c-.2.2-.3.4-.3.7s.1.5.3.7c.2.2.4.3.7.3h11c.3 0 .5-.1.7-.3.2-.2.3-.5.3-.7s-.1-.5-.3-.7zM5.8 14.7l6.2 6.3 6.2-6.3c.2-.2.3-.5.3-.7s-.1-.5-.3-.7c-.2-.2-.4-.3-.7-.3h-11c-.3 0-.5.1-.7.3-.2.2-.3.5-.3.7s.1.5.3.7z\"\/><\/svg><\/span><\/span><\/label><input type=\"checkbox\"  id=\"ez-toc-cssicon-toggle-item-69f2200502844\"  aria-label=\"Toggle\" \/><nav><ul class='ez-toc-list ez-toc-list-level-1' ><li class='ez-toc-page-1 ez-toc-heading-level-2'><a class=\"ez-toc-link ez-toc-heading-1\" href=\"https:\/\/toukiela.com\/fr_be\/avatar-le-dernier-maitre-de-lair-saison-1-quelle-est-la-date-et-lheure-de-sortie-exacte\/#Articles_en_relation\" >Articles en relation<\/a><\/li><li class='ez-toc-page-1 ez-toc-heading-level-2'><a class=\"ez-toc-link ez-toc-heading-2\" href=\"https:\/\/toukiela.com\/fr_be\/avatar-le-dernier-maitre-de-lair-saison-1-quelle-est-la-date-et-lheure-de-sortie-exacte\/#Ceux_qui_veulent_ma_Mort_2_Quelle_date_de_sortie_Netflix_Une_suite_prevue\" >Ceux qui veulent ma Mort 2 : Quelle date de sortie Netflix ? Une suite pr\u00e9vue ?<\/a><\/li><li class='ez-toc-page-1 ez-toc-heading-level-2'><a class=\"ez-toc-link ez-toc-heading-3\" href=\"https:\/\/toukiela.com\/fr_be\/avatar-le-dernier-maitre-de-lair-saison-1-quelle-est-la-date-et-lheure-de-sortie-exacte\/#LIntrigante_et_le_Roi_Episode_13_Quelle_date_et_heure_de_sortie\" >L\u2019Intrigante et le Roi \u00c9pisode 13 : Quelle date et heure de sortie ?<\/a><\/li><li class='ez-toc-page-1 ez-toc-heading-level-2'><a class=\"ez-toc-link ez-toc-heading-4\" href=\"https:\/\/toukiela.com\/fr_be\/avatar-le-dernier-maitre-de-lair-saison-1-quelle-est-la-date-et-lheure-de-sortie-exacte\/#Enterrement_de_Vie_de_Garcon_Saison_2_Quelle_date_de_sortie_Canal\" >Enterrement de Vie de Gar\u00e7on Saison 2 : Quelle date de sortie Canal+ ?<\/a><\/li><\/ul><\/nav><\/div>\n<h2><span class=\"ez-toc-section\" id=\"Articles_en_relation\"><\/span>Articles en relation<span class=\"ez-toc-section-end\"><\/span><\/h2>\n<p><\/p>\n<p>Toukiela vous pr\u00e9sente une s\u00e9lection d\u2019articles en relation avec le sujet que vous consultez :<\/p>\n<h2><span class=\"ez-toc-section\" id=\"Ceux_qui_veulent_ma_Mort_2_Quelle_date_de_sortie_Netflix_Une_suite_prevue\"><\/span>Ceux qui veulent ma Mort 2 : Quelle date de sortie Netflix ? Une suite pr\u00e9vue ?<span class=\"ez-toc-section-end\"><\/span><\/h2>\n<p><\/p>\n<p>Le film \u00ab\u00a0Ceux qui veulent ma Mort\u00a0\u00bb conna\u00eetra-t-il une suite ? Les fans attendent avec impatience une \u00e9ventuelle annonce de la sortie d\u2019un deuxi\u00e8me volet. D\u00e9couvrez tous les d\u00e9tails sur Toukiela.<\/p>\n<h2><span class=\"ez-toc-section\" id=\"LIntrigante_et_le_Roi_Episode_13_Quelle_date_et_heure_de_sortie\"><\/span>L\u2019Intrigante et le Roi \u00c9pisode 13 : Quelle date et heure de sortie ?<span class=\"ez-toc-section-end\"><\/span><\/h2>\n<p><\/p>\n<p>Les fans de la s\u00e9rie \u00ab\u00a0L\u2019Intrigante et le Roi\u00a0\u00bb sont impatients de conna\u00eetre la date et l\u2019heure de sortie du treizi\u00e8me \u00e9pisode. Retrouvez toutes les informations sur Toukiela.<\/p>\n<h2><span class=\"ez-toc-section\" id=\"Enterrement_de_Vie_de_Garcon_Saison_2_Quelle_date_de_sortie_Canal\"><\/span>Enterrement de Vie de Gar\u00e7on Saison 2 : Quelle date de sortie Canal+ ?<span class=\"ez-toc-section-end\"><\/span><\/h2>\n<p><\/p>\n<p>La deuxi\u00e8me saison de la s\u00e9rie \u00ab\u00a0Enterrement de Vie de Gar\u00e7on\u00a0\u00bb sera-t-elle diffus\u00e9e sur Canal+ ? Les fans attendent avec impatience la date de sortie de cette nouvelle saison. Retrouvez toutes les informations sur Toukiela.<\/p>","protected":false},"excerpt":{"rendered":"","protected":false},"author":1,"featured_media":10792,"comment_status":"open","ping_status":"open","sticky":false,"template":"","format":"standard","meta":{"_seopress_robots_primary_cat":"","_seopress_titles_title":"","_seopress_titles_desc":"","_seopress_robots_index":"","footnotes":""},"categories":[645],"tags":[],"class_list":["post-10790","post","type-post","status-publish","format-standard","has-post-thumbnail","hentry","category-netflix","generate-columns","tablet-grid-50","mobile-grid-100","grid-parent","grid-50"],"_links":{"self":[{"href":"https:\/\/toukiela.com\/fr_be\/wp-json\/wp\/v2\/posts\/10790","targetHints":{"allow":["GET"]}}],"collection":[{"href":"https:\/\/toukiela.com\/fr_be\/wp-json\/wp\/v2\/posts"}],"about":[{"href":"https:\/\/toukiela.com\/fr_be\/wp-json\/wp\/v2\/types\/post"}],"author":[{"embeddable":true,"href":"https:\/\/toukiela.com\/fr_be\/wp-json\/wp\/v2\/users\/1"}],"replies":[{"embeddable":true,"href":"https:\/\/toukiela.com\/fr_be\/wp-json\/wp\/v2\/comments?post=10790"}],"version-history":[{"count":1,"href":"https:\/\/toukiela.com\/fr_be\/wp-json\/wp\/v2\/posts\/10790\/revisions"}],"predecessor-version":[{"id":10791,"href":"https:\/\/toukiela.com\/fr_be\/wp-json\/wp\/v2\/posts\/10790\/revisions\/10791"}],"wp:featuredmedia":[{"embeddable":true,"href":"https:\/\/toukiela.com\/fr_be\/wp-json\/wp\/v2\/media\/10792"}],"wp:attachment":[{"href":"https:\/\/toukiela.com\/fr_be\/wp-json\/wp\/v2\/media?parent=10790"}],"wp:term":[{"taxonomy":"category","embeddable":true,"href":"https:\/\/toukiela.com\/fr_be\/wp-json\/wp\/v2\/categories?post=10790"},{"taxonomy":"post_tag","embeddable":true,"href":"https:\/\/toukiela.com\/fr_be\/wp-json\/wp\/v2\/tags?post=10790"}],"curies":[{"name":"wp","href":"https:\/\/api.w.org\/{rel}","templated":true}]}}