{"id":10565,"date":"2024-02-13T13:14:01","date_gmt":"2024-02-13T11:14:01","guid":{"rendered":"https:\/\/toukiela.com\/le-diable-shabille-en-prada-est-un-roman-ecrit-par-lauren-weisberger-qui-a-ete-adapte-en-film-en-2006-lhistoire-se-concentre-sur-le-personnage-dandrea-sachs-une-jeune-diplomee-qui-commence-a-tra\/"},"modified":"2024-02-13T13:14:02","modified_gmt":"2024-02-13T11:14:02","slug":"le-diable-shabille-en-prada-est-un-roman-ecrit-par-lauren-weisberger-qui-a-ete-adapte-en-film-en-2006-lhistoire-se-concentre-sur-le-personnage-dandrea-sachs-une-jeune-diplomee-qui-commence-a-tra","status":"publish","type":"post","link":"https:\/\/toukiela.com\/fr_be\/le-diable-shabille-en-prada-est-un-roman-ecrit-par-lauren-weisberger-qui-a-ete-adapte-en-film-en-2006-lhistoire-se-concentre-sur-le-personnage-dandrea-sachs-une-jeune-diplomee-qui-commence-a-tra\/","title":{"rendered":"Le Diable s&rsquo;habille en Prada est un roman \u00e9crit par Lauren Weisberger, qui a \u00e9t\u00e9 adapt\u00e9 en film en 2006. L&rsquo;histoire se concentre sur le personnage d&rsquo;Andrea Sachs, une jeune dipl\u00f4m\u00e9e qui commence \u00e0 travailler comme assistante de Miranda Priestly, la puissante r\u00e9dactrice en chef d&rsquo;un c\u00e9l\u00e8bre magazine de mode.<br \/>\n<br \/>\n\u00c0 la fin du roman et du film, Andrea finit par quitter son emploi chez Miranda et d\u00e9cide de se lancer dans une nouvelle carri\u00e8re. Elle r\u00e9alise que travailler pour Miranda et dans l&rsquo;industrie de la mode ne correspond pas \u00e0 ses valeurs et \u00e0 ses aspirations personnelles. Elle d\u00e9cide donc de suivre son propre chemin et de se consacrer \u00e0 des projets qui la passionnent r\u00e9ellement.<br \/>\n<br \/>\nEn quittant son poste, Andrea abandonne \u00e9galement sa relation amoureuse avec Nate, son petit ami, qui ne comprenait pas son obsession pour son travail et son incapacit\u00e9 \u00e0 trouver un \u00e9quilibre entre sa vie personnelle et sa carri\u00e8re. Bien qu&rsquo;elle soit attrist\u00e9e par cette s\u00e9paration, Andrea r\u00e9alise qu&rsquo;elle doit prioriser son propre bonheur et \u00e9panouissement.<br \/>\n<br \/>\nLa fin du roman et du film sugg\u00e8re que Andrea a appris de son exp\u00e9rience avec Miranda et qu&rsquo;elle est d\u00e9termin\u00e9e \u00e0 ne plus se laisser influencer par les pressions de l&rsquo;industrie de la mode. Elle cherche \u00e0 trouver un \u00e9quilibre entre sa carri\u00e8re et sa vie personnelle, tout en poursuivant ses passions et en se concentrant sur ce qui lui importe vraiment.<br \/>\n<br \/>\nEn r\u00e9sum\u00e9, la fin de \u00ab\u00a0Le Diable s&rsquo;habille en Prada\u00a0\u00bb montre le personnage d&rsquo;Andrea qui quitte son emploi chez Miranda et d\u00e9cide de suivre son propre chemin, en mettant l&rsquo;accent sur son bonheur et son \u00e9panouissement personnels."},"content":{"rendered":"<p><em><\/em><\/p>\n<div id=\"ez-toc-container\" class=\"ez-toc-v2_0_82_2 counter-hierarchy ez-toc-counter ez-toc-grey ez-toc-container-direction\">\n<p class=\"ez-toc-title\" style=\"cursor:inherit\">Sommaire<\/p>\n<label for=\"ez-toc-cssicon-toggle-item-69f1f17b3087a\" class=\"ez-toc-cssicon-toggle-label\"><span class=\"\"><span class=\"eztoc-hide\" style=\"display:none;\">Toggle<\/span><span class=\"ez-toc-icon-toggle-span\"><svg style=\"fill: #999;color:#999\" xmlns=\"http:\/\/www.w3.org\/2000\/svg\" class=\"list-377408\" width=\"20px\" height=\"20px\" viewbox=\"0 0 24 24\" fill=\"none\"><path d=\"M6 6H4v2h2V6zm14 0H8v2h12V6zM4 11h2v2H4v-2zm16 0H8v2h12v-2zM4 16h2v2H4v-2zm16 0H8v2h12v-2z\" fill=\"currentColor\"><\/path><\/svg><svg style=\"fill: #999;color:#999\" class=\"arrow-unsorted-368013\" xmlns=\"http:\/\/www.w3.org\/2000\/svg\" width=\"10px\" height=\"10px\" viewbox=\"0 0 24 24\" version=\"1.2\" baseprofile=\"tiny\"><path d=\"M18.2 9.3l-6.2-6.3-6.2 6.3c-.2.2-.3.4-.3.7s.1.5.3.7c.2.2.4.3.7.3h11c.3 0 .5-.1.7-.3.2-.2.3-.5.3-.7s-.1-.5-.3-.7zM5.8 14.7l6.2 6.3 6.2-6.3c.2-.2.3-.5.3-.7s-.1-.5-.3-.7c-.2-.2-.4-.3-.7-.3h-11c-.3 0-.5.1-.7.3-.2.2-.3.5-.3.7s.1.5.3.7z\"\/><\/svg><\/span><\/span><\/label><input type=\"checkbox\"  id=\"ez-toc-cssicon-toggle-item-69f1f17b3087a\"  aria-label=\"Toggle\" \/><nav><ul class='ez-toc-list ez-toc-list-level-1' ><li class='ez-toc-page-1 ez-toc-heading-level-2'><a class=\"ez-toc-link ez-toc-heading-1\" href=\"https:\/\/toukiela.com\/fr_be\/le-diable-shabille-en-prada-est-un-roman-ecrit-par-lauren-weisberger-qui-a-ete-adapte-en-film-en-2006-lhistoire-se-concentre-sur-le-personnage-dandrea-sachs-une-jeune-diplomee-qui-commence-a-tra\/#Articles_en_relation\" >Articles en relation<\/a><ul class='ez-toc-list-level-3' ><li class='ez-toc-heading-level-3'><a class=\"ez-toc-link ez-toc-heading-2\" href=\"https:\/\/toukiela.com\/fr_be\/le-diable-shabille-en-prada-est-un-roman-ecrit-par-lauren-weisberger-qui-a-ete-adapte-en-film-en-2006-lhistoire-se-concentre-sur-le-personnage-dandrea-sachs-une-jeune-diplomee-qui-commence-a-tra\/#Aux_Grands_Maux_Episode_7_Quelle_date_et_heure_de_sortie_Netflix\" >Aux Grands Maux \u00c9pisode 7 : Quelle date et heure de sortie Netflix ?<\/a><\/li><li class='ez-toc-page-1 ez-toc-heading-level-3'><a class=\"ez-toc-link ez-toc-heading-3\" href=\"https:\/\/toukiela.com\/fr_be\/le-diable-shabille-en-prada-est-un-roman-ecrit-par-lauren-weisberger-qui-a-ete-adapte-en-film-en-2006-lhistoire-se-concentre-sur-le-personnage-dandrea-sachs-une-jeune-diplomee-qui-commence-a-tra\/#Les_Cendres_2_Quelle_date_de_sortie_Netflix\" >Les Cendres 2 : Quelle date de sortie Netflix ?<\/a><\/li><li class='ez-toc-page-1 ez-toc-heading-level-3'><a class=\"ez-toc-link ez-toc-heading-4\" href=\"https:\/\/toukiela.com\/fr_be\/le-diable-shabille-en-prada-est-un-roman-ecrit-par-lauren-weisberger-qui-a-ete-adapte-en-film-en-2006-lhistoire-se-concentre-sur-le-personnage-dandrea-sachs-une-jeune-diplomee-qui-commence-a-tra\/#Les_Cendres_Explication_de_la_fin_Fiction_ou_verite\" >Les Cendres : Explication de la fin ! Fiction ou v\u00e9rit\u00e9 ?<\/a><\/li><\/ul><\/li><li class='ez-toc-page-1 ez-toc-heading-level-2'><a class=\"ez-toc-link ez-toc-heading-5\" href=\"https:\/\/toukiela.com\/fr_be\/le-diable-shabille-en-prada-est-un-roman-ecrit-par-lauren-weisberger-qui-a-ete-adapte-en-film-en-2006-lhistoire-se-concentre-sur-le-personnage-dandrea-sachs-une-jeune-diplomee-qui-commence-a-tra\/#Plus_de_lauteur\" >Plus de l\u2019auteur<\/a><\/li><\/ul><\/nav><\/div>\n<h2><span class=\"ez-toc-section\" id=\"Articles_en_relation\"><\/span>Articles en relation<span class=\"ez-toc-section-end\"><\/span><\/h2>\n<p><\/p>\n<h3><span class=\"ez-toc-section\" id=\"Aux_Grands_Maux_Episode_7_Quelle_date_et_heure_de_sortie_Netflix\"><\/span>Aux Grands Maux \u00c9pisode 7 : Quelle date et heure de sortie Netflix ?<span class=\"ez-toc-section-end\"><\/span><\/h3>\n<p><\/p>\n<div class=\"td-module-image\">\n<div class=\"td-module-thumb\">\n        <img decoding=\"async\" width=\"218\" height=\"150\" class=\"entry-thumb\" src=\"https:\/\/\/wp-content\/uploads\/2024\/02\/aux-grands-maux-episode-7-218x150.webp\" alt=\"aux grands maux episode 7\">\n    <\/div>\n<p>\n<\/p><\/div>\n<p><\/p>\n<p>Dans cet article, nous vous donnons toutes les informations sur la date et l\u2019heure de sortie de l\u2019\u00e9pisode 7 de la s\u00e9rie \u00ab\u00a0Aux Grands Maux\u00a0\u00bb sur Netflix.<\/p>\n<h3><span class=\"ez-toc-section\" id=\"Les_Cendres_2_Quelle_date_de_sortie_Netflix\"><\/span>Les Cendres 2 : Quelle date de sortie Netflix ?<span class=\"ez-toc-section-end\"><\/span><\/h3>\n<p><\/p>\n<div class=\"td-module-image\">\n<div class=\"td-module-thumb\">\n        <img decoding=\"async\" width=\"218\" height=\"150\" class=\"entry-thumb\" src=\"https:\/\/\/wp-content\/uploads\/2024\/02\/les-cendres-2-netflix-218x150.webp\" alt=\"les cendres 2 netflix\">\n    <\/div>\n<p>\n<\/p><\/div>\n<p><\/p>\n<p>D\u00e9couvrez dans cet article la date de sortie de la deuxi\u00e8me saison de la s\u00e9rie \u00ab\u00a0Les Cendres\u00a0\u00bb sur Netflix.<\/p>\n<h3><span class=\"ez-toc-section\" id=\"Les_Cendres_Explication_de_la_fin_Fiction_ou_verite\"><\/span>Les Cendres : Explication de la fin ! Fiction ou v\u00e9rit\u00e9 ?<span class=\"ez-toc-section-end\"><\/span><\/h3>\n<p><\/p>\n<div class=\"td-module-image\">\n<div class=\"td-module-thumb\">\n        <img decoding=\"async\" width=\"218\" height=\"150\" class=\"entry-thumb\" src=\"https:\/\/\/wp-content\/uploads\/2024\/02\/les-cendres-fin-218x150.webp\" alt=\"les cendres fin\">\n    <\/div>\n<p>\n<\/p><\/div>\n<p><\/p>\n<p>Dans cet article, nous vous proposons une analyse approfondie de la fin de la s\u00e9rie \u00ab\u00a0Les Cendres\u00a0\u00bb et nous vous aidons \u00e0 d\u00e9m\u00ealer le vrai du faux.<\/p>\n<h2><span class=\"ez-toc-section\" id=\"Plus_de_lauteur\"><\/span>Plus de l\u2019auteur<span class=\"ez-toc-section-end\"><\/span><\/h2>\n<p><\/p>\n<p>Retrouvez tous les articles de notre auteur sur notre site. <\/p>","protected":false},"excerpt":{"rendered":"","protected":false},"author":1,"featured_media":10567,"comment_status":"open","ping_status":"open","sticky":false,"template":"","format":"standard","meta":{"_seopress_robots_primary_cat":"","_seopress_titles_title":"","_seopress_titles_desc":"","_seopress_robots_index":"","footnotes":""},"categories":[645],"tags":[],"class_list":["post-10565","post","type-post","status-publish","format-standard","has-post-thumbnail","hentry","category-netflix","generate-columns","tablet-grid-50","mobile-grid-100","grid-parent","grid-50"],"_links":{"self":[{"href":"https:\/\/toukiela.com\/fr_be\/wp-json\/wp\/v2\/posts\/10565","targetHints":{"allow":["GET"]}}],"collection":[{"href":"https:\/\/toukiela.com\/fr_be\/wp-json\/wp\/v2\/posts"}],"about":[{"href":"https:\/\/toukiela.com\/fr_be\/wp-json\/wp\/v2\/types\/post"}],"author":[{"embeddable":true,"href":"https:\/\/toukiela.com\/fr_be\/wp-json\/wp\/v2\/users\/1"}],"replies":[{"embeddable":true,"href":"https:\/\/toukiela.com\/fr_be\/wp-json\/wp\/v2\/comments?post=10565"}],"version-history":[{"count":1,"href":"https:\/\/toukiela.com\/fr_be\/wp-json\/wp\/v2\/posts\/10565\/revisions"}],"predecessor-version":[{"id":10566,"href":"https:\/\/toukiela.com\/fr_be\/wp-json\/wp\/v2\/posts\/10565\/revisions\/10566"}],"wp:featuredmedia":[{"embeddable":true,"href":"https:\/\/toukiela.com\/fr_be\/wp-json\/wp\/v2\/media\/10567"}],"wp:attachment":[{"href":"https:\/\/toukiela.com\/fr_be\/wp-json\/wp\/v2\/media?parent=10565"}],"wp:term":[{"taxonomy":"category","embeddable":true,"href":"https:\/\/toukiela.com\/fr_be\/wp-json\/wp\/v2\/categories?post=10565"},{"taxonomy":"post_tag","embeddable":true,"href":"https:\/\/toukiela.com\/fr_be\/wp-json\/wp\/v2\/tags?post=10565"}],"curies":[{"name":"wp","href":"https:\/\/api.w.org\/{rel}","templated":true}]}}