{"id":10368,"date":"2024-02-07T14:42:47","date_gmt":"2024-02-07T12:42:47","guid":{"rendered":"https:\/\/toukiela.com\/lacte-ia-de-lue-franchit-lultime-obstacle-majeur-avant-son-adoption-une-avancee-revolutionnaire\/"},"modified":"2024-02-07T14:42:48","modified_gmt":"2024-02-07T12:42:48","slug":"lacte-ia-de-lue-franchit-lultime-obstacle-majeur-avant-son-adoption-une-avancee-revolutionnaire","status":"publish","type":"post","link":"https:\/\/toukiela.com\/fr_be\/lacte-ia-de-lue-franchit-lultime-obstacle-majeur-avant-son-adoption-une-avancee-revolutionnaire\/","title":{"rendered":"L&rsquo;Acte IA de l&rsquo;UE franchit l&rsquo;ultime obstacle majeur avant son adoption &#8211; Une avanc\u00e9e r\u00e9volutionnaire !"},"content":{"rendered":"<p><em><\/em><\/p>\n<div id=\"ez-toc-container\" class=\"ez-toc-v2_0_82_2 counter-hierarchy ez-toc-counter ez-toc-grey ez-toc-container-direction\">\n<p class=\"ez-toc-title\" style=\"cursor:inherit\">Sommaire<\/p>\n<label for=\"ez-toc-cssicon-toggle-item-69f1d8a6c1e86\" class=\"ez-toc-cssicon-toggle-label\"><span class=\"\"><span class=\"eztoc-hide\" style=\"display:none;\">Toggle<\/span><span class=\"ez-toc-icon-toggle-span\"><svg style=\"fill: #999;color:#999\" xmlns=\"http:\/\/www.w3.org\/2000\/svg\" class=\"list-377408\" width=\"20px\" height=\"20px\" viewbox=\"0 0 24 24\" fill=\"none\"><path d=\"M6 6H4v2h2V6zm14 0H8v2h12V6zM4 11h2v2H4v-2zm16 0H8v2h12v-2zM4 16h2v2H4v-2zm16 0H8v2h12v-2z\" fill=\"currentColor\"><\/path><\/svg><svg style=\"fill: #999;color:#999\" class=\"arrow-unsorted-368013\" xmlns=\"http:\/\/www.w3.org\/2000\/svg\" width=\"10px\" height=\"10px\" viewbox=\"0 0 24 24\" version=\"1.2\" baseprofile=\"tiny\"><path d=\"M18.2 9.3l-6.2-6.3-6.2 6.3c-.2.2-.3.4-.3.7s.1.5.3.7c.2.2.4.3.7.3h11c.3 0 .5-.1.7-.3.2-.2.3-.5.3-.7s-.1-.5-.3-.7zM5.8 14.7l6.2 6.3 6.2-6.3c.2-.2.3-.5.3-.7s-.1-.5-.3-.7c-.2-.2-.4-.3-.7-.3h-11c-.3 0-.5.1-.7.3-.2.2-.3.5-.3.7s.1.5.3.7z\"\/><\/svg><\/span><\/span><\/label><input type=\"checkbox\"  id=\"ez-toc-cssicon-toggle-item-69f1d8a6c1e86\"  aria-label=\"Toggle\" \/><nav><ul class='ez-toc-list ez-toc-list-level-1' ><li class='ez-toc-page-1 ez-toc-heading-level-2'><a class=\"ez-toc-link ez-toc-heading-1\" href=\"https:\/\/toukiela.com\/fr_be\/lacte-ia-de-lue-franchit-lultime-obstacle-majeur-avant-son-adoption-une-avancee-revolutionnaire\/#LUnion_europeenne_adopte_lAI_Act_une_loi_sur_la_regulation_de_lintelligence_artificielle\" >L\u2019Union europ\u00e9enne adopte l\u2019AI Act, une loi sur la r\u00e9gulation de l\u2019intelligence artificielle<\/a><\/li><li class='ez-toc-page-1 ez-toc-heading-level-2'><a class=\"ez-toc-link ez-toc-heading-2\" href=\"https:\/\/toukiela.com\/fr_be\/lacte-ia-de-lue-franchit-lultime-obstacle-majeur-avant-son-adoption-une-avancee-revolutionnaire\/#Un_accord_politique_atteint_en_decembre\" >Un accord politique atteint en d\u00e9cembre<\/a><\/li><li class='ez-toc-page-1 ez-toc-heading-level-2'><a class=\"ez-toc-link ez-toc-heading-3\" href=\"https:\/\/toukiela.com\/fr_be\/lacte-ia-de-lue-franchit-lultime-obstacle-majeur-avant-son-adoption-une-avancee-revolutionnaire\/#Les_principales_dispositions_de_lAI_Act\" >Les principales dispositions de l\u2019AI Act<\/a><\/li><li class='ez-toc-page-1 ez-toc-heading-level-2'><a class=\"ez-toc-link ez-toc-heading-4\" href=\"https:\/\/toukiela.com\/fr_be\/lacte-ia-de-lue-franchit-lultime-obstacle-majeur-avant-son-adoption-une-avancee-revolutionnaire\/#Le_vote_unanime_des_ambassadeurs_des_Etats_membres\" >Le vote unanime des ambassadeurs des \u00c9tats membres<\/a><\/li><li class='ez-toc-page-1 ez-toc-heading-level-2'><a class=\"ez-toc-link ez-toc-heading-5\" href=\"https:\/\/toukiela.com\/fr_be\/lacte-ia-de-lue-franchit-lultime-obstacle-majeur-avant-son-adoption-une-avancee-revolutionnaire\/#La_suite_du_processus_legislatif\" >La suite du processus l\u00e9gislatif<\/a><\/li><li class='ez-toc-page-1 ez-toc-heading-level-2'><a class=\"ez-toc-link ez-toc-heading-6\" href=\"https:\/\/toukiela.com\/fr_be\/lacte-ia-de-lue-franchit-lultime-obstacle-majeur-avant-son-adoption-une-avancee-revolutionnaire\/#La_mise_en_place_dun_bureau_de_lIA_et_de_mesures_de_soutien\" >La mise en place d\u2019un bureau de l\u2019IA et de mesures de soutien<\/a><\/li><\/ul><\/nav><\/div>\n<h2><span class=\"ez-toc-section\" id=\"LUnion_europeenne_adopte_lAI_Act_une_loi_sur_la_regulation_de_lintelligence_artificielle\"><\/span>L\u2019Union europ\u00e9enne adopte l\u2019AI Act, une loi sur la r\u00e9gulation de l\u2019intelligence artificielle<span class=\"ez-toc-section-end\"><\/span><\/h2>\n<p><\/p>\n<p>Le projet de loi de l\u2019Union europ\u00e9enne sur l\u2019intelligence artificielle, l\u2019AI Act, qui pr\u00e9voit une r\u00e9glementation bas\u00e9e sur les risques pour les applications de l\u2019intelligence artificielle, a franchi ce qui semble \u00eatre le dernier obstacle important \u00e0 son adoption. Les repr\u00e9sentants des \u00c9tats membres ont vot\u00e9 aujourd\u2019hui pour confirmer le texte final de la loi.<\/p>\n<h2><span class=\"ez-toc-section\" id=\"Un_accord_politique_atteint_en_decembre\"><\/span>Un accord politique atteint en d\u00e9cembre<span class=\"ez-toc-section-end\"><\/span><\/h2>\n<p><\/p>\n<p>Cette d\u00e9cision fait suite \u00e0 l\u2019accord politique conclu en d\u00e9cembre, apr\u00e8s de longues n\u00e9gociations finales entre les co-l\u00e9gislateurs de l\u2019UE. \u00c0 partir de l\u00e0, le travail pour transformer les positions convenues lors des n\u00e9gociations en un texte de compromis final pour l\u2019approbation des l\u00e9gislateurs a commenc\u00e9, aboutissant au vote du Coreper d\u2019aujourd\u2019hui qui confirme les r\u00e8gles propos\u00e9es.<\/p>\n<h2><span class=\"ez-toc-section\" id=\"Les_principales_dispositions_de_lAI_Act\"><\/span>Les principales dispositions de l\u2019AI Act<span class=\"ez-toc-section-end\"><\/span><\/h2>\n<p><\/p>\n<p>Le r\u00e8glement pr\u00e9voit une liste d\u2019utilisations interdites de l\u2019IA (appel\u00e9es risques inacceptables), telles que l\u2019utilisation de l\u2019IA pour le scoring social ; il instaure \u00e9galement des r\u00e8gles de gouvernance pour les utilisations \u00e0 haut risque (o\u00f9 les applications d\u2019IA pourraient nuire \u00e0 la sant\u00e9, \u00e0 la s\u00e9curit\u00e9, aux droits fondamentaux, \u00e0 l\u2019environnement, \u00e0 la d\u00e9mocratie et \u00e0 l\u2019\u00c9tat de droit) ainsi que pour les mod\u00e8les g\u00e9n\u00e9raux\/fondamentaux les plus puissants consid\u00e9r\u00e9s comme pr\u00e9sentant un \u00ab\u00a0risque syst\u00e9mique\u00a0\u00bb ; et il impose des exigences de transparence aux applications telles que les chatbots d\u2019IA. Cependant, les applications d\u2019IA \u00e0 faible risque ne seront pas concern\u00e9es par la loi.<\/p>\n<h2><span class=\"ez-toc-section\" id=\"Le_vote_unanime_des_ambassadeurs_des_Etats_membres\"><\/span>Le vote unanime des ambassadeurs des \u00c9tats membres<span class=\"ez-toc-section-end\"><\/span><\/h2>\n<p><\/p>\n<p>Le vote confirmant le texte final sera accueilli avec un grand soulagement \u00e0 Bruxelles. L\u2019opposition persistante \u00e0 la r\u00e9glementation bas\u00e9e sur les risques de l\u2019IA, men\u00e9e par la France, qui cherche \u00e0 \u00e9viter les limites juridiques entravant les start-ups nationales d\u2019IA g\u00e9n\u00e9rative comme Mistral AI qui pourraient d\u00e9fier la mont\u00e9e des g\u00e9ants de l\u2019IA am\u00e9ricains, avait menac\u00e9 de faire d\u00e9railler la r\u00e9glementation, m\u00eame \u00e0 ce stade avanc\u00e9.<\/p>\n<p><\/p>\n<p>Les 27 ambassadeurs des \u00c9tats membres de l\u2019UE ont tous soutenu le texte \u00e0 l\u2019unanimit\u00e9.<\/p>\n<h2><span class=\"ez-toc-section\" id=\"La_suite_du_processus_legislatif\"><\/span>La suite du processus l\u00e9gislatif<span class=\"ez-toc-section-end\"><\/span><\/h2>\n<p><\/p>\n<p>Une fois adopt\u00e9e, la loi entrera en vigueur 20 jours apr\u00e8s sa publication dans le Journal officiel de l\u2019UE. Il y aura ensuite une p\u00e9riode de mise en \u0153uvre \u00e9chelonn\u00e9e avant que les nouvelles r\u00e8gles ne s\u2019appliquent aux applications et aux mod\u00e8les d\u2019IA concern\u00e9s, avec une p\u00e9riode de gr\u00e2ce de six mois avant que la liste des utilisations interdites de l\u2019IA \u00e9nonc\u00e9e dans le r\u00e8glement ne commence \u00e0 s\u2019appliquer. La majorit\u00e9 des autres r\u00e8gles n\u2019entreront en vigueur que deux ans apr\u00e8s la publication de la loi.<\/p>\n<h2><span class=\"ez-toc-section\" id=\"La_mise_en_place_dun_bureau_de_lIA_et_de_mesures_de_soutien\"><\/span>La mise en place d\u2019un bureau de l\u2019IA et de mesures de soutien<span class=\"ez-toc-section-end\"><\/span><\/h2>\n<p><\/p>\n<p>La Commission a d\u00e9j\u00e0 commenc\u00e9 \u00e0 mettre en place un Bureau de l\u2019IA charg\u00e9 de veiller \u00e0 la conformit\u00e9 d\u2019un sous-ensemble de mod\u00e8les fondamentaux plus puissants consid\u00e9r\u00e9s comme pr\u00e9sentant un risque syst\u00e9mique. Elle a \u00e9galement r\u00e9cemment annonc\u00e9 un ensemble de mesures visant \u00e0 soutenir les d\u00e9veloppeurs d\u2019IA nationaux, notamment la r\u00e9organisation du r\u00e9seau de supercalculateurs de la Commission pour soutenir la formation de mod\u00e8les d\u2019IA g\u00e9n\u00e9rative.<\/p>","protected":false},"excerpt":{"rendered":"","protected":false},"author":1,"featured_media":10370,"comment_status":"open","ping_status":"open","sticky":false,"template":"","format":"standard","meta":{"_seopress_robots_primary_cat":"","_seopress_titles_title":"","_seopress_titles_desc":"","_seopress_robots_index":"","footnotes":""},"categories":[608],"tags":[],"class_list":["post-10368","post","type-post","status-publish","format-standard","has-post-thumbnail","hentry","category-actualite-intelligence-artificielle","generate-columns","tablet-grid-50","mobile-grid-100","grid-parent","grid-50"],"_links":{"self":[{"href":"https:\/\/toukiela.com\/fr_be\/wp-json\/wp\/v2\/posts\/10368","targetHints":{"allow":["GET"]}}],"collection":[{"href":"https:\/\/toukiela.com\/fr_be\/wp-json\/wp\/v2\/posts"}],"about":[{"href":"https:\/\/toukiela.com\/fr_be\/wp-json\/wp\/v2\/types\/post"}],"author":[{"embeddable":true,"href":"https:\/\/toukiela.com\/fr_be\/wp-json\/wp\/v2\/users\/1"}],"replies":[{"embeddable":true,"href":"https:\/\/toukiela.com\/fr_be\/wp-json\/wp\/v2\/comments?post=10368"}],"version-history":[{"count":1,"href":"https:\/\/toukiela.com\/fr_be\/wp-json\/wp\/v2\/posts\/10368\/revisions"}],"predecessor-version":[{"id":10369,"href":"https:\/\/toukiela.com\/fr_be\/wp-json\/wp\/v2\/posts\/10368\/revisions\/10369"}],"wp:featuredmedia":[{"embeddable":true,"href":"https:\/\/toukiela.com\/fr_be\/wp-json\/wp\/v2\/media\/10370"}],"wp:attachment":[{"href":"https:\/\/toukiela.com\/fr_be\/wp-json\/wp\/v2\/media?parent=10368"}],"wp:term":[{"taxonomy":"category","embeddable":true,"href":"https:\/\/toukiela.com\/fr_be\/wp-json\/wp\/v2\/categories?post=10368"},{"taxonomy":"post_tag","embeddable":true,"href":"https:\/\/toukiela.com\/fr_be\/wp-json\/wp\/v2\/tags?post=10368"}],"curies":[{"name":"wp","href":"https:\/\/api.w.org\/{rel}","templated":true}]}}