{"id":9820,"date":"2024-01-21T07:05:06","date_gmt":"2024-01-21T05:05:06","guid":{"rendered":"https:\/\/toukiela.com\/explication-de-la-fin-de-the-kitchen-izi-benji-sont-ils-morts-dans-le-film-the-kitchen-il-est-laisse-a-linterpretation-du-spectateur-de-determiner-si-les-personnages-izi-et-benji-sont-mor\/"},"modified":"2024-01-21T07:05:07","modified_gmt":"2024-01-21T05:05:07","slug":"explication-de-la-fin-de-the-kitchen-izi-benji-sont-ils-morts-dans-le-film-the-kitchen-il-est-laisse-a-linterpretation-du-spectateur-de-determiner-si-les-personnages-izi-et-benji-sont-mor","status":"publish","type":"post","link":"https:\/\/toukiela.com\/es\/explicacion-del-final-de-la-cocina-izi-benji-estan-muertos-en-la-pelicula-la-cocina-depende-de-la-interpretacion-del-espectador-determinar-si-los-personajes-izi-y-benji-estan-muertos\/","title":{"rendered":"Explicaci\u00f3n del final de \"The Kitchen\": \u00bfhan muerto Izi y Benji?<br \/>\n<br \/>\nEn la pel\u00edcula \"The Kitchen\", se deja a la interpretaci\u00f3n del espectador si los personajes Izi y Benji est\u00e1n muertos o no al final de la historia. El final de la pel\u00edcula es abierto y deja lugar a diferentes interpretaciones.<br \/>\n<br \/>\nEn el transcurso de la pel\u00edcula, los hermanos gemelos Izi y Benji se ven envueltos en actividades delictivas con la banda irlandesa Hell's Kitchen en el Nueva York de los a\u00f1os setenta. A medida que se desarrolla la trama, aumentan las tensiones entre los distintos personajes y estallan los conflictos.<br \/>\n<br \/>\nHacia el final de la pel\u00edcula, Izi y Benji se ven envueltos en un violento tiroteo con otros miembros de la banda. El espectador ve c\u00f3mo Izi recibe un disparo y se desploma en el suelo, mientras que Benji recibe un disparo en la pierna. Ambos personajes parecen gravemente heridos, si no muertos.<br \/>\n<br \/>\nSin embargo, la \u00faltima escena de la pel\u00edcula muestra un coche que se aleja con Izi y Benji dentro, aparentemente vivos. Esta escena podr\u00eda interpretarse de varias maneras. Algunos podr\u00edan pensar que los dos hermanos han sobrevivido a sus heridas y han conseguido escapar, mientras que otros podr\u00edan creer que la escena es un sue\u00f1o o una ilusi\u00f3n.<br \/>\n<br \/>\nTambi\u00e9n es posible que la escena final sea simb\u00f3lica y represente el fin del reinado de la banda y una nueva libertad para Izi y Benji. En este caso, los dos hermanos podr\u00edan considerarse simb\u00f3licamente muertos, al haber abandonado su anterior vida de delincuencia.<br \/>\n<br \/>\nEn \u00faltima instancia, la respuesta a la pregunta de si Izi y Benji est\u00e1n muertos o no queda abierta a la interpretaci\u00f3n del espectador. El final de la pel\u00edcula deja lugar a distintas posibilidades, permitiendo al p\u00fablico decidir el destino de los personajes."},"content":{"rendered":"<p><em><\/em><\/p>\n<h2>ART\u00cdCULOS RELACIONADOS<\/h2>\n<p>\nAncestral Temporada 1: \u00bfEst\u00e1 basada en una historia real?<br>\nAncestral es una serie de televisi\u00f3n cuya primera temporada suscit\u00f3 gran inter\u00e9s. Muchos espectadores se preguntan si la historia est\u00e1 basada en un hecho real. <br>\nLa serie cuenta la historia de personajes que viven en \u00e9pocas diferentes, pero que est\u00e1n unidos por un misterio milenario. Los telespectadores quedan cautivados por esta compleja trama y est\u00e1n deseosos de averiguar si est\u00e1 basada en hechos reales. <br>\nSin embargo, no hay informaci\u00f3n oficial que indique que la historia de Ancestral est\u00e9 basada en hechos reales. Por tanto, parece que la serie es puramente ficticia e imaginada por los guionistas. <br>\nA pesar de ello, es interesante observar que muchos elementos de la historia est\u00e1n inspirados en hechos hist\u00f3ricos reales. Los guionistas han investigado a fondo para garantizar que la serie sea realista y se base en hechos hist\u00f3ricos. Esto confiere a la serie cierta credibilidad y permite a los espectadores sumergirse de lleno en la historia. <br>\nEn conclusi\u00f3n, aunque la historia de Ancestral no est\u00e1 basada en un hecho real concreto, s\u00ed se inspira en acontecimientos hist\u00f3ricos reales. Esto a\u00f1ade una dimensi\u00f3n interesante a la serie y permite a los espectadores conocer mejor el pasado. <\/p>\n<h2>M\u00c1S DEL AUTOR<\/h2>\n<p>\nHistorias de amor y autismo 3\u00aa temporada: \u00bfCu\u00e1l es la fecha de estreno en Netflix? <br>\nLos fans de la serie Historias de amor y autismo esperan con impaciencia el estreno de la tercera temporada en Netflix. La serie, que aborda temas delicados como el autismo y el amor, tuvo un gran \u00e9xito en sus dos primeras temporadas. <br>\nPor desgracia, a\u00fan no hay fecha oficial para el estreno de la tercera temporada. Los creadores de la serie se han mantenido herm\u00e9ticos sobre los detalles de producci\u00f3n y a\u00fan no han anunciado cu\u00e1ndo estar\u00e1n disponibles los nuevos episodios en Netflix. <br>\nSin embargo, los fans pueden esperar que la tercera temporada se emita en un futuro pr\u00f3ximo. Netflix ha renovado la serie por una tercera temporada, lo que significa que ya se est\u00e1n produciendo nuevos episodios. <br>\nA la espera del estreno de la tercera temporada, los aficionados pueden volver a sumergirse en las temporadas anteriores y continuar siguiendo las aventuras de los personajes. Histoires d'Amour et d'Autisme aborda temas importantes y merece ser vista por un p\u00fablico amplio. <\/p>\n<h2>\u00bfQui\u00e9n tiene pareja hoy?<\/h2>\n<p>\nHistorias de amor y autismo Temporada 2: \u00bfQui\u00e9n tiene pareja hoy?<br>\nLa segunda temporada de Historias de amor y autismo cautiv\u00f3 a los espectadores con sus conmovedores argumentos y entra\u00f1ables personajes. Muchos fans se preguntan qui\u00e9n es la pareja en la vida real. <br>\nCuriosamente, la serie cuenta con actores de talento que dan vida a los personajes de forma convincente. Sin embargo, no hay informaci\u00f3n oficial sobre las relaciones rom\u00e1nticas de los actores fuera de la serie. <br>\nLos actores mantienen su vida privada y sus relaciones fuera de los focos, por lo que es dif\u00edcil saber qui\u00e9n mantiene una relaci\u00f3n en la vida real. Es importante respetar su intimidad y no especular sobre su vida amorosa. <br>\nEn conclusi\u00f3n, aunque los personajes de Histoires d'Amour et d'Autisme mantienen una relaci\u00f3n en la serie, no hay informaci\u00f3n oficial sobre las relaciones de los actores en la vida real. Es preferible concentrarse en la apasionante historia de la serie que en la vida personal de los actores.<\/p>","protected":false},"excerpt":{"rendered":"","protected":false},"author":1,"featured_media":9822,"comment_status":"open","ping_status":"open","sticky":false,"template":"","format":"standard","meta":{"_seopress_robots_primary_cat":"","_seopress_titles_title":"","_seopress_titles_desc":"","_seopress_robots_index":"","footnotes":""},"categories":[645],"tags":[],"class_list":["post-9820","post","type-post","status-publish","format-standard","has-post-thumbnail","hentry","category-netflix","generate-columns","tablet-grid-50","mobile-grid-100","grid-parent","grid-50"],"_links":{"self":[{"href":"https:\/\/toukiela.com\/es\/wp-json\/wp\/v2\/posts\/9820","targetHints":{"allow":["GET"]}}],"collection":[{"href":"https:\/\/toukiela.com\/es\/wp-json\/wp\/v2\/posts"}],"about":[{"href":"https:\/\/toukiela.com\/es\/wp-json\/wp\/v2\/types\/post"}],"author":[{"embeddable":true,"href":"https:\/\/toukiela.com\/es\/wp-json\/wp\/v2\/users\/1"}],"replies":[{"embeddable":true,"href":"https:\/\/toukiela.com\/es\/wp-json\/wp\/v2\/comments?post=9820"}],"version-history":[{"count":1,"href":"https:\/\/toukiela.com\/es\/wp-json\/wp\/v2\/posts\/9820\/revisions"}],"predecessor-version":[{"id":9821,"href":"https:\/\/toukiela.com\/es\/wp-json\/wp\/v2\/posts\/9820\/revisions\/9821"}],"wp:featuredmedia":[{"embeddable":true,"href":"https:\/\/toukiela.com\/es\/wp-json\/wp\/v2\/media\/9822"}],"wp:attachment":[{"href":"https:\/\/toukiela.com\/es\/wp-json\/wp\/v2\/media?parent=9820"}],"wp:term":[{"taxonomy":"category","embeddable":true,"href":"https:\/\/toukiela.com\/es\/wp-json\/wp\/v2\/categories?post=9820"},{"taxonomy":"post_tag","embeddable":true,"href":"https:\/\/toukiela.com\/es\/wp-json\/wp\/v2\/tags?post=9820"}],"curies":[{"name":"wp","href":"https:\/\/api.w.org\/{rel}","templated":true}]}}