{"id":9585,"date":"2024-01-13T17:01:22","date_gmt":"2024-01-13T15:01:22","guid":{"rendered":"https:\/\/toukiela.com\/detective-forst-saison-1-lieux-de-tournage-ou-a-t-il-ete-filme\/"},"modified":"2024-01-13T17:01:23","modified_gmt":"2024-01-13T15:01:23","slug":"detective-forst-saison-1-lieux-de-tournage-ou-a-t-il-ete-filme","status":"publish","type":"post","link":"https:\/\/toukiela.com\/es\/detective-forst-saison-1-lieux-de-tournage-ou-a-t-il-ete-filme\/","title":{"rendered":"D\u00e9tective Forst Saison 1 : Lieux de Tournage &#8211; O\u00f9 a-t-il \u00e9t\u00e9 film\u00e9 ?"},"content":{"rendered":"<p><em><\/em><\/p>\n<p> Plongeons dans l\u2019univers captivant de la nouvelle compagnie a\u00e9rienne Sky Suisse, de la s\u00e9rie Netflix \u00ab\u00a0En Plein Vol\u00a0\u00bb et de son intrigue palpitante qui ne cesse de susciter l\u2019int\u00e9r\u00eat des spectateurs. <\/p>\n<div id=\"ez-toc-container\" class=\"ez-toc-v2_0_82_2 counter-hierarchy ez-toc-counter ez-toc-grey ez-toc-container-direction\">\n<p class=\"ez-toc-title\" style=\"cursor:inherit\">Contenido<\/p>\n<label for=\"ez-toc-cssicon-toggle-item-69f20599b7951\" class=\"ez-toc-cssicon-toggle-label\"><span class=\"\"><span class=\"eztoc-hide\" style=\"display:none;\">Toggle<\/span><span class=\"ez-toc-icon-toggle-span\"><svg style=\"fill: #999;color:#999\" xmlns=\"http:\/\/www.w3.org\/2000\/svg\" class=\"list-377408\" width=\"20px\" height=\"20px\" viewbox=\"0 0 24 24\" fill=\"none\"><path d=\"M6 6H4v2h2V6zm14 0H8v2h12V6zM4 11h2v2H4v-2zm16 0H8v2h12v-2zM4 16h2v2H4v-2zm16 0H8v2h12v-2z\" fill=\"currentColor\"><\/path><\/svg><svg style=\"fill: #999;color:#999\" class=\"arrow-unsorted-368013\" xmlns=\"http:\/\/www.w3.org\/2000\/svg\" width=\"10px\" height=\"10px\" viewbox=\"0 0 24 24\" version=\"1.2\" baseprofile=\"tiny\"><path d=\"M18.2 9.3l-6.2-6.3-6.2 6.3c-.2.2-.3.4-.3.7s.1.5.3.7c.2.2.4.3.7.3h11c.3 0 .5-.1.7-.3.2-.2.3-.5.3-.7s-.1-.5-.3-.7zM5.8 14.7l6.2 6.3 6.2-6.3c.2-.2.3-.5.3-.7s-.1-.5-.3-.7c-.2-.2-.4-.3-.7-.3h-11c-.3 0-.5.1-.7.3-.2.2-.3.5-.3.7s.1.5.3.7z\"\/><\/svg><\/span><\/span><\/label><input type=\"checkbox\"  id=\"ez-toc-cssicon-toggle-item-69f20599b7951\"  aria-label=\"Alternar\" \/><nav><ul class='ez-toc-list ez-toc-list-level-1' ><li class='ez-toc-page-1 ez-toc-heading-level-2'><a class=\"ez-toc-link ez-toc-heading-1\" href=\"https:\/\/toukiela.com\/es\/detective-forst-saison-1-lieux-de-tournage-ou-a-t-il-ete-filme\/#La_compagnie_aerienne_Sky_Suisse_un_veritable_phenomene\" >La compagnie a\u00e9rienne Sky Suisse : un v\u00e9ritable ph\u00e9nom\u00e8ne ?<\/a><\/li><li class='ez-toc-page-1 ez-toc-heading-level-2'><a class=\"ez-toc-link ez-toc-heading-2\" href=\"https:\/\/toukiela.com\/es\/detective-forst-saison-1-lieux-de-tournage-ou-a-t-il-ete-filme\/#%C2%AB_En_Plein_Vol_%C2%BB_une_serie_a_succes_sur_Netflix\" >\u00ab\u00a0En Plein Vol\u00a0\u00bb : une s\u00e9rie \u00e0 succ\u00e8s sur Netflix<\/a><\/li><li class='ez-toc-page-1 ez-toc-heading-level-2'><a class=\"ez-toc-link ez-toc-heading-3\" href=\"https:\/\/toukiela.com\/es\/detective-forst-saison-1-lieux-de-tournage-ou-a-t-il-ete-filme\/#La_sortie_de_la_deuxieme_saison_de_%C2%AB_En_Plein_Vol_%C2%BB\" >La sortie de la deuxi\u00e8me saison de \u00ab\u00a0En Plein Vol\u00a0\u00bb<\/a><\/li><li class='ez-toc-page-1 ez-toc-heading-level-2'><a class=\"ez-toc-link ez-toc-heading-4\" href=\"https:\/\/toukiela.com\/es\/detective-forst-saison-1-lieux-de-tournage-ou-a-t-il-ete-filme\/#La_fin_mysterieuse_de_%C2%AB_En_Plein_Vol_%C2%BB\" >La fin myst\u00e9rieuse de \u00ab\u00a0En Plein Vol\u00a0\u00bb<\/a><\/li><li class='ez-toc-page-1 ez-toc-heading-level-2'><a class=\"ez-toc-link ez-toc-heading-5\" href=\"https:\/\/toukiela.com\/es\/detective-forst-saison-1-lieux-de-tournage-ou-a-t-il-ete-filme\/#%C2%AB_En_Plein_Vol_%C2%BB_une_serie_a_suivre_sur_Toukiela\" >\u00ab\u00a0En Plein Vol\u00a0\u00bb : une s\u00e9rie \u00e0 suivre sur Toukiela<\/a><\/li><\/ul><\/nav><\/div>\n<h2><span class=\"ez-toc-section\" id=\"La_compagnie_aerienne_Sky_Suisse_un_veritable_phenomene\"><\/span> La compagnie a\u00e9rienne Sky Suisse : un v\u00e9ritable ph\u00e9nom\u00e8ne ? <span class=\"ez-toc-section-end\"><\/span><\/h2>\n<p><\/p>\n<p> Vous avez certainement entendu parler de la compagnie a\u00e9rienne <strong> Sky Suisse <\/strong>. Cette entreprise fait beaucoup parler d\u2019elle, mais la question qui se pose est de savoir si elle est vraiment une compagnie a\u00e9rienne l\u00e9gitime. La r\u00e9putation d\u2019une compagnie a\u00e9rienne est fondamentale pour sa survie et son succ\u00e8s dans l\u2019industrie du voyage. Alors, Sky Suisse est-elle une v\u00e9ritable compagnie a\u00e9rienne ou est-ce simplement une tactique de marketing pour attirer les voyageurs ? <\/p>\n<h2><span class=\"ez-toc-section\" id=\"%C2%AB_En_Plein_Vol_%C2%BB_une_serie_a_succes_sur_Netflix\"><\/span> \u00ab\u00a0En Plein Vol\u00a0\u00bb : une s\u00e9rie \u00e0 succ\u00e8s sur Netflix <span class=\"ez-toc-section-end\"><\/span><\/h2>\n<p><\/p>\n<p> En ce qui concerne les s\u00e9ries t\u00e9l\u00e9vis\u00e9es, <strong> Netflix <\/strong> est sans conteste l\u2019un des leaders du march\u00e9. Parmi les s\u00e9ries les plus populaires de la plateforme, \u00ab\u00a0En Plein Vol\u00a0\u00bb a su se d\u00e9marquer. Cette s\u00e9rie, qui met en sc\u00e8ne le monde de l\u2019aviation, a su captiver les spectateurs gr\u00e2ce \u00e0 son intrigue haletante et ses personnages attachants. <\/p>\n<h2><span class=\"ez-toc-section\" id=\"La_sortie_de_la_deuxieme_saison_de_%C2%AB_En_Plein_Vol_%C2%BB\"><\/span> La sortie de la deuxi\u00e8me saison de \u00ab\u00a0En Plein Vol\u00a0\u00bb <span class=\"ez-toc-section-end\"><\/span><\/h2>\n<p><\/p>\n<p> Apr\u00e8s le succ\u00e8s incontestable de la premi\u00e8re saison de \u00ab\u00a0En Plein Vol\u00a0\u00bb, les fans attendent avec impatience la sortie de la <strong> deuxi\u00e8me saison <\/strong>. La question qui br\u00fble toutes les l\u00e8vres est la suivante : quand cette nouvelle saison sera-t-elle disponible sur Netflix ? La date de sortie reste un myst\u00e8re, mais les sp\u00e9culations vont bon train. <\/p>\n<h2><span class=\"ez-toc-section\" id=\"La_fin_mysterieuse_de_%C2%AB_En_Plein_Vol_%C2%BB\"><\/span> La fin myst\u00e9rieuse de \u00ab\u00a0En Plein Vol\u00a0\u00bb <span class=\"ez-toc-section-end\"><\/span><\/h2>\n<p><\/p>\n<p> La fin de \u00ab\u00a0En Plein Vol\u00a0\u00bb a laiss\u00e9 les spectateurs sur leur faim. Qui d\u00e9tient l\u2019or ? Cette question a suscit\u00e9 de nombreuses th\u00e9ories parmi les fans de la s\u00e9rie. L\u2019explication de cette fin reste encore \u00e0 d\u00e9couvrir, ce qui ne fait qu\u2019accro\u00eetre l\u2019anticipation pour la prochaine saison. <\/p>\n<h2><span class=\"ez-toc-section\" id=\"%C2%AB_En_Plein_Vol_%C2%BB_une_serie_a_suivre_sur_Toukiela\"><\/span> \u00ab\u00a0En Plein Vol\u00a0\u00bb : une s\u00e9rie \u00e0 suivre sur Toukiela <span class=\"ez-toc-section-end\"><\/span><\/h2>\n<p><\/p>\n<p> Pour tout savoir sur \u00ab\u00a0En Plein Vol\u00a0\u00bb, Sky Suisse et bien d\u2019autres sujets passionnants, n\u2019h\u00e9sitez pas \u00e0 suivre Toukiela. Sur cette plateforme, vous trouverez toutes les informations les plus r\u00e9centes et les plus pertinentes sur ces sujets. Restez connect\u00e9s pour ne rien manquer ! <\/p>","protected":false},"excerpt":{"rendered":"","protected":false},"author":1,"featured_media":9587,"comment_status":"open","ping_status":"open","sticky":false,"template":"","format":"standard","meta":{"_seopress_robots_primary_cat":"","_seopress_titles_title":"","_seopress_titles_desc":"","_seopress_robots_index":"","footnotes":""},"categories":[644],"tags":[],"class_list":["post-9585","post","type-post","status-publish","format-standard","has-post-thumbnail","hentry","category-series","generate-columns","tablet-grid-50","mobile-grid-100","grid-parent","grid-50"],"_links":{"self":[{"href":"https:\/\/toukiela.com\/es\/wp-json\/wp\/v2\/posts\/9585","targetHints":{"allow":["GET"]}}],"collection":[{"href":"https:\/\/toukiela.com\/es\/wp-json\/wp\/v2\/posts"}],"about":[{"href":"https:\/\/toukiela.com\/es\/wp-json\/wp\/v2\/types\/post"}],"author":[{"embeddable":true,"href":"https:\/\/toukiela.com\/es\/wp-json\/wp\/v2\/users\/1"}],"replies":[{"embeddable":true,"href":"https:\/\/toukiela.com\/es\/wp-json\/wp\/v2\/comments?post=9585"}],"version-history":[{"count":1,"href":"https:\/\/toukiela.com\/es\/wp-json\/wp\/v2\/posts\/9585\/revisions"}],"predecessor-version":[{"id":9586,"href":"https:\/\/toukiela.com\/es\/wp-json\/wp\/v2\/posts\/9585\/revisions\/9586"}],"wp:featuredmedia":[{"embeddable":true,"href":"https:\/\/toukiela.com\/es\/wp-json\/wp\/v2\/media\/9587"}],"wp:attachment":[{"href":"https:\/\/toukiela.com\/es\/wp-json\/wp\/v2\/media?parent=9585"}],"wp:term":[{"taxonomy":"category","embeddable":true,"href":"https:\/\/toukiela.com\/es\/wp-json\/wp\/v2\/categories?post=9585"},{"taxonomy":"post_tag","embeddable":true,"href":"https:\/\/toukiela.com\/es\/wp-json\/wp\/v2\/tags?post=9585"}],"curies":[{"name":"wp","href":"https:\/\/api.w.org\/{rel}","templated":true}]}}